{"id":26026,"date":"2022-04-27T23:02:47","date_gmt":"2022-04-28T02:02:47","guid":{"rendered":"https:\/\/p31noticias.com.br\/?p=26026"},"modified":"2022-04-27T23:02:47","modified_gmt":"2022-04-28T02:02:47","slug":"entenda-por-que-o-dolar-voltou-a-subir-e-bateu-na-casa-dos-r-5","status":"publish","type":"post","link":"https:\/\/www.p31noticias.com.br\/?p=26026","title":{"rendered":"Entenda por que o d\u00f3lar voltou a subir e bateu na casa dos R$ 5."},"content":{"rendered":"<p style=\"text-align: justify;\"><em><strong>Nesta quarta, moeda teve queda e fechou em R$ 4,96; ano deve ser marcado por grande volatilidade no c\u00e2mbio, em meio a cen\u00e1rio eleitoral no Brasil e guerra na Ucr\u00e2nia.<\/strong><\/em><\/p>\n<p style=\"text-align: justify;\">O\u00a0<strong><a href=\"https:\/\/jovempan.com.br\/tag\/dolar\">d\u00f3lar<\/a><\/strong>\u00a0come\u00e7ou 2022 em um dos maiores patamares j\u00e1 alcan\u00e7ados em rela\u00e7\u00e3o ao\u00a0<strong><a href=\"https:\/\/jovempan.com.br\/tag\/real\">real<\/a><\/strong>: na primeira sess\u00e3o do ano, em 3 de janeiro, a moeda americana era cotada a R$5,66. Dois dias depois, chegou a R$ 5,71, antes de iniciar uma longa queda, que entre varia\u00e7\u00f5es, ficou em R$ 4,60 no dia 5 de abril. A cota\u00e7\u00e3o se manteve perto deste patamar por alguns dias, at\u00e9 voltar a subir na semana passada, quando passou de R$ 4,62 na quarta, 20, para R$ 4,80 na sexta, 22, e chegou a R$ 4,99 na ter\u00e7a, 26. Nesta quarta, 27, a moeda americana operou em queda de 0,5%. Segundo economistas ouvidos pela\u00a0<strong>Jovem Pan<\/strong>, esses movimentos podem ser explicados tanto por quest\u00f5es internas do Brasil quanto externas, e grandes flutua\u00e7\u00f5es no c\u00e2mbio s\u00e3o esperadas para o resto de 2022, devido a incertezas sobre o cen\u00e1rio eleitoral brasileiro e a guerra na Ucr\u00e2nia e seus reflexos para os pre\u00e7os das\u00a0<strong><a href=\"https:\/\/jovempan.com.br\/tag\/commodities\">commodities<\/a><\/strong>.<\/p>\n<div class=\"context\" style=\"text-align: justify;\">\n<p>\u201cCom o fim da pandemia, houve um al\u00edvio nas moedas de pa\u00edses emergentes, e com o in\u00edcio da guerra na Ucr\u00e2nia [ocorrido em 24 de fevereiro], houve uma alta nos pre\u00e7os das commodities, que gerou um fluxo de capitais para esses mesmos pa\u00edses exportadores, um grupo no qual o\u00a0<strong><a href=\"https:\/\/jovempan.com.br\/tag\/brasil\">Brasil<\/a><\/strong>\u00a0se encaixa. Com os europeus preocupados com a guerra, o dinheiro sa\u00eda de l\u00e1 e vinha para c\u00e1 em busca de ativos seguros\u201d, explica a economista Cristiane Quartaroli, do banco Ourinvest, sobre porque a moeda americana vinha se desvalorizando em rela\u00e7\u00e3o ao real. \u201cA pol\u00edtica tamb\u00e9m pareceu mais calma por um tempo, e os juros no Brasil j\u00e1 estavam altos, o que significava rendimentos mais altos\u201d, acrescenta Nicolas Tingas, economista-chefe da Associa\u00e7\u00e3o Nacional das Institui\u00e7\u00f5es de Cr\u00e9dito, Financiamento e Investimento (Acrefi).<\/p>\n<p>Se concordam no que gerou a queda, os especialistas citam raz\u00f5es diferentes para que ela tenha sido interrompida e o d\u00f3lar volte ao patamar de R$ 5. Quartaroli cita, principalmente, a crise institucional iniciada a partir da condena\u00e7\u00e3o do deputado Daniel Silveira (PTB-RJ) pelo Supremo Tribunal Federal (STF) e o indulto concedido pelo presidente Jair Bolsonaro (PL) ao parlamentar. \u201cA partir da semana passada, com o in\u00edcio do agravamento de uma crise institucional, houve uma freada na melhora do real em rela\u00e7\u00e3o ao d\u00f3lar. O Brasil est\u00e1 com a imagem arranhada diante dos investidores estrangeiros, o que se agravou com o indulto para o Daniel Silveira, entendido como uma crise institucional. [Levanta preocupa\u00e7\u00f5es sobre] O que o governo atual poderia fazer para conseguir mais votos at\u00e9 as elei\u00e7\u00f5es\u201d, analisa.<\/p>\n<p>Tingas, por sua vez, aponta que outro fator importante \u00e9 o prov\u00e1vel aumento da taxa de juros nos\u00a0<strong><a href=\"https:\/\/jovempan.com.br\/tag\/estados-unidos\">Estados Unidos<\/a><\/strong>. O pa\u00eds norte-americano viu a infla\u00e7\u00e3o chegar a 8,5% nos \u00faltimos 12 meses, a maior nos \u00faltimos 41 anos, o que levou a uma maior press\u00e3o por um aumento na taxa. O Federal Reserve (FED), banco central do pa\u00eds, se reunir\u00e1 na pr\u00f3xima semana para debater o tema. \u201cCom a infla\u00e7\u00e3o americana, aumentou a press\u00e3o de diretores do Fed por um aumento mais incisivo da taxa de juros americana, e o presidente do banco, Jerome Powell, demonstrou estar alinhado a eles.\u00a0 Pode ser que na pr\u00f3xima reuni\u00e3o j\u00e1 venha um aumento de 0,5%. A expectativa do mercado era de que a taxa terminasse o ano entre 2,5% e 3%, agora j\u00e1 se fala em 3,5%\u201d, afirma. Quando os juros sobem nos Estados Unidos, os investidores tiram dinheiro de mercados emergentes para investir em t\u00edtulos americanos, considerados mais seguros, o que faz com que o d\u00f3lar suba no Brasil. A pr\u00f3xima reuni\u00e3o do Fed est\u00e1 marcada para os dias 3 e 4 de maio, na pr\u00f3xima semana.<\/p>\n<p>Outro ponto importante \u00e9 que o cen\u00e1rio de grandes varia\u00e7\u00f5es do d\u00f3lar deve continuar ao longo do ano. \u201cO c\u00e2mbio capta tudo isso, a incerteza. Em cen\u00e1rios de incerteza, \u00e9 normal ter muitas flutua\u00e7\u00f5es, como vimos no come\u00e7o do ano, de R$ 5,60 a R$ 4,60. Hoje, diria que \u00e9 bom esquecer o d\u00f3lar a R$ 4,60, e esperar uma manuten\u00e7\u00e3o no patamar de cinco reais. Se tiver movimento, \u00e9 prov\u00e1vel que seja mais uma pequena desvaloriza\u00e7\u00e3o do real quando o aumento de juros for confirmado pelo Fed, com os investidores buscando uma remunera\u00e7\u00e3o melhor em um mercado menos propenso a risco\u201d, avalia.<\/p>\n<div class=\"clearfix text-center advert\">\n<div id=\"ad-middle2\" class=\"ads-gam\"><\/div>\n<\/div>\n<p>Mas o pr\u00f3prio economista alerta que a guerra na Ucr\u00e2nia \u00e9 outro fator que pode mudar rapidamente: apesar de um esfriamento ap\u00f3s a rea\u00e7\u00e3o inicial, ainda podem ocorrer mudan\u00e7as, como a Europa parar de comprar petr\u00f3leo e g\u00e1s natural russo, ou a a pr\u00f3pria R\u00fassia decidir interromper o fornecimento, o que causaria mais infla\u00e7\u00e3o e possivelmente mais aumentos de juros. Quartarolli concorda, e cita tamb\u00e9m os lockdowns que a China tem feito em grandes cidades para conter o espalhamento da Covid-19 em seu territ\u00f3rio tamb\u00e9m podem causar problemas. \u201cO impacto [da guerra] \u00e9 mais na corrente de com\u00e9rcio, com ajustes para cima em algumas commodities por redu\u00e7\u00e3o da oferta global, mas temos que ver como os pa\u00edses v\u00e3o se organizar para lidar com essa oferta menor. J\u00e1 os lockdowns na China podem se refletir em menos crescimento na economia l\u00e1, o que poderia impactar em um d\u00f3lar mais alto aqui, j\u00e1 que menos dinheiro seria usado para comprar as commodities do Brasil\u201d, explica. Sobre como o cen\u00e1rio eleitoral pode afetar o c\u00e2mbio, ela evita fazer previs\u00f5es. \u201c\u00c9 complicado dizer porque ainda n\u00e3o sabemos nem quem ser\u00e3o os candidatos\u201d.<\/p>\n<h3>QUEDA HOJE<\/h3>\n<p>Nesta quarta, o d\u00f3lar interrompeu a trajet\u00f3ria de subida dos \u00faltimos dias e teve uma queda de 0,43%, fechando a R$ 4,96. Isso pode ser explicado por uma melhora no humor externo, com os investidores um pouco mais propensos a assumirem riscos, e com a infla\u00e7\u00e3o de abril estando em n\u00famero abaixo do esperado, de acordo com o \u00cdndice de Pre\u00e7os ao Consumidor Amplo 15 (IPCA-15), divulgado pelo IBGE e que vai do dia 16 do m\u00eas anterior at\u00e9 o 15 do atual. A m\u00e9dia divulgada hoje foi de 1,73%, e o esperado pelo mercado era de 1,85%. \u201cEssa ligeira queda tem muito com o resultado do IPCA-15, n\u00famero vindo abaixo do esperado\u201d, avalia Quartaroli, antes de comentar que a queda pode n\u00e3o permanecer. \u201cOs n\u00fameros de infla\u00e7\u00e3o continuam altos, muito acima da meta esse ano, mas as proje\u00e7\u00f5es para 2023 come\u00e7aram a ser revistas para cima tamb\u00e9m. O relat\u00f3rio Focus [produzido pelo Banco Central] j\u00e1 mostra a infla\u00e7\u00e3o acima da meta em 2023, confirmando hip\u00f3teses que o BC possa aumentar o juros de forma mais intensa, em mais de 1%\u201d, diz a economista.<\/p>\n<\/div>\n<div class=\"meta\">\n<div class=\"row\">\n<div class=\"col-md-12\">\n<p style=\"text-align: justify;\">JP NEWS.<\/p>\n<\/div>\n<\/div>\n<\/div>\n","protected":false},"excerpt":{"rendered":"<p>Nesta quarta, moeda teve queda e fechou em R$ 4,96; ano deve ser marcado por grande volatilidade no c\u00e2mbio, em meio a cen\u00e1rio eleitoral no Brasil e guerra na Ucr\u00e2nia. O\u00a0d\u00f3lar\u00a0come\u00e7ou 2022 em um dos maiores patamares j\u00e1 alcan\u00e7ados em rela\u00e7\u00e3o ao\u00a0real: na primeira sess\u00e3o do ano, em 3 de janeiro, a moeda americana era [&hellip;]<\/p>\n","protected":false},"author":2,"featured_media":26027,"comment_status":"open","ping_status":"open","sticky":false,"template":"","format":"standard","meta":{"footnotes":""},"categories":[637],"tags":[],"class_list":{"0":"post-26026","1":"post","2":"type-post","3":"status-publish","4":"format-standard","5":"has-post-thumbnail","7":"category-economia"},"yoast_head":"<!-- This site is optimized with the Yoast SEO Premium plugin v24.5 (Yoast SEO v27.5) - https:\/\/yoast.com\/product\/yoast-seo-premium-wordpress\/ -->\n<title>Entenda por que o d\u00f3lar voltou a subir e bateu na casa dos R$ 5. - P31<\/title>\n<meta name=\"robots\" content=\"index, follow, max-snippet:-1, max-image-preview:large, max-video-preview:-1\" \/>\n<link rel=\"canonical\" href=\"https:\/\/www.p31noticias.com.br\/?p=26026\" \/>\n<meta property=\"og:locale\" content=\"pt_BR\" \/>\n<meta property=\"og:type\" content=\"article\" \/>\n<meta property=\"og:title\" content=\"Entenda por que o d\u00f3lar voltou a subir e bateu na casa dos R$ 5.\" \/>\n<meta property=\"og:description\" content=\"Nesta quarta, moeda teve queda e fechou em R$ 4,96; ano deve ser marcado por grande volatilidade no c\u00e2mbio, em meio a cen\u00e1rio eleitoral no Brasil e guerra na Ucr\u00e2nia. O\u00a0d\u00f3lar\u00a0come\u00e7ou 2022 em um dos maiores patamares j\u00e1 alcan\u00e7ados em rela\u00e7\u00e3o ao\u00a0real: na primeira sess\u00e3o do ano, em 3 de janeiro, a moeda americana era [&hellip;]\" \/>\n<meta property=\"og:url\" content=\"https:\/\/www.p31noticias.com.br\/?p=26026\" \/>\n<meta property=\"og:site_name\" content=\"P31\" \/>\n<meta property=\"article:published_time\" content=\"2022-04-28T02:02:47+00:00\" \/>\n<meta property=\"og:image\" content=\"https:\/\/www.p31noticias.com.br\/wp-content\/uploads\/2022\/04\/000_ok2nk_easy-resize.webp\" \/>\n\t<meta property=\"og:image:width\" content=\"1280\" \/>\n\t<meta property=\"og:image:height\" content=\"853\" \/>\n\t<meta property=\"og:image:type\" content=\"image\/webp\" \/>\n<meta name=\"author\" content=\"Gon\u00e7alves Junior\" \/>\n<meta name=\"twitter:card\" content=\"summary_large_image\" \/>\n<meta name=\"twitter:label1\" content=\"Escrito por\" \/>\n\t<meta name=\"twitter:data1\" content=\"Gon\u00e7alves Junior\" \/>\n\t<meta name=\"twitter:label2\" content=\"Est. tempo de leitura\" \/>\n\t<meta name=\"twitter:data2\" content=\"6 minutos\" \/>\n<script type=\"application\/ld+json\" class=\"yoast-schema-graph\">{\"@context\":\"https:\\\/\\\/schema.org\",\"@graph\":[{\"@type\":\"Article\",\"@id\":\"https:\\\/\\\/www.p31noticias.com.br\\\/?p=26026#article\",\"isPartOf\":{\"@id\":\"https:\\\/\\\/www.p31noticias.com.br\\\/?p=26026\"},\"author\":{\"name\":\"Gon\u00e7alves Junior\",\"@id\":\"https:\\\/\\\/www.p31noticias.com.br\\\/#\\\/schema\\\/person\\\/95f2ece30e3b4132065b915150cd0f94\"},\"headline\":\"Entenda por que o d\u00f3lar voltou a subir e bateu na casa dos R$ 5.\",\"datePublished\":\"2022-04-28T02:02:47+00:00\",\"mainEntityOfPage\":{\"@id\":\"https:\\\/\\\/www.p31noticias.com.br\\\/?p=26026\"},\"wordCount\":1187,\"commentCount\":0,\"image\":{\"@id\":\"https:\\\/\\\/www.p31noticias.com.br\\\/?p=26026#primaryimage\"},\"thumbnailUrl\":\"https:\\\/\\\/www.p31noticias.com.br\\\/wp-content\\\/uploads\\\/2022\\\/04\\\/000_ok2nk_easy-resize.webp\",\"articleSection\":[\"Economia\"],\"inLanguage\":\"pt-BR\",\"potentialAction\":[{\"@type\":\"CommentAction\",\"name\":\"Comment\",\"target\":[\"https:\\\/\\\/www.p31noticias.com.br\\\/?p=26026#respond\"]}],\"copyrightYear\":\"2022\",\"copyrightHolder\":{\"@id\":\"https:\\\/\\\/www.p31noticias.com.br\\\/#organization\"}},{\"@type\":\"WebPage\",\"@id\":\"https:\\\/\\\/www.p31noticias.com.br\\\/?p=26026\",\"url\":\"https:\\\/\\\/www.p31noticias.com.br\\\/?p=26026\",\"name\":\"Entenda por que o d\u00f3lar voltou a subir e bateu na casa dos R$ 5. - P31\",\"isPartOf\":{\"@id\":\"https:\\\/\\\/www.p31noticias.com.br\\\/#website\"},\"primaryImageOfPage\":{\"@id\":\"https:\\\/\\\/www.p31noticias.com.br\\\/?p=26026#primaryimage\"},\"image\":{\"@id\":\"https:\\\/\\\/www.p31noticias.com.br\\\/?p=26026#primaryimage\"},\"thumbnailUrl\":\"https:\\\/\\\/www.p31noticias.com.br\\\/wp-content\\\/uploads\\\/2022\\\/04\\\/000_ok2nk_easy-resize.webp\",\"datePublished\":\"2022-04-28T02:02:47+00:00\",\"author\":{\"@id\":\"https:\\\/\\\/www.p31noticias.com.br\\\/#\\\/schema\\\/person\\\/95f2ece30e3b4132065b915150cd0f94\"},\"breadcrumb\":{\"@id\":\"https:\\\/\\\/www.p31noticias.com.br\\\/?p=26026#breadcrumb\"},\"inLanguage\":\"pt-BR\",\"potentialAction\":[{\"@type\":\"ReadAction\",\"target\":[\"https:\\\/\\\/www.p31noticias.com.br\\\/?p=26026\"]}]},{\"@type\":\"ImageObject\",\"inLanguage\":\"pt-BR\",\"@id\":\"https:\\\/\\\/www.p31noticias.com.br\\\/?p=26026#primaryimage\",\"url\":\"https:\\\/\\\/www.p31noticias.com.br\\\/wp-content\\\/uploads\\\/2022\\\/04\\\/000_ok2nk_easy-resize.webp\",\"contentUrl\":\"https:\\\/\\\/www.p31noticias.com.br\\\/wp-content\\\/uploads\\\/2022\\\/04\\\/000_ok2nk_easy-resize.webp\",\"width\":1280,\"height\":853},{\"@type\":\"BreadcrumbList\",\"@id\":\"https:\\\/\\\/www.p31noticias.com.br\\\/?p=26026#breadcrumb\",\"itemListElement\":[{\"@type\":\"ListItem\",\"position\":1,\"name\":\"In\u00edcio\",\"item\":\"https:\\\/\\\/www.p31noticias.com.br\\\/\"},{\"@type\":\"ListItem\",\"position\":2,\"name\":\"Entenda por que o d\u00f3lar voltou a subir e bateu na casa dos R$ 5.\"}]},{\"@type\":\"WebSite\",\"@id\":\"https:\\\/\\\/www.p31noticias.com.br\\\/#website\",\"url\":\"https:\\\/\\\/www.p31noticias.com.br\\\/\",\"name\":\"P31\",\"description\":\"NOT\u00cdCIAS\",\"potentialAction\":[{\"@type\":\"SearchAction\",\"target\":{\"@type\":\"EntryPoint\",\"urlTemplate\":\"https:\\\/\\\/www.p31noticias.com.br\\\/?s={search_term_string}\"},\"query-input\":{\"@type\":\"PropertyValueSpecification\",\"valueRequired\":true,\"valueName\":\"search_term_string\"}}],\"inLanguage\":\"pt-BR\"},{\"@type\":\"Person\",\"@id\":\"https:\\\/\\\/www.p31noticias.com.br\\\/#\\\/schema\\\/person\\\/95f2ece30e3b4132065b915150cd0f94\",\"name\":\"Gon\u00e7alves Junior\",\"image\":{\"@type\":\"ImageObject\",\"inLanguage\":\"pt-BR\",\"@id\":\"https:\\\/\\\/secure.gravatar.com\\\/avatar\\\/6711f350116a89762687a48d66f723c799e5438a5b7578508d4294cd7a5d0800?s=96&d=mm&r=g\",\"url\":\"https:\\\/\\\/secure.gravatar.com\\\/avatar\\\/6711f350116a89762687a48d66f723c799e5438a5b7578508d4294cd7a5d0800?s=96&d=mm&r=g\",\"contentUrl\":\"https:\\\/\\\/secure.gravatar.com\\\/avatar\\\/6711f350116a89762687a48d66f723c799e5438a5b7578508d4294cd7a5d0800?s=96&d=mm&r=g\",\"caption\":\"Gon\u00e7alves Junior\"},\"url\":\"https:\\\/\\\/www.p31noticias.com.br\\\/?author=2\"}]}<\/script>\n<!-- \/ Yoast SEO Premium plugin. -->","yoast_head_json":{"title":"Entenda por que o d\u00f3lar voltou a subir e bateu na casa dos R$ 5. - P31","robots":{"index":"index","follow":"follow","max-snippet":"max-snippet:-1","max-image-preview":"max-image-preview:large","max-video-preview":"max-video-preview:-1"},"canonical":"https:\/\/www.p31noticias.com.br\/?p=26026","og_locale":"pt_BR","og_type":"article","og_title":"Entenda por que o d\u00f3lar voltou a subir e bateu na casa dos R$ 5.","og_description":"Nesta quarta, moeda teve queda e fechou em R$ 4,96; ano deve ser marcado por grande volatilidade no c\u00e2mbio, em meio a cen\u00e1rio eleitoral no Brasil e guerra na Ucr\u00e2nia. O\u00a0d\u00f3lar\u00a0come\u00e7ou 2022 em um dos maiores patamares j\u00e1 alcan\u00e7ados em rela\u00e7\u00e3o ao\u00a0real: na primeira sess\u00e3o do ano, em 3 de janeiro, a moeda americana era [&hellip;]","og_url":"https:\/\/www.p31noticias.com.br\/?p=26026","og_site_name":"P31","article_published_time":"2022-04-28T02:02:47+00:00","og_image":[{"width":1280,"height":853,"url":"https:\/\/www.p31noticias.com.br\/wp-content\/uploads\/2022\/04\/000_ok2nk_easy-resize.webp","type":"image\/webp"}],"author":"Gon\u00e7alves Junior","twitter_card":"summary_large_image","twitter_misc":{"Escrito por":"Gon\u00e7alves Junior","Est. tempo de leitura":"6 minutos"},"schema":{"@context":"https:\/\/schema.org","@graph":[{"@type":"Article","@id":"https:\/\/www.p31noticias.com.br\/?p=26026#article","isPartOf":{"@id":"https:\/\/www.p31noticias.com.br\/?p=26026"},"author":{"name":"Gon\u00e7alves Junior","@id":"https:\/\/www.p31noticias.com.br\/#\/schema\/person\/95f2ece30e3b4132065b915150cd0f94"},"headline":"Entenda por que o d\u00f3lar voltou a subir e bateu na casa dos R$ 5.","datePublished":"2022-04-28T02:02:47+00:00","mainEntityOfPage":{"@id":"https:\/\/www.p31noticias.com.br\/?p=26026"},"wordCount":1187,"commentCount":0,"image":{"@id":"https:\/\/www.p31noticias.com.br\/?p=26026#primaryimage"},"thumbnailUrl":"https:\/\/www.p31noticias.com.br\/wp-content\/uploads\/2022\/04\/000_ok2nk_easy-resize.webp","articleSection":["Economia"],"inLanguage":"pt-BR","potentialAction":[{"@type":"CommentAction","name":"Comment","target":["https:\/\/www.p31noticias.com.br\/?p=26026#respond"]}],"copyrightYear":"2022","copyrightHolder":{"@id":"https:\/\/www.p31noticias.com.br\/#organization"}},{"@type":"WebPage","@id":"https:\/\/www.p31noticias.com.br\/?p=26026","url":"https:\/\/www.p31noticias.com.br\/?p=26026","name":"Entenda por que o d\u00f3lar voltou a subir e bateu na casa dos R$ 5. - P31","isPartOf":{"@id":"https:\/\/www.p31noticias.com.br\/#website"},"primaryImageOfPage":{"@id":"https:\/\/www.p31noticias.com.br\/?p=26026#primaryimage"},"image":{"@id":"https:\/\/www.p31noticias.com.br\/?p=26026#primaryimage"},"thumbnailUrl":"https:\/\/www.p31noticias.com.br\/wp-content\/uploads\/2022\/04\/000_ok2nk_easy-resize.webp","datePublished":"2022-04-28T02:02:47+00:00","author":{"@id":"https:\/\/www.p31noticias.com.br\/#\/schema\/person\/95f2ece30e3b4132065b915150cd0f94"},"breadcrumb":{"@id":"https:\/\/www.p31noticias.com.br\/?p=26026#breadcrumb"},"inLanguage":"pt-BR","potentialAction":[{"@type":"ReadAction","target":["https:\/\/www.p31noticias.com.br\/?p=26026"]}]},{"@type":"ImageObject","inLanguage":"pt-BR","@id":"https:\/\/www.p31noticias.com.br\/?p=26026#primaryimage","url":"https:\/\/www.p31noticias.com.br\/wp-content\/uploads\/2022\/04\/000_ok2nk_easy-resize.webp","contentUrl":"https:\/\/www.p31noticias.com.br\/wp-content\/uploads\/2022\/04\/000_ok2nk_easy-resize.webp","width":1280,"height":853},{"@type":"BreadcrumbList","@id":"https:\/\/www.p31noticias.com.br\/?p=26026#breadcrumb","itemListElement":[{"@type":"ListItem","position":1,"name":"In\u00edcio","item":"https:\/\/www.p31noticias.com.br\/"},{"@type":"ListItem","position":2,"name":"Entenda por que o d\u00f3lar voltou a subir e bateu na casa dos R$ 5."}]},{"@type":"WebSite","@id":"https:\/\/www.p31noticias.com.br\/#website","url":"https:\/\/www.p31noticias.com.br\/","name":"P31","description":"NOT\u00cdCIAS","potentialAction":[{"@type":"SearchAction","target":{"@type":"EntryPoint","urlTemplate":"https:\/\/www.p31noticias.com.br\/?s={search_term_string}"},"query-input":{"@type":"PropertyValueSpecification","valueRequired":true,"valueName":"search_term_string"}}],"inLanguage":"pt-BR"},{"@type":"Person","@id":"https:\/\/www.p31noticias.com.br\/#\/schema\/person\/95f2ece30e3b4132065b915150cd0f94","name":"Gon\u00e7alves Junior","image":{"@type":"ImageObject","inLanguage":"pt-BR","@id":"https:\/\/secure.gravatar.com\/avatar\/6711f350116a89762687a48d66f723c799e5438a5b7578508d4294cd7a5d0800?s=96&d=mm&r=g","url":"https:\/\/secure.gravatar.com\/avatar\/6711f350116a89762687a48d66f723c799e5438a5b7578508d4294cd7a5d0800?s=96&d=mm&r=g","contentUrl":"https:\/\/secure.gravatar.com\/avatar\/6711f350116a89762687a48d66f723c799e5438a5b7578508d4294cd7a5d0800?s=96&d=mm&r=g","caption":"Gon\u00e7alves Junior"},"url":"https:\/\/www.p31noticias.com.br\/?author=2"}]}},"amp_enabled":true,"_links":{"self":[{"href":"https:\/\/www.p31noticias.com.br\/index.php?rest_route=\/wp\/v2\/posts\/26026","targetHints":{"allow":["GET"]}}],"collection":[{"href":"https:\/\/www.p31noticias.com.br\/index.php?rest_route=\/wp\/v2\/posts"}],"about":[{"href":"https:\/\/www.p31noticias.com.br\/index.php?rest_route=\/wp\/v2\/types\/post"}],"author":[{"embeddable":true,"href":"https:\/\/www.p31noticias.com.br\/index.php?rest_route=\/wp\/v2\/users\/2"}],"replies":[{"embeddable":true,"href":"https:\/\/www.p31noticias.com.br\/index.php?rest_route=%2Fwp%2Fv2%2Fcomments&post=26026"}],"version-history":[{"count":1,"href":"https:\/\/www.p31noticias.com.br\/index.php?rest_route=\/wp\/v2\/posts\/26026\/revisions"}],"predecessor-version":[{"id":26028,"href":"https:\/\/www.p31noticias.com.br\/index.php?rest_route=\/wp\/v2\/posts\/26026\/revisions\/26028"}],"wp:featuredmedia":[{"embeddable":true,"href":"https:\/\/www.p31noticias.com.br\/index.php?rest_route=\/wp\/v2\/media\/26027"}],"wp:attachment":[{"href":"https:\/\/www.p31noticias.com.br\/index.php?rest_route=%2Fwp%2Fv2%2Fmedia&parent=26026"}],"wp:term":[{"taxonomy":"category","embeddable":true,"href":"https:\/\/www.p31noticias.com.br\/index.php?rest_route=%2Fwp%2Fv2%2Fcategories&post=26026"},{"taxonomy":"post_tag","embeddable":true,"href":"https:\/\/www.p31noticias.com.br\/index.php?rest_route=%2Fwp%2Fv2%2Ftags&post=26026"}],"curies":[{"name":"wp","href":"https:\/\/api.w.org\/{rel}","templated":true}]}}