{"id":26023,"date":"2022-04-27T23:00:48","date_gmt":"2022-04-28T02:00:48","guid":{"rendered":"https:\/\/p31noticias.com.br\/?p=26023"},"modified":"2022-04-27T23:00:48","modified_gmt":"2022-04-28T02:00:48","slug":"camara-aprova-mp-com-piso-permanente-de-r-400-para-auxilio-brasil","status":"publish","type":"post","link":"https:\/\/www.p31noticias.com.br\/?p=26023","title":{"rendered":"C\u00e2mara aprova MP com piso permanente de R$ 400 para Aux\u00edlio Brasil."},"content":{"rendered":"<h3 class=\"col-10 offset-1 animated fadeInDown dealy-900 display-8 display-md-8 alt-font font-italic my-1 text-center\" style=\"text-align: justify;\"><em><strong>Mat\u00e9ria segue para a an\u00e1lise do Senado.<\/strong><\/em><\/h3>\n<p style=\"text-align: justify;\">O plen\u00e1rio da C\u00e2mara dos Deputados aprovou a medida provis\u00f3ria que aumentou o valor m\u00ednimo do Aux\u00edlio Brasil para R$ 400. O texto torna esse piso permanente. A mat\u00e9ria segue para a an\u00e1lise do Senado.<img decoding=\"async\" src=\"https:\/\/agenciabrasil.ebc.com.br\/ebc.png?id=1456591&amp;o=node\" \/><img decoding=\"async\" src=\"https:\/\/agenciabrasil.ebc.com.br\/ebc.gif?id=1456591&amp;o=node\" \/><\/p>\n<p style=\"text-align: justify;\">Inicialmente, o texto enviado pelo governo previa o pagamento desse complemento somente at\u00e9 dezembro desse ano. Ap\u00f3s press\u00e3o de l\u00edderes partid\u00e1rios, o relator da proposta, deputado Jo\u00e3o Roma (PL-BA), incluiu o car\u00e1ter permanente do benef\u00edcio extra para complementar o valor do Aux\u00edlio Brasil at\u00e9 chegar ao m\u00ednimo de R$ 400 por fam\u00edlia. Parlamentares de oposi\u00e7\u00e3o tentaram subir para R$ 600, mas o valor foi rejeitado pelo relator.<\/p>\n<p style=\"text-align: justify;\">A estimativa \u00e9 que o governo precise de R$ 41 bilh\u00f5es por ano para bancar o complemento do benef\u00edcio, quase o mesmo valor usado para pagar o Aux\u00edlio Brasil, cerca de R$ 47,5 bilh\u00f5es.<\/p>\n<h2 style=\"text-align: justify;\">Seguro defeso<\/h2>\n<p style=\"text-align: justify;\">Jo\u00e3o Roma incluiu um trecho que limita a 30% os descontos do valor pago mensalmente \u00e0s fam\u00edlias que recebem o seguro defeso durante os seis primeiros meses de opera\u00e7\u00e3o do Aux\u00edlio Brasil.<\/p>\n<p style=\"text-align: justify;\">\u201cPelas regras atuais, essas fam\u00edlias vulner\u00e1veis poderiam ter 100% dos valores de benef\u00edcio mensal retido para essa finalidade, o que julgamos conveniente evitar neste dif\u00edcil momento\u201d, explicou o deputado.<\/p>\n<h2 style=\"text-align: justify;\">PEC dos Precat\u00f3rios<\/h2>\n<p style=\"text-align: justify;\">A amplia\u00e7\u00e3o do Aux\u00edlio Brasil foi viabilizada ap\u00f3s aprova\u00e7\u00e3o da PEC dos Precat\u00f3rios, que incluiu um dispositivo que determina que todo brasileiro em situa\u00e7\u00e3o de vulnerabilidade tem direito a uma renda familiar b\u00e1sica, garantida pelo poder p\u00fablico. Segundo o relator, o n\u00famero de benefici\u00e1rios atendidos pelo aux\u00edlio saltou de 14 milh\u00f5es para mais de 18 milh\u00f5es.<\/p>\n<p>Ag\u00eancia Brasil.<\/p>\n","protected":false},"excerpt":{"rendered":"<p>Mat\u00e9ria segue para a an\u00e1lise do Senado. O plen\u00e1rio da C\u00e2mara dos Deputados aprovou a medida provis\u00f3ria que aumentou o valor m\u00ednimo do Aux\u00edlio Brasil para R$ 400. O texto torna esse piso permanente. A mat\u00e9ria segue para a an\u00e1lise do Senado. Inicialmente, o texto enviado pelo governo previa o pagamento desse complemento somente at\u00e9 [&hellip;]<\/p>\n","protected":false},"author":2,"featured_media":26024,"comment_status":"open","ping_status":"open","sticky":false,"template":"","format":"standard","meta":{"footnotes":""},"categories":[637],"tags":[],"class_list":{"0":"post-26023","1":"post","2":"type-post","3":"status-publish","4":"format-standard","5":"has-post-thumbnail","7":"category-economia"},"yoast_head":"<!-- This site is optimized with the Yoast SEO Premium plugin v24.5 (Yoast SEO v27.5) - https:\/\/yoast.com\/product\/yoast-seo-premium-wordpress\/ -->\n<title>C\u00e2mara aprova MP com piso permanente de R$ 400 para Aux\u00edlio Brasil. - P31<\/title>\n<meta name=\"robots\" content=\"index, follow, max-snippet:-1, max-image-preview:large, max-video-preview:-1\" \/>\n<link rel=\"canonical\" href=\"https:\/\/www.p31noticias.com.br\/?p=26023\" \/>\n<meta property=\"og:locale\" content=\"pt_BR\" \/>\n<meta property=\"og:type\" content=\"article\" \/>\n<meta property=\"og:title\" content=\"C\u00e2mara aprova MP com piso permanente de R$ 400 para Aux\u00edlio Brasil.\" \/>\n<meta property=\"og:description\" content=\"Mat\u00e9ria segue para a an\u00e1lise do Senado. O plen\u00e1rio da C\u00e2mara dos Deputados aprovou a medida provis\u00f3ria que aumentou o valor m\u00ednimo do Aux\u00edlio Brasil para R$ 400. O texto torna esse piso permanente. A mat\u00e9ria segue para a an\u00e1lise do Senado. Inicialmente, o texto enviado pelo governo previa o pagamento desse complemento somente at\u00e9 [&hellip;]\" \/>\n<meta property=\"og:url\" content=\"https:\/\/www.p31noticias.com.br\/?p=26023\" \/>\n<meta property=\"og:site_name\" content=\"P31\" \/>\n<meta property=\"article:published_time\" content=\"2022-04-28T02:00:48+00:00\" \/>\n<meta property=\"og:image\" content=\"https:\/\/www.p31noticias.com.br\/wp-content\/uploads\/2022\/04\/img20210309121349708-1.jpg\" \/>\n\t<meta property=\"og:image:width\" content=\"1170\" \/>\n\t<meta property=\"og:image:height\" content=\"700\" \/>\n\t<meta property=\"og:image:type\" content=\"image\/jpeg\" \/>\n<meta name=\"author\" content=\"Gon\u00e7alves Junior\" \/>\n<meta name=\"twitter:card\" content=\"summary_large_image\" \/>\n<meta name=\"twitter:label1\" content=\"Escrito por\" \/>\n\t<meta name=\"twitter:data1\" content=\"Gon\u00e7alves Junior\" \/>\n\t<meta name=\"twitter:label2\" content=\"Est. tempo de leitura\" \/>\n\t<meta name=\"twitter:data2\" content=\"2 minutos\" \/>\n<script type=\"application\/ld+json\" class=\"yoast-schema-graph\">{\"@context\":\"https:\\\/\\\/schema.org\",\"@graph\":[{\"@type\":\"Article\",\"@id\":\"https:\\\/\\\/www.p31noticias.com.br\\\/?p=26023#article\",\"isPartOf\":{\"@id\":\"https:\\\/\\\/www.p31noticias.com.br\\\/?p=26023\"},\"author\":{\"name\":\"Gon\u00e7alves Junior\",\"@id\":\"https:\\\/\\\/www.p31noticias.com.br\\\/#\\\/schema\\\/person\\\/95f2ece30e3b4132065b915150cd0f94\"},\"headline\":\"C\u00e2mara aprova MP com piso permanente de R$ 400 para Aux\u00edlio Brasil.\",\"datePublished\":\"2022-04-28T02:00:48+00:00\",\"mainEntityOfPage\":{\"@id\":\"https:\\\/\\\/www.p31noticias.com.br\\\/?p=26023\"},\"wordCount\":317,\"commentCount\":0,\"image\":{\"@id\":\"https:\\\/\\\/www.p31noticias.com.br\\\/?p=26023#primaryimage\"},\"thumbnailUrl\":\"https:\\\/\\\/www.p31noticias.com.br\\\/wp-content\\\/uploads\\\/2022\\\/04\\\/img20210309121349708-1.jpg\",\"articleSection\":[\"Economia\"],\"inLanguage\":\"pt-BR\",\"potentialAction\":[{\"@type\":\"CommentAction\",\"name\":\"Comment\",\"target\":[\"https:\\\/\\\/www.p31noticias.com.br\\\/?p=26023#respond\"]}],\"copyrightYear\":\"2022\",\"copyrightHolder\":{\"@id\":\"https:\\\/\\\/www.p31noticias.com.br\\\/#organization\"}},{\"@type\":\"WebPage\",\"@id\":\"https:\\\/\\\/www.p31noticias.com.br\\\/?p=26023\",\"url\":\"https:\\\/\\\/www.p31noticias.com.br\\\/?p=26023\",\"name\":\"C\u00e2mara aprova MP com piso permanente de R$ 400 para Aux\u00edlio Brasil. - P31\",\"isPartOf\":{\"@id\":\"https:\\\/\\\/www.p31noticias.com.br\\\/#website\"},\"primaryImageOfPage\":{\"@id\":\"https:\\\/\\\/www.p31noticias.com.br\\\/?p=26023#primaryimage\"},\"image\":{\"@id\":\"https:\\\/\\\/www.p31noticias.com.br\\\/?p=26023#primaryimage\"},\"thumbnailUrl\":\"https:\\\/\\\/www.p31noticias.com.br\\\/wp-content\\\/uploads\\\/2022\\\/04\\\/img20210309121349708-1.jpg\",\"datePublished\":\"2022-04-28T02:00:48+00:00\",\"author\":{\"@id\":\"https:\\\/\\\/www.p31noticias.com.br\\\/#\\\/schema\\\/person\\\/95f2ece30e3b4132065b915150cd0f94\"},\"breadcrumb\":{\"@id\":\"https:\\\/\\\/www.p31noticias.com.br\\\/?p=26023#breadcrumb\"},\"inLanguage\":\"pt-BR\",\"potentialAction\":[{\"@type\":\"ReadAction\",\"target\":[\"https:\\\/\\\/www.p31noticias.com.br\\\/?p=26023\"]}]},{\"@type\":\"ImageObject\",\"inLanguage\":\"pt-BR\",\"@id\":\"https:\\\/\\\/www.p31noticias.com.br\\\/?p=26023#primaryimage\",\"url\":\"https:\\\/\\\/www.p31noticias.com.br\\\/wp-content\\\/uploads\\\/2022\\\/04\\\/img20210309121349708-1.jpg\",\"contentUrl\":\"https:\\\/\\\/www.p31noticias.com.br\\\/wp-content\\\/uploads\\\/2022\\\/04\\\/img20210309121349708-1.jpg\",\"width\":1170,\"height\":700},{\"@type\":\"BreadcrumbList\",\"@id\":\"https:\\\/\\\/www.p31noticias.com.br\\\/?p=26023#breadcrumb\",\"itemListElement\":[{\"@type\":\"ListItem\",\"position\":1,\"name\":\"In\u00edcio\",\"item\":\"https:\\\/\\\/www.p31noticias.com.br\\\/\"},{\"@type\":\"ListItem\",\"position\":2,\"name\":\"C\u00e2mara aprova MP com piso permanente de R$ 400 para Aux\u00edlio Brasil.\"}]},{\"@type\":\"WebSite\",\"@id\":\"https:\\\/\\\/www.p31noticias.com.br\\\/#website\",\"url\":\"https:\\\/\\\/www.p31noticias.com.br\\\/\",\"name\":\"P31\",\"description\":\"NOT\u00cdCIAS\",\"potentialAction\":[{\"@type\":\"SearchAction\",\"target\":{\"@type\":\"EntryPoint\",\"urlTemplate\":\"https:\\\/\\\/www.p31noticias.com.br\\\/?s={search_term_string}\"},\"query-input\":{\"@type\":\"PropertyValueSpecification\",\"valueRequired\":true,\"valueName\":\"search_term_string\"}}],\"inLanguage\":\"pt-BR\"},{\"@type\":\"Person\",\"@id\":\"https:\\\/\\\/www.p31noticias.com.br\\\/#\\\/schema\\\/person\\\/95f2ece30e3b4132065b915150cd0f94\",\"name\":\"Gon\u00e7alves Junior\",\"image\":{\"@type\":\"ImageObject\",\"inLanguage\":\"pt-BR\",\"@id\":\"https:\\\/\\\/secure.gravatar.com\\\/avatar\\\/6711f350116a89762687a48d66f723c799e5438a5b7578508d4294cd7a5d0800?s=96&d=mm&r=g\",\"url\":\"https:\\\/\\\/secure.gravatar.com\\\/avatar\\\/6711f350116a89762687a48d66f723c799e5438a5b7578508d4294cd7a5d0800?s=96&d=mm&r=g\",\"contentUrl\":\"https:\\\/\\\/secure.gravatar.com\\\/avatar\\\/6711f350116a89762687a48d66f723c799e5438a5b7578508d4294cd7a5d0800?s=96&d=mm&r=g\",\"caption\":\"Gon\u00e7alves Junior\"},\"url\":\"https:\\\/\\\/www.p31noticias.com.br\\\/?author=2\"}]}<\/script>\n<!-- \/ Yoast SEO Premium plugin. -->","yoast_head_json":{"title":"C\u00e2mara aprova MP com piso permanente de R$ 400 para Aux\u00edlio Brasil. - P31","robots":{"index":"index","follow":"follow","max-snippet":"max-snippet:-1","max-image-preview":"max-image-preview:large","max-video-preview":"max-video-preview:-1"},"canonical":"https:\/\/www.p31noticias.com.br\/?p=26023","og_locale":"pt_BR","og_type":"article","og_title":"C\u00e2mara aprova MP com piso permanente de R$ 400 para Aux\u00edlio Brasil.","og_description":"Mat\u00e9ria segue para a an\u00e1lise do Senado. O plen\u00e1rio da C\u00e2mara dos Deputados aprovou a medida provis\u00f3ria que aumentou o valor m\u00ednimo do Aux\u00edlio Brasil para R$ 400. O texto torna esse piso permanente. A mat\u00e9ria segue para a an\u00e1lise do Senado. Inicialmente, o texto enviado pelo governo previa o pagamento desse complemento somente at\u00e9 [&hellip;]","og_url":"https:\/\/www.p31noticias.com.br\/?p=26023","og_site_name":"P31","article_published_time":"2022-04-28T02:00:48+00:00","og_image":[{"width":1170,"height":700,"url":"https:\/\/www.p31noticias.com.br\/wp-content\/uploads\/2022\/04\/img20210309121349708-1.jpg","type":"image\/jpeg"}],"author":"Gon\u00e7alves Junior","twitter_card":"summary_large_image","twitter_misc":{"Escrito por":"Gon\u00e7alves Junior","Est. tempo de leitura":"2 minutos"},"schema":{"@context":"https:\/\/schema.org","@graph":[{"@type":"Article","@id":"https:\/\/www.p31noticias.com.br\/?p=26023#article","isPartOf":{"@id":"https:\/\/www.p31noticias.com.br\/?p=26023"},"author":{"name":"Gon\u00e7alves Junior","@id":"https:\/\/www.p31noticias.com.br\/#\/schema\/person\/95f2ece30e3b4132065b915150cd0f94"},"headline":"C\u00e2mara aprova MP com piso permanente de R$ 400 para Aux\u00edlio Brasil.","datePublished":"2022-04-28T02:00:48+00:00","mainEntityOfPage":{"@id":"https:\/\/www.p31noticias.com.br\/?p=26023"},"wordCount":317,"commentCount":0,"image":{"@id":"https:\/\/www.p31noticias.com.br\/?p=26023#primaryimage"},"thumbnailUrl":"https:\/\/www.p31noticias.com.br\/wp-content\/uploads\/2022\/04\/img20210309121349708-1.jpg","articleSection":["Economia"],"inLanguage":"pt-BR","potentialAction":[{"@type":"CommentAction","name":"Comment","target":["https:\/\/www.p31noticias.com.br\/?p=26023#respond"]}],"copyrightYear":"2022","copyrightHolder":{"@id":"https:\/\/www.p31noticias.com.br\/#organization"}},{"@type":"WebPage","@id":"https:\/\/www.p31noticias.com.br\/?p=26023","url":"https:\/\/www.p31noticias.com.br\/?p=26023","name":"C\u00e2mara aprova MP com piso permanente de R$ 400 para Aux\u00edlio Brasil. - P31","isPartOf":{"@id":"https:\/\/www.p31noticias.com.br\/#website"},"primaryImageOfPage":{"@id":"https:\/\/www.p31noticias.com.br\/?p=26023#primaryimage"},"image":{"@id":"https:\/\/www.p31noticias.com.br\/?p=26023#primaryimage"},"thumbnailUrl":"https:\/\/www.p31noticias.com.br\/wp-content\/uploads\/2022\/04\/img20210309121349708-1.jpg","datePublished":"2022-04-28T02:00:48+00:00","author":{"@id":"https:\/\/www.p31noticias.com.br\/#\/schema\/person\/95f2ece30e3b4132065b915150cd0f94"},"breadcrumb":{"@id":"https:\/\/www.p31noticias.com.br\/?p=26023#breadcrumb"},"inLanguage":"pt-BR","potentialAction":[{"@type":"ReadAction","target":["https:\/\/www.p31noticias.com.br\/?p=26023"]}]},{"@type":"ImageObject","inLanguage":"pt-BR","@id":"https:\/\/www.p31noticias.com.br\/?p=26023#primaryimage","url":"https:\/\/www.p31noticias.com.br\/wp-content\/uploads\/2022\/04\/img20210309121349708-1.jpg","contentUrl":"https:\/\/www.p31noticias.com.br\/wp-content\/uploads\/2022\/04\/img20210309121349708-1.jpg","width":1170,"height":700},{"@type":"BreadcrumbList","@id":"https:\/\/www.p31noticias.com.br\/?p=26023#breadcrumb","itemListElement":[{"@type":"ListItem","position":1,"name":"In\u00edcio","item":"https:\/\/www.p31noticias.com.br\/"},{"@type":"ListItem","position":2,"name":"C\u00e2mara aprova MP com piso permanente de R$ 400 para Aux\u00edlio Brasil."}]},{"@type":"WebSite","@id":"https:\/\/www.p31noticias.com.br\/#website","url":"https:\/\/www.p31noticias.com.br\/","name":"P31","description":"NOT\u00cdCIAS","potentialAction":[{"@type":"SearchAction","target":{"@type":"EntryPoint","urlTemplate":"https:\/\/www.p31noticias.com.br\/?s={search_term_string}"},"query-input":{"@type":"PropertyValueSpecification","valueRequired":true,"valueName":"search_term_string"}}],"inLanguage":"pt-BR"},{"@type":"Person","@id":"https:\/\/www.p31noticias.com.br\/#\/schema\/person\/95f2ece30e3b4132065b915150cd0f94","name":"Gon\u00e7alves Junior","image":{"@type":"ImageObject","inLanguage":"pt-BR","@id":"https:\/\/secure.gravatar.com\/avatar\/6711f350116a89762687a48d66f723c799e5438a5b7578508d4294cd7a5d0800?s=96&d=mm&r=g","url":"https:\/\/secure.gravatar.com\/avatar\/6711f350116a89762687a48d66f723c799e5438a5b7578508d4294cd7a5d0800?s=96&d=mm&r=g","contentUrl":"https:\/\/secure.gravatar.com\/avatar\/6711f350116a89762687a48d66f723c799e5438a5b7578508d4294cd7a5d0800?s=96&d=mm&r=g","caption":"Gon\u00e7alves Junior"},"url":"https:\/\/www.p31noticias.com.br\/?author=2"}]}},"amp_enabled":true,"_links":{"self":[{"href":"https:\/\/www.p31noticias.com.br\/index.php?rest_route=\/wp\/v2\/posts\/26023","targetHints":{"allow":["GET"]}}],"collection":[{"href":"https:\/\/www.p31noticias.com.br\/index.php?rest_route=\/wp\/v2\/posts"}],"about":[{"href":"https:\/\/www.p31noticias.com.br\/index.php?rest_route=\/wp\/v2\/types\/post"}],"author":[{"embeddable":true,"href":"https:\/\/www.p31noticias.com.br\/index.php?rest_route=\/wp\/v2\/users\/2"}],"replies":[{"embeddable":true,"href":"https:\/\/www.p31noticias.com.br\/index.php?rest_route=%2Fwp%2Fv2%2Fcomments&post=26023"}],"version-history":[{"count":1,"href":"https:\/\/www.p31noticias.com.br\/index.php?rest_route=\/wp\/v2\/posts\/26023\/revisions"}],"predecessor-version":[{"id":26025,"href":"https:\/\/www.p31noticias.com.br\/index.php?rest_route=\/wp\/v2\/posts\/26023\/revisions\/26025"}],"wp:featuredmedia":[{"embeddable":true,"href":"https:\/\/www.p31noticias.com.br\/index.php?rest_route=\/wp\/v2\/media\/26024"}],"wp:attachment":[{"href":"https:\/\/www.p31noticias.com.br\/index.php?rest_route=%2Fwp%2Fv2%2Fmedia&parent=26023"}],"wp:term":[{"taxonomy":"category","embeddable":true,"href":"https:\/\/www.p31noticias.com.br\/index.php?rest_route=%2Fwp%2Fv2%2Fcategories&post=26023"},{"taxonomy":"post_tag","embeddable":true,"href":"https:\/\/www.p31noticias.com.br\/index.php?rest_route=%2Fwp%2Fv2%2Ftags&post=26023"}],"curies":[{"name":"wp","href":"https:\/\/api.w.org\/{rel}","templated":true}]}}