{"id":26006,"date":"2022-04-21T20:38:56","date_gmt":"2022-04-21T23:38:56","guid":{"rendered":"https:\/\/p31noticias.com.br\/?p=26006"},"modified":"2022-04-21T20:38:56","modified_gmt":"2022-04-21T23:38:56","slug":"lira-pede-ao-stf-que-decisao-de-cassacao-seja-apenas-do-congresso-nacional","status":"publish","type":"post","link":"https:\/\/www.p31noticias.com.br\/?p=26006","title":{"rendered":"Lira pede ao STF que decis\u00e3o de cassa\u00e7\u00e3o seja apenas do Congresso Nacional."},"content":{"rendered":"<p style=\"text-align: justify;\"><em><strong>Pedido foi feito no momento em que o deputado Daniel Silveira era condenado por amea\u00e7ar a Corte e os seus ministros, entretanto a assessoria do presidente da C\u00e2mara afirma que pedido n\u00e3o tem rela\u00e7\u00e3o com o caso.<\/strong><\/em><\/p>\n<p style=\"text-align: justify;\">O presidente da\u00a0<a href=\"https:\/\/jovempan.com.br\/tag\/camara-dos-deputados\"><strong>C\u00e2mara dos Deputados<\/strong><\/a>,\u00a0<a href=\"https:\/\/jovempan.com.br\/tag\/arthur-lira\"><strong>Arthur Lira<\/strong><\/a>\u00a0(PP-AL) foi ao<a href=\"https:\/\/jovempan.com.br\/tag\/supremo-tribunal-federal\">\u00a0<strong>Supremo Tribunal Federal<\/strong><\/a> (STF)\u00a0 para pedir que a cassa\u00e7\u00e3o de parlamentares julgados pela Corte seja de compet\u00eancia apenas do <a href=\"https:\/\/jovempan.com.br\/tag\/supremo-tribunal-federal\"><strong>Congresso Nacional<\/strong><\/a>. \u201cRequer-se seja dado provimento ao presente Agravo Regimental, reformando-se a decis\u00e3o agravada, para determinar o regular prosseguimento da Argui\u00e7\u00e3o de Descumprimento de Preceito Fundamental n.511. Passo seguinte, seja conhecida e julgada procedente a ADPF, para reconhecer que, diante das condena\u00e7\u00f5es penais transitadas em julgado, compete \u00e0s Casas do Congresso Nacional decidir pela perda do mandato eletivo, nos exatos termos do art. 55, VI, \u00a7 2\u00ba, da Constitui\u00e7\u00e3o Federal\u201d, diz documento oficial enviado ao Judici\u00e1rio e assinado pelo advogado da C\u00e2mara dos Deputados. Procurado pela equipe de reportagem da Jovem Pan, Lira n\u00e3o se pronunciou at\u00e9 o momento.<\/p>\n<p style=\"text-align: justify;\">O pedido do presidente da C\u00e2mara foi feito no momento em que o deputado Daniel Silveira (PTB-RJ) era condenado pelo STF, por dez votos a um, a oito anos e nove meses de pris\u00e3o por amea\u00e7ar a Corte e os seus ministros em diversas ocasi\u00f5es. Entretanto a assessoria do presidente da C\u00e2mara afirma que pedido n\u00e3o tem rela\u00e7\u00e3o com o caso de Silveira, \u201cmas com o processo do Paulo Feij\u00f3\u201d. O documento enviado ao STF tamb\u00e9m cita o caso de Feij\u00f3: \u201cArgui\u00e7\u00e3o que utilize como pano de fundo o caso do ex-deputado federal Paulo Feij\u00f3 defende prerrogativas institucionais da C\u00e2mara dos Deputados\u201d.<\/p>\n<p>JP NEWS.<\/p>\n","protected":false},"excerpt":{"rendered":"<p>Pedido foi feito no momento em que o deputado Daniel Silveira era condenado por amea\u00e7ar a Corte e os seus ministros, entretanto a assessoria do presidente da C\u00e2mara afirma que pedido n\u00e3o tem rela\u00e7\u00e3o com o caso. O presidente da\u00a0C\u00e2mara dos Deputados,\u00a0Arthur Lira\u00a0(PP-AL) foi ao\u00a0Supremo Tribunal Federal (STF)\u00a0 para pedir que a cassa\u00e7\u00e3o de parlamentares [&hellip;]<\/p>\n","protected":false},"author":2,"featured_media":26007,"comment_status":"open","ping_status":"open","sticky":false,"template":"","format":"standard","meta":{"footnotes":""},"categories":[57],"tags":[],"class_list":{"0":"post-26006","1":"post","2":"type-post","3":"status-publish","4":"format-standard","5":"has-post-thumbnail","7":"category-politica"},"yoast_head":"<!-- This site is optimized with the Yoast SEO Premium plugin v24.5 (Yoast SEO v27.5) - https:\/\/yoast.com\/product\/yoast-seo-premium-wordpress\/ -->\n<title>Lira pede ao STF que decis\u00e3o de cassa\u00e7\u00e3o seja apenas do Congresso Nacional. - P31<\/title>\n<meta name=\"robots\" content=\"index, follow, max-snippet:-1, max-image-preview:large, max-video-preview:-1\" \/>\n<link rel=\"canonical\" href=\"https:\/\/www.p31noticias.com.br\/?p=26006\" \/>\n<meta property=\"og:locale\" content=\"pt_BR\" \/>\n<meta property=\"og:type\" content=\"article\" \/>\n<meta property=\"og:title\" content=\"Lira pede ao STF que decis\u00e3o de cassa\u00e7\u00e3o seja apenas do Congresso Nacional.\" \/>\n<meta property=\"og:description\" content=\"Pedido foi feito no momento em que o deputado Daniel Silveira era condenado por amea\u00e7ar a Corte e os seus ministros, entretanto a assessoria do presidente da C\u00e2mara afirma que pedido n\u00e3o tem rela\u00e7\u00e3o com o caso. O presidente da\u00a0C\u00e2mara dos Deputados,\u00a0Arthur Lira\u00a0(PP-AL) foi ao\u00a0Supremo Tribunal Federal (STF)\u00a0 para pedir que a cassa\u00e7\u00e3o de parlamentares [&hellip;]\" \/>\n<meta property=\"og:url\" content=\"https:\/\/www.p31noticias.com.br\/?p=26006\" \/>\n<meta property=\"og:site_name\" content=\"P31\" \/>\n<meta property=\"article:published_time\" content=\"2022-04-21T23:38:56+00:00\" \/>\n<meta property=\"og:image\" content=\"https:\/\/www.p31noticias.com.br\/wp-content\/uploads\/2022\/04\/fta20210831196.webp\" \/>\n\t<meta property=\"og:image:width\" content=\"1400\" \/>\n\t<meta property=\"og:image:height\" content=\"933\" \/>\n\t<meta property=\"og:image:type\" content=\"image\/webp\" \/>\n<meta name=\"author\" content=\"Gon\u00e7alves Junior\" \/>\n<meta name=\"twitter:card\" content=\"summary_large_image\" \/>\n<meta name=\"twitter:label1\" content=\"Escrito por\" \/>\n\t<meta name=\"twitter:data1\" content=\"Gon\u00e7alves Junior\" \/>\n\t<meta name=\"twitter:label2\" content=\"Est. tempo de leitura\" \/>\n\t<meta name=\"twitter:data2\" content=\"1 minuto\" \/>\n<script type=\"application\/ld+json\" class=\"yoast-schema-graph\">{\"@context\":\"https:\\\/\\\/schema.org\",\"@graph\":[{\"@type\":\"Article\",\"@id\":\"https:\\\/\\\/www.p31noticias.com.br\\\/?p=26006#article\",\"isPartOf\":{\"@id\":\"https:\\\/\\\/www.p31noticias.com.br\\\/?p=26006\"},\"author\":{\"name\":\"Gon\u00e7alves Junior\",\"@id\":\"https:\\\/\\\/www.p31noticias.com.br\\\/#\\\/schema\\\/person\\\/95f2ece30e3b4132065b915150cd0f94\"},\"headline\":\"Lira pede ao STF que decis\u00e3o de cassa\u00e7\u00e3o seja apenas do Congresso Nacional.\",\"datePublished\":\"2022-04-21T23:38:56+00:00\",\"mainEntityOfPage\":{\"@id\":\"https:\\\/\\\/www.p31noticias.com.br\\\/?p=26006\"},\"wordCount\":306,\"commentCount\":0,\"image\":{\"@id\":\"https:\\\/\\\/www.p31noticias.com.br\\\/?p=26006#primaryimage\"},\"thumbnailUrl\":\"https:\\\/\\\/www.p31noticias.com.br\\\/wp-content\\\/uploads\\\/2022\\\/04\\\/fta20210831196.webp\",\"articleSection\":[\"Pol\u00edtica\"],\"inLanguage\":\"pt-BR\",\"potentialAction\":[{\"@type\":\"CommentAction\",\"name\":\"Comment\",\"target\":[\"https:\\\/\\\/www.p31noticias.com.br\\\/?p=26006#respond\"]}],\"copyrightYear\":\"2022\",\"copyrightHolder\":{\"@id\":\"https:\\\/\\\/www.p31noticias.com.br\\\/#organization\"}},{\"@type\":\"WebPage\",\"@id\":\"https:\\\/\\\/www.p31noticias.com.br\\\/?p=26006\",\"url\":\"https:\\\/\\\/www.p31noticias.com.br\\\/?p=26006\",\"name\":\"Lira pede ao STF que decis\u00e3o de cassa\u00e7\u00e3o seja apenas do Congresso Nacional. - P31\",\"isPartOf\":{\"@id\":\"https:\\\/\\\/www.p31noticias.com.br\\\/#website\"},\"primaryImageOfPage\":{\"@id\":\"https:\\\/\\\/www.p31noticias.com.br\\\/?p=26006#primaryimage\"},\"image\":{\"@id\":\"https:\\\/\\\/www.p31noticias.com.br\\\/?p=26006#primaryimage\"},\"thumbnailUrl\":\"https:\\\/\\\/www.p31noticias.com.br\\\/wp-content\\\/uploads\\\/2022\\\/04\\\/fta20210831196.webp\",\"datePublished\":\"2022-04-21T23:38:56+00:00\",\"author\":{\"@id\":\"https:\\\/\\\/www.p31noticias.com.br\\\/#\\\/schema\\\/person\\\/95f2ece30e3b4132065b915150cd0f94\"},\"breadcrumb\":{\"@id\":\"https:\\\/\\\/www.p31noticias.com.br\\\/?p=26006#breadcrumb\"},\"inLanguage\":\"pt-BR\",\"potentialAction\":[{\"@type\":\"ReadAction\",\"target\":[\"https:\\\/\\\/www.p31noticias.com.br\\\/?p=26006\"]}]},{\"@type\":\"ImageObject\",\"inLanguage\":\"pt-BR\",\"@id\":\"https:\\\/\\\/www.p31noticias.com.br\\\/?p=26006#primaryimage\",\"url\":\"https:\\\/\\\/www.p31noticias.com.br\\\/wp-content\\\/uploads\\\/2022\\\/04\\\/fta20210831196.webp\",\"contentUrl\":\"https:\\\/\\\/www.p31noticias.com.br\\\/wp-content\\\/uploads\\\/2022\\\/04\\\/fta20210831196.webp\",\"width\":1400,\"height\":933},{\"@type\":\"BreadcrumbList\",\"@id\":\"https:\\\/\\\/www.p31noticias.com.br\\\/?p=26006#breadcrumb\",\"itemListElement\":[{\"@type\":\"ListItem\",\"position\":1,\"name\":\"In\u00edcio\",\"item\":\"https:\\\/\\\/www.p31noticias.com.br\\\/\"},{\"@type\":\"ListItem\",\"position\":2,\"name\":\"Lira pede ao STF que decis\u00e3o de cassa\u00e7\u00e3o seja apenas do Congresso Nacional.\"}]},{\"@type\":\"WebSite\",\"@id\":\"https:\\\/\\\/www.p31noticias.com.br\\\/#website\",\"url\":\"https:\\\/\\\/www.p31noticias.com.br\\\/\",\"name\":\"P31\",\"description\":\"NOT\u00cdCIAS\",\"potentialAction\":[{\"@type\":\"SearchAction\",\"target\":{\"@type\":\"EntryPoint\",\"urlTemplate\":\"https:\\\/\\\/www.p31noticias.com.br\\\/?s={search_term_string}\"},\"query-input\":{\"@type\":\"PropertyValueSpecification\",\"valueRequired\":true,\"valueName\":\"search_term_string\"}}],\"inLanguage\":\"pt-BR\"},{\"@type\":\"Person\",\"@id\":\"https:\\\/\\\/www.p31noticias.com.br\\\/#\\\/schema\\\/person\\\/95f2ece30e3b4132065b915150cd0f94\",\"name\":\"Gon\u00e7alves Junior\",\"image\":{\"@type\":\"ImageObject\",\"inLanguage\":\"pt-BR\",\"@id\":\"https:\\\/\\\/secure.gravatar.com\\\/avatar\\\/6711f350116a89762687a48d66f723c799e5438a5b7578508d4294cd7a5d0800?s=96&d=mm&r=g\",\"url\":\"https:\\\/\\\/secure.gravatar.com\\\/avatar\\\/6711f350116a89762687a48d66f723c799e5438a5b7578508d4294cd7a5d0800?s=96&d=mm&r=g\",\"contentUrl\":\"https:\\\/\\\/secure.gravatar.com\\\/avatar\\\/6711f350116a89762687a48d66f723c799e5438a5b7578508d4294cd7a5d0800?s=96&d=mm&r=g\",\"caption\":\"Gon\u00e7alves Junior\"},\"url\":\"https:\\\/\\\/www.p31noticias.com.br\\\/?author=2\"}]}<\/script>\n<!-- \/ Yoast SEO Premium plugin. -->","yoast_head_json":{"title":"Lira pede ao STF que decis\u00e3o de cassa\u00e7\u00e3o seja apenas do Congresso Nacional. - P31","robots":{"index":"index","follow":"follow","max-snippet":"max-snippet:-1","max-image-preview":"max-image-preview:large","max-video-preview":"max-video-preview:-1"},"canonical":"https:\/\/www.p31noticias.com.br\/?p=26006","og_locale":"pt_BR","og_type":"article","og_title":"Lira pede ao STF que decis\u00e3o de cassa\u00e7\u00e3o seja apenas do Congresso Nacional.","og_description":"Pedido foi feito no momento em que o deputado Daniel Silveira era condenado por amea\u00e7ar a Corte e os seus ministros, entretanto a assessoria do presidente da C\u00e2mara afirma que pedido n\u00e3o tem rela\u00e7\u00e3o com o caso. O presidente da\u00a0C\u00e2mara dos Deputados,\u00a0Arthur Lira\u00a0(PP-AL) foi ao\u00a0Supremo Tribunal Federal (STF)\u00a0 para pedir que a cassa\u00e7\u00e3o de parlamentares [&hellip;]","og_url":"https:\/\/www.p31noticias.com.br\/?p=26006","og_site_name":"P31","article_published_time":"2022-04-21T23:38:56+00:00","og_image":[{"width":1400,"height":933,"url":"https:\/\/www.p31noticias.com.br\/wp-content\/uploads\/2022\/04\/fta20210831196.webp","type":"image\/webp"}],"author":"Gon\u00e7alves Junior","twitter_card":"summary_large_image","twitter_misc":{"Escrito por":"Gon\u00e7alves Junior","Est. tempo de leitura":"1 minuto"},"schema":{"@context":"https:\/\/schema.org","@graph":[{"@type":"Article","@id":"https:\/\/www.p31noticias.com.br\/?p=26006#article","isPartOf":{"@id":"https:\/\/www.p31noticias.com.br\/?p=26006"},"author":{"name":"Gon\u00e7alves Junior","@id":"https:\/\/www.p31noticias.com.br\/#\/schema\/person\/95f2ece30e3b4132065b915150cd0f94"},"headline":"Lira pede ao STF que decis\u00e3o de cassa\u00e7\u00e3o seja apenas do Congresso Nacional.","datePublished":"2022-04-21T23:38:56+00:00","mainEntityOfPage":{"@id":"https:\/\/www.p31noticias.com.br\/?p=26006"},"wordCount":306,"commentCount":0,"image":{"@id":"https:\/\/www.p31noticias.com.br\/?p=26006#primaryimage"},"thumbnailUrl":"https:\/\/www.p31noticias.com.br\/wp-content\/uploads\/2022\/04\/fta20210831196.webp","articleSection":["Pol\u00edtica"],"inLanguage":"pt-BR","potentialAction":[{"@type":"CommentAction","name":"Comment","target":["https:\/\/www.p31noticias.com.br\/?p=26006#respond"]}],"copyrightYear":"2022","copyrightHolder":{"@id":"https:\/\/www.p31noticias.com.br\/#organization"}},{"@type":"WebPage","@id":"https:\/\/www.p31noticias.com.br\/?p=26006","url":"https:\/\/www.p31noticias.com.br\/?p=26006","name":"Lira pede ao STF que decis\u00e3o de cassa\u00e7\u00e3o seja apenas do Congresso Nacional. - P31","isPartOf":{"@id":"https:\/\/www.p31noticias.com.br\/#website"},"primaryImageOfPage":{"@id":"https:\/\/www.p31noticias.com.br\/?p=26006#primaryimage"},"image":{"@id":"https:\/\/www.p31noticias.com.br\/?p=26006#primaryimage"},"thumbnailUrl":"https:\/\/www.p31noticias.com.br\/wp-content\/uploads\/2022\/04\/fta20210831196.webp","datePublished":"2022-04-21T23:38:56+00:00","author":{"@id":"https:\/\/www.p31noticias.com.br\/#\/schema\/person\/95f2ece30e3b4132065b915150cd0f94"},"breadcrumb":{"@id":"https:\/\/www.p31noticias.com.br\/?p=26006#breadcrumb"},"inLanguage":"pt-BR","potentialAction":[{"@type":"ReadAction","target":["https:\/\/www.p31noticias.com.br\/?p=26006"]}]},{"@type":"ImageObject","inLanguage":"pt-BR","@id":"https:\/\/www.p31noticias.com.br\/?p=26006#primaryimage","url":"https:\/\/www.p31noticias.com.br\/wp-content\/uploads\/2022\/04\/fta20210831196.webp","contentUrl":"https:\/\/www.p31noticias.com.br\/wp-content\/uploads\/2022\/04\/fta20210831196.webp","width":1400,"height":933},{"@type":"BreadcrumbList","@id":"https:\/\/www.p31noticias.com.br\/?p=26006#breadcrumb","itemListElement":[{"@type":"ListItem","position":1,"name":"In\u00edcio","item":"https:\/\/www.p31noticias.com.br\/"},{"@type":"ListItem","position":2,"name":"Lira pede ao STF que decis\u00e3o de cassa\u00e7\u00e3o seja apenas do Congresso Nacional."}]},{"@type":"WebSite","@id":"https:\/\/www.p31noticias.com.br\/#website","url":"https:\/\/www.p31noticias.com.br\/","name":"P31","description":"NOT\u00cdCIAS","potentialAction":[{"@type":"SearchAction","target":{"@type":"EntryPoint","urlTemplate":"https:\/\/www.p31noticias.com.br\/?s={search_term_string}"},"query-input":{"@type":"PropertyValueSpecification","valueRequired":true,"valueName":"search_term_string"}}],"inLanguage":"pt-BR"},{"@type":"Person","@id":"https:\/\/www.p31noticias.com.br\/#\/schema\/person\/95f2ece30e3b4132065b915150cd0f94","name":"Gon\u00e7alves Junior","image":{"@type":"ImageObject","inLanguage":"pt-BR","@id":"https:\/\/secure.gravatar.com\/avatar\/6711f350116a89762687a48d66f723c799e5438a5b7578508d4294cd7a5d0800?s=96&d=mm&r=g","url":"https:\/\/secure.gravatar.com\/avatar\/6711f350116a89762687a48d66f723c799e5438a5b7578508d4294cd7a5d0800?s=96&d=mm&r=g","contentUrl":"https:\/\/secure.gravatar.com\/avatar\/6711f350116a89762687a48d66f723c799e5438a5b7578508d4294cd7a5d0800?s=96&d=mm&r=g","caption":"Gon\u00e7alves Junior"},"url":"https:\/\/www.p31noticias.com.br\/?author=2"}]}},"amp_enabled":true,"_links":{"self":[{"href":"https:\/\/www.p31noticias.com.br\/index.php?rest_route=\/wp\/v2\/posts\/26006","targetHints":{"allow":["GET"]}}],"collection":[{"href":"https:\/\/www.p31noticias.com.br\/index.php?rest_route=\/wp\/v2\/posts"}],"about":[{"href":"https:\/\/www.p31noticias.com.br\/index.php?rest_route=\/wp\/v2\/types\/post"}],"author":[{"embeddable":true,"href":"https:\/\/www.p31noticias.com.br\/index.php?rest_route=\/wp\/v2\/users\/2"}],"replies":[{"embeddable":true,"href":"https:\/\/www.p31noticias.com.br\/index.php?rest_route=%2Fwp%2Fv2%2Fcomments&post=26006"}],"version-history":[{"count":1,"href":"https:\/\/www.p31noticias.com.br\/index.php?rest_route=\/wp\/v2\/posts\/26006\/revisions"}],"predecessor-version":[{"id":26008,"href":"https:\/\/www.p31noticias.com.br\/index.php?rest_route=\/wp\/v2\/posts\/26006\/revisions\/26008"}],"wp:featuredmedia":[{"embeddable":true,"href":"https:\/\/www.p31noticias.com.br\/index.php?rest_route=\/wp\/v2\/media\/26007"}],"wp:attachment":[{"href":"https:\/\/www.p31noticias.com.br\/index.php?rest_route=%2Fwp%2Fv2%2Fmedia&parent=26006"}],"wp:term":[{"taxonomy":"category","embeddable":true,"href":"https:\/\/www.p31noticias.com.br\/index.php?rest_route=%2Fwp%2Fv2%2Fcategories&post=26006"},{"taxonomy":"post_tag","embeddable":true,"href":"https:\/\/www.p31noticias.com.br\/index.php?rest_route=%2Fwp%2Fv2%2Ftags&post=26006"}],"curies":[{"name":"wp","href":"https:\/\/api.w.org\/{rel}","templated":true}]}}