{"id":26003,"date":"2022-04-21T20:25:40","date_gmt":"2022-04-21T23:25:40","guid":{"rendered":"https:\/\/p31noticias.com.br\/?p=26003"},"modified":"2022-04-21T20:25:40","modified_gmt":"2022-04-21T23:25:40","slug":"numero-de-casos-e-de-mortes-por-covid-19-continua-caindo-nas-americas","status":"publish","type":"post","link":"https:\/\/www.p31noticias.com.br\/?p=26003","title":{"rendered":"N\u00famero de casos e de mortes por covid-19 continua caindo nas Am\u00e9ricas."},"content":{"rendered":"<h3 class=\"col-10 offset-1 animated fadeInDown dealy-900 display-8 display-md-8 alt-font font-italic my-1 text-center\" style=\"text-align: justify;\"><em><strong>Dois ter\u00e7os dos latino-americanos tomaram 2 doses da vacina, diz Opas.<\/strong><\/em><\/h3>\n<p style=\"text-align: justify;\">A Organiza\u00e7\u00e3o Pan-Americana da Sa\u00fade (Opas) divulgou nota na qual destaca que, em termos gerais, o n\u00famero de mortes e de casos de covid-19 continua caindo no continente americano. Segundo a Opas, mais de dois ter\u00e7os dos latino-americanos e caribenhos j\u00e1 receberam duas doses de vacinas contra a doen\u00e7a, e muitos pa\u00edses da regi\u00e3o t\u00eam algumas das taxas de cobertura mais altas do mundo.<img decoding=\"async\" src=\"https:\/\/agenciabrasil.ebc.com.br\/ebc.png?id=1455525&amp;o=node\" \/><img decoding=\"async\" src=\"https:\/\/agenciabrasil.ebc.com.br\/ebc.gif?id=1455525&amp;o=node\" \/><\/p>\n<p style=\"text-align: justify;\">De acordo com a Opas, 14 pa\u00edses da regi\u00e3o j\u00e1 atingiram a meta da Organiza\u00e7\u00e3o Mundial da Sa\u00fade (OMS) de vacinar totalmente 70% de suas popula\u00e7\u00f5es.<\/p>\n<p style=\"text-align: justify;\">Nos tr\u00eas primeiros meses de 2022, a Nicar\u00e1gua aumentou a cobertura em 18%. Peru e Col\u00f4mbia expandiram a vacina\u00e7\u00e3o em 12%, enquanto Bol\u00edvia e Venezuela aumentaram a cobertura vacinal em quase 10%.<\/p>\n<p style=\"text-align: justify;\">A Opas, no entanto, acrescenta que, na \u00faltima semana, a doen\u00e7a avan\u00e7ou no Canad\u00e1, que registrou 11,2% a mais de casos e 20% de alta nas hospitaliza\u00e7\u00f5es.<\/p>\n<p style=\"text-align: justify;\">Segundo a entidade, \u201ca alta na Am\u00e9rica do Norte \u00e9 causada pela subvariante da \u00d4micron, o tipo BA.2\u201d. Na avalia\u00e7\u00e3o da diretora da Opas, Carissa Etienne, \u00e0 medida que as fronteiras foram reabertas e o turismo aumentou, os casos tamb\u00e9m subiram em alguns outros pa\u00edses e territ\u00f3rios do Caribe, como S\u00e3o Crist\u00f3v\u00e3o e Nevis, Santa L\u00facia, Barbados e S\u00e3o Martinho.<\/p>\n<p style=\"text-align: justify;\">Carissa Etienne explica que a redu\u00e7\u00e3o das taxas de mortalidade e novas infec\u00e7\u00f5es \u201cs\u00e3o a prova de que as vacinas est\u00e3o funcionando bem\u201d para proteger as pessoas das interna\u00e7\u00f5es e mortes causadas pela covid-19.<\/p>\n<p style=\"text-align: justify;\">Ao reafirmar a seguran\u00e7a e efic\u00e1cia das vacinas contra covid-19, ela disse ser necess\u00e1rio ampliar \u201cainda mais\u201d a cobertura nas Am\u00e9ricas.<\/p>\n<p style=\"text-align: justify;\">No entanto, a diretora da Opas acrescentou que, em algumas \u00e1reas do Caribe, a vacina\u00e7\u00e3o diminuiu ou estagnou. \u201cMenos de 30% da popula\u00e7\u00e3o obteve a primeira dose no Haiti, Jamaica, S\u00e3o Vicente e Granadinas e Santa L\u00facia\u201d, disse.<\/p>\n<p style=\"text-align: justify;\">\u201cE em toda a Am\u00e9rica Latina, Guatemala, Guiana e Paraguai ainda n\u00e3o atingiram metade de suas popula\u00e7\u00f5es\u201d, completou.<\/p>\n<p style=\"text-align: justify;\"><em>*Com informa\u00e7\u00f5es da ONU News<\/em><\/p>\n<p>Ag\u00eancia Brasil.<\/p>\n","protected":false},"excerpt":{"rendered":"<p>Dois ter\u00e7os dos latino-americanos tomaram 2 doses da vacina, diz Opas. A Organiza\u00e7\u00e3o Pan-Americana da Sa\u00fade (Opas) divulgou nota na qual destaca que, em termos gerais, o n\u00famero de mortes e de casos de covid-19 continua caindo no continente americano. Segundo a Opas, mais de dois ter\u00e7os dos latino-americanos e caribenhos j\u00e1 receberam duas doses [&hellip;]<\/p>\n","protected":false},"author":2,"featured_media":26004,"comment_status":"open","ping_status":"open","sticky":false,"template":"","format":"standard","meta":{"footnotes":""},"categories":[124],"tags":[],"class_list":{"0":"post-26003","1":"post","2":"type-post","3":"status-publish","4":"format-standard","5":"has-post-thumbnail","7":"category-saude"},"yoast_head":"<!-- This site is optimized with the Yoast SEO Premium plugin v24.5 (Yoast SEO v27.5) - https:\/\/yoast.com\/product\/yoast-seo-premium-wordpress\/ -->\n<title>N\u00famero de casos e de mortes por covid-19 continua caindo nas Am\u00e9ricas. - P31<\/title>\n<meta name=\"robots\" content=\"index, follow, max-snippet:-1, max-image-preview:large, max-video-preview:-1\" \/>\n<link rel=\"canonical\" href=\"https:\/\/www.p31noticias.com.br\/?p=26003\" \/>\n<meta property=\"og:locale\" content=\"pt_BR\" \/>\n<meta property=\"og:type\" content=\"article\" \/>\n<meta property=\"og:title\" content=\"N\u00famero de casos e de mortes por covid-19 continua caindo nas Am\u00e9ricas.\" \/>\n<meta property=\"og:description\" content=\"Dois ter\u00e7os dos latino-americanos tomaram 2 doses da vacina, diz Opas. A Organiza\u00e7\u00e3o Pan-Americana da Sa\u00fade (Opas) divulgou nota na qual destaca que, em termos gerais, o n\u00famero de mortes e de casos de covid-19 continua caindo no continente americano. Segundo a Opas, mais de dois ter\u00e7os dos latino-americanos e caribenhos j\u00e1 receberam duas doses [&hellip;]\" \/>\n<meta property=\"og:url\" content=\"https:\/\/www.p31noticias.com.br\/?p=26003\" \/>\n<meta property=\"og:site_name\" content=\"P31\" \/>\n<meta property=\"article:published_time\" content=\"2022-04-21T23:25:40+00:00\" \/>\n<meta property=\"og:image\" content=\"https:\/\/www.p31noticias.com.br\/wp-content\/uploads\/2022\/04\/pzzb0704.jpg\" \/>\n\t<meta property=\"og:image:width\" content=\"1170\" \/>\n\t<meta property=\"og:image:height\" content=\"700\" \/>\n\t<meta property=\"og:image:type\" content=\"image\/jpeg\" \/>\n<meta name=\"author\" content=\"Gon\u00e7alves Junior\" \/>\n<meta name=\"twitter:card\" content=\"summary_large_image\" \/>\n<meta name=\"twitter:label1\" content=\"Escrito por\" \/>\n\t<meta name=\"twitter:data1\" content=\"Gon\u00e7alves Junior\" \/>\n\t<meta name=\"twitter:label2\" content=\"Est. tempo de leitura\" \/>\n\t<meta name=\"twitter:data2\" content=\"2 minutos\" \/>\n<script type=\"application\/ld+json\" class=\"yoast-schema-graph\">{\"@context\":\"https:\\\/\\\/schema.org\",\"@graph\":[{\"@type\":\"Article\",\"@id\":\"https:\\\/\\\/www.p31noticias.com.br\\\/?p=26003#article\",\"isPartOf\":{\"@id\":\"https:\\\/\\\/www.p31noticias.com.br\\\/?p=26003\"},\"author\":{\"name\":\"Gon\u00e7alves Junior\",\"@id\":\"https:\\\/\\\/www.p31noticias.com.br\\\/#\\\/schema\\\/person\\\/95f2ece30e3b4132065b915150cd0f94\"},\"headline\":\"N\u00famero de casos e de mortes por covid-19 continua caindo nas Am\u00e9ricas.\",\"datePublished\":\"2022-04-21T23:25:40+00:00\",\"mainEntityOfPage\":{\"@id\":\"https:\\\/\\\/www.p31noticias.com.br\\\/?p=26003\"},\"wordCount\":390,\"commentCount\":0,\"image\":{\"@id\":\"https:\\\/\\\/www.p31noticias.com.br\\\/?p=26003#primaryimage\"},\"thumbnailUrl\":\"https:\\\/\\\/www.p31noticias.com.br\\\/wp-content\\\/uploads\\\/2022\\\/04\\\/pzzb0704.jpg\",\"articleSection\":[\"Sa\u00fade\"],\"inLanguage\":\"pt-BR\",\"potentialAction\":[{\"@type\":\"CommentAction\",\"name\":\"Comment\",\"target\":[\"https:\\\/\\\/www.p31noticias.com.br\\\/?p=26003#respond\"]}],\"copyrightYear\":\"2022\",\"copyrightHolder\":{\"@id\":\"https:\\\/\\\/www.p31noticias.com.br\\\/#organization\"}},{\"@type\":\"WebPage\",\"@id\":\"https:\\\/\\\/www.p31noticias.com.br\\\/?p=26003\",\"url\":\"https:\\\/\\\/www.p31noticias.com.br\\\/?p=26003\",\"name\":\"N\u00famero de casos e de mortes por covid-19 continua caindo nas Am\u00e9ricas. - P31\",\"isPartOf\":{\"@id\":\"https:\\\/\\\/www.p31noticias.com.br\\\/#website\"},\"primaryImageOfPage\":{\"@id\":\"https:\\\/\\\/www.p31noticias.com.br\\\/?p=26003#primaryimage\"},\"image\":{\"@id\":\"https:\\\/\\\/www.p31noticias.com.br\\\/?p=26003#primaryimage\"},\"thumbnailUrl\":\"https:\\\/\\\/www.p31noticias.com.br\\\/wp-content\\\/uploads\\\/2022\\\/04\\\/pzzb0704.jpg\",\"datePublished\":\"2022-04-21T23:25:40+00:00\",\"author\":{\"@id\":\"https:\\\/\\\/www.p31noticias.com.br\\\/#\\\/schema\\\/person\\\/95f2ece30e3b4132065b915150cd0f94\"},\"breadcrumb\":{\"@id\":\"https:\\\/\\\/www.p31noticias.com.br\\\/?p=26003#breadcrumb\"},\"inLanguage\":\"pt-BR\",\"potentialAction\":[{\"@type\":\"ReadAction\",\"target\":[\"https:\\\/\\\/www.p31noticias.com.br\\\/?p=26003\"]}]},{\"@type\":\"ImageObject\",\"inLanguage\":\"pt-BR\",\"@id\":\"https:\\\/\\\/www.p31noticias.com.br\\\/?p=26003#primaryimage\",\"url\":\"https:\\\/\\\/www.p31noticias.com.br\\\/wp-content\\\/uploads\\\/2022\\\/04\\\/pzzb0704.jpg\",\"contentUrl\":\"https:\\\/\\\/www.p31noticias.com.br\\\/wp-content\\\/uploads\\\/2022\\\/04\\\/pzzb0704.jpg\",\"width\":1170,\"height\":700,\"caption\":\"Frasco da vacina 100% nacional contra a covid-19, produzida pela Funda\u00e7\u00e3o Oswaldo Cruz (Fiocruz)\"},{\"@type\":\"BreadcrumbList\",\"@id\":\"https:\\\/\\\/www.p31noticias.com.br\\\/?p=26003#breadcrumb\",\"itemListElement\":[{\"@type\":\"ListItem\",\"position\":1,\"name\":\"In\u00edcio\",\"item\":\"https:\\\/\\\/www.p31noticias.com.br\\\/\"},{\"@type\":\"ListItem\",\"position\":2,\"name\":\"N\u00famero de casos e de mortes por covid-19 continua caindo nas Am\u00e9ricas.\"}]},{\"@type\":\"WebSite\",\"@id\":\"https:\\\/\\\/www.p31noticias.com.br\\\/#website\",\"url\":\"https:\\\/\\\/www.p31noticias.com.br\\\/\",\"name\":\"P31\",\"description\":\"NOT\u00cdCIAS\",\"potentialAction\":[{\"@type\":\"SearchAction\",\"target\":{\"@type\":\"EntryPoint\",\"urlTemplate\":\"https:\\\/\\\/www.p31noticias.com.br\\\/?s={search_term_string}\"},\"query-input\":{\"@type\":\"PropertyValueSpecification\",\"valueRequired\":true,\"valueName\":\"search_term_string\"}}],\"inLanguage\":\"pt-BR\"},{\"@type\":\"Person\",\"@id\":\"https:\\\/\\\/www.p31noticias.com.br\\\/#\\\/schema\\\/person\\\/95f2ece30e3b4132065b915150cd0f94\",\"name\":\"Gon\u00e7alves Junior\",\"image\":{\"@type\":\"ImageObject\",\"inLanguage\":\"pt-BR\",\"@id\":\"https:\\\/\\\/secure.gravatar.com\\\/avatar\\\/6711f350116a89762687a48d66f723c799e5438a5b7578508d4294cd7a5d0800?s=96&d=mm&r=g\",\"url\":\"https:\\\/\\\/secure.gravatar.com\\\/avatar\\\/6711f350116a89762687a48d66f723c799e5438a5b7578508d4294cd7a5d0800?s=96&d=mm&r=g\",\"contentUrl\":\"https:\\\/\\\/secure.gravatar.com\\\/avatar\\\/6711f350116a89762687a48d66f723c799e5438a5b7578508d4294cd7a5d0800?s=96&d=mm&r=g\",\"caption\":\"Gon\u00e7alves Junior\"},\"url\":\"https:\\\/\\\/www.p31noticias.com.br\\\/?author=2\"}]}<\/script>\n<!-- \/ Yoast SEO Premium plugin. -->","yoast_head_json":{"title":"N\u00famero de casos e de mortes por covid-19 continua caindo nas Am\u00e9ricas. - P31","robots":{"index":"index","follow":"follow","max-snippet":"max-snippet:-1","max-image-preview":"max-image-preview:large","max-video-preview":"max-video-preview:-1"},"canonical":"https:\/\/www.p31noticias.com.br\/?p=26003","og_locale":"pt_BR","og_type":"article","og_title":"N\u00famero de casos e de mortes por covid-19 continua caindo nas Am\u00e9ricas.","og_description":"Dois ter\u00e7os dos latino-americanos tomaram 2 doses da vacina, diz Opas. A Organiza\u00e7\u00e3o Pan-Americana da Sa\u00fade (Opas) divulgou nota na qual destaca que, em termos gerais, o n\u00famero de mortes e de casos de covid-19 continua caindo no continente americano. Segundo a Opas, mais de dois ter\u00e7os dos latino-americanos e caribenhos j\u00e1 receberam duas doses [&hellip;]","og_url":"https:\/\/www.p31noticias.com.br\/?p=26003","og_site_name":"P31","article_published_time":"2022-04-21T23:25:40+00:00","og_image":[{"width":1170,"height":700,"url":"https:\/\/www.p31noticias.com.br\/wp-content\/uploads\/2022\/04\/pzzb0704.jpg","type":"image\/jpeg"}],"author":"Gon\u00e7alves Junior","twitter_card":"summary_large_image","twitter_misc":{"Escrito por":"Gon\u00e7alves Junior","Est. tempo de leitura":"2 minutos"},"schema":{"@context":"https:\/\/schema.org","@graph":[{"@type":"Article","@id":"https:\/\/www.p31noticias.com.br\/?p=26003#article","isPartOf":{"@id":"https:\/\/www.p31noticias.com.br\/?p=26003"},"author":{"name":"Gon\u00e7alves Junior","@id":"https:\/\/www.p31noticias.com.br\/#\/schema\/person\/95f2ece30e3b4132065b915150cd0f94"},"headline":"N\u00famero de casos e de mortes por covid-19 continua caindo nas Am\u00e9ricas.","datePublished":"2022-04-21T23:25:40+00:00","mainEntityOfPage":{"@id":"https:\/\/www.p31noticias.com.br\/?p=26003"},"wordCount":390,"commentCount":0,"image":{"@id":"https:\/\/www.p31noticias.com.br\/?p=26003#primaryimage"},"thumbnailUrl":"https:\/\/www.p31noticias.com.br\/wp-content\/uploads\/2022\/04\/pzzb0704.jpg","articleSection":["Sa\u00fade"],"inLanguage":"pt-BR","potentialAction":[{"@type":"CommentAction","name":"Comment","target":["https:\/\/www.p31noticias.com.br\/?p=26003#respond"]}],"copyrightYear":"2022","copyrightHolder":{"@id":"https:\/\/www.p31noticias.com.br\/#organization"}},{"@type":"WebPage","@id":"https:\/\/www.p31noticias.com.br\/?p=26003","url":"https:\/\/www.p31noticias.com.br\/?p=26003","name":"N\u00famero de casos e de mortes por covid-19 continua caindo nas Am\u00e9ricas. - P31","isPartOf":{"@id":"https:\/\/www.p31noticias.com.br\/#website"},"primaryImageOfPage":{"@id":"https:\/\/www.p31noticias.com.br\/?p=26003#primaryimage"},"image":{"@id":"https:\/\/www.p31noticias.com.br\/?p=26003#primaryimage"},"thumbnailUrl":"https:\/\/www.p31noticias.com.br\/wp-content\/uploads\/2022\/04\/pzzb0704.jpg","datePublished":"2022-04-21T23:25:40+00:00","author":{"@id":"https:\/\/www.p31noticias.com.br\/#\/schema\/person\/95f2ece30e3b4132065b915150cd0f94"},"breadcrumb":{"@id":"https:\/\/www.p31noticias.com.br\/?p=26003#breadcrumb"},"inLanguage":"pt-BR","potentialAction":[{"@type":"ReadAction","target":["https:\/\/www.p31noticias.com.br\/?p=26003"]}]},{"@type":"ImageObject","inLanguage":"pt-BR","@id":"https:\/\/www.p31noticias.com.br\/?p=26003#primaryimage","url":"https:\/\/www.p31noticias.com.br\/wp-content\/uploads\/2022\/04\/pzzb0704.jpg","contentUrl":"https:\/\/www.p31noticias.com.br\/wp-content\/uploads\/2022\/04\/pzzb0704.jpg","width":1170,"height":700,"caption":"Frasco da vacina 100% nacional contra a covid-19, produzida pela Funda\u00e7\u00e3o Oswaldo Cruz (Fiocruz)"},{"@type":"BreadcrumbList","@id":"https:\/\/www.p31noticias.com.br\/?p=26003#breadcrumb","itemListElement":[{"@type":"ListItem","position":1,"name":"In\u00edcio","item":"https:\/\/www.p31noticias.com.br\/"},{"@type":"ListItem","position":2,"name":"N\u00famero de casos e de mortes por covid-19 continua caindo nas Am\u00e9ricas."}]},{"@type":"WebSite","@id":"https:\/\/www.p31noticias.com.br\/#website","url":"https:\/\/www.p31noticias.com.br\/","name":"P31","description":"NOT\u00cdCIAS","potentialAction":[{"@type":"SearchAction","target":{"@type":"EntryPoint","urlTemplate":"https:\/\/www.p31noticias.com.br\/?s={search_term_string}"},"query-input":{"@type":"PropertyValueSpecification","valueRequired":true,"valueName":"search_term_string"}}],"inLanguage":"pt-BR"},{"@type":"Person","@id":"https:\/\/www.p31noticias.com.br\/#\/schema\/person\/95f2ece30e3b4132065b915150cd0f94","name":"Gon\u00e7alves Junior","image":{"@type":"ImageObject","inLanguage":"pt-BR","@id":"https:\/\/secure.gravatar.com\/avatar\/6711f350116a89762687a48d66f723c799e5438a5b7578508d4294cd7a5d0800?s=96&d=mm&r=g","url":"https:\/\/secure.gravatar.com\/avatar\/6711f350116a89762687a48d66f723c799e5438a5b7578508d4294cd7a5d0800?s=96&d=mm&r=g","contentUrl":"https:\/\/secure.gravatar.com\/avatar\/6711f350116a89762687a48d66f723c799e5438a5b7578508d4294cd7a5d0800?s=96&d=mm&r=g","caption":"Gon\u00e7alves Junior"},"url":"https:\/\/www.p31noticias.com.br\/?author=2"}]}},"amp_enabled":true,"_links":{"self":[{"href":"https:\/\/www.p31noticias.com.br\/index.php?rest_route=\/wp\/v2\/posts\/26003","targetHints":{"allow":["GET"]}}],"collection":[{"href":"https:\/\/www.p31noticias.com.br\/index.php?rest_route=\/wp\/v2\/posts"}],"about":[{"href":"https:\/\/www.p31noticias.com.br\/index.php?rest_route=\/wp\/v2\/types\/post"}],"author":[{"embeddable":true,"href":"https:\/\/www.p31noticias.com.br\/index.php?rest_route=\/wp\/v2\/users\/2"}],"replies":[{"embeddable":true,"href":"https:\/\/www.p31noticias.com.br\/index.php?rest_route=%2Fwp%2Fv2%2Fcomments&post=26003"}],"version-history":[{"count":1,"href":"https:\/\/www.p31noticias.com.br\/index.php?rest_route=\/wp\/v2\/posts\/26003\/revisions"}],"predecessor-version":[{"id":26005,"href":"https:\/\/www.p31noticias.com.br\/index.php?rest_route=\/wp\/v2\/posts\/26003\/revisions\/26005"}],"wp:featuredmedia":[{"embeddable":true,"href":"https:\/\/www.p31noticias.com.br\/index.php?rest_route=\/wp\/v2\/media\/26004"}],"wp:attachment":[{"href":"https:\/\/www.p31noticias.com.br\/index.php?rest_route=%2Fwp%2Fv2%2Fmedia&parent=26003"}],"wp:term":[{"taxonomy":"category","embeddable":true,"href":"https:\/\/www.p31noticias.com.br\/index.php?rest_route=%2Fwp%2Fv2%2Fcategories&post=26003"},{"taxonomy":"post_tag","embeddable":true,"href":"https:\/\/www.p31noticias.com.br\/index.php?rest_route=%2Fwp%2Fv2%2Ftags&post=26003"}],"curies":[{"name":"wp","href":"https:\/\/api.w.org\/{rel}","templated":true}]}}