{"id":25999,"date":"2022-04-21T19:53:57","date_gmt":"2022-04-21T22:53:57","guid":{"rendered":"https:\/\/p31noticias.com.br\/?p=25999"},"modified":"2022-04-23T22:50:32","modified_gmt":"2022-04-24T01:50:32","slug":"surge-em-brasilia-nome-de-peso-para-o-terceiro-setor-educacao-e-publico-feminino","status":"publish","type":"post","link":"https:\/\/www.p31noticias.com.br\/?p=25999","title":{"rendered":"Renata D\u2019Aguiar: um olhar para o empoderamento e para a autonomia do cidad\u00e3o."},"content":{"rendered":"<p style=\"text-align: justify;\"><em><strong>No DF h\u00e1 mais de 10 anos, essa carioca conheceu de perto a desigualdade social brasiliense e, desde ent\u00e3o, trabalha para reduzir cada vez mais o abismo social entre as cidades do DF.<\/strong><\/em><\/p>\n<p style=\"text-align: justify;\">As elei\u00e7\u00f5es est\u00e3o chegando , e a popula\u00e7\u00e3o do Distrito Federal ir\u00e1 \u00e0s urnas em outubro para eleger seus representantes no Senado, C\u00e2mara Federal e\u00a0 tamb\u00e9m na nossa C\u00e2mara Legislativa do DF. Muitos nomes est\u00e3o sendo cogitados, e a temperatura nos corredores pol\u00edticos e tamb\u00e9m nos Partidos Pol\u00edticos come\u00e7a a aumentar.<\/p>\n<p style=\"text-align: justify;\">Dentre esses nomes para pre candidatura , surge o de uma jovem din\u00e2mica e aguerrida, que tem se destacado no Terceiro Setor , tendo tamb\u00e9m os olhos fitados na Educa\u00e7\u00e3o e tamb\u00e9m na causas ligadas ao P\u00fablico Feminino. Essa \u00e9 Renata d\u00b4Aguiar, pr\u00e9 candidata a Deputada Distrital nas pr\u00f3ximas elei\u00e7\u00f5es .<\/p>\n<p style=\"text-align: justify;\"><img loading=\"lazy\" decoding=\"async\" class=\"attachment-large size-large\" src=\"https:\/\/renatadaguiar.com.br\/wp-content\/uploads\/2021\/10\/IMG_9475-683x1024.jpg\" sizes=\"auto, (max-width: 683px) 100vw, 683px\" srcset=\"https:\/\/renatadaguiar.com.br\/wp-content\/uploads\/2021\/10\/IMG_9475-683x1024.jpg 683w, https:\/\/renatadaguiar.com.br\/wp-content\/uploads\/2021\/10\/IMG_9475-200x300.jpg 200w, https:\/\/renatadaguiar.com.br\/wp-content\/uploads\/2021\/10\/IMG_9475-768x1152.jpg 768w, https:\/\/renatadaguiar.com.br\/wp-content\/uploads\/2021\/10\/IMG_9475-1024x1536.jpg 1024w, https:\/\/renatadaguiar.com.br\/wp-content\/uploads\/2021\/10\/IMG_9475-1365x2048.jpg 1365w, https:\/\/renatadaguiar.com.br\/wp-content\/uploads\/2021\/10\/IMG_9475-150x225.jpg 150w, https:\/\/renatadaguiar.com.br\/wp-content\/uploads\/2021\/10\/IMG_9475-scaled.jpg 1707w\" alt=\"\" width=\"683\" height=\"1024\" \/><\/p>\n<p style=\"text-align: justify;\">\u201cEssas tr\u00eas bandeiras me definem bem. Luto por inclus\u00e3o social, educa\u00e7\u00e3o para todos e reconhecimento da mulher na sociedade.<br \/>\nMeus valores s\u00e3o todos pautados em Cristo e na ci\u00eancia. Me considero uma eterna buscadora de conhecimentos e n\u00e3o me baseio em achismo\u201d, destaca Renata D\u2019Aguiar.<\/p>\n<p style=\"text-align: justify;\">Renata d\u2019Aguiar nasceu no Rio de Janeiro, mas j\u00e1 mora no DF h\u00e1 mais de dez anos. Formada em economia pela\u00a0Funda\u00e7\u00e3o Get\u00falio Vargas, se tornou mestre na \u00e1rea econ\u00f4mica pelo\u00a0Instituto Brasileiro de Ensino, Desenvolvimento e Pesquisa\u00a0(IDP).<\/p>\n<p style=\"text-align: justify;\">Aos 24 anos passou no concurso do Tesouro Nacional, quando se mudou sozinha para a capital federal, em 2014.<\/p>\n<p style=\"text-align: justify;\"><img loading=\"lazy\" decoding=\"async\" class=\"attachment-large size-large\" src=\"https:\/\/renatadaguiar.com.br\/wp-content\/uploads\/2021\/11\/IMG_9809-1-843x1024.jpg\" sizes=\"auto, (max-width: 800px) 100vw, 800px\" srcset=\"https:\/\/renatadaguiar.com.br\/wp-content\/uploads\/2021\/11\/IMG_9809-1-843x1024.jpg 843w, https:\/\/renatadaguiar.com.br\/wp-content\/uploads\/2021\/11\/IMG_9809-1-247x300.jpg 247w, https:\/\/renatadaguiar.com.br\/wp-content\/uploads\/2021\/11\/IMG_9809-1-768x933.jpg 768w, https:\/\/renatadaguiar.com.br\/wp-content\/uploads\/2021\/11\/IMG_9809-1-1264x1536.jpg 1264w, https:\/\/renatadaguiar.com.br\/wp-content\/uploads\/2021\/11\/IMG_9809-1-1685x2048.jpg 1685w, https:\/\/renatadaguiar.com.br\/wp-content\/uploads\/2021\/11\/IMG_9809-1-150x182.jpg 150w\" alt=\"\" width=\"800\" height=\"972\" \/><\/p>\n<p style=\"text-align: justify;\">Ela \u00e9 a idealizadora do\u00a0Instituto Reciclando o Futuro, fundado em 2017, com objetivo de resgatar o valor social e a cidadania brasiliense, unindo pessoas de diferentes realidades socioecon\u00f4micas do Distrito Federal que entendem que a inclus\u00e3o social \u00e9 o meio norteador para alcan\u00e7armos o bem-estar social.<\/p>\n<p style=\"text-align: justify;\">Uma entidade da sociedade civil, sem fins lucrativos, o Instituto Reciclando o Futuro tinha foco na busca da autonomia dos catadores do Aterro Sanit\u00e1rio Controlado do J\u00f3quei, o antigo lix\u00e3o da Estrutural.<\/p>\n<p style=\"text-align: justify;\">Atualmente, a atua\u00e7\u00e3o da institui\u00e7\u00e3o expandiu e passou a abarcar v\u00e1rios setores da sociedade, sempre com foco na inclus\u00e3o social , na busca pela prote\u00e7\u00e3o social, garantia e amplia\u00e7\u00e3o de direitos fundamentais do cidad\u00e3o. S\u00e3o mais de cinco mil fam\u00edlias acompanhadas pela entidade.<\/p>\n<p style=\"text-align: justify;\">Com olhar para o empoderamento feminino, atualmente, o Reciclando o Futuro est\u00e1 com dois projetos sociais para esse p\u00fablico: cursos de ingl\u00eas e de empreendedorismo com vista \u00e0 entrada no mercado de trabalho para gerar emprego e renda.<\/p>\n<p style=\"text-align: justify;\">\u201cNossa principal necessidade, hoje, \u00e9 por voluntariado. N\u00e3o importa qual seja a especialidade ou disponibilidade do interessado. Precisamos muito ampliar as a\u00e7\u00f5es e vamos conseguir, apenas, com o engajamento de mais pessoas\u201d, destaca Renata D\u2019Aguiar, ao convidar \u00e0 popula\u00e7\u00e3o a preencher o formul\u00e1rio para ser tornar volunt\u00e1rio do instituto, dispon\u00edvel no pr\u00f3prio site do Reciclando o Futuro.<\/p>\n<p style=\"text-align: justify;\"><img decoding=\"async\" src=\"https:\/\/renatadaguiar.com.br\/wp-content\/uploads\/2021\/11\/7aaac788-ae84-4580-9427-96698ab4fb97.png\" alt=\"Renata d'Aguiar - Renata d'Aguiar\" \/><\/p>\n<p>&nbsp;<\/p>\n<p style=\"text-align: justify;\"><em><strong>Da reda\u00e7\u00e3o.<\/strong><\/em><\/p>\n","protected":false},"excerpt":{"rendered":"<p>No DF h\u00e1 mais de 10 anos, essa carioca conheceu de perto a desigualdade social brasiliense e, desde ent\u00e3o, trabalha para reduzir cada vez mais o abismo social entre as cidades do DF. As elei\u00e7\u00f5es est\u00e3o chegando , e a popula\u00e7\u00e3o do Distrito Federal ir\u00e1 \u00e0s urnas em outubro para eleger seus representantes no Senado, [&hellip;]<\/p>\n","protected":false},"author":2,"featured_media":26002,"comment_status":"open","ping_status":"open","sticky":false,"template":"","format":"standard","meta":{"footnotes":""},"categories":[21],"tags":[],"class_list":{"0":"post-25999","1":"post","2":"type-post","3":"status-publish","4":"format-standard","5":"has-post-thumbnail","7":"category-brasilia"},"yoast_head":"<!-- This site is optimized with the Yoast SEO Premium plugin v24.5 (Yoast SEO v27.5) - https:\/\/yoast.com\/product\/yoast-seo-premium-wordpress\/ -->\n<title>Renata D\u2019Aguiar: um olhar para o empoderamento e para a autonomia do cidad\u00e3o. - P31<\/title>\n<meta name=\"robots\" content=\"index, follow, max-snippet:-1, max-image-preview:large, max-video-preview:-1\" \/>\n<link rel=\"canonical\" href=\"https:\/\/www.p31noticias.com.br\/?p=25999\" \/>\n<meta property=\"og:locale\" content=\"pt_BR\" \/>\n<meta property=\"og:type\" content=\"article\" \/>\n<meta property=\"og:title\" content=\"Renata D\u2019Aguiar: um olhar para o empoderamento e para a autonomia do cidad\u00e3o.\" \/>\n<meta property=\"og:description\" content=\"No DF h\u00e1 mais de 10 anos, essa carioca conheceu de perto a desigualdade social brasiliense e, desde ent\u00e3o, trabalha para reduzir cada vez mais o abismo social entre as cidades do DF. As elei\u00e7\u00f5es est\u00e3o chegando , e a popula\u00e7\u00e3o do Distrito Federal ir\u00e1 \u00e0s urnas em outubro para eleger seus representantes no Senado, [&hellip;]\" \/>\n<meta property=\"og:url\" content=\"https:\/\/www.p31noticias.com.br\/?p=25999\" \/>\n<meta property=\"og:site_name\" content=\"P31\" \/>\n<meta property=\"article:published_time\" content=\"2022-04-21T22:53:57+00:00\" \/>\n<meta property=\"article:modified_time\" content=\"2022-04-24T01:50:32+00:00\" \/>\n<meta property=\"og:image\" content=\"https:\/\/www.p31noticias.com.br\/wp-content\/uploads\/2022\/04\/7aaac788-ae84-4580-9427-96698ab4fb97.png\" \/>\n\t<meta property=\"og:image:width\" content=\"986\" \/>\n\t<meta property=\"og:image:height\" content=\"853\" \/>\n\t<meta property=\"og:image:type\" content=\"image\/png\" \/>\n<meta name=\"author\" content=\"Gon\u00e7alves Junior\" \/>\n<meta name=\"twitter:card\" content=\"summary_large_image\" \/>\n<meta name=\"twitter:label1\" content=\"Escrito por\" \/>\n\t<meta name=\"twitter:data1\" content=\"Gon\u00e7alves Junior\" \/>\n\t<meta name=\"twitter:label2\" content=\"Est. tempo de leitura\" \/>\n\t<meta name=\"twitter:data2\" content=\"3 minutos\" \/>\n<script type=\"application\/ld+json\" class=\"yoast-schema-graph\">{\"@context\":\"https:\\\/\\\/schema.org\",\"@graph\":[{\"@type\":\"Article\",\"@id\":\"https:\\\/\\\/www.p31noticias.com.br\\\/?p=25999#article\",\"isPartOf\":{\"@id\":\"https:\\\/\\\/www.p31noticias.com.br\\\/?p=25999\"},\"author\":{\"name\":\"Gon\u00e7alves Junior\",\"@id\":\"https:\\\/\\\/www.p31noticias.com.br\\\/#\\\/schema\\\/person\\\/95f2ece30e3b4132065b915150cd0f94\"},\"headline\":\"Renata D\u2019Aguiar: um olhar para o empoderamento e para a autonomia do cidad\u00e3o.\",\"datePublished\":\"2022-04-21T22:53:57+00:00\",\"dateModified\":\"2022-04-24T01:50:32+00:00\",\"mainEntityOfPage\":{\"@id\":\"https:\\\/\\\/www.p31noticias.com.br\\\/?p=25999\"},\"wordCount\":515,\"commentCount\":0,\"image\":{\"@id\":\"https:\\\/\\\/www.p31noticias.com.br\\\/?p=25999#primaryimage\"},\"thumbnailUrl\":\"https:\\\/\\\/www.p31noticias.com.br\\\/wp-content\\\/uploads\\\/2022\\\/04\\\/7aaac788-ae84-4580-9427-96698ab4fb97.png\",\"articleSection\":[\"Bras\u00edlia\"],\"inLanguage\":\"pt-BR\",\"potentialAction\":[{\"@type\":\"CommentAction\",\"name\":\"Comment\",\"target\":[\"https:\\\/\\\/www.p31noticias.com.br\\\/?p=25999#respond\"]}],\"copyrightYear\":\"2022\",\"copyrightHolder\":{\"@id\":\"https:\\\/\\\/www.p31noticias.com.br\\\/#organization\"}},{\"@type\":\"WebPage\",\"@id\":\"https:\\\/\\\/www.p31noticias.com.br\\\/?p=25999\",\"url\":\"https:\\\/\\\/www.p31noticias.com.br\\\/?p=25999\",\"name\":\"Renata D\u2019Aguiar: um olhar para o empoderamento e para a autonomia do cidad\u00e3o. - P31\",\"isPartOf\":{\"@id\":\"https:\\\/\\\/www.p31noticias.com.br\\\/#website\"},\"primaryImageOfPage\":{\"@id\":\"https:\\\/\\\/www.p31noticias.com.br\\\/?p=25999#primaryimage\"},\"image\":{\"@id\":\"https:\\\/\\\/www.p31noticias.com.br\\\/?p=25999#primaryimage\"},\"thumbnailUrl\":\"https:\\\/\\\/www.p31noticias.com.br\\\/wp-content\\\/uploads\\\/2022\\\/04\\\/7aaac788-ae84-4580-9427-96698ab4fb97.png\",\"datePublished\":\"2022-04-21T22:53:57+00:00\",\"dateModified\":\"2022-04-24T01:50:32+00:00\",\"author\":{\"@id\":\"https:\\\/\\\/www.p31noticias.com.br\\\/#\\\/schema\\\/person\\\/95f2ece30e3b4132065b915150cd0f94\"},\"breadcrumb\":{\"@id\":\"https:\\\/\\\/www.p31noticias.com.br\\\/?p=25999#breadcrumb\"},\"inLanguage\":\"pt-BR\",\"potentialAction\":[{\"@type\":\"ReadAction\",\"target\":[\"https:\\\/\\\/www.p31noticias.com.br\\\/?p=25999\"]}]},{\"@type\":\"ImageObject\",\"inLanguage\":\"pt-BR\",\"@id\":\"https:\\\/\\\/www.p31noticias.com.br\\\/?p=25999#primaryimage\",\"url\":\"https:\\\/\\\/www.p31noticias.com.br\\\/wp-content\\\/uploads\\\/2022\\\/04\\\/7aaac788-ae84-4580-9427-96698ab4fb97.png\",\"contentUrl\":\"https:\\\/\\\/www.p31noticias.com.br\\\/wp-content\\\/uploads\\\/2022\\\/04\\\/7aaac788-ae84-4580-9427-96698ab4fb97.png\",\"width\":986,\"height\":853},{\"@type\":\"BreadcrumbList\",\"@id\":\"https:\\\/\\\/www.p31noticias.com.br\\\/?p=25999#breadcrumb\",\"itemListElement\":[{\"@type\":\"ListItem\",\"position\":1,\"name\":\"In\u00edcio\",\"item\":\"https:\\\/\\\/www.p31noticias.com.br\\\/\"},{\"@type\":\"ListItem\",\"position\":2,\"name\":\"Renata D\u2019Aguiar: um olhar para o empoderamento e para a autonomia do cidad\u00e3o.\"}]},{\"@type\":\"WebSite\",\"@id\":\"https:\\\/\\\/www.p31noticias.com.br\\\/#website\",\"url\":\"https:\\\/\\\/www.p31noticias.com.br\\\/\",\"name\":\"P31\",\"description\":\"NOT\u00cdCIAS\",\"potentialAction\":[{\"@type\":\"SearchAction\",\"target\":{\"@type\":\"EntryPoint\",\"urlTemplate\":\"https:\\\/\\\/www.p31noticias.com.br\\\/?s={search_term_string}\"},\"query-input\":{\"@type\":\"PropertyValueSpecification\",\"valueRequired\":true,\"valueName\":\"search_term_string\"}}],\"inLanguage\":\"pt-BR\"},{\"@type\":\"Person\",\"@id\":\"https:\\\/\\\/www.p31noticias.com.br\\\/#\\\/schema\\\/person\\\/95f2ece30e3b4132065b915150cd0f94\",\"name\":\"Gon\u00e7alves Junior\",\"image\":{\"@type\":\"ImageObject\",\"inLanguage\":\"pt-BR\",\"@id\":\"https:\\\/\\\/secure.gravatar.com\\\/avatar\\\/6711f350116a89762687a48d66f723c799e5438a5b7578508d4294cd7a5d0800?s=96&d=mm&r=g\",\"url\":\"https:\\\/\\\/secure.gravatar.com\\\/avatar\\\/6711f350116a89762687a48d66f723c799e5438a5b7578508d4294cd7a5d0800?s=96&d=mm&r=g\",\"contentUrl\":\"https:\\\/\\\/secure.gravatar.com\\\/avatar\\\/6711f350116a89762687a48d66f723c799e5438a5b7578508d4294cd7a5d0800?s=96&d=mm&r=g\",\"caption\":\"Gon\u00e7alves Junior\"},\"url\":\"https:\\\/\\\/www.p31noticias.com.br\\\/?author=2\"}]}<\/script>\n<!-- \/ Yoast SEO Premium plugin. -->","yoast_head_json":{"title":"Renata D\u2019Aguiar: um olhar para o empoderamento e para a autonomia do cidad\u00e3o. - P31","robots":{"index":"index","follow":"follow","max-snippet":"max-snippet:-1","max-image-preview":"max-image-preview:large","max-video-preview":"max-video-preview:-1"},"canonical":"https:\/\/www.p31noticias.com.br\/?p=25999","og_locale":"pt_BR","og_type":"article","og_title":"Renata D\u2019Aguiar: um olhar para o empoderamento e para a autonomia do cidad\u00e3o.","og_description":"No DF h\u00e1 mais de 10 anos, essa carioca conheceu de perto a desigualdade social brasiliense e, desde ent\u00e3o, trabalha para reduzir cada vez mais o abismo social entre as cidades do DF. As elei\u00e7\u00f5es est\u00e3o chegando , e a popula\u00e7\u00e3o do Distrito Federal ir\u00e1 \u00e0s urnas em outubro para eleger seus representantes no Senado, [&hellip;]","og_url":"https:\/\/www.p31noticias.com.br\/?p=25999","og_site_name":"P31","article_published_time":"2022-04-21T22:53:57+00:00","article_modified_time":"2022-04-24T01:50:32+00:00","og_image":[{"width":986,"height":853,"url":"https:\/\/www.p31noticias.com.br\/wp-content\/uploads\/2022\/04\/7aaac788-ae84-4580-9427-96698ab4fb97.png","type":"image\/png"}],"author":"Gon\u00e7alves Junior","twitter_card":"summary_large_image","twitter_misc":{"Escrito por":"Gon\u00e7alves Junior","Est. tempo de leitura":"3 minutos"},"schema":{"@context":"https:\/\/schema.org","@graph":[{"@type":"Article","@id":"https:\/\/www.p31noticias.com.br\/?p=25999#article","isPartOf":{"@id":"https:\/\/www.p31noticias.com.br\/?p=25999"},"author":{"name":"Gon\u00e7alves Junior","@id":"https:\/\/www.p31noticias.com.br\/#\/schema\/person\/95f2ece30e3b4132065b915150cd0f94"},"headline":"Renata D\u2019Aguiar: um olhar para o empoderamento e para a autonomia do cidad\u00e3o.","datePublished":"2022-04-21T22:53:57+00:00","dateModified":"2022-04-24T01:50:32+00:00","mainEntityOfPage":{"@id":"https:\/\/www.p31noticias.com.br\/?p=25999"},"wordCount":515,"commentCount":0,"image":{"@id":"https:\/\/www.p31noticias.com.br\/?p=25999#primaryimage"},"thumbnailUrl":"https:\/\/www.p31noticias.com.br\/wp-content\/uploads\/2022\/04\/7aaac788-ae84-4580-9427-96698ab4fb97.png","articleSection":["Bras\u00edlia"],"inLanguage":"pt-BR","potentialAction":[{"@type":"CommentAction","name":"Comment","target":["https:\/\/www.p31noticias.com.br\/?p=25999#respond"]}],"copyrightYear":"2022","copyrightHolder":{"@id":"https:\/\/www.p31noticias.com.br\/#organization"}},{"@type":"WebPage","@id":"https:\/\/www.p31noticias.com.br\/?p=25999","url":"https:\/\/www.p31noticias.com.br\/?p=25999","name":"Renata D\u2019Aguiar: um olhar para o empoderamento e para a autonomia do cidad\u00e3o. - P31","isPartOf":{"@id":"https:\/\/www.p31noticias.com.br\/#website"},"primaryImageOfPage":{"@id":"https:\/\/www.p31noticias.com.br\/?p=25999#primaryimage"},"image":{"@id":"https:\/\/www.p31noticias.com.br\/?p=25999#primaryimage"},"thumbnailUrl":"https:\/\/www.p31noticias.com.br\/wp-content\/uploads\/2022\/04\/7aaac788-ae84-4580-9427-96698ab4fb97.png","datePublished":"2022-04-21T22:53:57+00:00","dateModified":"2022-04-24T01:50:32+00:00","author":{"@id":"https:\/\/www.p31noticias.com.br\/#\/schema\/person\/95f2ece30e3b4132065b915150cd0f94"},"breadcrumb":{"@id":"https:\/\/www.p31noticias.com.br\/?p=25999#breadcrumb"},"inLanguage":"pt-BR","potentialAction":[{"@type":"ReadAction","target":["https:\/\/www.p31noticias.com.br\/?p=25999"]}]},{"@type":"ImageObject","inLanguage":"pt-BR","@id":"https:\/\/www.p31noticias.com.br\/?p=25999#primaryimage","url":"https:\/\/www.p31noticias.com.br\/wp-content\/uploads\/2022\/04\/7aaac788-ae84-4580-9427-96698ab4fb97.png","contentUrl":"https:\/\/www.p31noticias.com.br\/wp-content\/uploads\/2022\/04\/7aaac788-ae84-4580-9427-96698ab4fb97.png","width":986,"height":853},{"@type":"BreadcrumbList","@id":"https:\/\/www.p31noticias.com.br\/?p=25999#breadcrumb","itemListElement":[{"@type":"ListItem","position":1,"name":"In\u00edcio","item":"https:\/\/www.p31noticias.com.br\/"},{"@type":"ListItem","position":2,"name":"Renata D\u2019Aguiar: um olhar para o empoderamento e para a autonomia do cidad\u00e3o."}]},{"@type":"WebSite","@id":"https:\/\/www.p31noticias.com.br\/#website","url":"https:\/\/www.p31noticias.com.br\/","name":"P31","description":"NOT\u00cdCIAS","potentialAction":[{"@type":"SearchAction","target":{"@type":"EntryPoint","urlTemplate":"https:\/\/www.p31noticias.com.br\/?s={search_term_string}"},"query-input":{"@type":"PropertyValueSpecification","valueRequired":true,"valueName":"search_term_string"}}],"inLanguage":"pt-BR"},{"@type":"Person","@id":"https:\/\/www.p31noticias.com.br\/#\/schema\/person\/95f2ece30e3b4132065b915150cd0f94","name":"Gon\u00e7alves Junior","image":{"@type":"ImageObject","inLanguage":"pt-BR","@id":"https:\/\/secure.gravatar.com\/avatar\/6711f350116a89762687a48d66f723c799e5438a5b7578508d4294cd7a5d0800?s=96&d=mm&r=g","url":"https:\/\/secure.gravatar.com\/avatar\/6711f350116a89762687a48d66f723c799e5438a5b7578508d4294cd7a5d0800?s=96&d=mm&r=g","contentUrl":"https:\/\/secure.gravatar.com\/avatar\/6711f350116a89762687a48d66f723c799e5438a5b7578508d4294cd7a5d0800?s=96&d=mm&r=g","caption":"Gon\u00e7alves Junior"},"url":"https:\/\/www.p31noticias.com.br\/?author=2"}]}},"amp_enabled":true,"_links":{"self":[{"href":"https:\/\/www.p31noticias.com.br\/index.php?rest_route=\/wp\/v2\/posts\/25999","targetHints":{"allow":["GET"]}}],"collection":[{"href":"https:\/\/www.p31noticias.com.br\/index.php?rest_route=\/wp\/v2\/posts"}],"about":[{"href":"https:\/\/www.p31noticias.com.br\/index.php?rest_route=\/wp\/v2\/types\/post"}],"author":[{"embeddable":true,"href":"https:\/\/www.p31noticias.com.br\/index.php?rest_route=\/wp\/v2\/users\/2"}],"replies":[{"embeddable":true,"href":"https:\/\/www.p31noticias.com.br\/index.php?rest_route=%2Fwp%2Fv2%2Fcomments&post=25999"}],"version-history":[{"count":5,"href":"https:\/\/www.p31noticias.com.br\/index.php?rest_route=\/wp\/v2\/posts\/25999\/revisions"}],"predecessor-version":[{"id":26021,"href":"https:\/\/www.p31noticias.com.br\/index.php?rest_route=\/wp\/v2\/posts\/25999\/revisions\/26021"}],"wp:featuredmedia":[{"embeddable":true,"href":"https:\/\/www.p31noticias.com.br\/index.php?rest_route=\/wp\/v2\/media\/26002"}],"wp:attachment":[{"href":"https:\/\/www.p31noticias.com.br\/index.php?rest_route=%2Fwp%2Fv2%2Fmedia&parent=25999"}],"wp:term":[{"taxonomy":"category","embeddable":true,"href":"https:\/\/www.p31noticias.com.br\/index.php?rest_route=%2Fwp%2Fv2%2Fcategories&post=25999"},{"taxonomy":"post_tag","embeddable":true,"href":"https:\/\/www.p31noticias.com.br\/index.php?rest_route=%2Fwp%2Fv2%2Ftags&post=25999"}],"curies":[{"name":"wp","href":"https:\/\/api.w.org\/{rel}","templated":true}]}}