{"id":25996,"date":"2022-04-21T19:14:12","date_gmt":"2022-04-21T22:14:12","guid":{"rendered":"https:\/\/p31noticias.com.br\/?p=25996"},"modified":"2022-04-21T19:14:12","modified_gmt":"2022-04-21T22:14:12","slug":"bolsonaro-decreta-indulto-ao-deputado-federal-daniel-silveira","status":"publish","type":"post","link":"https:\/\/www.p31noticias.com.br\/?p=25996","title":{"rendered":"Bolsonaro decreta indulto ao deputado federal Daniel Silveira."},"content":{"rendered":"<p style=\"text-align: justify;\"><em><strong>Parlamentar foi condenado no Supremo Tribunal Federal por dez votos contra um por ataques a ministros da Corte e incentivo a atos antidemocr\u00e1ticos.<\/strong><\/em><\/p>\n<p style=\"text-align: justify;\">O presidente\u00a0<strong><a href=\"https:\/\/jovempan.com.br\/tag\/jair-bolsonaro\">Jair Bolsonaro<\/a><\/strong> (PL) anunciou que ir\u00e1 conceder um indulto ao deputado federal <strong><a href=\"https:\/\/jovempan.com.br\/tag\/daniel-silveira\">Daniel Silveira<\/a><\/strong>\u00a0(PTB-RJ). O an\u00fancio foi realizado em uma transmiss\u00e3o ao vivo em que o chefe do Executivo alega que a decis\u00e3o vir\u00e1 em um decreto \u201cque vai ser cumprido\u201d. \u201cFica concedida gra\u00e7a constitucional a Daniel Lucio da Silveira, Deputado Federal, condenado pelo\u00a0<strong><a href=\"https:\/\/jovempan.com.br\/tag\/stf\">Supremo Tribunal Federal<\/a><\/strong>, em 20 de abril de 2022, no \u00e2mbito da A\u00e7\u00e3o Penal n\u00ba 1.044, \u00e0 pena de oito anos e nove meses de reclus\u00e3o, em regime inicial fechado, pela pr\u00e1tica dos crimes previstos\u201d, diz trecho do documento obtido pela\u00a0<strong>Jovem Pan<\/strong>. Em suas redes sociais, Bolsonaro alegou que trata-se de \u201cuma not\u00edcia de extrema import\u00e2ncia para a nossa democracia e a nossa liberdade\u201d e que o presidente passou a trabalhar no documento \u201cdesde ontem, quando foi anunciada a pris\u00e3o de 8 anos e 9 meses ao deputado federal Daniel Silveira\u201d. A a\u00e7\u00e3o do mandat\u00e1rio refere-se \u00e0 condena\u00e7\u00e3o sofrida pelo parlamentar na noite de ontem pelo STF por dez votos a um por estimular atos antidemocr\u00e1ticos e ataque aos magistrados da Corte.<\/p>\n<p style=\"text-align: justify;\">JP NEWS<\/p>\n","protected":false},"excerpt":{"rendered":"<p>Parlamentar foi condenado no Supremo Tribunal Federal por dez votos contra um por ataques a ministros da Corte e incentivo a atos antidemocr\u00e1ticos. O presidente\u00a0Jair Bolsonaro (PL) anunciou que ir\u00e1 conceder um indulto ao deputado federal Daniel Silveira\u00a0(PTB-RJ). O an\u00fancio foi realizado em uma transmiss\u00e3o ao vivo em que o chefe do Executivo alega que [&hellip;]<\/p>\n","protected":false},"author":2,"featured_media":25997,"comment_status":"open","ping_status":"open","sticky":false,"template":"","format":"standard","meta":{"footnotes":""},"categories":[68],"tags":[],"class_list":{"0":"post-25996","1":"post","2":"type-post","3":"status-publish","4":"format-standard","5":"has-post-thumbnail","7":"category-brasil"},"yoast_head":"<!-- This site is optimized with the Yoast SEO Premium plugin v24.5 (Yoast SEO v27.5) - https:\/\/yoast.com\/product\/yoast-seo-premium-wordpress\/ -->\n<title>Bolsonaro decreta indulto ao deputado federal Daniel Silveira. - P31<\/title>\n<meta name=\"robots\" content=\"index, follow, max-snippet:-1, max-image-preview:large, max-video-preview:-1\" \/>\n<link rel=\"canonical\" href=\"https:\/\/www.p31noticias.com.br\/?p=25996\" \/>\n<meta property=\"og:locale\" content=\"pt_BR\" \/>\n<meta property=\"og:type\" content=\"article\" \/>\n<meta property=\"og:title\" content=\"Bolsonaro decreta indulto ao deputado federal Daniel Silveira.\" \/>\n<meta property=\"og:description\" content=\"Parlamentar foi condenado no Supremo Tribunal Federal por dez votos contra um por ataques a ministros da Corte e incentivo a atos antidemocr\u00e1ticos. O presidente\u00a0Jair Bolsonaro (PL) anunciou que ir\u00e1 conceder um indulto ao deputado federal Daniel Silveira\u00a0(PTB-RJ). O an\u00fancio foi realizado em uma transmiss\u00e3o ao vivo em que o chefe do Executivo alega que [&hellip;]\" \/>\n<meta property=\"og:url\" content=\"https:\/\/www.p31noticias.com.br\/?p=25996\" \/>\n<meta property=\"og:site_name\" content=\"P31\" \/>\n<meta property=\"article:published_time\" content=\"2022-04-21T22:14:12+00:00\" \/>\n<meta property=\"og:image\" content=\"https:\/\/www.p31noticias.com.br\/wp-content\/uploads\/2022\/04\/51942327961_255c9f3427_c.webp\" \/>\n\t<meta property=\"og:image:width\" content=\"799\" \/>\n\t<meta property=\"og:image:height\" content=\"533\" \/>\n\t<meta property=\"og:image:type\" content=\"image\/webp\" \/>\n<meta name=\"author\" content=\"Gon\u00e7alves Junior\" \/>\n<meta name=\"twitter:card\" content=\"summary_large_image\" \/>\n<meta name=\"twitter:label1\" content=\"Escrito por\" \/>\n\t<meta name=\"twitter:data1\" content=\"Gon\u00e7alves Junior\" \/>\n\t<meta name=\"twitter:label2\" content=\"Est. tempo de leitura\" \/>\n\t<meta name=\"twitter:data2\" content=\"1 minuto\" \/>\n<script type=\"application\/ld+json\" class=\"yoast-schema-graph\">{\"@context\":\"https:\\\/\\\/schema.org\",\"@graph\":[{\"@type\":\"Article\",\"@id\":\"https:\\\/\\\/www.p31noticias.com.br\\\/?p=25996#article\",\"isPartOf\":{\"@id\":\"https:\\\/\\\/www.p31noticias.com.br\\\/?p=25996\"},\"author\":{\"name\":\"Gon\u00e7alves Junior\",\"@id\":\"https:\\\/\\\/www.p31noticias.com.br\\\/#\\\/schema\\\/person\\\/95f2ece30e3b4132065b915150cd0f94\"},\"headline\":\"Bolsonaro decreta indulto ao deputado federal Daniel Silveira.\",\"datePublished\":\"2022-04-21T22:14:12+00:00\",\"mainEntityOfPage\":{\"@id\":\"https:\\\/\\\/www.p31noticias.com.br\\\/?p=25996\"},\"wordCount\":221,\"commentCount\":0,\"image\":{\"@id\":\"https:\\\/\\\/www.p31noticias.com.br\\\/?p=25996#primaryimage\"},\"thumbnailUrl\":\"https:\\\/\\\/www.p31noticias.com.br\\\/wp-content\\\/uploads\\\/2022\\\/04\\\/51942327961_255c9f3427_c.webp\",\"articleSection\":[\"Brasil\"],\"inLanguage\":\"pt-BR\",\"potentialAction\":[{\"@type\":\"CommentAction\",\"name\":\"Comment\",\"target\":[\"https:\\\/\\\/www.p31noticias.com.br\\\/?p=25996#respond\"]}],\"copyrightYear\":\"2022\",\"copyrightHolder\":{\"@id\":\"https:\\\/\\\/www.p31noticias.com.br\\\/#organization\"}},{\"@type\":\"WebPage\",\"@id\":\"https:\\\/\\\/www.p31noticias.com.br\\\/?p=25996\",\"url\":\"https:\\\/\\\/www.p31noticias.com.br\\\/?p=25996\",\"name\":\"Bolsonaro decreta indulto ao deputado federal Daniel Silveira. - P31\",\"isPartOf\":{\"@id\":\"https:\\\/\\\/www.p31noticias.com.br\\\/#website\"},\"primaryImageOfPage\":{\"@id\":\"https:\\\/\\\/www.p31noticias.com.br\\\/?p=25996#primaryimage\"},\"image\":{\"@id\":\"https:\\\/\\\/www.p31noticias.com.br\\\/?p=25996#primaryimage\"},\"thumbnailUrl\":\"https:\\\/\\\/www.p31noticias.com.br\\\/wp-content\\\/uploads\\\/2022\\\/04\\\/51942327961_255c9f3427_c.webp\",\"datePublished\":\"2022-04-21T22:14:12+00:00\",\"author\":{\"@id\":\"https:\\\/\\\/www.p31noticias.com.br\\\/#\\\/schema\\\/person\\\/95f2ece30e3b4132065b915150cd0f94\"},\"breadcrumb\":{\"@id\":\"https:\\\/\\\/www.p31noticias.com.br\\\/?p=25996#breadcrumb\"},\"inLanguage\":\"pt-BR\",\"potentialAction\":[{\"@type\":\"ReadAction\",\"target\":[\"https:\\\/\\\/www.p31noticias.com.br\\\/?p=25996\"]}]},{\"@type\":\"ImageObject\",\"inLanguage\":\"pt-BR\",\"@id\":\"https:\\\/\\\/www.p31noticias.com.br\\\/?p=25996#primaryimage\",\"url\":\"https:\\\/\\\/www.p31noticias.com.br\\\/wp-content\\\/uploads\\\/2022\\\/04\\\/51942327961_255c9f3427_c.webp\",\"contentUrl\":\"https:\\\/\\\/www.p31noticias.com.br\\\/wp-content\\\/uploads\\\/2022\\\/04\\\/51942327961_255c9f3427_c.webp\",\"width\":799,\"height\":533},{\"@type\":\"BreadcrumbList\",\"@id\":\"https:\\\/\\\/www.p31noticias.com.br\\\/?p=25996#breadcrumb\",\"itemListElement\":[{\"@type\":\"ListItem\",\"position\":1,\"name\":\"In\u00edcio\",\"item\":\"https:\\\/\\\/www.p31noticias.com.br\\\/\"},{\"@type\":\"ListItem\",\"position\":2,\"name\":\"Bolsonaro decreta indulto ao deputado federal Daniel Silveira.\"}]},{\"@type\":\"WebSite\",\"@id\":\"https:\\\/\\\/www.p31noticias.com.br\\\/#website\",\"url\":\"https:\\\/\\\/www.p31noticias.com.br\\\/\",\"name\":\"P31\",\"description\":\"NOT\u00cdCIAS\",\"potentialAction\":[{\"@type\":\"SearchAction\",\"target\":{\"@type\":\"EntryPoint\",\"urlTemplate\":\"https:\\\/\\\/www.p31noticias.com.br\\\/?s={search_term_string}\"},\"query-input\":{\"@type\":\"PropertyValueSpecification\",\"valueRequired\":true,\"valueName\":\"search_term_string\"}}],\"inLanguage\":\"pt-BR\"},{\"@type\":\"Person\",\"@id\":\"https:\\\/\\\/www.p31noticias.com.br\\\/#\\\/schema\\\/person\\\/95f2ece30e3b4132065b915150cd0f94\",\"name\":\"Gon\u00e7alves Junior\",\"image\":{\"@type\":\"ImageObject\",\"inLanguage\":\"pt-BR\",\"@id\":\"https:\\\/\\\/secure.gravatar.com\\\/avatar\\\/6711f350116a89762687a48d66f723c799e5438a5b7578508d4294cd7a5d0800?s=96&d=mm&r=g\",\"url\":\"https:\\\/\\\/secure.gravatar.com\\\/avatar\\\/6711f350116a89762687a48d66f723c799e5438a5b7578508d4294cd7a5d0800?s=96&d=mm&r=g\",\"contentUrl\":\"https:\\\/\\\/secure.gravatar.com\\\/avatar\\\/6711f350116a89762687a48d66f723c799e5438a5b7578508d4294cd7a5d0800?s=96&d=mm&r=g\",\"caption\":\"Gon\u00e7alves Junior\"},\"url\":\"https:\\\/\\\/www.p31noticias.com.br\\\/?author=2\"}]}<\/script>\n<!-- \/ Yoast SEO Premium plugin. -->","yoast_head_json":{"title":"Bolsonaro decreta indulto ao deputado federal Daniel Silveira. - P31","robots":{"index":"index","follow":"follow","max-snippet":"max-snippet:-1","max-image-preview":"max-image-preview:large","max-video-preview":"max-video-preview:-1"},"canonical":"https:\/\/www.p31noticias.com.br\/?p=25996","og_locale":"pt_BR","og_type":"article","og_title":"Bolsonaro decreta indulto ao deputado federal Daniel Silveira.","og_description":"Parlamentar foi condenado no Supremo Tribunal Federal por dez votos contra um por ataques a ministros da Corte e incentivo a atos antidemocr\u00e1ticos. O presidente\u00a0Jair Bolsonaro (PL) anunciou que ir\u00e1 conceder um indulto ao deputado federal Daniel Silveira\u00a0(PTB-RJ). O an\u00fancio foi realizado em uma transmiss\u00e3o ao vivo em que o chefe do Executivo alega que [&hellip;]","og_url":"https:\/\/www.p31noticias.com.br\/?p=25996","og_site_name":"P31","article_published_time":"2022-04-21T22:14:12+00:00","og_image":[{"width":799,"height":533,"url":"https:\/\/www.p31noticias.com.br\/wp-content\/uploads\/2022\/04\/51942327961_255c9f3427_c.webp","type":"image\/webp"}],"author":"Gon\u00e7alves Junior","twitter_card":"summary_large_image","twitter_misc":{"Escrito por":"Gon\u00e7alves Junior","Est. tempo de leitura":"1 minuto"},"schema":{"@context":"https:\/\/schema.org","@graph":[{"@type":"Article","@id":"https:\/\/www.p31noticias.com.br\/?p=25996#article","isPartOf":{"@id":"https:\/\/www.p31noticias.com.br\/?p=25996"},"author":{"name":"Gon\u00e7alves Junior","@id":"https:\/\/www.p31noticias.com.br\/#\/schema\/person\/95f2ece30e3b4132065b915150cd0f94"},"headline":"Bolsonaro decreta indulto ao deputado federal Daniel Silveira.","datePublished":"2022-04-21T22:14:12+00:00","mainEntityOfPage":{"@id":"https:\/\/www.p31noticias.com.br\/?p=25996"},"wordCount":221,"commentCount":0,"image":{"@id":"https:\/\/www.p31noticias.com.br\/?p=25996#primaryimage"},"thumbnailUrl":"https:\/\/www.p31noticias.com.br\/wp-content\/uploads\/2022\/04\/51942327961_255c9f3427_c.webp","articleSection":["Brasil"],"inLanguage":"pt-BR","potentialAction":[{"@type":"CommentAction","name":"Comment","target":["https:\/\/www.p31noticias.com.br\/?p=25996#respond"]}],"copyrightYear":"2022","copyrightHolder":{"@id":"https:\/\/www.p31noticias.com.br\/#organization"}},{"@type":"WebPage","@id":"https:\/\/www.p31noticias.com.br\/?p=25996","url":"https:\/\/www.p31noticias.com.br\/?p=25996","name":"Bolsonaro decreta indulto ao deputado federal Daniel Silveira. - P31","isPartOf":{"@id":"https:\/\/www.p31noticias.com.br\/#website"},"primaryImageOfPage":{"@id":"https:\/\/www.p31noticias.com.br\/?p=25996#primaryimage"},"image":{"@id":"https:\/\/www.p31noticias.com.br\/?p=25996#primaryimage"},"thumbnailUrl":"https:\/\/www.p31noticias.com.br\/wp-content\/uploads\/2022\/04\/51942327961_255c9f3427_c.webp","datePublished":"2022-04-21T22:14:12+00:00","author":{"@id":"https:\/\/www.p31noticias.com.br\/#\/schema\/person\/95f2ece30e3b4132065b915150cd0f94"},"breadcrumb":{"@id":"https:\/\/www.p31noticias.com.br\/?p=25996#breadcrumb"},"inLanguage":"pt-BR","potentialAction":[{"@type":"ReadAction","target":["https:\/\/www.p31noticias.com.br\/?p=25996"]}]},{"@type":"ImageObject","inLanguage":"pt-BR","@id":"https:\/\/www.p31noticias.com.br\/?p=25996#primaryimage","url":"https:\/\/www.p31noticias.com.br\/wp-content\/uploads\/2022\/04\/51942327961_255c9f3427_c.webp","contentUrl":"https:\/\/www.p31noticias.com.br\/wp-content\/uploads\/2022\/04\/51942327961_255c9f3427_c.webp","width":799,"height":533},{"@type":"BreadcrumbList","@id":"https:\/\/www.p31noticias.com.br\/?p=25996#breadcrumb","itemListElement":[{"@type":"ListItem","position":1,"name":"In\u00edcio","item":"https:\/\/www.p31noticias.com.br\/"},{"@type":"ListItem","position":2,"name":"Bolsonaro decreta indulto ao deputado federal Daniel Silveira."}]},{"@type":"WebSite","@id":"https:\/\/www.p31noticias.com.br\/#website","url":"https:\/\/www.p31noticias.com.br\/","name":"P31","description":"NOT\u00cdCIAS","potentialAction":[{"@type":"SearchAction","target":{"@type":"EntryPoint","urlTemplate":"https:\/\/www.p31noticias.com.br\/?s={search_term_string}"},"query-input":{"@type":"PropertyValueSpecification","valueRequired":true,"valueName":"search_term_string"}}],"inLanguage":"pt-BR"},{"@type":"Person","@id":"https:\/\/www.p31noticias.com.br\/#\/schema\/person\/95f2ece30e3b4132065b915150cd0f94","name":"Gon\u00e7alves Junior","image":{"@type":"ImageObject","inLanguage":"pt-BR","@id":"https:\/\/secure.gravatar.com\/avatar\/6711f350116a89762687a48d66f723c799e5438a5b7578508d4294cd7a5d0800?s=96&d=mm&r=g","url":"https:\/\/secure.gravatar.com\/avatar\/6711f350116a89762687a48d66f723c799e5438a5b7578508d4294cd7a5d0800?s=96&d=mm&r=g","contentUrl":"https:\/\/secure.gravatar.com\/avatar\/6711f350116a89762687a48d66f723c799e5438a5b7578508d4294cd7a5d0800?s=96&d=mm&r=g","caption":"Gon\u00e7alves Junior"},"url":"https:\/\/www.p31noticias.com.br\/?author=2"}]}},"amp_enabled":true,"_links":{"self":[{"href":"https:\/\/www.p31noticias.com.br\/index.php?rest_route=\/wp\/v2\/posts\/25996","targetHints":{"allow":["GET"]}}],"collection":[{"href":"https:\/\/www.p31noticias.com.br\/index.php?rest_route=\/wp\/v2\/posts"}],"about":[{"href":"https:\/\/www.p31noticias.com.br\/index.php?rest_route=\/wp\/v2\/types\/post"}],"author":[{"embeddable":true,"href":"https:\/\/www.p31noticias.com.br\/index.php?rest_route=\/wp\/v2\/users\/2"}],"replies":[{"embeddable":true,"href":"https:\/\/www.p31noticias.com.br\/index.php?rest_route=%2Fwp%2Fv2%2Fcomments&post=25996"}],"version-history":[{"count":1,"href":"https:\/\/www.p31noticias.com.br\/index.php?rest_route=\/wp\/v2\/posts\/25996\/revisions"}],"predecessor-version":[{"id":25998,"href":"https:\/\/www.p31noticias.com.br\/index.php?rest_route=\/wp\/v2\/posts\/25996\/revisions\/25998"}],"wp:featuredmedia":[{"embeddable":true,"href":"https:\/\/www.p31noticias.com.br\/index.php?rest_route=\/wp\/v2\/media\/25997"}],"wp:attachment":[{"href":"https:\/\/www.p31noticias.com.br\/index.php?rest_route=%2Fwp%2Fv2%2Fmedia&parent=25996"}],"wp:term":[{"taxonomy":"category","embeddable":true,"href":"https:\/\/www.p31noticias.com.br\/index.php?rest_route=%2Fwp%2Fv2%2Fcategories&post=25996"},{"taxonomy":"post_tag","embeddable":true,"href":"https:\/\/www.p31noticias.com.br\/index.php?rest_route=%2Fwp%2Fv2%2Ftags&post=25996"}],"curies":[{"name":"wp","href":"https:\/\/api.w.org\/{rel}","templated":true}]}}