{"id":25985,"date":"2022-04-19T13:16:15","date_gmt":"2022-04-19T16:16:15","guid":{"rendered":"https:\/\/p31noticias.com.br\/?p=25985"},"modified":"2022-04-19T13:16:15","modified_gmt":"2022-04-19T16:16:15","slug":"comissao-vai-ampliar-a-participacao-indigena-no-processo-eleitoral","status":"publish","type":"post","link":"https:\/\/www.p31noticias.com.br\/?p=25985","title":{"rendered":"Comiss\u00e3o vai ampliar a participa\u00e7\u00e3o ind\u00edgena no processo eleitoral."},"content":{"rendered":"<h3 class=\"col-10 offset-1 animated fadeInDown dealy-900 display-8 display-md-8 alt-font font-italic my-1 text-center\" style=\"text-align: justify;\"><em><strong>Portaria do TSE \u00e9 publicada na data em que se comemora o Dia do \u00cdndio.<\/strong><\/em><\/h3>\n<p style=\"text-align: justify;\">No Dia do \u00cdndio, celebrado nesta ter\u00e7a-feira (19), o Tribunal Superior Eleitoral (TSE) publicou a\u00a0<a href=\"https:\/\/www.tse.jus.br\/imprensa\/noticias-tse\/arquivos\/portaria-institui-a-comissao-de-promocao-de-participacao-indigena\/rybena_pdf?file=https:\/\/www.tse.jus.br\/imprensa\/noticias-tse\/arquivos\/portaria-institui-a-comissao-de-promocao-de-participacao-indigena\/at_download\/file\" target=\"_blank\" rel=\"noopener\">Portaria TSE n\u00ba 367\/2022<\/a>, que institui a Comiss\u00e3o de Promo\u00e7\u00e3o da Participa\u00e7\u00e3o Ind\u00edgena no Processo Eleitoral. A comiss\u00e3o elaborar\u00e1 estudos e projetos para promover e ampliar a presen\u00e7a desses povos nas diversas fases das elei\u00e7\u00f5es. Coordenado pela assessora do N\u00facleo de Inclus\u00e3o e Diversidade do TSE, Samara Patax\u00f3, na pr\u00e1tica o colegiado vai planejar a\u00e7\u00f5es com objetivo de fortalecer o exerc\u00edcio da capacidade eleitoral dos ind\u00edgenas, respeitando os respectivos costumes, linguagens e organiza\u00e7\u00e3o social.<img decoding=\"async\" src=\"https:\/\/agenciabrasil.ebc.com.br\/ebc.png?id=1454787&amp;o=node\" \/><img decoding=\"async\" src=\"https:\/\/agenciabrasil.ebc.com.br\/ebc.gif?id=1454787&amp;o=node\" \/><\/p>\n<p style=\"text-align: justify;\">Samara ressalta que a comiss\u00e3o, composta por outros ind\u00edgenas, tamb\u00e9m dever\u00e1 atuar em atividades que promovam o enfrentamento da sub-representatividade ind\u00edgena na pol\u00edtica, de forma a auxiliar a Justi\u00e7a Eleitoral no compromisso de ampliar o exerc\u00edcio da cidadania dos povos origin\u00e1rios brasileiros.<\/p>\n<p style=\"text-align: justify;\">\u201cA n\u00edvel institucional, o TSE j\u00e1 tem se esfor\u00e7ado nesse sentido, n\u00e3o s\u00f3 com rela\u00e7\u00e3o aos povos ind\u00edgenas, mas a outros grupos sub-representados. Mas precisamos enriquecer ainda mais esse debate dentro da estrutura da Justi\u00e7a Eleitoral. Esses pequenos avan\u00e7os s\u00e3o significativos e t\u00eam de ser celebrados, pois apontam para um futuro melhor visando uma maior participa\u00e7\u00e3o ind\u00edgena no processo eleitoral\u201d, disse Samara.<\/p>\n<h2 style=\"text-align: justify;\">Inclus\u00e3o e diversidade<\/h2>\n<p style=\"text-align: justify;\">Essa n\u00e3o \u00e9 a primeira iniciativa do TSE este ano com foco em minorias. J\u00e1 sob a presid\u00eancia do ministro Edson Fachin, que assumiu a Corte Eleitoral em fevereiro, foi criado o N\u00facleo de Inclus\u00e3o e Diversidade do Tribunal. A fun\u00e7\u00e3o do grupo \u00e9 fortalecer a atua\u00e7\u00e3o da Corte em temas relacionados ao aumento da participa\u00e7\u00e3o pol\u00edtica de p\u00fablicos variados, com foco nas mulheres, nos negros, na popula\u00e7\u00e3o LGBTQIA+ e nos povos origin\u00e1rios.<\/p>\n<p style=\"text-align: justify;\">Samara Patax\u00f3 disse que espa\u00e7os para discuss\u00e3o do tema s\u00e3o uma forma de retomar o debate plural sobre a participa\u00e7\u00e3o dessas pessoas na democracia do pa\u00eds, uma vez que, segundo ela, os povos ind\u00edgenas do Brasil somente conquistaram a cidadania plena, no sentido normativo, ap\u00f3s a Constitui\u00e7\u00e3o Federal de 1988. \u201cAntes disso, a condi\u00e7\u00e3o de ser ind\u00edgena era muito limitada e \u00e9ramos tidos como relativamente incapazes na vida civil, o que implicava tamb\u00e9m o exerc\u00edcio dos direitos pol\u00edticos. Desde ent\u00e3o, o ind\u00edgena se tornou um cidad\u00e3o pleno, votando, se candidatando e exercendo seus direitos e deveres\u201d, lembra.<\/p>\n<h2 style=\"text-align: justify;\">N\u00fameros<\/h2>\n<p style=\"text-align: justify;\">De acordo com Instituto Brasileiro de Geografia e Estat\u00edstica (IBGE), a popula\u00e7\u00e3o estimada de ind\u00edgenas no pa\u00eds \u00e9 de mais de 857 mil pessoas, sendo 305 povos e 274 l\u00ednguas diferentes. Nas elei\u00e7\u00f5es gerais de 2018, 133 ind\u00edgenas se candidataram aos cargos de governador, senador, deputado federal e deputado estadual e distrital. No pleito municipal de 2020, 2.216 candidatos ind\u00edgenas concorreram \u00e0s prefeituras e \u00e0s c\u00e2maras de vereadores do Brasil.<\/p>\n<p>Ag\u00eancia Brasil.<\/p>\n","protected":false},"excerpt":{"rendered":"<p>Portaria do TSE \u00e9 publicada na data em que se comemora o Dia do \u00cdndio. No Dia do \u00cdndio, celebrado nesta ter\u00e7a-feira (19), o Tribunal Superior Eleitoral (TSE) publicou a\u00a0Portaria TSE n\u00ba 367\/2022, que institui a Comiss\u00e3o de Promo\u00e7\u00e3o da Participa\u00e7\u00e3o Ind\u00edgena no Processo Eleitoral. A comiss\u00e3o elaborar\u00e1 estudos e projetos para promover e ampliar [&hellip;]<\/p>\n","protected":false},"author":2,"featured_media":25986,"comment_status":"open","ping_status":"open","sticky":false,"template":"","format":"standard","meta":{"footnotes":""},"categories":[68],"tags":[],"class_list":{"0":"post-25985","1":"post","2":"type-post","3":"status-publish","4":"format-standard","5":"has-post-thumbnail","7":"category-brasil"},"yoast_head":"<!-- This site is optimized with the Yoast SEO Premium plugin v24.5 (Yoast SEO v27.5) - https:\/\/yoast.com\/product\/yoast-seo-premium-wordpress\/ -->\n<title>Comiss\u00e3o vai ampliar a participa\u00e7\u00e3o ind\u00edgena no processo eleitoral. - P31<\/title>\n<meta name=\"robots\" content=\"index, follow, max-snippet:-1, max-image-preview:large, max-video-preview:-1\" \/>\n<link rel=\"canonical\" href=\"https:\/\/www.p31noticias.com.br\/?p=25985\" \/>\n<meta property=\"og:locale\" content=\"pt_BR\" \/>\n<meta property=\"og:type\" content=\"article\" \/>\n<meta property=\"og:title\" content=\"Comiss\u00e3o vai ampliar a participa\u00e7\u00e3o ind\u00edgena no processo eleitoral.\" \/>\n<meta property=\"og:description\" content=\"Portaria do TSE \u00e9 publicada na data em que se comemora o Dia do \u00cdndio. No Dia do \u00cdndio, celebrado nesta ter\u00e7a-feira (19), o Tribunal Superior Eleitoral (TSE) publicou a\u00a0Portaria TSE n\u00ba 367\/2022, que institui a Comiss\u00e3o de Promo\u00e7\u00e3o da Participa\u00e7\u00e3o Ind\u00edgena no Processo Eleitoral. A comiss\u00e3o elaborar\u00e1 estudos e projetos para promover e ampliar [&hellip;]\" \/>\n<meta property=\"og:url\" content=\"https:\/\/www.p31noticias.com.br\/?p=25985\" \/>\n<meta property=\"og:site_name\" content=\"P31\" \/>\n<meta property=\"article:published_time\" content=\"2022-04-19T16:16:15+00:00\" \/>\n<meta property=\"og:image\" content=\"https:\/\/www.p31noticias.com.br\/wp-content\/uploads\/2022\/04\/mcajr_abr_0704222371_0-1.jpg\" \/>\n\t<meta property=\"og:image:width\" content=\"1170\" \/>\n\t<meta property=\"og:image:height\" content=\"700\" \/>\n\t<meta property=\"og:image:type\" content=\"image\/jpeg\" \/>\n<meta name=\"author\" content=\"Gon\u00e7alves Junior\" \/>\n<meta name=\"twitter:card\" content=\"summary_large_image\" \/>\n<meta name=\"twitter:label1\" content=\"Escrito por\" \/>\n\t<meta name=\"twitter:data1\" content=\"Gon\u00e7alves Junior\" \/>\n\t<meta name=\"twitter:label2\" content=\"Est. tempo de leitura\" \/>\n\t<meta name=\"twitter:data2\" content=\"3 minutos\" \/>\n<script type=\"application\/ld+json\" class=\"yoast-schema-graph\">{\"@context\":\"https:\\\/\\\/schema.org\",\"@graph\":[{\"@type\":\"Article\",\"@id\":\"https:\\\/\\\/www.p31noticias.com.br\\\/?p=25985#article\",\"isPartOf\":{\"@id\":\"https:\\\/\\\/www.p31noticias.com.br\\\/?p=25985\"},\"author\":{\"name\":\"Gon\u00e7alves Junior\",\"@id\":\"https:\\\/\\\/www.p31noticias.com.br\\\/#\\\/schema\\\/person\\\/95f2ece30e3b4132065b915150cd0f94\"},\"headline\":\"Comiss\u00e3o vai ampliar a participa\u00e7\u00e3o ind\u00edgena no processo eleitoral.\",\"datePublished\":\"2022-04-19T16:16:15+00:00\",\"mainEntityOfPage\":{\"@id\":\"https:\\\/\\\/www.p31noticias.com.br\\\/?p=25985\"},\"wordCount\":525,\"commentCount\":0,\"image\":{\"@id\":\"https:\\\/\\\/www.p31noticias.com.br\\\/?p=25985#primaryimage\"},\"thumbnailUrl\":\"https:\\\/\\\/www.p31noticias.com.br\\\/wp-content\\\/uploads\\\/2022\\\/04\\\/mcajr_abr_0704222371_0-1.jpg\",\"articleSection\":[\"Brasil\"],\"inLanguage\":\"pt-BR\",\"potentialAction\":[{\"@type\":\"CommentAction\",\"name\":\"Comment\",\"target\":[\"https:\\\/\\\/www.p31noticias.com.br\\\/?p=25985#respond\"]}],\"copyrightYear\":\"2022\",\"copyrightHolder\":{\"@id\":\"https:\\\/\\\/www.p31noticias.com.br\\\/#organization\"}},{\"@type\":\"WebPage\",\"@id\":\"https:\\\/\\\/www.p31noticias.com.br\\\/?p=25985\",\"url\":\"https:\\\/\\\/www.p31noticias.com.br\\\/?p=25985\",\"name\":\"Comiss\u00e3o vai ampliar a participa\u00e7\u00e3o ind\u00edgena no processo eleitoral. - P31\",\"isPartOf\":{\"@id\":\"https:\\\/\\\/www.p31noticias.com.br\\\/#website\"},\"primaryImageOfPage\":{\"@id\":\"https:\\\/\\\/www.p31noticias.com.br\\\/?p=25985#primaryimage\"},\"image\":{\"@id\":\"https:\\\/\\\/www.p31noticias.com.br\\\/?p=25985#primaryimage\"},\"thumbnailUrl\":\"https:\\\/\\\/www.p31noticias.com.br\\\/wp-content\\\/uploads\\\/2022\\\/04\\\/mcajr_abr_0704222371_0-1.jpg\",\"datePublished\":\"2022-04-19T16:16:15+00:00\",\"author\":{\"@id\":\"https:\\\/\\\/www.p31noticias.com.br\\\/#\\\/schema\\\/person\\\/95f2ece30e3b4132065b915150cd0f94\"},\"breadcrumb\":{\"@id\":\"https:\\\/\\\/www.p31noticias.com.br\\\/?p=25985#breadcrumb\"},\"inLanguage\":\"pt-BR\",\"potentialAction\":[{\"@type\":\"ReadAction\",\"target\":[\"https:\\\/\\\/www.p31noticias.com.br\\\/?p=25985\"]}]},{\"@type\":\"ImageObject\",\"inLanguage\":\"pt-BR\",\"@id\":\"https:\\\/\\\/www.p31noticias.com.br\\\/?p=25985#primaryimage\",\"url\":\"https:\\\/\\\/www.p31noticias.com.br\\\/wp-content\\\/uploads\\\/2022\\\/04\\\/mcajr_abr_0704222371_0-1.jpg\",\"contentUrl\":\"https:\\\/\\\/www.p31noticias.com.br\\\/wp-content\\\/uploads\\\/2022\\\/04\\\/mcajr_abr_0704222371_0-1.jpg\",\"width\":1170,\"height\":700,\"caption\":\"Ind\u00edgenas de diversas etnias no Acampamento Terra Livre, no Eixo Monumental, em Bras\u00edlia\"},{\"@type\":\"BreadcrumbList\",\"@id\":\"https:\\\/\\\/www.p31noticias.com.br\\\/?p=25985#breadcrumb\",\"itemListElement\":[{\"@type\":\"ListItem\",\"position\":1,\"name\":\"In\u00edcio\",\"item\":\"https:\\\/\\\/www.p31noticias.com.br\\\/\"},{\"@type\":\"ListItem\",\"position\":2,\"name\":\"Comiss\u00e3o vai ampliar a participa\u00e7\u00e3o ind\u00edgena no processo eleitoral.\"}]},{\"@type\":\"WebSite\",\"@id\":\"https:\\\/\\\/www.p31noticias.com.br\\\/#website\",\"url\":\"https:\\\/\\\/www.p31noticias.com.br\\\/\",\"name\":\"P31\",\"description\":\"NOT\u00cdCIAS\",\"potentialAction\":[{\"@type\":\"SearchAction\",\"target\":{\"@type\":\"EntryPoint\",\"urlTemplate\":\"https:\\\/\\\/www.p31noticias.com.br\\\/?s={search_term_string}\"},\"query-input\":{\"@type\":\"PropertyValueSpecification\",\"valueRequired\":true,\"valueName\":\"search_term_string\"}}],\"inLanguage\":\"pt-BR\"},{\"@type\":\"Person\",\"@id\":\"https:\\\/\\\/www.p31noticias.com.br\\\/#\\\/schema\\\/person\\\/95f2ece30e3b4132065b915150cd0f94\",\"name\":\"Gon\u00e7alves Junior\",\"image\":{\"@type\":\"ImageObject\",\"inLanguage\":\"pt-BR\",\"@id\":\"https:\\\/\\\/secure.gravatar.com\\\/avatar\\\/6711f350116a89762687a48d66f723c799e5438a5b7578508d4294cd7a5d0800?s=96&d=mm&r=g\",\"url\":\"https:\\\/\\\/secure.gravatar.com\\\/avatar\\\/6711f350116a89762687a48d66f723c799e5438a5b7578508d4294cd7a5d0800?s=96&d=mm&r=g\",\"contentUrl\":\"https:\\\/\\\/secure.gravatar.com\\\/avatar\\\/6711f350116a89762687a48d66f723c799e5438a5b7578508d4294cd7a5d0800?s=96&d=mm&r=g\",\"caption\":\"Gon\u00e7alves Junior\"},\"url\":\"https:\\\/\\\/www.p31noticias.com.br\\\/?author=2\"}]}<\/script>\n<!-- \/ Yoast SEO Premium plugin. -->","yoast_head_json":{"title":"Comiss\u00e3o vai ampliar a participa\u00e7\u00e3o ind\u00edgena no processo eleitoral. - P31","robots":{"index":"index","follow":"follow","max-snippet":"max-snippet:-1","max-image-preview":"max-image-preview:large","max-video-preview":"max-video-preview:-1"},"canonical":"https:\/\/www.p31noticias.com.br\/?p=25985","og_locale":"pt_BR","og_type":"article","og_title":"Comiss\u00e3o vai ampliar a participa\u00e7\u00e3o ind\u00edgena no processo eleitoral.","og_description":"Portaria do TSE \u00e9 publicada na data em que se comemora o Dia do \u00cdndio. No Dia do \u00cdndio, celebrado nesta ter\u00e7a-feira (19), o Tribunal Superior Eleitoral (TSE) publicou a\u00a0Portaria TSE n\u00ba 367\/2022, que institui a Comiss\u00e3o de Promo\u00e7\u00e3o da Participa\u00e7\u00e3o Ind\u00edgena no Processo Eleitoral. A comiss\u00e3o elaborar\u00e1 estudos e projetos para promover e ampliar [&hellip;]","og_url":"https:\/\/www.p31noticias.com.br\/?p=25985","og_site_name":"P31","article_published_time":"2022-04-19T16:16:15+00:00","og_image":[{"width":1170,"height":700,"url":"https:\/\/www.p31noticias.com.br\/wp-content\/uploads\/2022\/04\/mcajr_abr_0704222371_0-1.jpg","type":"image\/jpeg"}],"author":"Gon\u00e7alves Junior","twitter_card":"summary_large_image","twitter_misc":{"Escrito por":"Gon\u00e7alves Junior","Est. tempo de leitura":"3 minutos"},"schema":{"@context":"https:\/\/schema.org","@graph":[{"@type":"Article","@id":"https:\/\/www.p31noticias.com.br\/?p=25985#article","isPartOf":{"@id":"https:\/\/www.p31noticias.com.br\/?p=25985"},"author":{"name":"Gon\u00e7alves Junior","@id":"https:\/\/www.p31noticias.com.br\/#\/schema\/person\/95f2ece30e3b4132065b915150cd0f94"},"headline":"Comiss\u00e3o vai ampliar a participa\u00e7\u00e3o ind\u00edgena no processo eleitoral.","datePublished":"2022-04-19T16:16:15+00:00","mainEntityOfPage":{"@id":"https:\/\/www.p31noticias.com.br\/?p=25985"},"wordCount":525,"commentCount":0,"image":{"@id":"https:\/\/www.p31noticias.com.br\/?p=25985#primaryimage"},"thumbnailUrl":"https:\/\/www.p31noticias.com.br\/wp-content\/uploads\/2022\/04\/mcajr_abr_0704222371_0-1.jpg","articleSection":["Brasil"],"inLanguage":"pt-BR","potentialAction":[{"@type":"CommentAction","name":"Comment","target":["https:\/\/www.p31noticias.com.br\/?p=25985#respond"]}],"copyrightYear":"2022","copyrightHolder":{"@id":"https:\/\/www.p31noticias.com.br\/#organization"}},{"@type":"WebPage","@id":"https:\/\/www.p31noticias.com.br\/?p=25985","url":"https:\/\/www.p31noticias.com.br\/?p=25985","name":"Comiss\u00e3o vai ampliar a participa\u00e7\u00e3o ind\u00edgena no processo eleitoral. - P31","isPartOf":{"@id":"https:\/\/www.p31noticias.com.br\/#website"},"primaryImageOfPage":{"@id":"https:\/\/www.p31noticias.com.br\/?p=25985#primaryimage"},"image":{"@id":"https:\/\/www.p31noticias.com.br\/?p=25985#primaryimage"},"thumbnailUrl":"https:\/\/www.p31noticias.com.br\/wp-content\/uploads\/2022\/04\/mcajr_abr_0704222371_0-1.jpg","datePublished":"2022-04-19T16:16:15+00:00","author":{"@id":"https:\/\/www.p31noticias.com.br\/#\/schema\/person\/95f2ece30e3b4132065b915150cd0f94"},"breadcrumb":{"@id":"https:\/\/www.p31noticias.com.br\/?p=25985#breadcrumb"},"inLanguage":"pt-BR","potentialAction":[{"@type":"ReadAction","target":["https:\/\/www.p31noticias.com.br\/?p=25985"]}]},{"@type":"ImageObject","inLanguage":"pt-BR","@id":"https:\/\/www.p31noticias.com.br\/?p=25985#primaryimage","url":"https:\/\/www.p31noticias.com.br\/wp-content\/uploads\/2022\/04\/mcajr_abr_0704222371_0-1.jpg","contentUrl":"https:\/\/www.p31noticias.com.br\/wp-content\/uploads\/2022\/04\/mcajr_abr_0704222371_0-1.jpg","width":1170,"height":700,"caption":"Ind\u00edgenas de diversas etnias no Acampamento Terra Livre, no Eixo Monumental, em Bras\u00edlia"},{"@type":"BreadcrumbList","@id":"https:\/\/www.p31noticias.com.br\/?p=25985#breadcrumb","itemListElement":[{"@type":"ListItem","position":1,"name":"In\u00edcio","item":"https:\/\/www.p31noticias.com.br\/"},{"@type":"ListItem","position":2,"name":"Comiss\u00e3o vai ampliar a participa\u00e7\u00e3o ind\u00edgena no processo eleitoral."}]},{"@type":"WebSite","@id":"https:\/\/www.p31noticias.com.br\/#website","url":"https:\/\/www.p31noticias.com.br\/","name":"P31","description":"NOT\u00cdCIAS","potentialAction":[{"@type":"SearchAction","target":{"@type":"EntryPoint","urlTemplate":"https:\/\/www.p31noticias.com.br\/?s={search_term_string}"},"query-input":{"@type":"PropertyValueSpecification","valueRequired":true,"valueName":"search_term_string"}}],"inLanguage":"pt-BR"},{"@type":"Person","@id":"https:\/\/www.p31noticias.com.br\/#\/schema\/person\/95f2ece30e3b4132065b915150cd0f94","name":"Gon\u00e7alves Junior","image":{"@type":"ImageObject","inLanguage":"pt-BR","@id":"https:\/\/secure.gravatar.com\/avatar\/6711f350116a89762687a48d66f723c799e5438a5b7578508d4294cd7a5d0800?s=96&d=mm&r=g","url":"https:\/\/secure.gravatar.com\/avatar\/6711f350116a89762687a48d66f723c799e5438a5b7578508d4294cd7a5d0800?s=96&d=mm&r=g","contentUrl":"https:\/\/secure.gravatar.com\/avatar\/6711f350116a89762687a48d66f723c799e5438a5b7578508d4294cd7a5d0800?s=96&d=mm&r=g","caption":"Gon\u00e7alves Junior"},"url":"https:\/\/www.p31noticias.com.br\/?author=2"}]}},"amp_enabled":true,"_links":{"self":[{"href":"https:\/\/www.p31noticias.com.br\/index.php?rest_route=\/wp\/v2\/posts\/25985","targetHints":{"allow":["GET"]}}],"collection":[{"href":"https:\/\/www.p31noticias.com.br\/index.php?rest_route=\/wp\/v2\/posts"}],"about":[{"href":"https:\/\/www.p31noticias.com.br\/index.php?rest_route=\/wp\/v2\/types\/post"}],"author":[{"embeddable":true,"href":"https:\/\/www.p31noticias.com.br\/index.php?rest_route=\/wp\/v2\/users\/2"}],"replies":[{"embeddable":true,"href":"https:\/\/www.p31noticias.com.br\/index.php?rest_route=%2Fwp%2Fv2%2Fcomments&post=25985"}],"version-history":[{"count":1,"href":"https:\/\/www.p31noticias.com.br\/index.php?rest_route=\/wp\/v2\/posts\/25985\/revisions"}],"predecessor-version":[{"id":25987,"href":"https:\/\/www.p31noticias.com.br\/index.php?rest_route=\/wp\/v2\/posts\/25985\/revisions\/25987"}],"wp:featuredmedia":[{"embeddable":true,"href":"https:\/\/www.p31noticias.com.br\/index.php?rest_route=\/wp\/v2\/media\/25986"}],"wp:attachment":[{"href":"https:\/\/www.p31noticias.com.br\/index.php?rest_route=%2Fwp%2Fv2%2Fmedia&parent=25985"}],"wp:term":[{"taxonomy":"category","embeddable":true,"href":"https:\/\/www.p31noticias.com.br\/index.php?rest_route=%2Fwp%2Fv2%2Fcategories&post=25985"},{"taxonomy":"post_tag","embeddable":true,"href":"https:\/\/www.p31noticias.com.br\/index.php?rest_route=%2Fwp%2Fv2%2Ftags&post=25985"}],"curies":[{"name":"wp","href":"https:\/\/api.w.org\/{rel}","templated":true}]}}