{"id":25981,"date":"2022-04-19T13:11:57","date_gmt":"2022-04-19T16:11:57","guid":{"rendered":"https:\/\/p31noticias.com.br\/?p=25981"},"modified":"2022-04-19T13:16:43","modified_gmt":"2022-04-19T16:16:43","slug":"marcelo-odebrecht-tem-pena-reduzida-por-acordo-de-delacao-premiada-com-o-stf","status":"publish","type":"post","link":"https:\/\/www.p31noticias.com.br\/?p=25981","title":{"rendered":"Marcelo Odebrecht tem pena reduzida por acordo de dela\u00e7\u00e3o premiada com o STF."},"content":{"rendered":"<p><em><strong>Senten\u00e7a cai para 7 anos e meio, e empres\u00e1rio ficar\u00e1 totalmente livre no fim de 2022.<\/strong><\/em><\/p>\n<p style=\"text-align: justify;\">O ministro do\u00a0<strong><a href=\"https:\/\/jovempan.com.br\/tag\/supremo-tribunal-federal\">Supremo Tribunal Federal<\/a>\u00a0<a href=\"https:\/\/jovempan.com.br\/tag\/edson-fachin\">Edson Fachin<\/a><\/strong>\u00a0reduziu a pena do empres\u00e1rio\u00a0<strong><a href=\"https:\/\/jovempan.com.br\/tag\/marcelo-odebrecht\">Marcelo Odebrecht<\/a><\/strong>\u00a0de 10 anos para sete anos e meio, conforme possibilidade prevista em acordo de dela\u00e7\u00e3o premiada. Em 2021, Odebrecht atingiu uma \u201ccl\u00e1usula de desempenho\u201d que considerava que a senten\u00e7a seria diminu\u00edda se a dela\u00e7\u00e3o concedida ao\u00a0<strong><a href=\"https:\/\/jovempan.com.br\/tag\/ministerio-publico-federal\">Minist\u00e9rio P\u00fablico Federal<\/a><\/strong>\u00a0(MPF) fosse considerada efetiva, como acabou sendo. A Procuradoria-Geral da Rep\u00fablica, \u00f3rg\u00e3o m\u00e1ximo do MPF, se manifestou a favor do benef\u00edcio. O empres\u00e1rio est\u00e1 hoje no regime aberto, no qual precisa se recolher aos fins de semana e prestar servi\u00e7os comunit\u00e1rios; com a redu\u00e7\u00e3o, ele ficar\u00e1 completamente livre no fim de 2022. Anteriormente, ele ficou preso por dois anos em Curitiba, at\u00e9 dezembro de 2017, quando foi para pris\u00e3o domiciliar conforme o acordo de dela\u00e7\u00e3o. A empresa, rebatizada de Novonor, demitiu Marcelo em 2019 e hoje est\u00e1 em recupera\u00e7\u00e3o judicial.<\/p>\n<p>Ag\u00eancia Brasil.<\/p>\n","protected":false},"excerpt":{"rendered":"<p>Senten\u00e7a cai para 7 anos e meio, e empres\u00e1rio ficar\u00e1 totalmente livre no fim de 2022. O ministro do\u00a0Supremo Tribunal Federal\u00a0Edson Fachin\u00a0reduziu a pena do empres\u00e1rio\u00a0Marcelo Odebrecht\u00a0de 10 anos para sete anos e meio, conforme possibilidade prevista em acordo de dela\u00e7\u00e3o premiada. Em 2021, Odebrecht atingiu uma \u201ccl\u00e1usula de desempenho\u201d que considerava que a senten\u00e7a [&hellip;]<\/p>\n","protected":false},"author":2,"featured_media":25984,"comment_status":"open","ping_status":"open","sticky":false,"template":"","format":"standard","meta":{"footnotes":""},"categories":[1],"tags":[],"class_list":{"0":"post-25981","1":"post","2":"type-post","3":"status-publish","4":"format-standard","5":"has-post-thumbnail","7":"category-outros"},"yoast_head":"<!-- This site is optimized with the Yoast SEO Premium plugin v24.5 (Yoast SEO v27.5) - https:\/\/yoast.com\/product\/yoast-seo-premium-wordpress\/ -->\n<title>Marcelo Odebrecht tem pena reduzida por acordo de dela\u00e7\u00e3o premiada com o STF. - P31<\/title>\n<meta name=\"robots\" content=\"index, follow, max-snippet:-1, max-image-preview:large, max-video-preview:-1\" \/>\n<link rel=\"canonical\" href=\"https:\/\/www.p31noticias.com.br\/?p=25981\" \/>\n<meta property=\"og:locale\" content=\"pt_BR\" \/>\n<meta property=\"og:type\" content=\"article\" \/>\n<meta property=\"og:title\" content=\"Marcelo Odebrecht tem pena reduzida por acordo de dela\u00e7\u00e3o premiada com o STF.\" \/>\n<meta property=\"og:description\" content=\"Senten\u00e7a cai para 7 anos e meio, e empres\u00e1rio ficar\u00e1 totalmente livre no fim de 2022. O ministro do\u00a0Supremo Tribunal Federal\u00a0Edson Fachin\u00a0reduziu a pena do empres\u00e1rio\u00a0Marcelo Odebrecht\u00a0de 10 anos para sete anos e meio, conforme possibilidade prevista em acordo de dela\u00e7\u00e3o premiada. Em 2021, Odebrecht atingiu uma \u201ccl\u00e1usula de desempenho\u201d que considerava que a senten\u00e7a [&hellip;]\" \/>\n<meta property=\"og:url\" content=\"https:\/\/www.p31noticias.com.br\/?p=25981\" \/>\n<meta property=\"og:site_name\" content=\"P31\" \/>\n<meta property=\"article:published_time\" content=\"2022-04-19T16:11:57+00:00\" \/>\n<meta property=\"article:modified_time\" content=\"2022-04-19T16:16:43+00:00\" \/>\n<meta property=\"og:image\" content=\"https:\/\/www.p31noticias.com.br\/wp-content\/uploads\/2022\/04\/2687139852-marcelo-odebrecht-ae-1024x683-1.webp\" \/>\n\t<meta property=\"og:image:width\" content=\"1024\" \/>\n\t<meta property=\"og:image:height\" content=\"683\" \/>\n\t<meta property=\"og:image:type\" content=\"image\/webp\" \/>\n<meta name=\"author\" content=\"Gon\u00e7alves Junior\" \/>\n<meta name=\"twitter:card\" content=\"summary_large_image\" \/>\n<meta name=\"twitter:label1\" content=\"Escrito por\" \/>\n\t<meta name=\"twitter:data1\" content=\"Gon\u00e7alves Junior\" \/>\n\t<meta name=\"twitter:label2\" content=\"Est. tempo de leitura\" \/>\n\t<meta name=\"twitter:data2\" content=\"1 minuto\" \/>\n<script type=\"application\/ld+json\" class=\"yoast-schema-graph\">{\"@context\":\"https:\\\/\\\/schema.org\",\"@graph\":[{\"@type\":\"Article\",\"@id\":\"https:\\\/\\\/www.p31noticias.com.br\\\/?p=25981#article\",\"isPartOf\":{\"@id\":\"https:\\\/\\\/www.p31noticias.com.br\\\/?p=25981\"},\"author\":{\"name\":\"Gon\u00e7alves Junior\",\"@id\":\"https:\\\/\\\/www.p31noticias.com.br\\\/#\\\/schema\\\/person\\\/95f2ece30e3b4132065b915150cd0f94\"},\"headline\":\"Marcelo Odebrecht tem pena reduzida por acordo de dela\u00e7\u00e3o premiada com o STF.\",\"datePublished\":\"2022-04-19T16:11:57+00:00\",\"dateModified\":\"2022-04-19T16:16:43+00:00\",\"mainEntityOfPage\":{\"@id\":\"https:\\\/\\\/www.p31noticias.com.br\\\/?p=25981\"},\"wordCount\":191,\"commentCount\":0,\"image\":{\"@id\":\"https:\\\/\\\/www.p31noticias.com.br\\\/?p=25981#primaryimage\"},\"thumbnailUrl\":\"https:\\\/\\\/www.p31noticias.com.br\\\/wp-content\\\/uploads\\\/2022\\\/04\\\/2687139852-marcelo-odebrecht-ae-1024x683-1.webp\",\"articleSection\":[\"Outros\"],\"inLanguage\":\"pt-BR\",\"potentialAction\":[{\"@type\":\"CommentAction\",\"name\":\"Comment\",\"target\":[\"https:\\\/\\\/www.p31noticias.com.br\\\/?p=25981#respond\"]}],\"copyrightYear\":\"2022\",\"copyrightHolder\":{\"@id\":\"https:\\\/\\\/www.p31noticias.com.br\\\/#organization\"}},{\"@type\":\"WebPage\",\"@id\":\"https:\\\/\\\/www.p31noticias.com.br\\\/?p=25981\",\"url\":\"https:\\\/\\\/www.p31noticias.com.br\\\/?p=25981\",\"name\":\"Marcelo Odebrecht tem pena reduzida por acordo de dela\u00e7\u00e3o premiada com o STF. - P31\",\"isPartOf\":{\"@id\":\"https:\\\/\\\/www.p31noticias.com.br\\\/#website\"},\"primaryImageOfPage\":{\"@id\":\"https:\\\/\\\/www.p31noticias.com.br\\\/?p=25981#primaryimage\"},\"image\":{\"@id\":\"https:\\\/\\\/www.p31noticias.com.br\\\/?p=25981#primaryimage\"},\"thumbnailUrl\":\"https:\\\/\\\/www.p31noticias.com.br\\\/wp-content\\\/uploads\\\/2022\\\/04\\\/2687139852-marcelo-odebrecht-ae-1024x683-1.webp\",\"datePublished\":\"2022-04-19T16:11:57+00:00\",\"dateModified\":\"2022-04-19T16:16:43+00:00\",\"author\":{\"@id\":\"https:\\\/\\\/www.p31noticias.com.br\\\/#\\\/schema\\\/person\\\/95f2ece30e3b4132065b915150cd0f94\"},\"breadcrumb\":{\"@id\":\"https:\\\/\\\/www.p31noticias.com.br\\\/?p=25981#breadcrumb\"},\"inLanguage\":\"pt-BR\",\"potentialAction\":[{\"@type\":\"ReadAction\",\"target\":[\"https:\\\/\\\/www.p31noticias.com.br\\\/?p=25981\"]}]},{\"@type\":\"ImageObject\",\"inLanguage\":\"pt-BR\",\"@id\":\"https:\\\/\\\/www.p31noticias.com.br\\\/?p=25981#primaryimage\",\"url\":\"https:\\\/\\\/www.p31noticias.com.br\\\/wp-content\\\/uploads\\\/2022\\\/04\\\/2687139852-marcelo-odebrecht-ae-1024x683-1.webp\",\"contentUrl\":\"https:\\\/\\\/www.p31noticias.com.br\\\/wp-content\\\/uploads\\\/2022\\\/04\\\/2687139852-marcelo-odebrecht-ae-1024x683-1.webp\",\"width\":1024,\"height\":683},{\"@type\":\"BreadcrumbList\",\"@id\":\"https:\\\/\\\/www.p31noticias.com.br\\\/?p=25981#breadcrumb\",\"itemListElement\":[{\"@type\":\"ListItem\",\"position\":1,\"name\":\"In\u00edcio\",\"item\":\"https:\\\/\\\/www.p31noticias.com.br\\\/\"},{\"@type\":\"ListItem\",\"position\":2,\"name\":\"Marcelo Odebrecht tem pena reduzida por acordo de dela\u00e7\u00e3o premiada com o STF.\"}]},{\"@type\":\"WebSite\",\"@id\":\"https:\\\/\\\/www.p31noticias.com.br\\\/#website\",\"url\":\"https:\\\/\\\/www.p31noticias.com.br\\\/\",\"name\":\"P31\",\"description\":\"NOT\u00cdCIAS\",\"potentialAction\":[{\"@type\":\"SearchAction\",\"target\":{\"@type\":\"EntryPoint\",\"urlTemplate\":\"https:\\\/\\\/www.p31noticias.com.br\\\/?s={search_term_string}\"},\"query-input\":{\"@type\":\"PropertyValueSpecification\",\"valueRequired\":true,\"valueName\":\"search_term_string\"}}],\"inLanguage\":\"pt-BR\"},{\"@type\":\"Person\",\"@id\":\"https:\\\/\\\/www.p31noticias.com.br\\\/#\\\/schema\\\/person\\\/95f2ece30e3b4132065b915150cd0f94\",\"name\":\"Gon\u00e7alves Junior\",\"image\":{\"@type\":\"ImageObject\",\"inLanguage\":\"pt-BR\",\"@id\":\"https:\\\/\\\/secure.gravatar.com\\\/avatar\\\/6711f350116a89762687a48d66f723c799e5438a5b7578508d4294cd7a5d0800?s=96&d=mm&r=g\",\"url\":\"https:\\\/\\\/secure.gravatar.com\\\/avatar\\\/6711f350116a89762687a48d66f723c799e5438a5b7578508d4294cd7a5d0800?s=96&d=mm&r=g\",\"contentUrl\":\"https:\\\/\\\/secure.gravatar.com\\\/avatar\\\/6711f350116a89762687a48d66f723c799e5438a5b7578508d4294cd7a5d0800?s=96&d=mm&r=g\",\"caption\":\"Gon\u00e7alves Junior\"},\"url\":\"https:\\\/\\\/www.p31noticias.com.br\\\/?author=2\"}]}<\/script>\n<!-- \/ Yoast SEO Premium plugin. -->","yoast_head_json":{"title":"Marcelo Odebrecht tem pena reduzida por acordo de dela\u00e7\u00e3o premiada com o STF. - P31","robots":{"index":"index","follow":"follow","max-snippet":"max-snippet:-1","max-image-preview":"max-image-preview:large","max-video-preview":"max-video-preview:-1"},"canonical":"https:\/\/www.p31noticias.com.br\/?p=25981","og_locale":"pt_BR","og_type":"article","og_title":"Marcelo Odebrecht tem pena reduzida por acordo de dela\u00e7\u00e3o premiada com o STF.","og_description":"Senten\u00e7a cai para 7 anos e meio, e empres\u00e1rio ficar\u00e1 totalmente livre no fim de 2022. O ministro do\u00a0Supremo Tribunal Federal\u00a0Edson Fachin\u00a0reduziu a pena do empres\u00e1rio\u00a0Marcelo Odebrecht\u00a0de 10 anos para sete anos e meio, conforme possibilidade prevista em acordo de dela\u00e7\u00e3o premiada. Em 2021, Odebrecht atingiu uma \u201ccl\u00e1usula de desempenho\u201d que considerava que a senten\u00e7a [&hellip;]","og_url":"https:\/\/www.p31noticias.com.br\/?p=25981","og_site_name":"P31","article_published_time":"2022-04-19T16:11:57+00:00","article_modified_time":"2022-04-19T16:16:43+00:00","og_image":[{"width":1024,"height":683,"url":"https:\/\/www.p31noticias.com.br\/wp-content\/uploads\/2022\/04\/2687139852-marcelo-odebrecht-ae-1024x683-1.webp","type":"image\/webp"}],"author":"Gon\u00e7alves Junior","twitter_card":"summary_large_image","twitter_misc":{"Escrito por":"Gon\u00e7alves Junior","Est. tempo de leitura":"1 minuto"},"schema":{"@context":"https:\/\/schema.org","@graph":[{"@type":"Article","@id":"https:\/\/www.p31noticias.com.br\/?p=25981#article","isPartOf":{"@id":"https:\/\/www.p31noticias.com.br\/?p=25981"},"author":{"name":"Gon\u00e7alves Junior","@id":"https:\/\/www.p31noticias.com.br\/#\/schema\/person\/95f2ece30e3b4132065b915150cd0f94"},"headline":"Marcelo Odebrecht tem pena reduzida por acordo de dela\u00e7\u00e3o premiada com o STF.","datePublished":"2022-04-19T16:11:57+00:00","dateModified":"2022-04-19T16:16:43+00:00","mainEntityOfPage":{"@id":"https:\/\/www.p31noticias.com.br\/?p=25981"},"wordCount":191,"commentCount":0,"image":{"@id":"https:\/\/www.p31noticias.com.br\/?p=25981#primaryimage"},"thumbnailUrl":"https:\/\/www.p31noticias.com.br\/wp-content\/uploads\/2022\/04\/2687139852-marcelo-odebrecht-ae-1024x683-1.webp","articleSection":["Outros"],"inLanguage":"pt-BR","potentialAction":[{"@type":"CommentAction","name":"Comment","target":["https:\/\/www.p31noticias.com.br\/?p=25981#respond"]}],"copyrightYear":"2022","copyrightHolder":{"@id":"https:\/\/www.p31noticias.com.br\/#organization"}},{"@type":"WebPage","@id":"https:\/\/www.p31noticias.com.br\/?p=25981","url":"https:\/\/www.p31noticias.com.br\/?p=25981","name":"Marcelo Odebrecht tem pena reduzida por acordo de dela\u00e7\u00e3o premiada com o STF. - P31","isPartOf":{"@id":"https:\/\/www.p31noticias.com.br\/#website"},"primaryImageOfPage":{"@id":"https:\/\/www.p31noticias.com.br\/?p=25981#primaryimage"},"image":{"@id":"https:\/\/www.p31noticias.com.br\/?p=25981#primaryimage"},"thumbnailUrl":"https:\/\/www.p31noticias.com.br\/wp-content\/uploads\/2022\/04\/2687139852-marcelo-odebrecht-ae-1024x683-1.webp","datePublished":"2022-04-19T16:11:57+00:00","dateModified":"2022-04-19T16:16:43+00:00","author":{"@id":"https:\/\/www.p31noticias.com.br\/#\/schema\/person\/95f2ece30e3b4132065b915150cd0f94"},"breadcrumb":{"@id":"https:\/\/www.p31noticias.com.br\/?p=25981#breadcrumb"},"inLanguage":"pt-BR","potentialAction":[{"@type":"ReadAction","target":["https:\/\/www.p31noticias.com.br\/?p=25981"]}]},{"@type":"ImageObject","inLanguage":"pt-BR","@id":"https:\/\/www.p31noticias.com.br\/?p=25981#primaryimage","url":"https:\/\/www.p31noticias.com.br\/wp-content\/uploads\/2022\/04\/2687139852-marcelo-odebrecht-ae-1024x683-1.webp","contentUrl":"https:\/\/www.p31noticias.com.br\/wp-content\/uploads\/2022\/04\/2687139852-marcelo-odebrecht-ae-1024x683-1.webp","width":1024,"height":683},{"@type":"BreadcrumbList","@id":"https:\/\/www.p31noticias.com.br\/?p=25981#breadcrumb","itemListElement":[{"@type":"ListItem","position":1,"name":"In\u00edcio","item":"https:\/\/www.p31noticias.com.br\/"},{"@type":"ListItem","position":2,"name":"Marcelo Odebrecht tem pena reduzida por acordo de dela\u00e7\u00e3o premiada com o STF."}]},{"@type":"WebSite","@id":"https:\/\/www.p31noticias.com.br\/#website","url":"https:\/\/www.p31noticias.com.br\/","name":"P31","description":"NOT\u00cdCIAS","potentialAction":[{"@type":"SearchAction","target":{"@type":"EntryPoint","urlTemplate":"https:\/\/www.p31noticias.com.br\/?s={search_term_string}"},"query-input":{"@type":"PropertyValueSpecification","valueRequired":true,"valueName":"search_term_string"}}],"inLanguage":"pt-BR"},{"@type":"Person","@id":"https:\/\/www.p31noticias.com.br\/#\/schema\/person\/95f2ece30e3b4132065b915150cd0f94","name":"Gon\u00e7alves Junior","image":{"@type":"ImageObject","inLanguage":"pt-BR","@id":"https:\/\/secure.gravatar.com\/avatar\/6711f350116a89762687a48d66f723c799e5438a5b7578508d4294cd7a5d0800?s=96&d=mm&r=g","url":"https:\/\/secure.gravatar.com\/avatar\/6711f350116a89762687a48d66f723c799e5438a5b7578508d4294cd7a5d0800?s=96&d=mm&r=g","contentUrl":"https:\/\/secure.gravatar.com\/avatar\/6711f350116a89762687a48d66f723c799e5438a5b7578508d4294cd7a5d0800?s=96&d=mm&r=g","caption":"Gon\u00e7alves Junior"},"url":"https:\/\/www.p31noticias.com.br\/?author=2"}]}},"amp_enabled":true,"_links":{"self":[{"href":"https:\/\/www.p31noticias.com.br\/index.php?rest_route=\/wp\/v2\/posts\/25981","targetHints":{"allow":["GET"]}}],"collection":[{"href":"https:\/\/www.p31noticias.com.br\/index.php?rest_route=\/wp\/v2\/posts"}],"about":[{"href":"https:\/\/www.p31noticias.com.br\/index.php?rest_route=\/wp\/v2\/types\/post"}],"author":[{"embeddable":true,"href":"https:\/\/www.p31noticias.com.br\/index.php?rest_route=\/wp\/v2\/users\/2"}],"replies":[{"embeddable":true,"href":"https:\/\/www.p31noticias.com.br\/index.php?rest_route=%2Fwp%2Fv2%2Fcomments&post=25981"}],"version-history":[{"count":1,"href":"https:\/\/www.p31noticias.com.br\/index.php?rest_route=\/wp\/v2\/posts\/25981\/revisions"}],"predecessor-version":[{"id":25983,"href":"https:\/\/www.p31noticias.com.br\/index.php?rest_route=\/wp\/v2\/posts\/25981\/revisions\/25983"}],"wp:featuredmedia":[{"embeddable":true,"href":"https:\/\/www.p31noticias.com.br\/index.php?rest_route=\/wp\/v2\/media\/25984"}],"wp:attachment":[{"href":"https:\/\/www.p31noticias.com.br\/index.php?rest_route=%2Fwp%2Fv2%2Fmedia&parent=25981"}],"wp:term":[{"taxonomy":"category","embeddable":true,"href":"https:\/\/www.p31noticias.com.br\/index.php?rest_route=%2Fwp%2Fv2%2Fcategories&post=25981"},{"taxonomy":"post_tag","embeddable":true,"href":"https:\/\/www.p31noticias.com.br\/index.php?rest_route=%2Fwp%2Fv2%2Ftags&post=25981"}],"curies":[{"name":"wp","href":"https:\/\/api.w.org\/{rel}","templated":true}]}}