{"id":25977,"date":"2022-04-18T10:09:38","date_gmt":"2022-04-18T13:09:38","guid":{"rendered":"https:\/\/p31noticias.com.br\/?p=25977"},"modified":"2022-04-18T10:09:38","modified_gmt":"2022-04-18T13:09:38","slug":"putin-nao-quer-voltar-para-casa-de-maos-abanando-diz-especialista-sobre-guerra-na-ucrania","status":"publish","type":"post","link":"https:\/\/www.p31noticias.com.br\/?p=25977","title":{"rendered":"\u2018Putin n\u00e3o quer voltar para casa de m\u00e3os abanando\u2019, diz especialista sobre guerra na Ucr\u00e2nia."},"content":{"rendered":"<p style=\"text-align: justify;\"><em><strong>\u2018Frustra\u00e7\u00f5es\u2019 da R\u00fassia aumentam tens\u00f5es com a Otan e temor uso de armar nucleares.<\/strong><\/em><\/p>\n<p style=\"text-align: justify;\">Um acordo entre a\u00a0<a href=\"https:\/\/jovempan.com.br\/tag\/russia\"><b>R\u00fassia<\/b><\/a>\u00a0e a\u00a0<a href=\"https:\/\/jovempan.com.br\/tag\/ucrania\"><b>Ucr\u00e2nia\u00a0<\/b><\/a>para um cessar-fogo est\u00e1 cada vez mais distante, e a perspectiva \u00e9 que o conflito se estenda por mais tempo. A avalia\u00e7\u00e3o \u00e9 do professor de Rela\u00e7\u00f5es Internacionais da ESPM, Alexandre Uehara, a respeito da situa\u00e7\u00e3o no Leste Europeu, que j\u00e1 perdura por 54 dias. Segundo ele, com o avan\u00e7o das ofensivas russas, as posi\u00e7\u00f5es dos pa\u00edses t\u00eam se afastado, o que prejudica as chances de negocia\u00e7\u00f5es. \u201cTivemos situa\u00e7\u00f5es que se imaginava que teria um consenso, mas o que vemos \u00e9 que a Ucr\u00e2nia e Zelensky t\u00eam buscado sua integridade, se opondo \u00e0 R\u00fassia. E a R\u00fassia mant\u00e9m seus ataques, cada vez maiores, o que dificulta a negocia\u00e7\u00e3o\u201d, pontua Uehara, em entrevista ao Jornal da Manh\u00e3, da<b>\u00a0Jovem Pan News<\/b>. \u201c<a href=\"https:\/\/jovempan.com.br\/tag\/vladimir-putin\"><strong>Putin<\/strong><\/a>\u00a0n\u00e3o quer voltar para casa de m\u00e3os abanando, ent\u00e3o a perspectiva \u00e9 que a guerra continue\u201d.<\/p>\n<p style=\"text-align: justify;\">Na vis\u00e3o de Alexandre Uehara, \u00e0 medida que a R\u00fassia tenta avan\u00e7ar na Ucr\u00e2nia, com novos bombardeios, \u00e9 poss\u00edvel observar uma frustra\u00e7\u00e3o de Moscou e, ao mesmo tempo, um aumento das tens\u00f5es com os pa\u00edses-membro com a Organiza\u00e7\u00e3o do Tratado do Atl\u00e2ntico Norte (<a href=\"https:\/\/jovempan.com.br\/tag\/otan\"><strong>Otan<\/strong><\/a>), acusados de \u201carmar\u201d a Ucr\u00e2nia. \u201cOs membros da Otan t\u00eam tomado um cuidado de fazer com que a guerra n\u00e3o escale e n\u00e3o envolva os pa\u00edses. [\u2026] H\u00e1 uma grande dificuldade das for\u00e7as russas avan\u00e7arem e para justificar [a frustra\u00e7\u00e3o], a R\u00fassia acusa a Otan de estar armando a Ucr\u00e2nia\u201d, explicou o professor, que pontua a guerra nuclear como grande temor da organiza\u00e7\u00e3o. \u201c\u00c9 uma linha muito t\u00eanue entre o que a R\u00fassia entende que pode ser o suporte dado e o que ultrapassa o limite. Isso \u00e9 um temor porque os pa\u00edses n\u00e3o sabem o limite de Putin e o risco \u00e9 o uso de arma nuclear, o maior temos de todos.\u201d<\/p>\n<p style=\"text-align: justify;\">JP NEWS.<\/p>\n","protected":false},"excerpt":{"rendered":"<p>\u2018Frustra\u00e7\u00f5es\u2019 da R\u00fassia aumentam tens\u00f5es com a Otan e temor uso de armar nucleares. Um acordo entre a\u00a0R\u00fassia\u00a0e a\u00a0Ucr\u00e2nia\u00a0para um cessar-fogo est\u00e1 cada vez mais distante, e a perspectiva \u00e9 que o conflito se estenda por mais tempo. A avalia\u00e7\u00e3o \u00e9 do professor de Rela\u00e7\u00f5es Internacionais da ESPM, Alexandre Uehara, a respeito da situa\u00e7\u00e3o no [&hellip;]<\/p>\n","protected":false},"author":2,"featured_media":25978,"comment_status":"open","ping_status":"open","sticky":false,"template":"","format":"standard","meta":{"footnotes":""},"categories":[1],"tags":[],"class_list":{"0":"post-25977","1":"post","2":"type-post","3":"status-publish","4":"format-standard","5":"has-post-thumbnail","7":"category-outros"},"yoast_head":"<!-- This site is optimized with the Yoast SEO Premium plugin v24.5 (Yoast SEO v27.5) - https:\/\/yoast.com\/product\/yoast-seo-premium-wordpress\/ -->\n<title>\u2018Putin n\u00e3o quer voltar para casa de m\u00e3os abanando\u2019, diz especialista sobre guerra na Ucr\u00e2nia. - P31<\/title>\n<meta name=\"robots\" content=\"index, follow, max-snippet:-1, max-image-preview:large, max-video-preview:-1\" \/>\n<link rel=\"canonical\" href=\"https:\/\/www.p31noticias.com.br\/?p=25977\" \/>\n<meta property=\"og:locale\" content=\"pt_BR\" \/>\n<meta property=\"og:type\" content=\"article\" \/>\n<meta property=\"og:title\" content=\"\u2018Putin n\u00e3o quer voltar para casa de m\u00e3os abanando\u2019, diz especialista sobre guerra na Ucr\u00e2nia.\" \/>\n<meta property=\"og:description\" content=\"\u2018Frustra\u00e7\u00f5es\u2019 da R\u00fassia aumentam tens\u00f5es com a Otan e temor uso de armar nucleares. Um acordo entre a\u00a0R\u00fassia\u00a0e a\u00a0Ucr\u00e2nia\u00a0para um cessar-fogo est\u00e1 cada vez mais distante, e a perspectiva \u00e9 que o conflito se estenda por mais tempo. A avalia\u00e7\u00e3o \u00e9 do professor de Rela\u00e7\u00f5es Internacionais da ESPM, Alexandre Uehara, a respeito da situa\u00e7\u00e3o no [&hellip;]\" \/>\n<meta property=\"og:url\" content=\"https:\/\/www.p31noticias.com.br\/?p=25977\" \/>\n<meta property=\"og:site_name\" content=\"P31\" \/>\n<meta property=\"article:published_time\" content=\"2022-04-18T13:09:38+00:00\" \/>\n<meta property=\"og:image\" content=\"https:\/\/www.p31noticias.com.br\/wp-content\/uploads\/2022\/04\/4c8ce3bc988987313216cb202b89f5b8f0f3f140.webp\" \/>\n\t<meta property=\"og:image:width\" content=\"1000\" \/>\n\t<meta property=\"og:image:height\" content=\"700\" \/>\n\t<meta property=\"og:image:type\" content=\"image\/webp\" \/>\n<meta name=\"author\" content=\"Gon\u00e7alves Junior\" \/>\n<meta name=\"twitter:card\" content=\"summary_large_image\" \/>\n<meta name=\"twitter:label1\" content=\"Escrito por\" \/>\n\t<meta name=\"twitter:data1\" content=\"Gon\u00e7alves Junior\" \/>\n\t<meta name=\"twitter:label2\" content=\"Est. tempo de leitura\" \/>\n\t<meta name=\"twitter:data2\" content=\"2 minutos\" \/>\n<script type=\"application\/ld+json\" class=\"yoast-schema-graph\">{\"@context\":\"https:\\\/\\\/schema.org\",\"@graph\":[{\"@type\":\"Article\",\"@id\":\"https:\\\/\\\/www.p31noticias.com.br\\\/?p=25977#article\",\"isPartOf\":{\"@id\":\"https:\\\/\\\/www.p31noticias.com.br\\\/?p=25977\"},\"author\":{\"name\":\"Gon\u00e7alves Junior\",\"@id\":\"https:\\\/\\\/www.p31noticias.com.br\\\/#\\\/schema\\\/person\\\/95f2ece30e3b4132065b915150cd0f94\"},\"headline\":\"\u2018Putin n\u00e3o quer voltar para casa de m\u00e3os abanando\u2019, diz especialista sobre guerra na Ucr\u00e2nia.\",\"datePublished\":\"2022-04-18T13:09:38+00:00\",\"mainEntityOfPage\":{\"@id\":\"https:\\\/\\\/www.p31noticias.com.br\\\/?p=25977\"},\"wordCount\":372,\"commentCount\":0,\"image\":{\"@id\":\"https:\\\/\\\/www.p31noticias.com.br\\\/?p=25977#primaryimage\"},\"thumbnailUrl\":\"https:\\\/\\\/www.p31noticias.com.br\\\/wp-content\\\/uploads\\\/2022\\\/04\\\/4c8ce3bc988987313216cb202b89f5b8f0f3f140.webp\",\"articleSection\":[\"Outros\"],\"inLanguage\":\"pt-BR\",\"potentialAction\":[{\"@type\":\"CommentAction\",\"name\":\"Comment\",\"target\":[\"https:\\\/\\\/www.p31noticias.com.br\\\/?p=25977#respond\"]}],\"copyrightYear\":\"2022\",\"copyrightHolder\":{\"@id\":\"https:\\\/\\\/www.p31noticias.com.br\\\/#organization\"}},{\"@type\":\"WebPage\",\"@id\":\"https:\\\/\\\/www.p31noticias.com.br\\\/?p=25977\",\"url\":\"https:\\\/\\\/www.p31noticias.com.br\\\/?p=25977\",\"name\":\"\u2018Putin n\u00e3o quer voltar para casa de m\u00e3os abanando\u2019, diz especialista sobre guerra na Ucr\u00e2nia. - P31\",\"isPartOf\":{\"@id\":\"https:\\\/\\\/www.p31noticias.com.br\\\/#website\"},\"primaryImageOfPage\":{\"@id\":\"https:\\\/\\\/www.p31noticias.com.br\\\/?p=25977#primaryimage\"},\"image\":{\"@id\":\"https:\\\/\\\/www.p31noticias.com.br\\\/?p=25977#primaryimage\"},\"thumbnailUrl\":\"https:\\\/\\\/www.p31noticias.com.br\\\/wp-content\\\/uploads\\\/2022\\\/04\\\/4c8ce3bc988987313216cb202b89f5b8f0f3f140.webp\",\"datePublished\":\"2022-04-18T13:09:38+00:00\",\"author\":{\"@id\":\"https:\\\/\\\/www.p31noticias.com.br\\\/#\\\/schema\\\/person\\\/95f2ece30e3b4132065b915150cd0f94\"},\"breadcrumb\":{\"@id\":\"https:\\\/\\\/www.p31noticias.com.br\\\/?p=25977#breadcrumb\"},\"inLanguage\":\"pt-BR\",\"potentialAction\":[{\"@type\":\"ReadAction\",\"target\":[\"https:\\\/\\\/www.p31noticias.com.br\\\/?p=25977\"]}]},{\"@type\":\"ImageObject\",\"inLanguage\":\"pt-BR\",\"@id\":\"https:\\\/\\\/www.p31noticias.com.br\\\/?p=25977#primaryimage\",\"url\":\"https:\\\/\\\/www.p31noticias.com.br\\\/wp-content\\\/uploads\\\/2022\\\/04\\\/4c8ce3bc988987313216cb202b89f5b8f0f3f140.webp\",\"contentUrl\":\"https:\\\/\\\/www.p31noticias.com.br\\\/wp-content\\\/uploads\\\/2022\\\/04\\\/4c8ce3bc988987313216cb202b89f5b8f0f3f140.webp\",\"width\":1000,\"height\":700},{\"@type\":\"BreadcrumbList\",\"@id\":\"https:\\\/\\\/www.p31noticias.com.br\\\/?p=25977#breadcrumb\",\"itemListElement\":[{\"@type\":\"ListItem\",\"position\":1,\"name\":\"In\u00edcio\",\"item\":\"https:\\\/\\\/www.p31noticias.com.br\\\/\"},{\"@type\":\"ListItem\",\"position\":2,\"name\":\"\u2018Putin n\u00e3o quer voltar para casa de m\u00e3os abanando\u2019, diz especialista sobre guerra na Ucr\u00e2nia.\"}]},{\"@type\":\"WebSite\",\"@id\":\"https:\\\/\\\/www.p31noticias.com.br\\\/#website\",\"url\":\"https:\\\/\\\/www.p31noticias.com.br\\\/\",\"name\":\"P31\",\"description\":\"NOT\u00cdCIAS\",\"potentialAction\":[{\"@type\":\"SearchAction\",\"target\":{\"@type\":\"EntryPoint\",\"urlTemplate\":\"https:\\\/\\\/www.p31noticias.com.br\\\/?s={search_term_string}\"},\"query-input\":{\"@type\":\"PropertyValueSpecification\",\"valueRequired\":true,\"valueName\":\"search_term_string\"}}],\"inLanguage\":\"pt-BR\"},{\"@type\":\"Person\",\"@id\":\"https:\\\/\\\/www.p31noticias.com.br\\\/#\\\/schema\\\/person\\\/95f2ece30e3b4132065b915150cd0f94\",\"name\":\"Gon\u00e7alves Junior\",\"image\":{\"@type\":\"ImageObject\",\"inLanguage\":\"pt-BR\",\"@id\":\"https:\\\/\\\/secure.gravatar.com\\\/avatar\\\/6711f350116a89762687a48d66f723c799e5438a5b7578508d4294cd7a5d0800?s=96&d=mm&r=g\",\"url\":\"https:\\\/\\\/secure.gravatar.com\\\/avatar\\\/6711f350116a89762687a48d66f723c799e5438a5b7578508d4294cd7a5d0800?s=96&d=mm&r=g\",\"contentUrl\":\"https:\\\/\\\/secure.gravatar.com\\\/avatar\\\/6711f350116a89762687a48d66f723c799e5438a5b7578508d4294cd7a5d0800?s=96&d=mm&r=g\",\"caption\":\"Gon\u00e7alves Junior\"},\"url\":\"https:\\\/\\\/www.p31noticias.com.br\\\/?author=2\"}]}<\/script>\n<!-- \/ Yoast SEO Premium plugin. -->","yoast_head_json":{"title":"\u2018Putin n\u00e3o quer voltar para casa de m\u00e3os abanando\u2019, diz especialista sobre guerra na Ucr\u00e2nia. - P31","robots":{"index":"index","follow":"follow","max-snippet":"max-snippet:-1","max-image-preview":"max-image-preview:large","max-video-preview":"max-video-preview:-1"},"canonical":"https:\/\/www.p31noticias.com.br\/?p=25977","og_locale":"pt_BR","og_type":"article","og_title":"\u2018Putin n\u00e3o quer voltar para casa de m\u00e3os abanando\u2019, diz especialista sobre guerra na Ucr\u00e2nia.","og_description":"\u2018Frustra\u00e7\u00f5es\u2019 da R\u00fassia aumentam tens\u00f5es com a Otan e temor uso de armar nucleares. Um acordo entre a\u00a0R\u00fassia\u00a0e a\u00a0Ucr\u00e2nia\u00a0para um cessar-fogo est\u00e1 cada vez mais distante, e a perspectiva \u00e9 que o conflito se estenda por mais tempo. A avalia\u00e7\u00e3o \u00e9 do professor de Rela\u00e7\u00f5es Internacionais da ESPM, Alexandre Uehara, a respeito da situa\u00e7\u00e3o no [&hellip;]","og_url":"https:\/\/www.p31noticias.com.br\/?p=25977","og_site_name":"P31","article_published_time":"2022-04-18T13:09:38+00:00","og_image":[{"width":1000,"height":700,"url":"https:\/\/www.p31noticias.com.br\/wp-content\/uploads\/2022\/04\/4c8ce3bc988987313216cb202b89f5b8f0f3f140.webp","type":"image\/webp"}],"author":"Gon\u00e7alves Junior","twitter_card":"summary_large_image","twitter_misc":{"Escrito por":"Gon\u00e7alves Junior","Est. tempo de leitura":"2 minutos"},"schema":{"@context":"https:\/\/schema.org","@graph":[{"@type":"Article","@id":"https:\/\/www.p31noticias.com.br\/?p=25977#article","isPartOf":{"@id":"https:\/\/www.p31noticias.com.br\/?p=25977"},"author":{"name":"Gon\u00e7alves Junior","@id":"https:\/\/www.p31noticias.com.br\/#\/schema\/person\/95f2ece30e3b4132065b915150cd0f94"},"headline":"\u2018Putin n\u00e3o quer voltar para casa de m\u00e3os abanando\u2019, diz especialista sobre guerra na Ucr\u00e2nia.","datePublished":"2022-04-18T13:09:38+00:00","mainEntityOfPage":{"@id":"https:\/\/www.p31noticias.com.br\/?p=25977"},"wordCount":372,"commentCount":0,"image":{"@id":"https:\/\/www.p31noticias.com.br\/?p=25977#primaryimage"},"thumbnailUrl":"https:\/\/www.p31noticias.com.br\/wp-content\/uploads\/2022\/04\/4c8ce3bc988987313216cb202b89f5b8f0f3f140.webp","articleSection":["Outros"],"inLanguage":"pt-BR","potentialAction":[{"@type":"CommentAction","name":"Comment","target":["https:\/\/www.p31noticias.com.br\/?p=25977#respond"]}],"copyrightYear":"2022","copyrightHolder":{"@id":"https:\/\/www.p31noticias.com.br\/#organization"}},{"@type":"WebPage","@id":"https:\/\/www.p31noticias.com.br\/?p=25977","url":"https:\/\/www.p31noticias.com.br\/?p=25977","name":"\u2018Putin n\u00e3o quer voltar para casa de m\u00e3os abanando\u2019, diz especialista sobre guerra na Ucr\u00e2nia. - P31","isPartOf":{"@id":"https:\/\/www.p31noticias.com.br\/#website"},"primaryImageOfPage":{"@id":"https:\/\/www.p31noticias.com.br\/?p=25977#primaryimage"},"image":{"@id":"https:\/\/www.p31noticias.com.br\/?p=25977#primaryimage"},"thumbnailUrl":"https:\/\/www.p31noticias.com.br\/wp-content\/uploads\/2022\/04\/4c8ce3bc988987313216cb202b89f5b8f0f3f140.webp","datePublished":"2022-04-18T13:09:38+00:00","author":{"@id":"https:\/\/www.p31noticias.com.br\/#\/schema\/person\/95f2ece30e3b4132065b915150cd0f94"},"breadcrumb":{"@id":"https:\/\/www.p31noticias.com.br\/?p=25977#breadcrumb"},"inLanguage":"pt-BR","potentialAction":[{"@type":"ReadAction","target":["https:\/\/www.p31noticias.com.br\/?p=25977"]}]},{"@type":"ImageObject","inLanguage":"pt-BR","@id":"https:\/\/www.p31noticias.com.br\/?p=25977#primaryimage","url":"https:\/\/www.p31noticias.com.br\/wp-content\/uploads\/2022\/04\/4c8ce3bc988987313216cb202b89f5b8f0f3f140.webp","contentUrl":"https:\/\/www.p31noticias.com.br\/wp-content\/uploads\/2022\/04\/4c8ce3bc988987313216cb202b89f5b8f0f3f140.webp","width":1000,"height":700},{"@type":"BreadcrumbList","@id":"https:\/\/www.p31noticias.com.br\/?p=25977#breadcrumb","itemListElement":[{"@type":"ListItem","position":1,"name":"In\u00edcio","item":"https:\/\/www.p31noticias.com.br\/"},{"@type":"ListItem","position":2,"name":"\u2018Putin n\u00e3o quer voltar para casa de m\u00e3os abanando\u2019, diz especialista sobre guerra na Ucr\u00e2nia."}]},{"@type":"WebSite","@id":"https:\/\/www.p31noticias.com.br\/#website","url":"https:\/\/www.p31noticias.com.br\/","name":"P31","description":"NOT\u00cdCIAS","potentialAction":[{"@type":"SearchAction","target":{"@type":"EntryPoint","urlTemplate":"https:\/\/www.p31noticias.com.br\/?s={search_term_string}"},"query-input":{"@type":"PropertyValueSpecification","valueRequired":true,"valueName":"search_term_string"}}],"inLanguage":"pt-BR"},{"@type":"Person","@id":"https:\/\/www.p31noticias.com.br\/#\/schema\/person\/95f2ece30e3b4132065b915150cd0f94","name":"Gon\u00e7alves Junior","image":{"@type":"ImageObject","inLanguage":"pt-BR","@id":"https:\/\/secure.gravatar.com\/avatar\/6711f350116a89762687a48d66f723c799e5438a5b7578508d4294cd7a5d0800?s=96&d=mm&r=g","url":"https:\/\/secure.gravatar.com\/avatar\/6711f350116a89762687a48d66f723c799e5438a5b7578508d4294cd7a5d0800?s=96&d=mm&r=g","contentUrl":"https:\/\/secure.gravatar.com\/avatar\/6711f350116a89762687a48d66f723c799e5438a5b7578508d4294cd7a5d0800?s=96&d=mm&r=g","caption":"Gon\u00e7alves Junior"},"url":"https:\/\/www.p31noticias.com.br\/?author=2"}]}},"amp_enabled":true,"_links":{"self":[{"href":"https:\/\/www.p31noticias.com.br\/index.php?rest_route=\/wp\/v2\/posts\/25977","targetHints":{"allow":["GET"]}}],"collection":[{"href":"https:\/\/www.p31noticias.com.br\/index.php?rest_route=\/wp\/v2\/posts"}],"about":[{"href":"https:\/\/www.p31noticias.com.br\/index.php?rest_route=\/wp\/v2\/types\/post"}],"author":[{"embeddable":true,"href":"https:\/\/www.p31noticias.com.br\/index.php?rest_route=\/wp\/v2\/users\/2"}],"replies":[{"embeddable":true,"href":"https:\/\/www.p31noticias.com.br\/index.php?rest_route=%2Fwp%2Fv2%2Fcomments&post=25977"}],"version-history":[{"count":1,"href":"https:\/\/www.p31noticias.com.br\/index.php?rest_route=\/wp\/v2\/posts\/25977\/revisions"}],"predecessor-version":[{"id":25979,"href":"https:\/\/www.p31noticias.com.br\/index.php?rest_route=\/wp\/v2\/posts\/25977\/revisions\/25979"}],"wp:featuredmedia":[{"embeddable":true,"href":"https:\/\/www.p31noticias.com.br\/index.php?rest_route=\/wp\/v2\/media\/25978"}],"wp:attachment":[{"href":"https:\/\/www.p31noticias.com.br\/index.php?rest_route=%2Fwp%2Fv2%2Fmedia&parent=25977"}],"wp:term":[{"taxonomy":"category","embeddable":true,"href":"https:\/\/www.p31noticias.com.br\/index.php?rest_route=%2Fwp%2Fv2%2Fcategories&post=25977"},{"taxonomy":"post_tag","embeddable":true,"href":"https:\/\/www.p31noticias.com.br\/index.php?rest_route=%2Fwp%2Fv2%2Ftags&post=25977"}],"curies":[{"name":"wp","href":"https:\/\/api.w.org\/{rel}","templated":true}]}}