{"id":25971,"date":"2022-04-18T09:53:06","date_gmt":"2022-04-18T12:53:06","guid":{"rendered":"https:\/\/p31noticias.com.br\/?p=25971"},"modified":"2022-04-18T09:53:06","modified_gmt":"2022-04-18T12:53:06","slug":"governo-anuncia-fim-da-emergencia-sanitaria-por-covid-19-no-pais","status":"publish","type":"post","link":"https:\/\/www.p31noticias.com.br\/?p=25971","title":{"rendered":"Governo anuncia fim da emerg\u00eancia sanit\u00e1ria por covid-19 no pa\u00eds."},"content":{"rendered":"<h3 class=\"col-10 offset-1 animated fadeInDown dealy-900 display-8 display-md-8 alt-font font-italic my-1 text-center\" style=\"text-align: justify;\"><em><strong>Ministro da Sa\u00fade, Marcelo Queiroga, fez pronunciamento neste domingo.<\/strong><\/em><\/h3>\n<p style=\"text-align: justify;\">O ministro da Sa\u00fade, Marcelo Queiroga, anunciou em pronunciamento de r\u00e1dio e TV, na noite deste domingo (17), o fim da emerg\u00eancia de sa\u00fade p\u00fablica em decorr\u00eancia da pandemia. Segundo o ministro, o an\u00fancio foi poss\u00edvel por causa da melhora do cen\u00e1rio epidemiol\u00f3gico, da ampla cobertura vacinal\u00a0e da capacidade de assist\u00eancia do Sistema \u00danico de Sa\u00fade (SUS).<img decoding=\"async\" src=\"https:\/\/agenciabrasil.ebc.com.br\/ebc.png?id=1454501&amp;o=node\" \/><img decoding=\"async\" src=\"https:\/\/agenciabrasil.ebc.com.br\/ebc.gif?id=1454501&amp;o=node\" \/><\/p>\n<p style=\"text-align: justify;\">Ainda segundo o ministro, nos pr\u00f3ximos dias ser\u00e1 editado um ato normativo sobre a decis\u00e3o. Queiroga afirmou que a medida n\u00e3o significa o fim da covid-19. \u201cContinuaremos convivendo com o v\u00edrus. O Minist\u00e9rio da Sa\u00fade permanece vigilante e preparado para adotar todas as a\u00e7\u00f5es necess\u00e1rias para garantir a sa\u00fade dos brasileiros, em total respeito \u00e0 Constitui\u00e7\u00e3o Federal.\u201d<\/p>\n<h2 style=\"text-align: justify;\">Vacina\u00e7\u00e3o<\/h2>\n<p style=\"text-align: justify;\">No pronunciamento, o ministro falou que o pa\u00eds realizou a maior campanha de vacina\u00e7\u00e3o de sua hist\u00f3ria, com a distribui\u00e7\u00e3o de mais de 476 milh\u00f5es de doses de vacina. Foi ressaltado que mais de 73% dos brasileiros j\u00e1 completaram o esquema vacinal contra a covid-19 e 71 milh\u00f5es receberam a dose de refor\u00e7o.<\/p>\n<p style=\"text-align: justify;\">O ministro tamb\u00e9m destacou os investimentos feitos na \u00e1rea nos \u00faltimos dois anos. \u201cO governo federal, por meio do Minist\u00e9rio da Sa\u00fade, fortaleceu o SUS, com a expans\u00e3o da capacidade de vigil\u00e2ncia, amplia\u00e7\u00e3o na aten\u00e7\u00e3o prim\u00e1ria e especializada \u00e0 sa\u00fade. Foram mais de R$ 100 bilh\u00f5es destinados exclusivamente para o combate \u00e0 pandemia, al\u00e9m dos mais de R$ 492 bilh\u00f5es para o financiamento regular da sa\u00fade desde 2020\u201d, disse Queiroga.<\/p>\n<h2 style=\"text-align: justify;\">Emerg\u00eancia sanit\u00e1ria<\/h2>\n<p style=\"text-align: justify;\">O Brasil identificou a primeira contamina\u00e7\u00e3o pelo novo coronav\u00edrus no final de fevereiro de 2020, enquanto a Europa j\u00e1 registrava centenas de casos de covid-19. No dia 3 de fevereiro de 2020 o minist\u00e9rio declarou a covid-19 como uma emerg\u00eancia de sa\u00fade p\u00fablica de import\u00e2ncia nacional..<\/p>\n<p style=\"text-align: justify;\">A declara\u00e7\u00e3o de transmiss\u00e3o comunit\u00e1ria no pa\u00eds veio em mar\u00e7o, m\u00eas em que tamb\u00e9m foi registrada a primeira morte pela doen\u00e7a no pa\u00eds.\u00a0<a href=\"https:\/\/agenciabrasil.ebc.com.br\/saude\/noticia\/2022-04\/covid-19-brasil-tem-3025-milhoes-de-casos-e-6619-mil-mortes\" target=\"_blank\" rel=\"noopener\">Segundo \u00faltimo balan\u00e7o<\/a>, divulgado pelo Minist\u00e9rio da Sa\u00fade neste domingo, o Brasil registrou, desde o in\u00edcio da pandemia, 5.337.459 casos de covid-19 e 661.960 mortes. H\u00e1 29.227.051 pessoas que se recuperaram da doen\u00e7a, o que representa 96,6% dos infectados. H\u00e1 ainda 363.607 casos em acompanhamento.<\/p>\n<p>Ag\u00eancia Brasil.<\/p>\n","protected":false},"excerpt":{"rendered":"<p>Ministro da Sa\u00fade, Marcelo Queiroga, fez pronunciamento neste domingo. O ministro da Sa\u00fade, Marcelo Queiroga, anunciou em pronunciamento de r\u00e1dio e TV, na noite deste domingo (17), o fim da emerg\u00eancia de sa\u00fade p\u00fablica em decorr\u00eancia da pandemia. Segundo o ministro, o an\u00fancio foi poss\u00edvel por causa da melhora do cen\u00e1rio epidemiol\u00f3gico, da ampla cobertura [&hellip;]<\/p>\n","protected":false},"author":2,"featured_media":25972,"comment_status":"open","ping_status":"open","sticky":false,"template":"","format":"standard","meta":{"footnotes":""},"categories":[68,124],"tags":[],"class_list":{"0":"post-25971","1":"post","2":"type-post","3":"status-publish","4":"format-standard","5":"has-post-thumbnail","7":"category-brasil","8":"category-saude"},"yoast_head":"<!-- This site is optimized with the Yoast SEO Premium plugin v24.5 (Yoast SEO v27.5) - https:\/\/yoast.com\/product\/yoast-seo-premium-wordpress\/ -->\n<title>Governo anuncia fim da emerg\u00eancia sanit\u00e1ria por covid-19 no pa\u00eds. - P31<\/title>\n<meta name=\"robots\" content=\"index, follow, max-snippet:-1, max-image-preview:large, max-video-preview:-1\" \/>\n<link rel=\"canonical\" href=\"https:\/\/www.p31noticias.com.br\/?p=25971\" \/>\n<meta property=\"og:locale\" content=\"pt_BR\" \/>\n<meta property=\"og:type\" content=\"article\" \/>\n<meta property=\"og:title\" content=\"Governo anuncia fim da emerg\u00eancia sanit\u00e1ria por covid-19 no pa\u00eds.\" \/>\n<meta property=\"og:description\" content=\"Ministro da Sa\u00fade, Marcelo Queiroga, fez pronunciamento neste domingo. O ministro da Sa\u00fade, Marcelo Queiroga, anunciou em pronunciamento de r\u00e1dio e TV, na noite deste domingo (17), o fim da emerg\u00eancia de sa\u00fade p\u00fablica em decorr\u00eancia da pandemia. Segundo o ministro, o an\u00fancio foi poss\u00edvel por causa da melhora do cen\u00e1rio epidemiol\u00f3gico, da ampla cobertura [&hellip;]\" \/>\n<meta property=\"og:url\" content=\"https:\/\/www.p31noticias.com.br\/?p=25971\" \/>\n<meta property=\"og:site_name\" content=\"P31\" \/>\n<meta property=\"article:published_time\" content=\"2022-04-18T12:53:06+00:00\" \/>\n<meta property=\"og:image\" content=\"https:\/\/www.p31noticias.com.br\/wp-content\/uploads\/2022\/04\/01queiroga.jpg\" \/>\n\t<meta property=\"og:image:width\" content=\"1170\" \/>\n\t<meta property=\"og:image:height\" content=\"700\" \/>\n\t<meta property=\"og:image:type\" content=\"image\/jpeg\" \/>\n<meta name=\"author\" content=\"Gon\u00e7alves Junior\" \/>\n<meta name=\"twitter:card\" content=\"summary_large_image\" \/>\n<meta name=\"twitter:label1\" content=\"Escrito por\" \/>\n\t<meta name=\"twitter:data1\" content=\"Gon\u00e7alves Junior\" \/>\n\t<meta name=\"twitter:label2\" content=\"Est. tempo de leitura\" \/>\n\t<meta name=\"twitter:data2\" content=\"2 minutos\" \/>\n<script type=\"application\/ld+json\" class=\"yoast-schema-graph\">{\"@context\":\"https:\\\/\\\/schema.org\",\"@graph\":[{\"@type\":\"Article\",\"@id\":\"https:\\\/\\\/www.p31noticias.com.br\\\/?p=25971#article\",\"isPartOf\":{\"@id\":\"https:\\\/\\\/www.p31noticias.com.br\\\/?p=25971\"},\"author\":{\"name\":\"Gon\u00e7alves Junior\",\"@id\":\"https:\\\/\\\/www.p31noticias.com.br\\\/#\\\/schema\\\/person\\\/95f2ece30e3b4132065b915150cd0f94\"},\"headline\":\"Governo anuncia fim da emerg\u00eancia sanit\u00e1ria por covid-19 no pa\u00eds.\",\"datePublished\":\"2022-04-18T12:53:06+00:00\",\"mainEntityOfPage\":{\"@id\":\"https:\\\/\\\/www.p31noticias.com.br\\\/?p=25971\"},\"wordCount\":429,\"commentCount\":0,\"image\":{\"@id\":\"https:\\\/\\\/www.p31noticias.com.br\\\/?p=25971#primaryimage\"},\"thumbnailUrl\":\"https:\\\/\\\/www.p31noticias.com.br\\\/wp-content\\\/uploads\\\/2022\\\/04\\\/01queiroga.jpg\",\"articleSection\":[\"Brasil\",\"Sa\u00fade\"],\"inLanguage\":\"pt-BR\",\"potentialAction\":[{\"@type\":\"CommentAction\",\"name\":\"Comment\",\"target\":[\"https:\\\/\\\/www.p31noticias.com.br\\\/?p=25971#respond\"]}],\"copyrightYear\":\"2022\",\"copyrightHolder\":{\"@id\":\"https:\\\/\\\/www.p31noticias.com.br\\\/#organization\"}},{\"@type\":\"WebPage\",\"@id\":\"https:\\\/\\\/www.p31noticias.com.br\\\/?p=25971\",\"url\":\"https:\\\/\\\/www.p31noticias.com.br\\\/?p=25971\",\"name\":\"Governo anuncia fim da emerg\u00eancia sanit\u00e1ria por covid-19 no pa\u00eds. - P31\",\"isPartOf\":{\"@id\":\"https:\\\/\\\/www.p31noticias.com.br\\\/#website\"},\"primaryImageOfPage\":{\"@id\":\"https:\\\/\\\/www.p31noticias.com.br\\\/?p=25971#primaryimage\"},\"image\":{\"@id\":\"https:\\\/\\\/www.p31noticias.com.br\\\/?p=25971#primaryimage\"},\"thumbnailUrl\":\"https:\\\/\\\/www.p31noticias.com.br\\\/wp-content\\\/uploads\\\/2022\\\/04\\\/01queiroga.jpg\",\"datePublished\":\"2022-04-18T12:53:06+00:00\",\"author\":{\"@id\":\"https:\\\/\\\/www.p31noticias.com.br\\\/#\\\/schema\\\/person\\\/95f2ece30e3b4132065b915150cd0f94\"},\"breadcrumb\":{\"@id\":\"https:\\\/\\\/www.p31noticias.com.br\\\/?p=25971#breadcrumb\"},\"inLanguage\":\"pt-BR\",\"potentialAction\":[{\"@type\":\"ReadAction\",\"target\":[\"https:\\\/\\\/www.p31noticias.com.br\\\/?p=25971\"]}]},{\"@type\":\"ImageObject\",\"inLanguage\":\"pt-BR\",\"@id\":\"https:\\\/\\\/www.p31noticias.com.br\\\/?p=25971#primaryimage\",\"url\":\"https:\\\/\\\/www.p31noticias.com.br\\\/wp-content\\\/uploads\\\/2022\\\/04\\\/01queiroga.jpg\",\"contentUrl\":\"https:\\\/\\\/www.p31noticias.com.br\\\/wp-content\\\/uploads\\\/2022\\\/04\\\/01queiroga.jpg\",\"width\":1170,\"height\":700,\"caption\":\"O ministro da Sa\u00fade, Marcelo Queiroga, faz pronunciamento em Rede Nacional Obrigat\u00f3ria de Emissoras de R\u00e1dio e Televis\u00e3o.\"},{\"@type\":\"BreadcrumbList\",\"@id\":\"https:\\\/\\\/www.p31noticias.com.br\\\/?p=25971#breadcrumb\",\"itemListElement\":[{\"@type\":\"ListItem\",\"position\":1,\"name\":\"In\u00edcio\",\"item\":\"https:\\\/\\\/www.p31noticias.com.br\\\/\"},{\"@type\":\"ListItem\",\"position\":2,\"name\":\"Governo anuncia fim da emerg\u00eancia sanit\u00e1ria por covid-19 no pa\u00eds.\"}]},{\"@type\":\"WebSite\",\"@id\":\"https:\\\/\\\/www.p31noticias.com.br\\\/#website\",\"url\":\"https:\\\/\\\/www.p31noticias.com.br\\\/\",\"name\":\"P31\",\"description\":\"NOT\u00cdCIAS\",\"potentialAction\":[{\"@type\":\"SearchAction\",\"target\":{\"@type\":\"EntryPoint\",\"urlTemplate\":\"https:\\\/\\\/www.p31noticias.com.br\\\/?s={search_term_string}\"},\"query-input\":{\"@type\":\"PropertyValueSpecification\",\"valueRequired\":true,\"valueName\":\"search_term_string\"}}],\"inLanguage\":\"pt-BR\"},{\"@type\":\"Person\",\"@id\":\"https:\\\/\\\/www.p31noticias.com.br\\\/#\\\/schema\\\/person\\\/95f2ece30e3b4132065b915150cd0f94\",\"name\":\"Gon\u00e7alves Junior\",\"image\":{\"@type\":\"ImageObject\",\"inLanguage\":\"pt-BR\",\"@id\":\"https:\\\/\\\/secure.gravatar.com\\\/avatar\\\/6711f350116a89762687a48d66f723c799e5438a5b7578508d4294cd7a5d0800?s=96&d=mm&r=g\",\"url\":\"https:\\\/\\\/secure.gravatar.com\\\/avatar\\\/6711f350116a89762687a48d66f723c799e5438a5b7578508d4294cd7a5d0800?s=96&d=mm&r=g\",\"contentUrl\":\"https:\\\/\\\/secure.gravatar.com\\\/avatar\\\/6711f350116a89762687a48d66f723c799e5438a5b7578508d4294cd7a5d0800?s=96&d=mm&r=g\",\"caption\":\"Gon\u00e7alves Junior\"},\"url\":\"https:\\\/\\\/www.p31noticias.com.br\\\/?author=2\"}]}<\/script>\n<!-- \/ Yoast SEO Premium plugin. -->","yoast_head_json":{"title":"Governo anuncia fim da emerg\u00eancia sanit\u00e1ria por covid-19 no pa\u00eds. - P31","robots":{"index":"index","follow":"follow","max-snippet":"max-snippet:-1","max-image-preview":"max-image-preview:large","max-video-preview":"max-video-preview:-1"},"canonical":"https:\/\/www.p31noticias.com.br\/?p=25971","og_locale":"pt_BR","og_type":"article","og_title":"Governo anuncia fim da emerg\u00eancia sanit\u00e1ria por covid-19 no pa\u00eds.","og_description":"Ministro da Sa\u00fade, Marcelo Queiroga, fez pronunciamento neste domingo. O ministro da Sa\u00fade, Marcelo Queiroga, anunciou em pronunciamento de r\u00e1dio e TV, na noite deste domingo (17), o fim da emerg\u00eancia de sa\u00fade p\u00fablica em decorr\u00eancia da pandemia. Segundo o ministro, o an\u00fancio foi poss\u00edvel por causa da melhora do cen\u00e1rio epidemiol\u00f3gico, da ampla cobertura [&hellip;]","og_url":"https:\/\/www.p31noticias.com.br\/?p=25971","og_site_name":"P31","article_published_time":"2022-04-18T12:53:06+00:00","og_image":[{"width":1170,"height":700,"url":"https:\/\/www.p31noticias.com.br\/wp-content\/uploads\/2022\/04\/01queiroga.jpg","type":"image\/jpeg"}],"author":"Gon\u00e7alves Junior","twitter_card":"summary_large_image","twitter_misc":{"Escrito por":"Gon\u00e7alves Junior","Est. tempo de leitura":"2 minutos"},"schema":{"@context":"https:\/\/schema.org","@graph":[{"@type":"Article","@id":"https:\/\/www.p31noticias.com.br\/?p=25971#article","isPartOf":{"@id":"https:\/\/www.p31noticias.com.br\/?p=25971"},"author":{"name":"Gon\u00e7alves Junior","@id":"https:\/\/www.p31noticias.com.br\/#\/schema\/person\/95f2ece30e3b4132065b915150cd0f94"},"headline":"Governo anuncia fim da emerg\u00eancia sanit\u00e1ria por covid-19 no pa\u00eds.","datePublished":"2022-04-18T12:53:06+00:00","mainEntityOfPage":{"@id":"https:\/\/www.p31noticias.com.br\/?p=25971"},"wordCount":429,"commentCount":0,"image":{"@id":"https:\/\/www.p31noticias.com.br\/?p=25971#primaryimage"},"thumbnailUrl":"https:\/\/www.p31noticias.com.br\/wp-content\/uploads\/2022\/04\/01queiroga.jpg","articleSection":["Brasil","Sa\u00fade"],"inLanguage":"pt-BR","potentialAction":[{"@type":"CommentAction","name":"Comment","target":["https:\/\/www.p31noticias.com.br\/?p=25971#respond"]}],"copyrightYear":"2022","copyrightHolder":{"@id":"https:\/\/www.p31noticias.com.br\/#organization"}},{"@type":"WebPage","@id":"https:\/\/www.p31noticias.com.br\/?p=25971","url":"https:\/\/www.p31noticias.com.br\/?p=25971","name":"Governo anuncia fim da emerg\u00eancia sanit\u00e1ria por covid-19 no pa\u00eds. - P31","isPartOf":{"@id":"https:\/\/www.p31noticias.com.br\/#website"},"primaryImageOfPage":{"@id":"https:\/\/www.p31noticias.com.br\/?p=25971#primaryimage"},"image":{"@id":"https:\/\/www.p31noticias.com.br\/?p=25971#primaryimage"},"thumbnailUrl":"https:\/\/www.p31noticias.com.br\/wp-content\/uploads\/2022\/04\/01queiroga.jpg","datePublished":"2022-04-18T12:53:06+00:00","author":{"@id":"https:\/\/www.p31noticias.com.br\/#\/schema\/person\/95f2ece30e3b4132065b915150cd0f94"},"breadcrumb":{"@id":"https:\/\/www.p31noticias.com.br\/?p=25971#breadcrumb"},"inLanguage":"pt-BR","potentialAction":[{"@type":"ReadAction","target":["https:\/\/www.p31noticias.com.br\/?p=25971"]}]},{"@type":"ImageObject","inLanguage":"pt-BR","@id":"https:\/\/www.p31noticias.com.br\/?p=25971#primaryimage","url":"https:\/\/www.p31noticias.com.br\/wp-content\/uploads\/2022\/04\/01queiroga.jpg","contentUrl":"https:\/\/www.p31noticias.com.br\/wp-content\/uploads\/2022\/04\/01queiroga.jpg","width":1170,"height":700,"caption":"O ministro da Sa\u00fade, Marcelo Queiroga, faz pronunciamento em Rede Nacional Obrigat\u00f3ria de Emissoras de R\u00e1dio e Televis\u00e3o."},{"@type":"BreadcrumbList","@id":"https:\/\/www.p31noticias.com.br\/?p=25971#breadcrumb","itemListElement":[{"@type":"ListItem","position":1,"name":"In\u00edcio","item":"https:\/\/www.p31noticias.com.br\/"},{"@type":"ListItem","position":2,"name":"Governo anuncia fim da emerg\u00eancia sanit\u00e1ria por covid-19 no pa\u00eds."}]},{"@type":"WebSite","@id":"https:\/\/www.p31noticias.com.br\/#website","url":"https:\/\/www.p31noticias.com.br\/","name":"P31","description":"NOT\u00cdCIAS","potentialAction":[{"@type":"SearchAction","target":{"@type":"EntryPoint","urlTemplate":"https:\/\/www.p31noticias.com.br\/?s={search_term_string}"},"query-input":{"@type":"PropertyValueSpecification","valueRequired":true,"valueName":"search_term_string"}}],"inLanguage":"pt-BR"},{"@type":"Person","@id":"https:\/\/www.p31noticias.com.br\/#\/schema\/person\/95f2ece30e3b4132065b915150cd0f94","name":"Gon\u00e7alves Junior","image":{"@type":"ImageObject","inLanguage":"pt-BR","@id":"https:\/\/secure.gravatar.com\/avatar\/6711f350116a89762687a48d66f723c799e5438a5b7578508d4294cd7a5d0800?s=96&d=mm&r=g","url":"https:\/\/secure.gravatar.com\/avatar\/6711f350116a89762687a48d66f723c799e5438a5b7578508d4294cd7a5d0800?s=96&d=mm&r=g","contentUrl":"https:\/\/secure.gravatar.com\/avatar\/6711f350116a89762687a48d66f723c799e5438a5b7578508d4294cd7a5d0800?s=96&d=mm&r=g","caption":"Gon\u00e7alves Junior"},"url":"https:\/\/www.p31noticias.com.br\/?author=2"}]}},"amp_enabled":true,"_links":{"self":[{"href":"https:\/\/www.p31noticias.com.br\/index.php?rest_route=\/wp\/v2\/posts\/25971","targetHints":{"allow":["GET"]}}],"collection":[{"href":"https:\/\/www.p31noticias.com.br\/index.php?rest_route=\/wp\/v2\/posts"}],"about":[{"href":"https:\/\/www.p31noticias.com.br\/index.php?rest_route=\/wp\/v2\/types\/post"}],"author":[{"embeddable":true,"href":"https:\/\/www.p31noticias.com.br\/index.php?rest_route=\/wp\/v2\/users\/2"}],"replies":[{"embeddable":true,"href":"https:\/\/www.p31noticias.com.br\/index.php?rest_route=%2Fwp%2Fv2%2Fcomments&post=25971"}],"version-history":[{"count":1,"href":"https:\/\/www.p31noticias.com.br\/index.php?rest_route=\/wp\/v2\/posts\/25971\/revisions"}],"predecessor-version":[{"id":25973,"href":"https:\/\/www.p31noticias.com.br\/index.php?rest_route=\/wp\/v2\/posts\/25971\/revisions\/25973"}],"wp:featuredmedia":[{"embeddable":true,"href":"https:\/\/www.p31noticias.com.br\/index.php?rest_route=\/wp\/v2\/media\/25972"}],"wp:attachment":[{"href":"https:\/\/www.p31noticias.com.br\/index.php?rest_route=%2Fwp%2Fv2%2Fmedia&parent=25971"}],"wp:term":[{"taxonomy":"category","embeddable":true,"href":"https:\/\/www.p31noticias.com.br\/index.php?rest_route=%2Fwp%2Fv2%2Fcategories&post=25971"},{"taxonomy":"post_tag","embeddable":true,"href":"https:\/\/www.p31noticias.com.br\/index.php?rest_route=%2Fwp%2Fv2%2Ftags&post=25971"}],"curies":[{"name":"wp","href":"https:\/\/api.w.org\/{rel}","templated":true}]}}