{"id":25966,"date":"2022-04-17T09:38:51","date_gmt":"2022-04-17T12:38:51","guid":{"rendered":"https:\/\/p31noticias.com.br\/?p=25966"},"modified":"2022-04-17T09:38:51","modified_gmt":"2022-04-17T12:38:51","slug":"zero-violencia-nas-escolas-civico-militares","status":"publish","type":"post","link":"https:\/\/www.p31noticias.com.br\/?p=25966","title":{"rendered":"Zero viol\u00eancia nas escolas c\u00edvico-militares."},"content":{"rendered":"<p style=\"text-align: justify;\"><em><strong>De acordo com as secretarias de Educa\u00e7\u00e3o e de Seguran\u00e7a P\u00fablica, a gest\u00e3o compartilhada tem sido efetiva na preven\u00e7\u00e3o de casos de agress\u00e3o no ambiente escolar.<\/strong><\/em><\/p>\n<p style=\"text-align: justify;\">As drogas e a viol\u00eancia eram situa\u00e7\u00f5es corriqueiras na realidade do Centro Educacional 1 do Itapo\u00e3, que atende 2.414 alunos do 6\u00ba ano ao ensino m\u00e9dio. No entanto, isso mudou em 2019, quando a comunidade escolar aprovou a inser\u00e7\u00e3o no projeto Escolas de Gest\u00e3o Compartilhada (EGCs). O CED 1 do Itapo\u00e3 est\u00e1 entre as 15 escolas do Distrito Federal que integram o programa. Desde o in\u00edcio do ano letivo em 2022, nenhuma das unidades registrou qualquer situa\u00e7\u00e3o de viol\u00eancia.<\/p>\n<blockquote class=\"olho esquerda\"><p><span class=\"olho__texto h2 clearfix\">\u201cComo existem nas escolas os profissionais da seguran\u00e7a p\u00fablica, eles sabem identificar os sinais das crian\u00e7as que est\u00e3o passando por dificuldades. E, se tiver alguma situa\u00e7\u00e3o de viol\u00eancia, saber\u00e3o dar o encaminhamento\u201d<\/span><span class=\"olho__assinatura block\">\u2013 Coronel Alexandre Ferro, subsecret\u00e1rio das Escolas de Gest\u00e3o Compartilhadas<\/span><\/p><\/blockquote>\n<p style=\"text-align: justify;\">As EGCs s\u00e3o uma parceria entre as secretarias de Educa\u00e7\u00e3o e de Seguran\u00e7a P\u00fablica, em que as pastas dividem as atribui\u00e7\u00f5es: a parte pedag\u00f3gica fica a cargo dos profissionais da educa\u00e7\u00e3o e a \u00e1rea disciplinar, da Pol\u00edcia Militar ou do Corpo de Bombeiros. Das 15 escolas, 11 s\u00e3o geridas pela Secretaria de Educa\u00e7\u00e3o em conjunto com a Secretaria de Seguran\u00e7a P\u00fablica e as demais \u2013 quatro ao todo \u2013 s\u00e3o de uma parceria do Minist\u00e9rio da Educa\u00e7\u00e3o com as For\u00e7as Armadas.<\/p>\n<p style=\"text-align: justify;\">\u201cEra um desejo meu [fazer parte da gest\u00e3o compartilhada], tendo em vista a nossa dificuldade, principalmente, com as drogas e a viol\u00eancia na escola. Para n\u00f3s fez grande diferen\u00e7a, mudou completamente o nosso cen\u00e1rio. N\u00e3o temos mais problemas com drogas e traficantes e a viol\u00eancia tamb\u00e9m diminuiu\u201d, conta a diretora do CED 1 do Itapo\u00e3, Liesi Beatriz Maciel de Sousa.<\/p>\n<figure id=\"attachment_395265\" class=\"wp-caption aligncenter\" style=\"text-align: justify;\" aria-describedby=\"caption-attachment-395265\"><img loading=\"lazy\" decoding=\"async\" class=\"wp-image-395265 size-large\" src=\"http:\/\/www.agenciabrasilia.df.gov.br\/wp-conteudo\/uploads\/2022\/04\/RNA6788-1024x681.jpg\" sizes=\"auto, (max-width: 525px) 100vw, 525px\" srcset=\"https:\/\/www.agenciabrasilia.df.gov.br\/wp-conteudo\/uploads\/2022\/04\/RNA6788-1024x681.jpg 1024w, https:\/\/www.agenciabrasilia.df.gov.br\/wp-conteudo\/uploads\/2022\/04\/RNA6788-300x200.jpg 300w, https:\/\/www.agenciabrasilia.df.gov.br\/wp-conteudo\/uploads\/2022\/04\/RNA6788-768x511.jpg 768w, https:\/\/www.agenciabrasilia.df.gov.br\/wp-conteudo\/uploads\/2022\/04\/RNA6788-1536x1022.jpg 1536w, https:\/\/www.agenciabrasilia.df.gov.br\/wp-conteudo\/uploads\/2022\/04\/RNA6788-2048x1363.jpg 2048w\" alt=\"\" width=\"525\" height=\"349\" \/><figcaption id=\"caption-attachment-395265\" class=\"wp-caption-text\">\u201cNossa presen\u00e7a aqui fez com que houvesse mais controle, uma calma, um sentimento de seguran\u00e7a\u201d, avalia o capit\u00e3o Souza Matos<\/figcaption><\/figure>\n<p style=\"text-align: justify;\">Al\u00e9m disso, o formato de gest\u00e3o d\u00e1 mais autonomia para que os profissionais se dediquem \u00e0 parte educacional. \u201cEu n\u00e3o tinha tempo para me preocupar com a parte pedag\u00f3gica. Agora tenho um diretor disciplinar, com isso tenho mais tempo para me debru\u00e7ar. \u00c9 um grande ganho\u201d, completa.<\/p>\n<p style=\"text-align: justify;\">Para o subsecret\u00e1rio das Escolas de Gest\u00e3o Compartilhada, coronel Alexandre Ferro, essa diferen\u00e7a de realidade se deve \u00e0 presen\u00e7a da seguran\u00e7a na escola. \u201cComo existem nas escolas os profissionais da seguran\u00e7a p\u00fablica, eles sabem identificar os sinais das crian\u00e7as que est\u00e3o passando por dificuldades. E se tiver alguma situa\u00e7\u00e3o de viol\u00eancia, saber\u00e3o dar o encaminhamento\u201d, explica. O encaminhamento pode ser tanto no sentido disciplinar, dentro da pr\u00f3pria escola, como na condu\u00e7\u00e3o at\u00e9 a Delegacia da Crian\u00e7a e do Adolescente.<\/p>\n<figure id=\"attachment_395278\" class=\"wp-caption aligncenter\" style=\"text-align: justify;\" aria-describedby=\"caption-attachment-395278\"><img loading=\"lazy\" decoding=\"async\" class=\"wp-image-395278 size-large\" src=\"http:\/\/www.agenciabrasilia.df.gov.br\/wp-conteudo\/uploads\/2022\/04\/Meyre-Cristina-1024x681.jpg\" sizes=\"auto, (max-width: 525px) 100vw, 525px\" srcset=\"https:\/\/www.agenciabrasilia.df.gov.br\/wp-conteudo\/uploads\/2022\/04\/Meyre-Cristina-1024x681.jpg 1024w, https:\/\/www.agenciabrasilia.df.gov.br\/wp-conteudo\/uploads\/2022\/04\/Meyre-Cristina-300x200.jpg 300w, https:\/\/www.agenciabrasilia.df.gov.br\/wp-conteudo\/uploads\/2022\/04\/Meyre-Cristina-768x511.jpg 768w, https:\/\/www.agenciabrasilia.df.gov.br\/wp-conteudo\/uploads\/2022\/04\/Meyre-Cristina-1536x1022.jpg 1536w, https:\/\/www.agenciabrasilia.df.gov.br\/wp-conteudo\/uploads\/2022\/04\/Meyre-Cristina-2048x1363.jpg 2048w\" alt=\"\" width=\"525\" height=\"349\" \/><figcaption id=\"caption-attachment-395278\" class=\"wp-caption-text\">Meire Cristina da Silva, m\u00e3e do aluno Jo\u00e3o Pedro Paz, diz que a seguran\u00e7a foi determinante para a decis\u00e3o de matricular o filho na escola<\/figcaption><\/figure>\n<p style=\"text-align: justify;\">\u201cH\u00e1 um trabalho preventivo. Os militares se aproximam das crian\u00e7as, fazem parte de um ciclo de amizade e, quando existe uma propens\u00e3o, as pr\u00f3prias crian\u00e7as informam\u201d, explica o ponto focal das escolas c\u00edvico-militares da Secretaria de Educa\u00e7\u00e3o no DF, Wagner Santana.<\/p>\n<p style=\"text-align: justify;\">\u00c9 o que confirma a adolescente Raquel Alves, 13 anos, do 8\u00ba ano do CED 1 do Itapo\u00e3: \u201cEu me sinto mais segura. Podemos contar com eles [os policiais]. A gente se sente mais \u00e0 vontade para contar coisas desse tipo [viol\u00eancia e\u00a0<em>bullying<\/em>], porque vamos ter uma defesa maior\u201d. Por conta da seguran\u00e7a, Raquel diz que a m\u00e3e est\u00e1 tentando uma vaga tamb\u00e9m para a irm\u00e3 dela. \u201cMeus pais gostam muito. Est\u00e3o tentando trazer minha irm\u00e3 mais nova para c\u00e1 tamb\u00e9m\u201d, acrescenta.<\/p>\n<figure id=\"attachment_395274\" class=\"wp-caption aligncenter\" style=\"text-align: justify;\" aria-describedby=\"caption-attachment-395274\"><img loading=\"lazy\" decoding=\"async\" class=\"wp-image-395274 size-large\" src=\"http:\/\/www.agenciabrasilia.df.gov.br\/wp-conteudo\/uploads\/2022\/04\/RNA6867-1024x681.jpg\" sizes=\"auto, (max-width: 525px) 100vw, 525px\" srcset=\"https:\/\/www.agenciabrasilia.df.gov.br\/wp-conteudo\/uploads\/2022\/04\/RNA6867-1024x681.jpg 1024w, https:\/\/www.agenciabrasilia.df.gov.br\/wp-conteudo\/uploads\/2022\/04\/RNA6867-300x200.jpg 300w, https:\/\/www.agenciabrasilia.df.gov.br\/wp-conteudo\/uploads\/2022\/04\/RNA6867-768x511.jpg 768w, https:\/\/www.agenciabrasilia.df.gov.br\/wp-conteudo\/uploads\/2022\/04\/RNA6867-1536x1022.jpg 1536w, https:\/\/www.agenciabrasilia.df.gov.br\/wp-conteudo\/uploads\/2022\/04\/RNA6867-2048x1363.jpg 2048w\" alt=\"\" width=\"525\" height=\"349\" \/><figcaption id=\"caption-attachment-395274\" class=\"wp-caption-text\">O subsecret\u00e1rio das Escolas de Gest\u00e3o Compartilhada, coronel Alexandre Ferro, e a diretora do CED 1 do Itapo\u00e3, Liesi Beatriz Maciel de Sousa: programa investe em a\u00e7\u00f5es culturais, como a banda sinf\u00f4nica<\/figcaption><\/figure>\n<p style=\"text-align: justify;\">M\u00e3e de Jo\u00e3o Pedro Paz, de 14 anos, Meire Cristina da Silva, diz que a seguran\u00e7a foi um dos fatores essenciais para colocar o filho na escola. \u201cOptei por trazer ele para c\u00e1 e ele est\u00e1 adorando. \u00c9 bem-organizado e ele se sente mais seguro aqui, at\u00e9 em rela\u00e7\u00e3o a pegar o \u00f4nibus. A parada \u00e9 pr\u00f3xima e os policiais sempre ficam olhando eles irem embora. Acho mais seguro, fico mais tranquila\u201d, revela.<\/p>\n<figure id=\"attachment_395284\" class=\"wp-caption aligncenter\" style=\"text-align: justify;\" aria-describedby=\"caption-attachment-395284\"><img loading=\"lazy\" decoding=\"async\" class=\"wp-image-395284 size-full\" src=\"http:\/\/www.agenciabrasilia.df.gov.br\/wp-conteudo\/uploads\/2022\/04\/RNA6889-scaled.jpg\" sizes=\"auto, (max-width: 2560px) 100vw, 2560px\" srcset=\"https:\/\/www.agenciabrasilia.df.gov.br\/wp-conteudo\/uploads\/2022\/04\/RNA6889-scaled.jpg 2560w, https:\/\/www.agenciabrasilia.df.gov.br\/wp-conteudo\/uploads\/2022\/04\/RNA6889-300x200.jpg 300w, https:\/\/www.agenciabrasilia.df.gov.br\/wp-conteudo\/uploads\/2022\/04\/RNA6889-1024x682.jpg 1024w, https:\/\/www.agenciabrasilia.df.gov.br\/wp-conteudo\/uploads\/2022\/04\/RNA6889-768x511.jpg 768w, https:\/\/www.agenciabrasilia.df.gov.br\/wp-conteudo\/uploads\/2022\/04\/RNA6889-1536x1023.jpg 1536w, https:\/\/www.agenciabrasilia.df.gov.br\/wp-conteudo\/uploads\/2022\/04\/RNA6889-2048x1364.jpg 2048w\" alt=\"\" width=\"2560\" height=\"1705\" \/><figcaption id=\"caption-attachment-395284\" class=\"wp-caption-text\">Policiais levaram para a escola mais atividades f\u00edsicas<\/figcaption><\/figure>\n<p style=\"text-align: justify;\"><strong>Esporte como escape<\/strong><\/p>\n<p style=\"text-align: justify;\">O diretor disciplinar do CED 1, capit\u00e3o Souza Matos, diz que a equipe identificou que os alunos voltaram com uma carga excessiva de energia, o que pode ter rela\u00e7\u00e3o com o maior n\u00famero de casos de viol\u00eancia no ambiente escolar em todo o pa\u00eds. \u201cNesse sentido, temos observado que eles est\u00e3o mais energ\u00e9ticos. Mas a nossa presen\u00e7a aqui fez com que houvesse mais controle, uma calma, um sentimento de seguran\u00e7a\u201d, afirma.<\/p>\n<p style=\"text-align: justify;\">Para enfrentar este momento, os policiais levaram para a escola mais atividades f\u00edsicas, a exemplo do pilates e de algumas artes marciais. Tamb\u00e9m faz parte do programa investir em a\u00e7\u00f5es culturais, como a banda sinf\u00f4nica, e esportivas, a exemplo da iniciativa Escola de Campe\u00f5es, que oferece futebol, handebol, atletismo, voleibol, basquete e xadrez.<\/p>\n<p style=\"text-align: justify;\">\u201cS\u00e3o atividades oferecidas no contraturno para que essa crian\u00e7a possa sair do ambiente de vulnerabilidade e de viol\u00eancia, ficando protegida na escola. \u00c9 um modelo que j\u00e1 trouxe muitos ganhos na parte pedag\u00f3gica que podem ser conferidos nos indicadores da educa\u00e7\u00e3o b\u00e1sica e na diminui\u00e7\u00e3o dos \u00edndices de reprova\u00e7\u00e3o e evas\u00e3o escolar\u201d, defende o coronel Ferro, tamb\u00e9m citando que o formato ajuda a combater ainda o ambiente de viol\u00eancia vivenciado pelos alunos fora da escola.<\/p>\n<p style=\"text-align: justify;\">Com a onda de casos de viol\u00eancia nas escolas, o governo lan\u00e7ou o Plano de Urg\u00eancia pela Paz nas Unidades Escolares do Distrito Federal. O pacote de iniciativas integra 126 escolas nas quais foi detectado o maior n\u00famero de casos de brigas e agress\u00f5es entre os alunos. Al\u00e9m das secretarias de Educa\u00e7\u00e3o, que coordena a comiss\u00e3o, e de Seguran\u00e7a P\u00fablica, o grupo tem participa\u00e7\u00e3o das pastas da Sa\u00fade, Esportes, Juventude e Justi\u00e7a. Tamb\u00e9m foi divulgado o Caderno de Conviv\u00eancia Escolar e Cultura de Paz.<\/p>\n<p style=\"text-align: justify;\">Ag\u00eancia Brasilia.<\/p>\n","protected":false},"excerpt":{"rendered":"<p>De acordo com as secretarias de Educa\u00e7\u00e3o e de Seguran\u00e7a P\u00fablica, a gest\u00e3o compartilhada tem sido efetiva na preven\u00e7\u00e3o de casos de agress\u00e3o no ambiente escolar. As drogas e a viol\u00eancia eram situa\u00e7\u00f5es corriqueiras na realidade do Centro Educacional 1 do Itapo\u00e3, que atende 2.414 alunos do 6\u00ba ano ao ensino m\u00e9dio. No entanto, isso [&hellip;]<\/p>\n","protected":false},"author":2,"featured_media":25967,"comment_status":"open","ping_status":"open","sticky":false,"template":"","format":"standard","meta":{"footnotes":""},"categories":[21],"tags":[],"class_list":{"0":"post-25966","1":"post","2":"type-post","3":"status-publish","4":"format-standard","5":"has-post-thumbnail","7":"category-brasilia"},"yoast_head":"<!-- This site is optimized with the Yoast SEO Premium plugin v24.5 (Yoast SEO v27.5) - https:\/\/yoast.com\/product\/yoast-seo-premium-wordpress\/ -->\n<title>Zero viol\u00eancia nas escolas c\u00edvico-militares. - P31<\/title>\n<meta name=\"robots\" content=\"index, follow, max-snippet:-1, max-image-preview:large, max-video-preview:-1\" \/>\n<link rel=\"canonical\" href=\"https:\/\/www.p31noticias.com.br\/?p=25966\" \/>\n<meta property=\"og:locale\" content=\"pt_BR\" \/>\n<meta property=\"og:type\" content=\"article\" \/>\n<meta property=\"og:title\" content=\"Zero viol\u00eancia nas escolas c\u00edvico-militares.\" \/>\n<meta property=\"og:description\" content=\"De acordo com as secretarias de Educa\u00e7\u00e3o e de Seguran\u00e7a P\u00fablica, a gest\u00e3o compartilhada tem sido efetiva na preven\u00e7\u00e3o de casos de agress\u00e3o no ambiente escolar. As drogas e a viol\u00eancia eram situa\u00e7\u00f5es corriqueiras na realidade do Centro Educacional 1 do Itapo\u00e3, que atende 2.414 alunos do 6\u00ba ano ao ensino m\u00e9dio. No entanto, isso [&hellip;]\" \/>\n<meta property=\"og:url\" content=\"https:\/\/www.p31noticias.com.br\/?p=25966\" \/>\n<meta property=\"og:site_name\" content=\"P31\" \/>\n<meta property=\"article:published_time\" content=\"2022-04-17T12:38:51+00:00\" \/>\n<meta property=\"og:image\" content=\"https:\/\/www.p31noticias.com.br\/wp-content\/uploads\/2022\/04\/RNA6811-1536x1022-1.jpg\" \/>\n\t<meta property=\"og:image:width\" content=\"1536\" \/>\n\t<meta property=\"og:image:height\" content=\"1022\" \/>\n\t<meta property=\"og:image:type\" content=\"image\/jpeg\" \/>\n<meta name=\"author\" content=\"Gon\u00e7alves Junior\" \/>\n<meta name=\"twitter:card\" content=\"summary_large_image\" \/>\n<meta name=\"twitter:label1\" content=\"Escrito por\" \/>\n\t<meta name=\"twitter:data1\" content=\"Gon\u00e7alves Junior\" \/>\n\t<meta name=\"twitter:label2\" content=\"Est. tempo de leitura\" \/>\n\t<meta name=\"twitter:data2\" content=\"5 minutos\" \/>\n<script type=\"application\/ld+json\" class=\"yoast-schema-graph\">{\"@context\":\"https:\\\/\\\/schema.org\",\"@graph\":[{\"@type\":\"Article\",\"@id\":\"https:\\\/\\\/www.p31noticias.com.br\\\/?p=25966#article\",\"isPartOf\":{\"@id\":\"https:\\\/\\\/www.p31noticias.com.br\\\/?p=25966\"},\"author\":{\"name\":\"Gon\u00e7alves Junior\",\"@id\":\"https:\\\/\\\/www.p31noticias.com.br\\\/#\\\/schema\\\/person\\\/95f2ece30e3b4132065b915150cd0f94\"},\"headline\":\"Zero viol\u00eancia nas escolas c\u00edvico-militares.\",\"datePublished\":\"2022-04-17T12:38:51+00:00\",\"mainEntityOfPage\":{\"@id\":\"https:\\\/\\\/www.p31noticias.com.br\\\/?p=25966\"},\"wordCount\":1100,\"commentCount\":0,\"image\":{\"@id\":\"https:\\\/\\\/www.p31noticias.com.br\\\/?p=25966#primaryimage\"},\"thumbnailUrl\":\"https:\\\/\\\/www.p31noticias.com.br\\\/wp-content\\\/uploads\\\/2022\\\/04\\\/RNA6811-1536x1022-1.jpg\",\"articleSection\":[\"Bras\u00edlia\"],\"inLanguage\":\"pt-BR\",\"potentialAction\":[{\"@type\":\"CommentAction\",\"name\":\"Comment\",\"target\":[\"https:\\\/\\\/www.p31noticias.com.br\\\/?p=25966#respond\"]}],\"copyrightYear\":\"2022\",\"copyrightHolder\":{\"@id\":\"https:\\\/\\\/www.p31noticias.com.br\\\/#organization\"}},{\"@type\":\"WebPage\",\"@id\":\"https:\\\/\\\/www.p31noticias.com.br\\\/?p=25966\",\"url\":\"https:\\\/\\\/www.p31noticias.com.br\\\/?p=25966\",\"name\":\"Zero viol\u00eancia nas escolas c\u00edvico-militares. - P31\",\"isPartOf\":{\"@id\":\"https:\\\/\\\/www.p31noticias.com.br\\\/#website\"},\"primaryImageOfPage\":{\"@id\":\"https:\\\/\\\/www.p31noticias.com.br\\\/?p=25966#primaryimage\"},\"image\":{\"@id\":\"https:\\\/\\\/www.p31noticias.com.br\\\/?p=25966#primaryimage\"},\"thumbnailUrl\":\"https:\\\/\\\/www.p31noticias.com.br\\\/wp-content\\\/uploads\\\/2022\\\/04\\\/RNA6811-1536x1022-1.jpg\",\"datePublished\":\"2022-04-17T12:38:51+00:00\",\"author\":{\"@id\":\"https:\\\/\\\/www.p31noticias.com.br\\\/#\\\/schema\\\/person\\\/95f2ece30e3b4132065b915150cd0f94\"},\"breadcrumb\":{\"@id\":\"https:\\\/\\\/www.p31noticias.com.br\\\/?p=25966#breadcrumb\"},\"inLanguage\":\"pt-BR\",\"potentialAction\":[{\"@type\":\"ReadAction\",\"target\":[\"https:\\\/\\\/www.p31noticias.com.br\\\/?p=25966\"]}]},{\"@type\":\"ImageObject\",\"inLanguage\":\"pt-BR\",\"@id\":\"https:\\\/\\\/www.p31noticias.com.br\\\/?p=25966#primaryimage\",\"url\":\"https:\\\/\\\/www.p31noticias.com.br\\\/wp-content\\\/uploads\\\/2022\\\/04\\\/RNA6811-1536x1022-1.jpg\",\"contentUrl\":\"https:\\\/\\\/www.p31noticias.com.br\\\/wp-content\\\/uploads\\\/2022\\\/04\\\/RNA6811-1536x1022-1.jpg\",\"width\":1536,\"height\":1022},{\"@type\":\"BreadcrumbList\",\"@id\":\"https:\\\/\\\/www.p31noticias.com.br\\\/?p=25966#breadcrumb\",\"itemListElement\":[{\"@type\":\"ListItem\",\"position\":1,\"name\":\"In\u00edcio\",\"item\":\"https:\\\/\\\/www.p31noticias.com.br\\\/\"},{\"@type\":\"ListItem\",\"position\":2,\"name\":\"Zero viol\u00eancia nas escolas c\u00edvico-militares.\"}]},{\"@type\":\"WebSite\",\"@id\":\"https:\\\/\\\/www.p31noticias.com.br\\\/#website\",\"url\":\"https:\\\/\\\/www.p31noticias.com.br\\\/\",\"name\":\"P31\",\"description\":\"NOT\u00cdCIAS\",\"potentialAction\":[{\"@type\":\"SearchAction\",\"target\":{\"@type\":\"EntryPoint\",\"urlTemplate\":\"https:\\\/\\\/www.p31noticias.com.br\\\/?s={search_term_string}\"},\"query-input\":{\"@type\":\"PropertyValueSpecification\",\"valueRequired\":true,\"valueName\":\"search_term_string\"}}],\"inLanguage\":\"pt-BR\"},{\"@type\":\"Person\",\"@id\":\"https:\\\/\\\/www.p31noticias.com.br\\\/#\\\/schema\\\/person\\\/95f2ece30e3b4132065b915150cd0f94\",\"name\":\"Gon\u00e7alves Junior\",\"image\":{\"@type\":\"ImageObject\",\"inLanguage\":\"pt-BR\",\"@id\":\"https:\\\/\\\/secure.gravatar.com\\\/avatar\\\/6711f350116a89762687a48d66f723c799e5438a5b7578508d4294cd7a5d0800?s=96&d=mm&r=g\",\"url\":\"https:\\\/\\\/secure.gravatar.com\\\/avatar\\\/6711f350116a89762687a48d66f723c799e5438a5b7578508d4294cd7a5d0800?s=96&d=mm&r=g\",\"contentUrl\":\"https:\\\/\\\/secure.gravatar.com\\\/avatar\\\/6711f350116a89762687a48d66f723c799e5438a5b7578508d4294cd7a5d0800?s=96&d=mm&r=g\",\"caption\":\"Gon\u00e7alves Junior\"},\"url\":\"https:\\\/\\\/www.p31noticias.com.br\\\/?author=2\"}]}<\/script>\n<!-- \/ Yoast SEO Premium plugin. -->","yoast_head_json":{"title":"Zero viol\u00eancia nas escolas c\u00edvico-militares. - P31","robots":{"index":"index","follow":"follow","max-snippet":"max-snippet:-1","max-image-preview":"max-image-preview:large","max-video-preview":"max-video-preview:-1"},"canonical":"https:\/\/www.p31noticias.com.br\/?p=25966","og_locale":"pt_BR","og_type":"article","og_title":"Zero viol\u00eancia nas escolas c\u00edvico-militares.","og_description":"De acordo com as secretarias de Educa\u00e7\u00e3o e de Seguran\u00e7a P\u00fablica, a gest\u00e3o compartilhada tem sido efetiva na preven\u00e7\u00e3o de casos de agress\u00e3o no ambiente escolar. As drogas e a viol\u00eancia eram situa\u00e7\u00f5es corriqueiras na realidade do Centro Educacional 1 do Itapo\u00e3, que atende 2.414 alunos do 6\u00ba ano ao ensino m\u00e9dio. No entanto, isso [&hellip;]","og_url":"https:\/\/www.p31noticias.com.br\/?p=25966","og_site_name":"P31","article_published_time":"2022-04-17T12:38:51+00:00","og_image":[{"width":1536,"height":1022,"url":"https:\/\/www.p31noticias.com.br\/wp-content\/uploads\/2022\/04\/RNA6811-1536x1022-1.jpg","type":"image\/jpeg"}],"author":"Gon\u00e7alves Junior","twitter_card":"summary_large_image","twitter_misc":{"Escrito por":"Gon\u00e7alves Junior","Est. tempo de leitura":"5 minutos"},"schema":{"@context":"https:\/\/schema.org","@graph":[{"@type":"Article","@id":"https:\/\/www.p31noticias.com.br\/?p=25966#article","isPartOf":{"@id":"https:\/\/www.p31noticias.com.br\/?p=25966"},"author":{"name":"Gon\u00e7alves Junior","@id":"https:\/\/www.p31noticias.com.br\/#\/schema\/person\/95f2ece30e3b4132065b915150cd0f94"},"headline":"Zero viol\u00eancia nas escolas c\u00edvico-militares.","datePublished":"2022-04-17T12:38:51+00:00","mainEntityOfPage":{"@id":"https:\/\/www.p31noticias.com.br\/?p=25966"},"wordCount":1100,"commentCount":0,"image":{"@id":"https:\/\/www.p31noticias.com.br\/?p=25966#primaryimage"},"thumbnailUrl":"https:\/\/www.p31noticias.com.br\/wp-content\/uploads\/2022\/04\/RNA6811-1536x1022-1.jpg","articleSection":["Bras\u00edlia"],"inLanguage":"pt-BR","potentialAction":[{"@type":"CommentAction","name":"Comment","target":["https:\/\/www.p31noticias.com.br\/?p=25966#respond"]}],"copyrightYear":"2022","copyrightHolder":{"@id":"https:\/\/www.p31noticias.com.br\/#organization"}},{"@type":"WebPage","@id":"https:\/\/www.p31noticias.com.br\/?p=25966","url":"https:\/\/www.p31noticias.com.br\/?p=25966","name":"Zero viol\u00eancia nas escolas c\u00edvico-militares. - P31","isPartOf":{"@id":"https:\/\/www.p31noticias.com.br\/#website"},"primaryImageOfPage":{"@id":"https:\/\/www.p31noticias.com.br\/?p=25966#primaryimage"},"image":{"@id":"https:\/\/www.p31noticias.com.br\/?p=25966#primaryimage"},"thumbnailUrl":"https:\/\/www.p31noticias.com.br\/wp-content\/uploads\/2022\/04\/RNA6811-1536x1022-1.jpg","datePublished":"2022-04-17T12:38:51+00:00","author":{"@id":"https:\/\/www.p31noticias.com.br\/#\/schema\/person\/95f2ece30e3b4132065b915150cd0f94"},"breadcrumb":{"@id":"https:\/\/www.p31noticias.com.br\/?p=25966#breadcrumb"},"inLanguage":"pt-BR","potentialAction":[{"@type":"ReadAction","target":["https:\/\/www.p31noticias.com.br\/?p=25966"]}]},{"@type":"ImageObject","inLanguage":"pt-BR","@id":"https:\/\/www.p31noticias.com.br\/?p=25966#primaryimage","url":"https:\/\/www.p31noticias.com.br\/wp-content\/uploads\/2022\/04\/RNA6811-1536x1022-1.jpg","contentUrl":"https:\/\/www.p31noticias.com.br\/wp-content\/uploads\/2022\/04\/RNA6811-1536x1022-1.jpg","width":1536,"height":1022},{"@type":"BreadcrumbList","@id":"https:\/\/www.p31noticias.com.br\/?p=25966#breadcrumb","itemListElement":[{"@type":"ListItem","position":1,"name":"In\u00edcio","item":"https:\/\/www.p31noticias.com.br\/"},{"@type":"ListItem","position":2,"name":"Zero viol\u00eancia nas escolas c\u00edvico-militares."}]},{"@type":"WebSite","@id":"https:\/\/www.p31noticias.com.br\/#website","url":"https:\/\/www.p31noticias.com.br\/","name":"P31","description":"NOT\u00cdCIAS","potentialAction":[{"@type":"SearchAction","target":{"@type":"EntryPoint","urlTemplate":"https:\/\/www.p31noticias.com.br\/?s={search_term_string}"},"query-input":{"@type":"PropertyValueSpecification","valueRequired":true,"valueName":"search_term_string"}}],"inLanguage":"pt-BR"},{"@type":"Person","@id":"https:\/\/www.p31noticias.com.br\/#\/schema\/person\/95f2ece30e3b4132065b915150cd0f94","name":"Gon\u00e7alves Junior","image":{"@type":"ImageObject","inLanguage":"pt-BR","@id":"https:\/\/secure.gravatar.com\/avatar\/6711f350116a89762687a48d66f723c799e5438a5b7578508d4294cd7a5d0800?s=96&d=mm&r=g","url":"https:\/\/secure.gravatar.com\/avatar\/6711f350116a89762687a48d66f723c799e5438a5b7578508d4294cd7a5d0800?s=96&d=mm&r=g","contentUrl":"https:\/\/secure.gravatar.com\/avatar\/6711f350116a89762687a48d66f723c799e5438a5b7578508d4294cd7a5d0800?s=96&d=mm&r=g","caption":"Gon\u00e7alves Junior"},"url":"https:\/\/www.p31noticias.com.br\/?author=2"}]}},"amp_enabled":true,"_links":{"self":[{"href":"https:\/\/www.p31noticias.com.br\/index.php?rest_route=\/wp\/v2\/posts\/25966","targetHints":{"allow":["GET"]}}],"collection":[{"href":"https:\/\/www.p31noticias.com.br\/index.php?rest_route=\/wp\/v2\/posts"}],"about":[{"href":"https:\/\/www.p31noticias.com.br\/index.php?rest_route=\/wp\/v2\/types\/post"}],"author":[{"embeddable":true,"href":"https:\/\/www.p31noticias.com.br\/index.php?rest_route=\/wp\/v2\/users\/2"}],"replies":[{"embeddable":true,"href":"https:\/\/www.p31noticias.com.br\/index.php?rest_route=%2Fwp%2Fv2%2Fcomments&post=25966"}],"version-history":[{"count":1,"href":"https:\/\/www.p31noticias.com.br\/index.php?rest_route=\/wp\/v2\/posts\/25966\/revisions"}],"predecessor-version":[{"id":25968,"href":"https:\/\/www.p31noticias.com.br\/index.php?rest_route=\/wp\/v2\/posts\/25966\/revisions\/25968"}],"wp:featuredmedia":[{"embeddable":true,"href":"https:\/\/www.p31noticias.com.br\/index.php?rest_route=\/wp\/v2\/media\/25967"}],"wp:attachment":[{"href":"https:\/\/www.p31noticias.com.br\/index.php?rest_route=%2Fwp%2Fv2%2Fmedia&parent=25966"}],"wp:term":[{"taxonomy":"category","embeddable":true,"href":"https:\/\/www.p31noticias.com.br\/index.php?rest_route=%2Fwp%2Fv2%2Fcategories&post=25966"},{"taxonomy":"post_tag","embeddable":true,"href":"https:\/\/www.p31noticias.com.br\/index.php?rest_route=%2Fwp%2Fv2%2Ftags&post=25966"}],"curies":[{"name":"wp","href":"https:\/\/api.w.org\/{rel}","templated":true}]}}