{"id":25960,"date":"2022-04-17T09:33:10","date_gmt":"2022-04-17T12:33:10","guid":{"rendered":"https:\/\/p31noticias.com.br\/?p=25960"},"modified":"2022-04-17T09:33:10","modified_gmt":"2022-04-17T12:33:10","slug":"bolsonaro-e-recebido-por-multidao-apos-motociata-e-diz-que-brasil-continuara-livre-custe-o-que-custar","status":"publish","type":"post","link":"https:\/\/www.p31noticias.com.br\/?p=25960","title":{"rendered":"Bolsonaro \u00e9 recebido por multid\u00e3o ap\u00f3s motociata e diz que Brasil continuar\u00e1 livre \u2018custe o que custar\u2019."},"content":{"rendered":"<p style=\"text-align: justify;\"><em><strong>Em pronunciamento, o chefe do Executivo fez defesa da liberdade e atacou o seu principal advers\u00e1rio na corrida eleitoral, o ex-presidente Lula.<\/strong><\/em><\/p>\n<p style=\"text-align: justify;\">O presidente\u00a0<a href=\"https:\/\/jovempan.com.br\/tag\/jair-bolsonaro\"><strong>Jair Bolsonaro<\/strong><\/a> (PL) afirmou que far\u00e1 \u201cde tudo\u201d para o Brasil \u201ccontinuar livre da esquerda\u201d.\u00a0Ao chegar em\u00a0<a href=\"https:\/\/jovempan.com.br\/tag\/americana\"><strong>Americana<\/strong><\/a>, no interior de\u00a0<a href=\"https:\/\/jovempan.com.br\/tag\/sao-paulo\"><strong>S\u00e3o Paulo<\/strong><\/a>, destino final da motociata, o chefe do Executivo subiu em um palco da Festa do Pe\u00e3o para discursar a centenas de apoiadores. Al\u00e9m de criticar o acordo feito entre o Tribunal Superior Eleitoral (TSE) e o\u00a0<a href=\"https:\/\/jovempan.com.br\/tag\/whatsapp\"><strong>WhatsApp<\/strong><\/a>\u00a0para atrasar o lan\u00e7amento da ferramenta \u201cComunidades\u201d, que permite unir diversos grupos em um canal s\u00f3, no Brasil, o pr\u00e9-candidato \u00e0 Presid\u00eancia da Rep\u00fablica defendeu a lliberdade. \u201cMas valioso do que a nossa pr\u00f3pria vida, \u00e9 a nossa liberdade. Voc\u00eas sabem o quanto a nossa democracia \u00e9 a\u00e7oitada diariamente, e voc\u00eas sabem por quem. O nosso direito de ir vir, a nossa liberdade de pensar, a nossa liberdade de culto, isso n\u00e3o tem pre\u00e7o. O Brasil \u00e9 um pa\u00eds livre e eu o farei livre, custe o que custar\u201d, declarou Bolsonaro. \u201cEu hoje sou o presidente da Rep\u00fablica por uma miss\u00e3o de Deus, junto com esse povo, que apoia as nossas decis\u00f5es, escorada na lei maior, que \u00e9 a nossa constitui\u00e7\u00e3o, \u00e9 a certeza que de que seremos livres\u201d, afirmou o chefe do Executivo.<\/p>\n<div class=\"context\" style=\"text-align: justify;\">\n<p>Em seguida, aproveitou para atacar o seu principal opositor na corrida pela reelei\u00e7\u00e3o, o ex-presidente\u00a0<a href=\"https:\/\/jovempan.com.br\/tag\/lula\"><strong>Lula<\/strong><\/a>\u00a0(PT). \u201cE eu aqui s\u00f3 imagino, se no meu lugar estive ocupando aquela cadeira o an\u00e3o petista, onde estaria esse nosso Brasil?\u201d, questionou Bolsonaro, ao passo que os presentes puxaram gritos de: \u201cLula, ladr\u00e3o, seu lugar \u00e9 na pris\u00e3o\u201d. \u201cAlgumas pessoas tiraram o Lula da cadeia, tornaram eleg\u00edvel, mas n\u00e3o o far\u00e3o presidente da Rep\u00fablica\u201d, declarou o mandat\u00e1rio em refer\u00eancia aos ministros do Supremo Tribunal Federal (STF). \u201cA vontade popular vai prevalecer. N\u00f3s queremos elei\u00e7\u00f5es limpas, transparentes, audit\u00e1veis e que reflitam a vontade da maioria do povo brasileiro\u201d, acrescentou, em tom eleitoral. Em 2021, o presidente fez uma forte campanha pela aprova\u00e7\u00e3o do voto impresso e audit\u00e1vel. A proposta, no entanto, foi rejeitada pela C\u00e2mara dos Deputados<\/p>\n<\/div>\n<div class=\"meta\">\n<div class=\"row\">\n<div class=\"col-md-12\">\n<p style=\"text-align: justify;\">JP NEWS.<\/p>\n<\/div>\n<\/div>\n<\/div>\n","protected":false},"excerpt":{"rendered":"<p>Em pronunciamento, o chefe do Executivo fez defesa da liberdade e atacou o seu principal advers\u00e1rio na corrida eleitoral, o ex-presidente Lula. O presidente\u00a0Jair Bolsonaro (PL) afirmou que far\u00e1 \u201cde tudo\u201d para o Brasil \u201ccontinuar livre da esquerda\u201d.\u00a0Ao chegar em\u00a0Americana, no interior de\u00a0S\u00e3o Paulo, destino final da motociata, o chefe do Executivo subiu em um [&hellip;]<\/p>\n","protected":false},"author":2,"featured_media":25961,"comment_status":"open","ping_status":"open","sticky":false,"template":"","format":"standard","meta":{"footnotes":""},"categories":[68,57],"tags":[],"class_list":{"0":"post-25960","1":"post","2":"type-post","3":"status-publish","4":"format-standard","5":"has-post-thumbnail","7":"category-brasil","8":"category-politica"},"yoast_head":"<!-- This site is optimized with the Yoast SEO Premium plugin v24.5 (Yoast SEO v27.5) - https:\/\/yoast.com\/product\/yoast-seo-premium-wordpress\/ -->\n<title>Bolsonaro \u00e9 recebido por multid\u00e3o ap\u00f3s motociata e diz que Brasil continuar\u00e1 livre \u2018custe o que custar\u2019. - P31<\/title>\n<meta name=\"robots\" content=\"index, follow, max-snippet:-1, max-image-preview:large, max-video-preview:-1\" \/>\n<link rel=\"canonical\" href=\"https:\/\/www.p31noticias.com.br\/?p=25960\" \/>\n<meta property=\"og:locale\" content=\"pt_BR\" \/>\n<meta property=\"og:type\" content=\"article\" \/>\n<meta property=\"og:title\" content=\"Bolsonaro \u00e9 recebido por multid\u00e3o ap\u00f3s motociata e diz que Brasil continuar\u00e1 livre \u2018custe o que custar\u2019.\" \/>\n<meta property=\"og:description\" content=\"Em pronunciamento, o chefe do Executivo fez defesa da liberdade e atacou o seu principal advers\u00e1rio na corrida eleitoral, o ex-presidente Lula. O presidente\u00a0Jair Bolsonaro (PL) afirmou que far\u00e1 \u201cde tudo\u201d para o Brasil \u201ccontinuar livre da esquerda\u201d.\u00a0Ao chegar em\u00a0Americana, no interior de\u00a0S\u00e3o Paulo, destino final da motociata, o chefe do Executivo subiu em um [&hellip;]\" \/>\n<meta property=\"og:url\" content=\"https:\/\/www.p31noticias.com.br\/?p=25960\" \/>\n<meta property=\"og:site_name\" content=\"P31\" \/>\n<meta property=\"article:published_time\" content=\"2022-04-17T12:33:10+00:00\" \/>\n<meta property=\"og:image\" content=\"https:\/\/www.p31noticias.com.br\/wp-content\/uploads\/2022\/04\/fup20220415259-1024x682-1.webp\" \/>\n\t<meta property=\"og:image:width\" content=\"1024\" \/>\n\t<meta property=\"og:image:height\" content=\"682\" \/>\n\t<meta property=\"og:image:type\" content=\"image\/webp\" \/>\n<meta name=\"author\" content=\"Gon\u00e7alves Junior\" \/>\n<meta name=\"twitter:card\" content=\"summary_large_image\" \/>\n<meta name=\"twitter:label1\" content=\"Escrito por\" \/>\n\t<meta name=\"twitter:data1\" content=\"Gon\u00e7alves Junior\" \/>\n\t<meta name=\"twitter:label2\" content=\"Est. tempo de leitura\" \/>\n\t<meta name=\"twitter:data2\" content=\"2 minutos\" \/>\n<script type=\"application\/ld+json\" class=\"yoast-schema-graph\">{\"@context\":\"https:\\\/\\\/schema.org\",\"@graph\":[{\"@type\":\"Article\",\"@id\":\"https:\\\/\\\/www.p31noticias.com.br\\\/?p=25960#article\",\"isPartOf\":{\"@id\":\"https:\\\/\\\/www.p31noticias.com.br\\\/?p=25960\"},\"author\":{\"name\":\"Gon\u00e7alves Junior\",\"@id\":\"https:\\\/\\\/www.p31noticias.com.br\\\/#\\\/schema\\\/person\\\/95f2ece30e3b4132065b915150cd0f94\"},\"headline\":\"Bolsonaro \u00e9 recebido por multid\u00e3o ap\u00f3s motociata e diz que Brasil continuar\u00e1 livre \u2018custe o que custar\u2019.\",\"datePublished\":\"2022-04-17T12:33:10+00:00\",\"mainEntityOfPage\":{\"@id\":\"https:\\\/\\\/www.p31noticias.com.br\\\/?p=25960\"},\"wordCount\":399,\"commentCount\":0,\"image\":{\"@id\":\"https:\\\/\\\/www.p31noticias.com.br\\\/?p=25960#primaryimage\"},\"thumbnailUrl\":\"https:\\\/\\\/www.p31noticias.com.br\\\/wp-content\\\/uploads\\\/2022\\\/04\\\/fup20220415259-1024x682-1.webp\",\"articleSection\":[\"Brasil\",\"Pol\u00edtica\"],\"inLanguage\":\"pt-BR\",\"potentialAction\":[{\"@type\":\"CommentAction\",\"name\":\"Comment\",\"target\":[\"https:\\\/\\\/www.p31noticias.com.br\\\/?p=25960#respond\"]}],\"copyrightYear\":\"2022\",\"copyrightHolder\":{\"@id\":\"https:\\\/\\\/www.p31noticias.com.br\\\/#organization\"}},{\"@type\":\"WebPage\",\"@id\":\"https:\\\/\\\/www.p31noticias.com.br\\\/?p=25960\",\"url\":\"https:\\\/\\\/www.p31noticias.com.br\\\/?p=25960\",\"name\":\"Bolsonaro \u00e9 recebido por multid\u00e3o ap\u00f3s motociata e diz que Brasil continuar\u00e1 livre \u2018custe o que custar\u2019. - P31\",\"isPartOf\":{\"@id\":\"https:\\\/\\\/www.p31noticias.com.br\\\/#website\"},\"primaryImageOfPage\":{\"@id\":\"https:\\\/\\\/www.p31noticias.com.br\\\/?p=25960#primaryimage\"},\"image\":{\"@id\":\"https:\\\/\\\/www.p31noticias.com.br\\\/?p=25960#primaryimage\"},\"thumbnailUrl\":\"https:\\\/\\\/www.p31noticias.com.br\\\/wp-content\\\/uploads\\\/2022\\\/04\\\/fup20220415259-1024x682-1.webp\",\"datePublished\":\"2022-04-17T12:33:10+00:00\",\"author\":{\"@id\":\"https:\\\/\\\/www.p31noticias.com.br\\\/#\\\/schema\\\/person\\\/95f2ece30e3b4132065b915150cd0f94\"},\"breadcrumb\":{\"@id\":\"https:\\\/\\\/www.p31noticias.com.br\\\/?p=25960#breadcrumb\"},\"inLanguage\":\"pt-BR\",\"potentialAction\":[{\"@type\":\"ReadAction\",\"target\":[\"https:\\\/\\\/www.p31noticias.com.br\\\/?p=25960\"]}]},{\"@type\":\"ImageObject\",\"inLanguage\":\"pt-BR\",\"@id\":\"https:\\\/\\\/www.p31noticias.com.br\\\/?p=25960#primaryimage\",\"url\":\"https:\\\/\\\/www.p31noticias.com.br\\\/wp-content\\\/uploads\\\/2022\\\/04\\\/fup20220415259-1024x682-1.webp\",\"contentUrl\":\"https:\\\/\\\/www.p31noticias.com.br\\\/wp-content\\\/uploads\\\/2022\\\/04\\\/fup20220415259-1024x682-1.webp\",\"width\":1024,\"height\":682},{\"@type\":\"BreadcrumbList\",\"@id\":\"https:\\\/\\\/www.p31noticias.com.br\\\/?p=25960#breadcrumb\",\"itemListElement\":[{\"@type\":\"ListItem\",\"position\":1,\"name\":\"In\u00edcio\",\"item\":\"https:\\\/\\\/www.p31noticias.com.br\\\/\"},{\"@type\":\"ListItem\",\"position\":2,\"name\":\"Bolsonaro \u00e9 recebido por multid\u00e3o ap\u00f3s motociata e diz que Brasil continuar\u00e1 livre \u2018custe o que custar\u2019.\"}]},{\"@type\":\"WebSite\",\"@id\":\"https:\\\/\\\/www.p31noticias.com.br\\\/#website\",\"url\":\"https:\\\/\\\/www.p31noticias.com.br\\\/\",\"name\":\"P31\",\"description\":\"NOT\u00cdCIAS\",\"potentialAction\":[{\"@type\":\"SearchAction\",\"target\":{\"@type\":\"EntryPoint\",\"urlTemplate\":\"https:\\\/\\\/www.p31noticias.com.br\\\/?s={search_term_string}\"},\"query-input\":{\"@type\":\"PropertyValueSpecification\",\"valueRequired\":true,\"valueName\":\"search_term_string\"}}],\"inLanguage\":\"pt-BR\"},{\"@type\":\"Person\",\"@id\":\"https:\\\/\\\/www.p31noticias.com.br\\\/#\\\/schema\\\/person\\\/95f2ece30e3b4132065b915150cd0f94\",\"name\":\"Gon\u00e7alves Junior\",\"image\":{\"@type\":\"ImageObject\",\"inLanguage\":\"pt-BR\",\"@id\":\"https:\\\/\\\/secure.gravatar.com\\\/avatar\\\/6711f350116a89762687a48d66f723c799e5438a5b7578508d4294cd7a5d0800?s=96&d=mm&r=g\",\"url\":\"https:\\\/\\\/secure.gravatar.com\\\/avatar\\\/6711f350116a89762687a48d66f723c799e5438a5b7578508d4294cd7a5d0800?s=96&d=mm&r=g\",\"contentUrl\":\"https:\\\/\\\/secure.gravatar.com\\\/avatar\\\/6711f350116a89762687a48d66f723c799e5438a5b7578508d4294cd7a5d0800?s=96&d=mm&r=g\",\"caption\":\"Gon\u00e7alves Junior\"},\"url\":\"https:\\\/\\\/www.p31noticias.com.br\\\/?author=2\"}]}<\/script>\n<!-- \/ Yoast SEO Premium plugin. -->","yoast_head_json":{"title":"Bolsonaro \u00e9 recebido por multid\u00e3o ap\u00f3s motociata e diz que Brasil continuar\u00e1 livre \u2018custe o que custar\u2019. - P31","robots":{"index":"index","follow":"follow","max-snippet":"max-snippet:-1","max-image-preview":"max-image-preview:large","max-video-preview":"max-video-preview:-1"},"canonical":"https:\/\/www.p31noticias.com.br\/?p=25960","og_locale":"pt_BR","og_type":"article","og_title":"Bolsonaro \u00e9 recebido por multid\u00e3o ap\u00f3s motociata e diz que Brasil continuar\u00e1 livre \u2018custe o que custar\u2019.","og_description":"Em pronunciamento, o chefe do Executivo fez defesa da liberdade e atacou o seu principal advers\u00e1rio na corrida eleitoral, o ex-presidente Lula. O presidente\u00a0Jair Bolsonaro (PL) afirmou que far\u00e1 \u201cde tudo\u201d para o Brasil \u201ccontinuar livre da esquerda\u201d.\u00a0Ao chegar em\u00a0Americana, no interior de\u00a0S\u00e3o Paulo, destino final da motociata, o chefe do Executivo subiu em um [&hellip;]","og_url":"https:\/\/www.p31noticias.com.br\/?p=25960","og_site_name":"P31","article_published_time":"2022-04-17T12:33:10+00:00","og_image":[{"width":1024,"height":682,"url":"https:\/\/www.p31noticias.com.br\/wp-content\/uploads\/2022\/04\/fup20220415259-1024x682-1.webp","type":"image\/webp"}],"author":"Gon\u00e7alves Junior","twitter_card":"summary_large_image","twitter_misc":{"Escrito por":"Gon\u00e7alves Junior","Est. tempo de leitura":"2 minutos"},"schema":{"@context":"https:\/\/schema.org","@graph":[{"@type":"Article","@id":"https:\/\/www.p31noticias.com.br\/?p=25960#article","isPartOf":{"@id":"https:\/\/www.p31noticias.com.br\/?p=25960"},"author":{"name":"Gon\u00e7alves Junior","@id":"https:\/\/www.p31noticias.com.br\/#\/schema\/person\/95f2ece30e3b4132065b915150cd0f94"},"headline":"Bolsonaro \u00e9 recebido por multid\u00e3o ap\u00f3s motociata e diz que Brasil continuar\u00e1 livre \u2018custe o que custar\u2019.","datePublished":"2022-04-17T12:33:10+00:00","mainEntityOfPage":{"@id":"https:\/\/www.p31noticias.com.br\/?p=25960"},"wordCount":399,"commentCount":0,"image":{"@id":"https:\/\/www.p31noticias.com.br\/?p=25960#primaryimage"},"thumbnailUrl":"https:\/\/www.p31noticias.com.br\/wp-content\/uploads\/2022\/04\/fup20220415259-1024x682-1.webp","articleSection":["Brasil","Pol\u00edtica"],"inLanguage":"pt-BR","potentialAction":[{"@type":"CommentAction","name":"Comment","target":["https:\/\/www.p31noticias.com.br\/?p=25960#respond"]}],"copyrightYear":"2022","copyrightHolder":{"@id":"https:\/\/www.p31noticias.com.br\/#organization"}},{"@type":"WebPage","@id":"https:\/\/www.p31noticias.com.br\/?p=25960","url":"https:\/\/www.p31noticias.com.br\/?p=25960","name":"Bolsonaro \u00e9 recebido por multid\u00e3o ap\u00f3s motociata e diz que Brasil continuar\u00e1 livre \u2018custe o que custar\u2019. - P31","isPartOf":{"@id":"https:\/\/www.p31noticias.com.br\/#website"},"primaryImageOfPage":{"@id":"https:\/\/www.p31noticias.com.br\/?p=25960#primaryimage"},"image":{"@id":"https:\/\/www.p31noticias.com.br\/?p=25960#primaryimage"},"thumbnailUrl":"https:\/\/www.p31noticias.com.br\/wp-content\/uploads\/2022\/04\/fup20220415259-1024x682-1.webp","datePublished":"2022-04-17T12:33:10+00:00","author":{"@id":"https:\/\/www.p31noticias.com.br\/#\/schema\/person\/95f2ece30e3b4132065b915150cd0f94"},"breadcrumb":{"@id":"https:\/\/www.p31noticias.com.br\/?p=25960#breadcrumb"},"inLanguage":"pt-BR","potentialAction":[{"@type":"ReadAction","target":["https:\/\/www.p31noticias.com.br\/?p=25960"]}]},{"@type":"ImageObject","inLanguage":"pt-BR","@id":"https:\/\/www.p31noticias.com.br\/?p=25960#primaryimage","url":"https:\/\/www.p31noticias.com.br\/wp-content\/uploads\/2022\/04\/fup20220415259-1024x682-1.webp","contentUrl":"https:\/\/www.p31noticias.com.br\/wp-content\/uploads\/2022\/04\/fup20220415259-1024x682-1.webp","width":1024,"height":682},{"@type":"BreadcrumbList","@id":"https:\/\/www.p31noticias.com.br\/?p=25960#breadcrumb","itemListElement":[{"@type":"ListItem","position":1,"name":"In\u00edcio","item":"https:\/\/www.p31noticias.com.br\/"},{"@type":"ListItem","position":2,"name":"Bolsonaro \u00e9 recebido por multid\u00e3o ap\u00f3s motociata e diz que Brasil continuar\u00e1 livre \u2018custe o que custar\u2019."}]},{"@type":"WebSite","@id":"https:\/\/www.p31noticias.com.br\/#website","url":"https:\/\/www.p31noticias.com.br\/","name":"P31","description":"NOT\u00cdCIAS","potentialAction":[{"@type":"SearchAction","target":{"@type":"EntryPoint","urlTemplate":"https:\/\/www.p31noticias.com.br\/?s={search_term_string}"},"query-input":{"@type":"PropertyValueSpecification","valueRequired":true,"valueName":"search_term_string"}}],"inLanguage":"pt-BR"},{"@type":"Person","@id":"https:\/\/www.p31noticias.com.br\/#\/schema\/person\/95f2ece30e3b4132065b915150cd0f94","name":"Gon\u00e7alves Junior","image":{"@type":"ImageObject","inLanguage":"pt-BR","@id":"https:\/\/secure.gravatar.com\/avatar\/6711f350116a89762687a48d66f723c799e5438a5b7578508d4294cd7a5d0800?s=96&d=mm&r=g","url":"https:\/\/secure.gravatar.com\/avatar\/6711f350116a89762687a48d66f723c799e5438a5b7578508d4294cd7a5d0800?s=96&d=mm&r=g","contentUrl":"https:\/\/secure.gravatar.com\/avatar\/6711f350116a89762687a48d66f723c799e5438a5b7578508d4294cd7a5d0800?s=96&d=mm&r=g","caption":"Gon\u00e7alves Junior"},"url":"https:\/\/www.p31noticias.com.br\/?author=2"}]}},"amp_enabled":true,"_links":{"self":[{"href":"https:\/\/www.p31noticias.com.br\/index.php?rest_route=\/wp\/v2\/posts\/25960","targetHints":{"allow":["GET"]}}],"collection":[{"href":"https:\/\/www.p31noticias.com.br\/index.php?rest_route=\/wp\/v2\/posts"}],"about":[{"href":"https:\/\/www.p31noticias.com.br\/index.php?rest_route=\/wp\/v2\/types\/post"}],"author":[{"embeddable":true,"href":"https:\/\/www.p31noticias.com.br\/index.php?rest_route=\/wp\/v2\/users\/2"}],"replies":[{"embeddable":true,"href":"https:\/\/www.p31noticias.com.br\/index.php?rest_route=%2Fwp%2Fv2%2Fcomments&post=25960"}],"version-history":[{"count":1,"href":"https:\/\/www.p31noticias.com.br\/index.php?rest_route=\/wp\/v2\/posts\/25960\/revisions"}],"predecessor-version":[{"id":25962,"href":"https:\/\/www.p31noticias.com.br\/index.php?rest_route=\/wp\/v2\/posts\/25960\/revisions\/25962"}],"wp:featuredmedia":[{"embeddable":true,"href":"https:\/\/www.p31noticias.com.br\/index.php?rest_route=\/wp\/v2\/media\/25961"}],"wp:attachment":[{"href":"https:\/\/www.p31noticias.com.br\/index.php?rest_route=%2Fwp%2Fv2%2Fmedia&parent=25960"}],"wp:term":[{"taxonomy":"category","embeddable":true,"href":"https:\/\/www.p31noticias.com.br\/index.php?rest_route=%2Fwp%2Fv2%2Fcategories&post=25960"},{"taxonomy":"post_tag","embeddable":true,"href":"https:\/\/www.p31noticias.com.br\/index.php?rest_route=%2Fwp%2Fv2%2Ftags&post=25960"}],"curies":[{"name":"wp","href":"https:\/\/api.w.org\/{rel}","templated":true}]}}