{"id":25951,"date":"2022-04-17T09:23:41","date_gmt":"2022-04-17T12:23:41","guid":{"rendered":"https:\/\/p31noticias.com.br\/?p=25951"},"modified":"2022-04-17T09:23:41","modified_gmt":"2022-04-17T12:23:41","slug":"no-mes-do-trabalhador-gdf-lanca-programa-para-amparar-desempregados","status":"publish","type":"post","link":"https:\/\/www.p31noticias.com.br\/?p=25951","title":{"rendered":"No m\u00eas do trabalhador, GDF lan\u00e7a programa para amparar desempregados."},"content":{"rendered":"<p style=\"text-align: justify;\"><em><strong>Cesta do Trabalhador vai distribuir 100 mil cestas b\u00e1sicas a profissionais sem ocupa\u00e7\u00e3o que se cadastrarem nas ag\u00eancias do trabalhador; investimento inicial no programa \u00e9 de R$ 15 milh\u00f5es.<\/strong><\/em><\/p>\n<p style=\"text-align: justify;\">O Governo do Distrito Federal (GDF) se prepara para lan\u00e7ar o programa Cesta do Trabalhador, que vai fornecer uma cesta b\u00e1sica pelo per\u00edodo de at\u00e9 tr\u00eas meses aos profissionais que se encontram sem ocupa\u00e7\u00e3o h\u00e1 mais de seis meses e buscam recoloca\u00e7\u00e3o no mercado de trabalho. A iniciativa come\u00e7a a partir de maio, justamente no m\u00eas dedicado aos trabalhadores.<\/p>\n<figure id=\"attachment_395941\" class=\"wp-caption aligncenter\" style=\"text-align: justify;\" aria-describedby=\"caption-attachment-395941\"><img loading=\"lazy\" decoding=\"async\" class=\"wp-image-395941 size-full\" src=\"http:\/\/www.agenciabrasilia.df.gov.br\/wp-conteudo\/uploads\/2022\/04\/Cesta-Basica-Foto-Joel-Rodrigues-2-scaled.jpg\" sizes=\"auto, (max-width: 2560px) 100vw, 2560px\" srcset=\"https:\/\/www.agenciabrasilia.df.gov.br\/wp-conteudo\/uploads\/2022\/04\/Cesta-Basica-Foto-Joel-Rodrigues-2-scaled.jpg 2560w, https:\/\/www.agenciabrasilia.df.gov.br\/wp-conteudo\/uploads\/2022\/04\/Cesta-Basica-Foto-Joel-Rodrigues-2-300x199.jpg 300w, https:\/\/www.agenciabrasilia.df.gov.br\/wp-conteudo\/uploads\/2022\/04\/Cesta-Basica-Foto-Joel-Rodrigues-2-1024x680.jpg 1024w, https:\/\/www.agenciabrasilia.df.gov.br\/wp-conteudo\/uploads\/2022\/04\/Cesta-Basica-Foto-Joel-Rodrigues-2-768x510.jpg 768w, https:\/\/www.agenciabrasilia.df.gov.br\/wp-conteudo\/uploads\/2022\/04\/Cesta-Basica-Foto-Joel-Rodrigues-2-1536x1020.jpg 1536w, https:\/\/www.agenciabrasilia.df.gov.br\/wp-conteudo\/uploads\/2022\/04\/Cesta-Basica-Foto-Joel-Rodrigues-2-2048x1360.jpg 2048w\" alt=\"\" width=\"2560\" height=\"1700\" \/><figcaption id=\"caption-attachment-395941\" class=\"wp-caption-text\">O Cesta do Trabalhador \u00e9 mais um programa do GDF no \u00e2mbito da assist\u00eancia social, que chega para se somar a outras iniciativas como os cart\u00f5es Prato Cheio, Material Escolar, Creche e G\u00e1s, programa DF Social, entre outros | Foto: Joel Rodrigues\/Ag\u00eancia Bras\u00edlia<\/figcaption><\/figure>\n<p style=\"text-align: justify;\">Coordenado pela Secretaria de Trabalho, o Cesta do Trabalhador vai distribuir 100 mil cestas b\u00e1sicas aos cadastrados no programa. Os insumos ser\u00e3o levados diretamente no endere\u00e7o cadastrado pelo participante, que precisar\u00e1 fazer sua inscri\u00e7\u00e3o por meio de aplicativo a ser lan\u00e7ado pela pasta.<\/p>\n<blockquote class=\"olho direita\"><p><span class=\"olho__texto h2 clearfix\">\u201cMuitos chefes de fam\u00edlias sofrem com a fome porque ainda n\u00e3o se encaixaram no mercado de trabalho e a fun\u00e7\u00e3o do Estado nesse momento \u00e9 amparar. Por isso, vamos dar mais essa ajuda para que as pessoas tenham condi\u00e7\u00f5es de buscar mudan\u00e7as e viver com dignidade\u201d<\/span>\u00a0<span class=\"olho__assinatura block\">Governador Ibaneis Rocha<\/span><\/p><\/blockquote>\n<p style=\"text-align: justify;\">Cada participante poder\u00e1 receber, no m\u00e1ximo, tr\u00eas cestas b\u00e1sicas, seja por meses consecutivos ou intercaladas, no per\u00edodo de um ano. Apenas um membro por fam\u00edlia poder\u00e1 participar do programa e \u00e9 necess\u00e1rio que a pessoa esteja desempregada h\u00e1 mais de seis meses, cadastrada no Cad\u00danico, e n\u00e3o fa\u00e7a parte de nenhum programa de assist\u00eancia social.<\/p>\n<p style=\"text-align: justify;\">\u201cMuitos chefes de fam\u00edlias sofrem com a fome porque ainda n\u00e3o se encaixaram no mercado de trabalho e a fun\u00e7\u00e3o do Estado nesse momento \u00e9 amparar. Por isso, vamos dar mais essa ajuda para que as pessoas tenham condi\u00e7\u00f5es de buscar mudan\u00e7as e viver com dignidade\u201d, assegura o governador Ibaneis Rocha. A Cesta do Trabalhador \u00e9 fruto do PL n\u00ba 2.445\/2021, aprovado no fim do ano pela C\u00e2mara Legislativa e agora regulamentado.<\/p>\n<p style=\"text-align: justify;\">A Secretaria de Trabalho espera distribuir 10 mil cestas por m\u00eas. O investimento no programa, at\u00e9 o momento, \u00e9 de R$ 15 milh\u00f5es, valor que poder\u00e1 ser ampliado por meio de emendas parlamentares e or\u00e7amento do governo.<\/p>\n<p style=\"text-align: justify;\">\u201cA pessoa interessada deve se cadastrar por meio de aplicativo e tamb\u00e9m cadastrar o seu curr\u00edculo junto \u00e0 ag\u00eancia do trabalhador. Por at\u00e9 tr\u00eas meses ela pode receber a cesta em casa. Mas, se receber uma oferta de emprego, deixa de receber a cesta. A entrega ser\u00e1 feita em at\u00e9 72 horas pela Secretaria de Trabalho\u201d, acrescenta o secret\u00e1rio de Trabalho, Thales Mendes.<\/p>\n<p style=\"text-align: justify;\">O Cesta do Trabalhador \u00e9 mais um programa do GDF no \u00e2mbito da assist\u00eancia social, que chega para se somar a outras iniciativas como os cart\u00f5es Prato Cheio, Material Escolar, Creche e G\u00e1s, programa DF Social, entre outros.<\/p>\n<p>Agencia Brasilia.<\/p>\n","protected":false},"excerpt":{"rendered":"<p>Cesta do Trabalhador vai distribuir 100 mil cestas b\u00e1sicas a profissionais sem ocupa\u00e7\u00e3o que se cadastrarem nas ag\u00eancias do trabalhador; investimento inicial no programa \u00e9 de R$ 15 milh\u00f5es. O Governo do Distrito Federal (GDF) se prepara para lan\u00e7ar o programa Cesta do Trabalhador, que vai fornecer uma cesta b\u00e1sica pelo per\u00edodo de at\u00e9 tr\u00eas [&hellip;]<\/p>\n","protected":false},"author":2,"featured_media":25952,"comment_status":"open","ping_status":"open","sticky":false,"template":"","format":"standard","meta":{"footnotes":""},"categories":[1],"tags":[],"class_list":{"0":"post-25951","1":"post","2":"type-post","3":"status-publish","4":"format-standard","5":"has-post-thumbnail","7":"category-outros"},"yoast_head":"<!-- This site is optimized with the Yoast SEO Premium plugin v24.5 (Yoast SEO v27.5) - https:\/\/yoast.com\/product\/yoast-seo-premium-wordpress\/ -->\n<title>No m\u00eas do trabalhador, GDF lan\u00e7a programa para amparar desempregados. - P31<\/title>\n<meta name=\"robots\" content=\"index, follow, max-snippet:-1, max-image-preview:large, max-video-preview:-1\" \/>\n<link rel=\"canonical\" href=\"https:\/\/www.p31noticias.com.br\/?p=25951\" \/>\n<meta property=\"og:locale\" content=\"pt_BR\" \/>\n<meta property=\"og:type\" content=\"article\" \/>\n<meta property=\"og:title\" content=\"No m\u00eas do trabalhador, GDF lan\u00e7a programa para amparar desempregados.\" \/>\n<meta property=\"og:description\" content=\"Cesta do Trabalhador vai distribuir 100 mil cestas b\u00e1sicas a profissionais sem ocupa\u00e7\u00e3o que se cadastrarem nas ag\u00eancias do trabalhador; investimento inicial no programa \u00e9 de R$ 15 milh\u00f5es. O Governo do Distrito Federal (GDF) se prepara para lan\u00e7ar o programa Cesta do Trabalhador, que vai fornecer uma cesta b\u00e1sica pelo per\u00edodo de at\u00e9 tr\u00eas [&hellip;]\" \/>\n<meta property=\"og:url\" content=\"https:\/\/www.p31noticias.com.br\/?p=25951\" \/>\n<meta property=\"og:site_name\" content=\"P31\" \/>\n<meta property=\"article:published_time\" content=\"2022-04-17T12:23:41+00:00\" \/>\n<meta property=\"og:image\" content=\"https:\/\/www.p31noticias.com.br\/wp-content\/uploads\/2022\/04\/Cesta-Basica-Foto-Joel-Rodrigues-2-1536x1020-1.jpg\" \/>\n\t<meta property=\"og:image:width\" content=\"1536\" \/>\n\t<meta property=\"og:image:height\" content=\"1020\" \/>\n\t<meta property=\"og:image:type\" content=\"image\/jpeg\" \/>\n<meta name=\"author\" content=\"Gon\u00e7alves Junior\" \/>\n<meta name=\"twitter:card\" content=\"summary_large_image\" \/>\n<meta name=\"twitter:label1\" content=\"Escrito por\" \/>\n\t<meta name=\"twitter:data1\" content=\"Gon\u00e7alves Junior\" \/>\n\t<meta name=\"twitter:label2\" content=\"Est. tempo de leitura\" \/>\n\t<meta name=\"twitter:data2\" content=\"3 minutos\" \/>\n<script type=\"application\/ld+json\" class=\"yoast-schema-graph\">{\"@context\":\"https:\\\/\\\/schema.org\",\"@graph\":[{\"@type\":\"Article\",\"@id\":\"https:\\\/\\\/www.p31noticias.com.br\\\/?p=25951#article\",\"isPartOf\":{\"@id\":\"https:\\\/\\\/www.p31noticias.com.br\\\/?p=25951\"},\"author\":{\"name\":\"Gon\u00e7alves Junior\",\"@id\":\"https:\\\/\\\/www.p31noticias.com.br\\\/#\\\/schema\\\/person\\\/95f2ece30e3b4132065b915150cd0f94\"},\"headline\":\"No m\u00eas do trabalhador, GDF lan\u00e7a programa para amparar desempregados.\",\"datePublished\":\"2022-04-17T12:23:41+00:00\",\"mainEntityOfPage\":{\"@id\":\"https:\\\/\\\/www.p31noticias.com.br\\\/?p=25951\"},\"wordCount\":540,\"commentCount\":0,\"image\":{\"@id\":\"https:\\\/\\\/www.p31noticias.com.br\\\/?p=25951#primaryimage\"},\"thumbnailUrl\":\"https:\\\/\\\/www.p31noticias.com.br\\\/wp-content\\\/uploads\\\/2022\\\/04\\\/Cesta-Basica-Foto-Joel-Rodrigues-2-1536x1020-1.jpg\",\"articleSection\":[\"Outros\"],\"inLanguage\":\"pt-BR\",\"potentialAction\":[{\"@type\":\"CommentAction\",\"name\":\"Comment\",\"target\":[\"https:\\\/\\\/www.p31noticias.com.br\\\/?p=25951#respond\"]}],\"copyrightYear\":\"2022\",\"copyrightHolder\":{\"@id\":\"https:\\\/\\\/www.p31noticias.com.br\\\/#organization\"}},{\"@type\":\"WebPage\",\"@id\":\"https:\\\/\\\/www.p31noticias.com.br\\\/?p=25951\",\"url\":\"https:\\\/\\\/www.p31noticias.com.br\\\/?p=25951\",\"name\":\"No m\u00eas do trabalhador, GDF lan\u00e7a programa para amparar desempregados. - P31\",\"isPartOf\":{\"@id\":\"https:\\\/\\\/www.p31noticias.com.br\\\/#website\"},\"primaryImageOfPage\":{\"@id\":\"https:\\\/\\\/www.p31noticias.com.br\\\/?p=25951#primaryimage\"},\"image\":{\"@id\":\"https:\\\/\\\/www.p31noticias.com.br\\\/?p=25951#primaryimage\"},\"thumbnailUrl\":\"https:\\\/\\\/www.p31noticias.com.br\\\/wp-content\\\/uploads\\\/2022\\\/04\\\/Cesta-Basica-Foto-Joel-Rodrigues-2-1536x1020-1.jpg\",\"datePublished\":\"2022-04-17T12:23:41+00:00\",\"author\":{\"@id\":\"https:\\\/\\\/www.p31noticias.com.br\\\/#\\\/schema\\\/person\\\/95f2ece30e3b4132065b915150cd0f94\"},\"breadcrumb\":{\"@id\":\"https:\\\/\\\/www.p31noticias.com.br\\\/?p=25951#breadcrumb\"},\"inLanguage\":\"pt-BR\",\"potentialAction\":[{\"@type\":\"ReadAction\",\"target\":[\"https:\\\/\\\/www.p31noticias.com.br\\\/?p=25951\"]}]},{\"@type\":\"ImageObject\",\"inLanguage\":\"pt-BR\",\"@id\":\"https:\\\/\\\/www.p31noticias.com.br\\\/?p=25951#primaryimage\",\"url\":\"https:\\\/\\\/www.p31noticias.com.br\\\/wp-content\\\/uploads\\\/2022\\\/04\\\/Cesta-Basica-Foto-Joel-Rodrigues-2-1536x1020-1.jpg\",\"contentUrl\":\"https:\\\/\\\/www.p31noticias.com.br\\\/wp-content\\\/uploads\\\/2022\\\/04\\\/Cesta-Basica-Foto-Joel-Rodrigues-2-1536x1020-1.jpg\",\"width\":1536,\"height\":1020},{\"@type\":\"BreadcrumbList\",\"@id\":\"https:\\\/\\\/www.p31noticias.com.br\\\/?p=25951#breadcrumb\",\"itemListElement\":[{\"@type\":\"ListItem\",\"position\":1,\"name\":\"In\u00edcio\",\"item\":\"https:\\\/\\\/www.p31noticias.com.br\\\/\"},{\"@type\":\"ListItem\",\"position\":2,\"name\":\"No m\u00eas do trabalhador, GDF lan\u00e7a programa para amparar desempregados.\"}]},{\"@type\":\"WebSite\",\"@id\":\"https:\\\/\\\/www.p31noticias.com.br\\\/#website\",\"url\":\"https:\\\/\\\/www.p31noticias.com.br\\\/\",\"name\":\"P31\",\"description\":\"NOT\u00cdCIAS\",\"potentialAction\":[{\"@type\":\"SearchAction\",\"target\":{\"@type\":\"EntryPoint\",\"urlTemplate\":\"https:\\\/\\\/www.p31noticias.com.br\\\/?s={search_term_string}\"},\"query-input\":{\"@type\":\"PropertyValueSpecification\",\"valueRequired\":true,\"valueName\":\"search_term_string\"}}],\"inLanguage\":\"pt-BR\"},{\"@type\":\"Person\",\"@id\":\"https:\\\/\\\/www.p31noticias.com.br\\\/#\\\/schema\\\/person\\\/95f2ece30e3b4132065b915150cd0f94\",\"name\":\"Gon\u00e7alves Junior\",\"image\":{\"@type\":\"ImageObject\",\"inLanguage\":\"pt-BR\",\"@id\":\"https:\\\/\\\/secure.gravatar.com\\\/avatar\\\/6711f350116a89762687a48d66f723c799e5438a5b7578508d4294cd7a5d0800?s=96&d=mm&r=g\",\"url\":\"https:\\\/\\\/secure.gravatar.com\\\/avatar\\\/6711f350116a89762687a48d66f723c799e5438a5b7578508d4294cd7a5d0800?s=96&d=mm&r=g\",\"contentUrl\":\"https:\\\/\\\/secure.gravatar.com\\\/avatar\\\/6711f350116a89762687a48d66f723c799e5438a5b7578508d4294cd7a5d0800?s=96&d=mm&r=g\",\"caption\":\"Gon\u00e7alves Junior\"},\"url\":\"https:\\\/\\\/www.p31noticias.com.br\\\/?author=2\"}]}<\/script>\n<!-- \/ Yoast SEO Premium plugin. -->","yoast_head_json":{"title":"No m\u00eas do trabalhador, GDF lan\u00e7a programa para amparar desempregados. - P31","robots":{"index":"index","follow":"follow","max-snippet":"max-snippet:-1","max-image-preview":"max-image-preview:large","max-video-preview":"max-video-preview:-1"},"canonical":"https:\/\/www.p31noticias.com.br\/?p=25951","og_locale":"pt_BR","og_type":"article","og_title":"No m\u00eas do trabalhador, GDF lan\u00e7a programa para amparar desempregados.","og_description":"Cesta do Trabalhador vai distribuir 100 mil cestas b\u00e1sicas a profissionais sem ocupa\u00e7\u00e3o que se cadastrarem nas ag\u00eancias do trabalhador; investimento inicial no programa \u00e9 de R$ 15 milh\u00f5es. O Governo do Distrito Federal (GDF) se prepara para lan\u00e7ar o programa Cesta do Trabalhador, que vai fornecer uma cesta b\u00e1sica pelo per\u00edodo de at\u00e9 tr\u00eas [&hellip;]","og_url":"https:\/\/www.p31noticias.com.br\/?p=25951","og_site_name":"P31","article_published_time":"2022-04-17T12:23:41+00:00","og_image":[{"width":1536,"height":1020,"url":"https:\/\/www.p31noticias.com.br\/wp-content\/uploads\/2022\/04\/Cesta-Basica-Foto-Joel-Rodrigues-2-1536x1020-1.jpg","type":"image\/jpeg"}],"author":"Gon\u00e7alves Junior","twitter_card":"summary_large_image","twitter_misc":{"Escrito por":"Gon\u00e7alves Junior","Est. tempo de leitura":"3 minutos"},"schema":{"@context":"https:\/\/schema.org","@graph":[{"@type":"Article","@id":"https:\/\/www.p31noticias.com.br\/?p=25951#article","isPartOf":{"@id":"https:\/\/www.p31noticias.com.br\/?p=25951"},"author":{"name":"Gon\u00e7alves Junior","@id":"https:\/\/www.p31noticias.com.br\/#\/schema\/person\/95f2ece30e3b4132065b915150cd0f94"},"headline":"No m\u00eas do trabalhador, GDF lan\u00e7a programa para amparar desempregados.","datePublished":"2022-04-17T12:23:41+00:00","mainEntityOfPage":{"@id":"https:\/\/www.p31noticias.com.br\/?p=25951"},"wordCount":540,"commentCount":0,"image":{"@id":"https:\/\/www.p31noticias.com.br\/?p=25951#primaryimage"},"thumbnailUrl":"https:\/\/www.p31noticias.com.br\/wp-content\/uploads\/2022\/04\/Cesta-Basica-Foto-Joel-Rodrigues-2-1536x1020-1.jpg","articleSection":["Outros"],"inLanguage":"pt-BR","potentialAction":[{"@type":"CommentAction","name":"Comment","target":["https:\/\/www.p31noticias.com.br\/?p=25951#respond"]}],"copyrightYear":"2022","copyrightHolder":{"@id":"https:\/\/www.p31noticias.com.br\/#organization"}},{"@type":"WebPage","@id":"https:\/\/www.p31noticias.com.br\/?p=25951","url":"https:\/\/www.p31noticias.com.br\/?p=25951","name":"No m\u00eas do trabalhador, GDF lan\u00e7a programa para amparar desempregados. - P31","isPartOf":{"@id":"https:\/\/www.p31noticias.com.br\/#website"},"primaryImageOfPage":{"@id":"https:\/\/www.p31noticias.com.br\/?p=25951#primaryimage"},"image":{"@id":"https:\/\/www.p31noticias.com.br\/?p=25951#primaryimage"},"thumbnailUrl":"https:\/\/www.p31noticias.com.br\/wp-content\/uploads\/2022\/04\/Cesta-Basica-Foto-Joel-Rodrigues-2-1536x1020-1.jpg","datePublished":"2022-04-17T12:23:41+00:00","author":{"@id":"https:\/\/www.p31noticias.com.br\/#\/schema\/person\/95f2ece30e3b4132065b915150cd0f94"},"breadcrumb":{"@id":"https:\/\/www.p31noticias.com.br\/?p=25951#breadcrumb"},"inLanguage":"pt-BR","potentialAction":[{"@type":"ReadAction","target":["https:\/\/www.p31noticias.com.br\/?p=25951"]}]},{"@type":"ImageObject","inLanguage":"pt-BR","@id":"https:\/\/www.p31noticias.com.br\/?p=25951#primaryimage","url":"https:\/\/www.p31noticias.com.br\/wp-content\/uploads\/2022\/04\/Cesta-Basica-Foto-Joel-Rodrigues-2-1536x1020-1.jpg","contentUrl":"https:\/\/www.p31noticias.com.br\/wp-content\/uploads\/2022\/04\/Cesta-Basica-Foto-Joel-Rodrigues-2-1536x1020-1.jpg","width":1536,"height":1020},{"@type":"BreadcrumbList","@id":"https:\/\/www.p31noticias.com.br\/?p=25951#breadcrumb","itemListElement":[{"@type":"ListItem","position":1,"name":"In\u00edcio","item":"https:\/\/www.p31noticias.com.br\/"},{"@type":"ListItem","position":2,"name":"No m\u00eas do trabalhador, GDF lan\u00e7a programa para amparar desempregados."}]},{"@type":"WebSite","@id":"https:\/\/www.p31noticias.com.br\/#website","url":"https:\/\/www.p31noticias.com.br\/","name":"P31","description":"NOT\u00cdCIAS","potentialAction":[{"@type":"SearchAction","target":{"@type":"EntryPoint","urlTemplate":"https:\/\/www.p31noticias.com.br\/?s={search_term_string}"},"query-input":{"@type":"PropertyValueSpecification","valueRequired":true,"valueName":"search_term_string"}}],"inLanguage":"pt-BR"},{"@type":"Person","@id":"https:\/\/www.p31noticias.com.br\/#\/schema\/person\/95f2ece30e3b4132065b915150cd0f94","name":"Gon\u00e7alves Junior","image":{"@type":"ImageObject","inLanguage":"pt-BR","@id":"https:\/\/secure.gravatar.com\/avatar\/6711f350116a89762687a48d66f723c799e5438a5b7578508d4294cd7a5d0800?s=96&d=mm&r=g","url":"https:\/\/secure.gravatar.com\/avatar\/6711f350116a89762687a48d66f723c799e5438a5b7578508d4294cd7a5d0800?s=96&d=mm&r=g","contentUrl":"https:\/\/secure.gravatar.com\/avatar\/6711f350116a89762687a48d66f723c799e5438a5b7578508d4294cd7a5d0800?s=96&d=mm&r=g","caption":"Gon\u00e7alves Junior"},"url":"https:\/\/www.p31noticias.com.br\/?author=2"}]}},"amp_enabled":true,"_links":{"self":[{"href":"https:\/\/www.p31noticias.com.br\/index.php?rest_route=\/wp\/v2\/posts\/25951","targetHints":{"allow":["GET"]}}],"collection":[{"href":"https:\/\/www.p31noticias.com.br\/index.php?rest_route=\/wp\/v2\/posts"}],"about":[{"href":"https:\/\/www.p31noticias.com.br\/index.php?rest_route=\/wp\/v2\/types\/post"}],"author":[{"embeddable":true,"href":"https:\/\/www.p31noticias.com.br\/index.php?rest_route=\/wp\/v2\/users\/2"}],"replies":[{"embeddable":true,"href":"https:\/\/www.p31noticias.com.br\/index.php?rest_route=%2Fwp%2Fv2%2Fcomments&post=25951"}],"version-history":[{"count":1,"href":"https:\/\/www.p31noticias.com.br\/index.php?rest_route=\/wp\/v2\/posts\/25951\/revisions"}],"predecessor-version":[{"id":25953,"href":"https:\/\/www.p31noticias.com.br\/index.php?rest_route=\/wp\/v2\/posts\/25951\/revisions\/25953"}],"wp:featuredmedia":[{"embeddable":true,"href":"https:\/\/www.p31noticias.com.br\/index.php?rest_route=\/wp\/v2\/media\/25952"}],"wp:attachment":[{"href":"https:\/\/www.p31noticias.com.br\/index.php?rest_route=%2Fwp%2Fv2%2Fmedia&parent=25951"}],"wp:term":[{"taxonomy":"category","embeddable":true,"href":"https:\/\/www.p31noticias.com.br\/index.php?rest_route=%2Fwp%2Fv2%2Fcategories&post=25951"},{"taxonomy":"post_tag","embeddable":true,"href":"https:\/\/www.p31noticias.com.br\/index.php?rest_route=%2Fwp%2Fv2%2Ftags&post=25951"}],"curies":[{"name":"wp","href":"https:\/\/api.w.org\/{rel}","templated":true}]}}