{"id":25948,"date":"2022-04-17T09:20:30","date_gmt":"2022-04-17T12:20:30","guid":{"rendered":"https:\/\/p31noticias.com.br\/?p=25948"},"modified":"2022-04-17T09:20:30","modified_gmt":"2022-04-17T12:20:30","slug":"agencia-brasil-explica-como-declarar-imovel-e-carro-no-ir","status":"publish","type":"post","link":"https:\/\/www.p31noticias.com.br\/?p=25948","title":{"rendered":"Ag\u00eancia Brasil explica: como declarar im\u00f3vel e carro no IR."},"content":{"rendered":"<h3 class=\"col-10 offset-1 animated fadeInDown dealy-900 display-8 display-md-8 alt-font font-italic my-1 text-center\" style=\"text-align: justify;\"><em><strong>Contribuinte deve prestar aten\u00e7\u00e3o a ganhos com valoriza\u00e7\u00e3o.<\/strong><\/em><\/h3>\n<p style=\"text-align: justify;\">Um dos momentos que mais gera d\u00favidas na hora de preencher a declara\u00e7\u00e3o do Imposto de Renda Pessoa F\u00edsica consiste na declara\u00e7\u00e3o de patrim\u00f4nios como carro e im\u00f3veis. Embora o procedimento seja parecido, existem diferen\u00e7as na hora de informar a venda dos bens.<\/p>\n<p>Em rela\u00e7\u00e3o aos im\u00f3veis, o contribuinte precisa estar atento a ganhos com a valoriza\u00e7\u00e3o entre a compra e a venda do bem. O comprador ser\u00e1 isento de Imposto de Renda (IR) sobre o ganho de capital nas seguintes situa\u00e7\u00f5es: caso compre outro im\u00f3vel residencial at\u00e9 seis meses depois da venda ou use o dinheiro da venda para quitar \u2013 parcialmente ou totalmente \u2013 financiamentos imobili\u00e1rios contra\u00eddos anteriormente.<img decoding=\"async\" src=\"https:\/\/agenciabrasil.ebc.com.br\/ebc.png?id=1454161&amp;o=node\" \/><img decoding=\"async\" src=\"https:\/\/agenciabrasil.ebc.com.br\/ebc.gif?id=1454161&amp;o=node\" \/><\/p>\n<p style=\"text-align: justify;\">A\u00a0<a href=\"https:\/\/agenciabrasil.ebc.com.br\/economia\/noticia\/2022-04\/receita-amplia-isencao-de-imposto-de-renda-na-venda-de-imovel\" target=\"_blank\" rel=\"noopener\">isen\u00e7\u00e3o de Imposto de Renda na quita\u00e7\u00e3o de financiamentos<\/a>\u00a0\u00e9 uma novidade na declara\u00e7\u00e3o deste ano. Ao autorizar o mecanismo, a Receita oficializou decis\u00f5es judiciais que reconheciam o direito a n\u00e3o pagar imposto.<\/p>\n<h2 style=\"text-align: justify;\">Preenchimento<\/h2>\n<p style=\"text-align: justify;\">Primeiramente, o contribuinte que adquiriu um im\u00f3vel no ano passado dever\u00e1 abrir um item na ficha Bens e Direitos, onde informar\u00e1 o c\u00f3digo correspondente a cada tipo de im\u00f3vel. Cada tipo de im\u00f3vel tem seu c\u00f3digo no grupo 1, segundo a\u00a0<a href=\"https:\/\/agenciabrasil.ebc.com.br\/economia\/noticia\/2022-04\/receita-amplia-isencao-de-imposto-de-renda-na-venda-de-imovel\" target=\"_blank\" rel=\"noopener\">nova lista de c\u00f3digos de patrim\u00f4nio<\/a>\u00a0que entrou em vigor neste ano.<\/p>\n<p style=\"text-align: justify;\">No campo Situa\u00e7\u00e3o em\u00a031\/12\/2020, o contribuinte informar\u00e1 valor zero, caso tenha comprado o im\u00f3vel no ano passado, ou o valor da compra, caso tenha comprado em outros anos. No campo Situa\u00e7\u00e3o em\u00a031\/12\/2021, bastar\u00e1 repetir o valor da compra.<\/p>\n<p style=\"text-align: justify;\">No campo Discrimina\u00e7\u00e3o, o contribuinte deve detalhar informa\u00e7\u00f5es do vendedor do im\u00f3vel, como nome, CPF, Cadastro Nacional de Pessoas Jur\u00eddicas (CNPJ) e informar se a compra foi \u00e0 vista ou financiada. Tamb\u00e9m \u00e9 necess\u00e1rio informar data de compra, n\u00famero de matr\u00edcula e cart\u00f3rio, \u00e1rea e n\u00fameros de inscri\u00e7\u00e3o municipal (para im\u00f3vel urbano) ou n\u00famero do im\u00f3vel na Receita Federal (para im\u00f3vel rural).<\/p>\n<p style=\"text-align: justify;\">O financiamento de im\u00f3veis deve ser informado apenas na ficha Bens e direitos, de maneira semelhante \u00e0 do financiamento de ve\u00edculos. A cada declara\u00e7\u00e3o, o comprador informar\u00e1 a soma dos valores pagos no ano anterior, at\u00e9 concluir as presta\u00e7\u00f5es. A partir da\u00ed, o valor total pago, que inclui os custos do financiamento, dever\u00e1 ser repetido todos os anos, enquanto o contribuinte for o propriet\u00e1rio.<\/p>\n<p style=\"text-align: justify;\">No caso dos ve\u00edculos, o procedimento \u00e9 semelhante. O contribuinte deve informar apenas o valor da compra e repeti-lo todos os anos. Os ve\u00edculos financiados devem ser declarados do mesmo modo que os im\u00f3veis, com o contribuinte declarando o valor da entrada no primeiro ano e acrescentando o valor das presta\u00e7\u00f5es acumuladas em 12 meses nos anos seguintes.<\/p>\n<p style=\"text-align: justify;\">Os c\u00f3digos para informar o tipo de ve\u00edculo est\u00e3o no grupo 2, que engloba os bens m\u00f3veis. Todos os ve\u00edculos terrestres (carro, moto e caminh\u00e3o) est\u00e3o no c\u00f3digo 1 desse grupo.<\/p>\n<p style=\"text-align: justify;\">No campo Discrimina\u00e7\u00e3o, o contribuinte deve informar os dados do ve\u00edculo (modelo, ano de fabrica\u00e7\u00e3o e placa), informa\u00e7\u00f5es do vendedor (nome, CPF ou CNPJ, caso a compra tenha sido feita no ano anterior) e a forma de pagamento. Quem comprou ve\u00edculo usado pode encontrar essas informa\u00e7\u00f5es na c\u00f3pia do documento de transfer\u00eancia. Tamb\u00e9m nesse caso, o valor declarado deve ser o valor da aquisi\u00e7\u00e3o do bem, n\u00e3o o valor de mercado.<\/p>\n<p style=\"text-align: justify;\">Nem todo mundo deve declarar o Imposto de Renda, somente quem se enquadra nos crit\u00e9rios da Receita Federal. No entanto, o contribuinte obrigado a fazer a declara\u00e7\u00e3o deve informar o ve\u00edculo, independentemente do valor.<\/p>\n<h2 style=\"text-align: justify;\">D\u00edvidas<\/h2>\n<p style=\"text-align: justify;\">No caso dos financiamentos imobili\u00e1rios, a ficha D\u00edvidas e \u00d4nus Reais\u00a0deve ser ignorada, tanto no caso de im\u00f3veis como de ve\u00edculos. Ela destina-se somente a d\u00edvidas sem nenhum bem como garantia, como empr\u00e9stimos banc\u00e1rios ou empr\u00e9stimos entre pessoas f\u00edsicas. Como o im\u00f3vel ou carro pode ser tomado de volta pelo banco no caso de inadimpl\u00eancia, essa opera\u00e7\u00e3o n\u00e3o se enquadra nessa ficha.<\/p>\n<h2 style=\"text-align: justify;\">Venda<\/h2>\n<p style=\"text-align: justify;\">A diferen\u00e7a na declara\u00e7\u00e3o entre im\u00f3veis e ve\u00edculos est\u00e1 na venda. Como os carros e os demais ve\u00edculos se desvalorizam com o tempo, o contribuinte n\u00e3o\u00a0ter\u00e1 ganhos de capital. Bastar\u00e1 informar o valor zero no campo Situa\u00e7\u00e3o em\u00a031\/12\/2021\u00a0e especificar para quem vendeu o bem, informando o CPF, no caso de comprador pessoa f\u00edsica, e CNPJ, se tiver vendido o carro para uma concession\u00e1ria e revendedora.<\/p>\n<p style=\"text-align: justify;\">Em rela\u00e7\u00e3o aos im\u00f3veis, o contribuinte dever\u00e1 cumprir mais uma etapa. Al\u00e9m da ficha Bens e Direitos, onde listar\u00e1 os im\u00f3veis, o contribuinte que vendeu precisa acessar o Programa de Apura\u00e7\u00e3o de Ganhos de Capital da Receita Federal. Na plataforma, o vendedor precisar\u00e1 informar a forma de pagamento e o custo do im\u00f3vel, al\u00e9m de detalhar as informa\u00e7\u00f5es t\u00e9cnicas da propriedade e dados sobre o comprador. Com base nos dados, o Fisco cruzar\u00e1 as informa\u00e7\u00f5es para detectar eventuais erros ou inconsist\u00eancias.<\/p>\n<p style=\"text-align: justify;\">A venda deve ser detalhada no campo Discrimina\u00e7\u00e3o, incluindo o nome e o n\u00famero do Cadastro de Pessoas F\u00edsicas (CPF) do comprador, o valor e a data da opera\u00e7\u00e3o.<\/p>\n<p style=\"text-align: justify;\">Quem vende im\u00f3veis precisa apurar se houve ganho de capital (renda obtida com a valoriza\u00e7\u00e3o de um ativo) com a opera\u00e7\u00e3o. Caso tenha lucrado com a venda, o contribuinte ser\u00e1 tributado conforme uma tabela progressiva, que incide sobre o lucro, n\u00e3o sobre o valor total do im\u00f3vel.<\/p>\n<p style=\"text-align: justify;\">Se o lucro imobili\u00e1rio chegar at\u00e9 a R$ 5 milh\u00f5es, pagar\u00e1 15% de imposto. A al\u00edquota sobe para 17,5% sobre lucros de R$ 5 milh\u00f5es a R$ 10 milh\u00f5es, para 20% nos lucros de R$ 10 milh\u00f5es a R$ 30 milh\u00f5es e para 22,5% nos lucros acima de R$ 30 milh\u00f5es. Como raramente o ganho de capital ultrapassar\u00e1 R$ 5 milh\u00f5es, quase a totalidade dos declarantes paga 15%.<\/p>\n<h2 style=\"text-align: justify;\">Ganho de capital<\/h2>\n<p style=\"text-align: justify;\">A apura\u00e7\u00e3o do ganho de capital sobre o im\u00f3vel deve ser feita no m\u00eas seguinte \u00e0 venda, por meio do Programa de Apura\u00e7\u00e3o de Ganhos de Capital 2021 (GCAP2021), dispon\u00edvel na\u00a0<a href=\"https:\/\/www.gov.br\/receitafederal\/pt-br\/centrais-de-conteudo\/download\/pgd\/gcap\" target=\"_blank\" rel=\"noopener\">p\u00e1gina da Receita Federal<\/a>\u00a0na internet. O Imposto de Renda dever\u00e1 ser recolhido at\u00e9 o \u00faltimo dia \u00fatil do m\u00eas posterior ao neg\u00f3cio, por meio de Documento de Arrecada\u00e7\u00e3o de Receitas Federais (Darf) emitido pelo GCAP.<\/p>\n<p style=\"text-align: justify;\">Ao preencher a declara\u00e7\u00e3o do Imposto de Renda, o contribuinte deve importar os dados do GCAP2021 para o programa gerador da declara\u00e7\u00e3o da Receita Federal. O pr\u00f3prio sistema preencher\u00e1 automaticamente os dados e classificar\u00e1 uma parte do ganho de capital como rendimento isento e outra como rendimentos sujeitos \u00e0 tributa\u00e7\u00e3o exclusiva.<\/p>\n<p style=\"text-align: justify;\">Al\u00e9m do uso do dinheiro da venda para comprar ou quitar outro im\u00f3vel, existe a isen\u00e7\u00e3o para a venda de im\u00f3veis antigos. Unidades compradas at\u00e9 1969 n\u00e3o pagam Imposto de Renda quando s\u00e3o vendidas. Im\u00f3veis comprados entre 1969 e 1988 t\u00eam isen\u00e7\u00e3o parcial. Uma situa\u00e7\u00e3o adicional de isen\u00e7\u00e3o \u00e9 a venda do im\u00f3vel \u00fanico, desde que o valor da opera\u00e7\u00e3o n\u00e3o supere R$ 440 mil.<\/p>\n<p>Agencia Brasil.<\/p>\n","protected":false},"excerpt":{"rendered":"<p>Contribuinte deve prestar aten\u00e7\u00e3o a ganhos com valoriza\u00e7\u00e3o. Um dos momentos que mais gera d\u00favidas na hora de preencher a declara\u00e7\u00e3o do Imposto de Renda Pessoa F\u00edsica consiste na declara\u00e7\u00e3o de patrim\u00f4nios como carro e im\u00f3veis. Embora o procedimento seja parecido, existem diferen\u00e7as na hora de informar a venda dos bens. Em rela\u00e7\u00e3o aos im\u00f3veis, [&hellip;]<\/p>\n","protected":false},"author":2,"featured_media":25949,"comment_status":"open","ping_status":"open","sticky":false,"template":"","format":"standard","meta":{"footnotes":""},"categories":[1],"tags":[],"class_list":{"0":"post-25948","1":"post","2":"type-post","3":"status-publish","4":"format-standard","5":"has-post-thumbnail","7":"category-outros"},"yoast_head":"<!-- This site is optimized with the Yoast SEO Premium plugin v24.5 (Yoast SEO v27.5) - https:\/\/yoast.com\/product\/yoast-seo-premium-wordpress\/ -->\n<title>Ag\u00eancia Brasil explica: como declarar im\u00f3vel e carro no IR. - P31<\/title>\n<meta name=\"robots\" content=\"index, follow, max-snippet:-1, max-image-preview:large, max-video-preview:-1\" \/>\n<link rel=\"canonical\" href=\"https:\/\/www.p31noticias.com.br\/?p=25948\" \/>\n<meta property=\"og:locale\" content=\"pt_BR\" \/>\n<meta property=\"og:type\" content=\"article\" \/>\n<meta property=\"og:title\" content=\"Ag\u00eancia Brasil explica: como declarar im\u00f3vel e carro no IR.\" \/>\n<meta property=\"og:description\" content=\"Contribuinte deve prestar aten\u00e7\u00e3o a ganhos com valoriza\u00e7\u00e3o. Um dos momentos que mais gera d\u00favidas na hora de preencher a declara\u00e7\u00e3o do Imposto de Renda Pessoa F\u00edsica consiste na declara\u00e7\u00e3o de patrim\u00f4nios como carro e im\u00f3veis. Embora o procedimento seja parecido, existem diferen\u00e7as na hora de informar a venda dos bens. Em rela\u00e7\u00e3o aos im\u00f3veis, [&hellip;]\" \/>\n<meta property=\"og:url\" content=\"https:\/\/www.p31noticias.com.br\/?p=25948\" \/>\n<meta property=\"og:site_name\" content=\"P31\" \/>\n<meta property=\"article:published_time\" content=\"2022-04-17T12:20:30+00:00\" \/>\n<meta property=\"og:image\" content=\"https:\/\/www.p31noticias.com.br\/wp-content\/uploads\/2022\/04\/mcam20022020-6.jpg\" \/>\n\t<meta property=\"og:image:width\" content=\"1170\" \/>\n\t<meta property=\"og:image:height\" content=\"700\" \/>\n\t<meta property=\"og:image:type\" content=\"image\/jpeg\" \/>\n<meta name=\"author\" content=\"Gon\u00e7alves Junior\" \/>\n<meta name=\"twitter:card\" content=\"summary_large_image\" \/>\n<meta name=\"twitter:label1\" content=\"Escrito por\" \/>\n\t<meta name=\"twitter:data1\" content=\"Gon\u00e7alves Junior\" \/>\n\t<meta name=\"twitter:label2\" content=\"Est. tempo de leitura\" \/>\n\t<meta name=\"twitter:data2\" content=\"6 minutos\" \/>\n<script type=\"application\/ld+json\" class=\"yoast-schema-graph\">{\"@context\":\"https:\\\/\\\/schema.org\",\"@graph\":[{\"@type\":\"Article\",\"@id\":\"https:\\\/\\\/www.p31noticias.com.br\\\/?p=25948#article\",\"isPartOf\":{\"@id\":\"https:\\\/\\\/www.p31noticias.com.br\\\/?p=25948\"},\"author\":{\"name\":\"Gon\u00e7alves Junior\",\"@id\":\"https:\\\/\\\/www.p31noticias.com.br\\\/#\\\/schema\\\/person\\\/95f2ece30e3b4132065b915150cd0f94\"},\"headline\":\"Ag\u00eancia Brasil explica: como declarar im\u00f3vel e carro no IR.\",\"datePublished\":\"2022-04-17T12:20:30+00:00\",\"mainEntityOfPage\":{\"@id\":\"https:\\\/\\\/www.p31noticias.com.br\\\/?p=25948\"},\"wordCount\":1246,\"commentCount\":0,\"image\":{\"@id\":\"https:\\\/\\\/www.p31noticias.com.br\\\/?p=25948#primaryimage\"},\"thumbnailUrl\":\"https:\\\/\\\/www.p31noticias.com.br\\\/wp-content\\\/uploads\\\/2022\\\/04\\\/mcam20022020-6.jpg\",\"articleSection\":[\"Outros\"],\"inLanguage\":\"pt-BR\",\"potentialAction\":[{\"@type\":\"CommentAction\",\"name\":\"Comment\",\"target\":[\"https:\\\/\\\/www.p31noticias.com.br\\\/?p=25948#respond\"]}],\"copyrightYear\":\"2022\",\"copyrightHolder\":{\"@id\":\"https:\\\/\\\/www.p31noticias.com.br\\\/#organization\"}},{\"@type\":\"WebPage\",\"@id\":\"https:\\\/\\\/www.p31noticias.com.br\\\/?p=25948\",\"url\":\"https:\\\/\\\/www.p31noticias.com.br\\\/?p=25948\",\"name\":\"Ag\u00eancia Brasil explica: como declarar im\u00f3vel e carro no IR. - P31\",\"isPartOf\":{\"@id\":\"https:\\\/\\\/www.p31noticias.com.br\\\/#website\"},\"primaryImageOfPage\":{\"@id\":\"https:\\\/\\\/www.p31noticias.com.br\\\/?p=25948#primaryimage\"},\"image\":{\"@id\":\"https:\\\/\\\/www.p31noticias.com.br\\\/?p=25948#primaryimage\"},\"thumbnailUrl\":\"https:\\\/\\\/www.p31noticias.com.br\\\/wp-content\\\/uploads\\\/2022\\\/04\\\/mcam20022020-6.jpg\",\"datePublished\":\"2022-04-17T12:20:30+00:00\",\"author\":{\"@id\":\"https:\\\/\\\/www.p31noticias.com.br\\\/#\\\/schema\\\/person\\\/95f2ece30e3b4132065b915150cd0f94\"},\"breadcrumb\":{\"@id\":\"https:\\\/\\\/www.p31noticias.com.br\\\/?p=25948#breadcrumb\"},\"inLanguage\":\"pt-BR\",\"potentialAction\":[{\"@type\":\"ReadAction\",\"target\":[\"https:\\\/\\\/www.p31noticias.com.br\\\/?p=25948\"]}]},{\"@type\":\"ImageObject\",\"inLanguage\":\"pt-BR\",\"@id\":\"https:\\\/\\\/www.p31noticias.com.br\\\/?p=25948#primaryimage\",\"url\":\"https:\\\/\\\/www.p31noticias.com.br\\\/wp-content\\\/uploads\\\/2022\\\/04\\\/mcam20022020-6.jpg\",\"contentUrl\":\"https:\\\/\\\/www.p31noticias.com.br\\\/wp-content\\\/uploads\\\/2022\\\/04\\\/mcam20022020-6.jpg\",\"width\":1170,\"height\":700,\"caption\":\"Superintend\u00eancia da Receita Federal, em Bras\u00edlia.\"},{\"@type\":\"BreadcrumbList\",\"@id\":\"https:\\\/\\\/www.p31noticias.com.br\\\/?p=25948#breadcrumb\",\"itemListElement\":[{\"@type\":\"ListItem\",\"position\":1,\"name\":\"In\u00edcio\",\"item\":\"https:\\\/\\\/www.p31noticias.com.br\\\/\"},{\"@type\":\"ListItem\",\"position\":2,\"name\":\"Ag\u00eancia Brasil explica: como declarar im\u00f3vel e carro no IR.\"}]},{\"@type\":\"WebSite\",\"@id\":\"https:\\\/\\\/www.p31noticias.com.br\\\/#website\",\"url\":\"https:\\\/\\\/www.p31noticias.com.br\\\/\",\"name\":\"P31\",\"description\":\"NOT\u00cdCIAS\",\"potentialAction\":[{\"@type\":\"SearchAction\",\"target\":{\"@type\":\"EntryPoint\",\"urlTemplate\":\"https:\\\/\\\/www.p31noticias.com.br\\\/?s={search_term_string}\"},\"query-input\":{\"@type\":\"PropertyValueSpecification\",\"valueRequired\":true,\"valueName\":\"search_term_string\"}}],\"inLanguage\":\"pt-BR\"},{\"@type\":\"Person\",\"@id\":\"https:\\\/\\\/www.p31noticias.com.br\\\/#\\\/schema\\\/person\\\/95f2ece30e3b4132065b915150cd0f94\",\"name\":\"Gon\u00e7alves Junior\",\"image\":{\"@type\":\"ImageObject\",\"inLanguage\":\"pt-BR\",\"@id\":\"https:\\\/\\\/secure.gravatar.com\\\/avatar\\\/6711f350116a89762687a48d66f723c799e5438a5b7578508d4294cd7a5d0800?s=96&d=mm&r=g\",\"url\":\"https:\\\/\\\/secure.gravatar.com\\\/avatar\\\/6711f350116a89762687a48d66f723c799e5438a5b7578508d4294cd7a5d0800?s=96&d=mm&r=g\",\"contentUrl\":\"https:\\\/\\\/secure.gravatar.com\\\/avatar\\\/6711f350116a89762687a48d66f723c799e5438a5b7578508d4294cd7a5d0800?s=96&d=mm&r=g\",\"caption\":\"Gon\u00e7alves Junior\"},\"url\":\"https:\\\/\\\/www.p31noticias.com.br\\\/?author=2\"}]}<\/script>\n<!-- \/ Yoast SEO Premium plugin. -->","yoast_head_json":{"title":"Ag\u00eancia Brasil explica: como declarar im\u00f3vel e carro no IR. - P31","robots":{"index":"index","follow":"follow","max-snippet":"max-snippet:-1","max-image-preview":"max-image-preview:large","max-video-preview":"max-video-preview:-1"},"canonical":"https:\/\/www.p31noticias.com.br\/?p=25948","og_locale":"pt_BR","og_type":"article","og_title":"Ag\u00eancia Brasil explica: como declarar im\u00f3vel e carro no IR.","og_description":"Contribuinte deve prestar aten\u00e7\u00e3o a ganhos com valoriza\u00e7\u00e3o. Um dos momentos que mais gera d\u00favidas na hora de preencher a declara\u00e7\u00e3o do Imposto de Renda Pessoa F\u00edsica consiste na declara\u00e7\u00e3o de patrim\u00f4nios como carro e im\u00f3veis. Embora o procedimento seja parecido, existem diferen\u00e7as na hora de informar a venda dos bens. Em rela\u00e7\u00e3o aos im\u00f3veis, [&hellip;]","og_url":"https:\/\/www.p31noticias.com.br\/?p=25948","og_site_name":"P31","article_published_time":"2022-04-17T12:20:30+00:00","og_image":[{"width":1170,"height":700,"url":"https:\/\/www.p31noticias.com.br\/wp-content\/uploads\/2022\/04\/mcam20022020-6.jpg","type":"image\/jpeg"}],"author":"Gon\u00e7alves Junior","twitter_card":"summary_large_image","twitter_misc":{"Escrito por":"Gon\u00e7alves Junior","Est. tempo de leitura":"6 minutos"},"schema":{"@context":"https:\/\/schema.org","@graph":[{"@type":"Article","@id":"https:\/\/www.p31noticias.com.br\/?p=25948#article","isPartOf":{"@id":"https:\/\/www.p31noticias.com.br\/?p=25948"},"author":{"name":"Gon\u00e7alves Junior","@id":"https:\/\/www.p31noticias.com.br\/#\/schema\/person\/95f2ece30e3b4132065b915150cd0f94"},"headline":"Ag\u00eancia Brasil explica: como declarar im\u00f3vel e carro no IR.","datePublished":"2022-04-17T12:20:30+00:00","mainEntityOfPage":{"@id":"https:\/\/www.p31noticias.com.br\/?p=25948"},"wordCount":1246,"commentCount":0,"image":{"@id":"https:\/\/www.p31noticias.com.br\/?p=25948#primaryimage"},"thumbnailUrl":"https:\/\/www.p31noticias.com.br\/wp-content\/uploads\/2022\/04\/mcam20022020-6.jpg","articleSection":["Outros"],"inLanguage":"pt-BR","potentialAction":[{"@type":"CommentAction","name":"Comment","target":["https:\/\/www.p31noticias.com.br\/?p=25948#respond"]}],"copyrightYear":"2022","copyrightHolder":{"@id":"https:\/\/www.p31noticias.com.br\/#organization"}},{"@type":"WebPage","@id":"https:\/\/www.p31noticias.com.br\/?p=25948","url":"https:\/\/www.p31noticias.com.br\/?p=25948","name":"Ag\u00eancia Brasil explica: como declarar im\u00f3vel e carro no IR. - P31","isPartOf":{"@id":"https:\/\/www.p31noticias.com.br\/#website"},"primaryImageOfPage":{"@id":"https:\/\/www.p31noticias.com.br\/?p=25948#primaryimage"},"image":{"@id":"https:\/\/www.p31noticias.com.br\/?p=25948#primaryimage"},"thumbnailUrl":"https:\/\/www.p31noticias.com.br\/wp-content\/uploads\/2022\/04\/mcam20022020-6.jpg","datePublished":"2022-04-17T12:20:30+00:00","author":{"@id":"https:\/\/www.p31noticias.com.br\/#\/schema\/person\/95f2ece30e3b4132065b915150cd0f94"},"breadcrumb":{"@id":"https:\/\/www.p31noticias.com.br\/?p=25948#breadcrumb"},"inLanguage":"pt-BR","potentialAction":[{"@type":"ReadAction","target":["https:\/\/www.p31noticias.com.br\/?p=25948"]}]},{"@type":"ImageObject","inLanguage":"pt-BR","@id":"https:\/\/www.p31noticias.com.br\/?p=25948#primaryimage","url":"https:\/\/www.p31noticias.com.br\/wp-content\/uploads\/2022\/04\/mcam20022020-6.jpg","contentUrl":"https:\/\/www.p31noticias.com.br\/wp-content\/uploads\/2022\/04\/mcam20022020-6.jpg","width":1170,"height":700,"caption":"Superintend\u00eancia da Receita Federal, em Bras\u00edlia."},{"@type":"BreadcrumbList","@id":"https:\/\/www.p31noticias.com.br\/?p=25948#breadcrumb","itemListElement":[{"@type":"ListItem","position":1,"name":"In\u00edcio","item":"https:\/\/www.p31noticias.com.br\/"},{"@type":"ListItem","position":2,"name":"Ag\u00eancia Brasil explica: como declarar im\u00f3vel e carro no IR."}]},{"@type":"WebSite","@id":"https:\/\/www.p31noticias.com.br\/#website","url":"https:\/\/www.p31noticias.com.br\/","name":"P31","description":"NOT\u00cdCIAS","potentialAction":[{"@type":"SearchAction","target":{"@type":"EntryPoint","urlTemplate":"https:\/\/www.p31noticias.com.br\/?s={search_term_string}"},"query-input":{"@type":"PropertyValueSpecification","valueRequired":true,"valueName":"search_term_string"}}],"inLanguage":"pt-BR"},{"@type":"Person","@id":"https:\/\/www.p31noticias.com.br\/#\/schema\/person\/95f2ece30e3b4132065b915150cd0f94","name":"Gon\u00e7alves Junior","image":{"@type":"ImageObject","inLanguage":"pt-BR","@id":"https:\/\/secure.gravatar.com\/avatar\/6711f350116a89762687a48d66f723c799e5438a5b7578508d4294cd7a5d0800?s=96&d=mm&r=g","url":"https:\/\/secure.gravatar.com\/avatar\/6711f350116a89762687a48d66f723c799e5438a5b7578508d4294cd7a5d0800?s=96&d=mm&r=g","contentUrl":"https:\/\/secure.gravatar.com\/avatar\/6711f350116a89762687a48d66f723c799e5438a5b7578508d4294cd7a5d0800?s=96&d=mm&r=g","caption":"Gon\u00e7alves Junior"},"url":"https:\/\/www.p31noticias.com.br\/?author=2"}]}},"amp_enabled":true,"_links":{"self":[{"href":"https:\/\/www.p31noticias.com.br\/index.php?rest_route=\/wp\/v2\/posts\/25948","targetHints":{"allow":["GET"]}}],"collection":[{"href":"https:\/\/www.p31noticias.com.br\/index.php?rest_route=\/wp\/v2\/posts"}],"about":[{"href":"https:\/\/www.p31noticias.com.br\/index.php?rest_route=\/wp\/v2\/types\/post"}],"author":[{"embeddable":true,"href":"https:\/\/www.p31noticias.com.br\/index.php?rest_route=\/wp\/v2\/users\/2"}],"replies":[{"embeddable":true,"href":"https:\/\/www.p31noticias.com.br\/index.php?rest_route=%2Fwp%2Fv2%2Fcomments&post=25948"}],"version-history":[{"count":1,"href":"https:\/\/www.p31noticias.com.br\/index.php?rest_route=\/wp\/v2\/posts\/25948\/revisions"}],"predecessor-version":[{"id":25950,"href":"https:\/\/www.p31noticias.com.br\/index.php?rest_route=\/wp\/v2\/posts\/25948\/revisions\/25950"}],"wp:featuredmedia":[{"embeddable":true,"href":"https:\/\/www.p31noticias.com.br\/index.php?rest_route=\/wp\/v2\/media\/25949"}],"wp:attachment":[{"href":"https:\/\/www.p31noticias.com.br\/index.php?rest_route=%2Fwp%2Fv2%2Fmedia&parent=25948"}],"wp:term":[{"taxonomy":"category","embeddable":true,"href":"https:\/\/www.p31noticias.com.br\/index.php?rest_route=%2Fwp%2Fv2%2Fcategories&post=25948"},{"taxonomy":"post_tag","embeddable":true,"href":"https:\/\/www.p31noticias.com.br\/index.php?rest_route=%2Fwp%2Fv2%2Ftags&post=25948"}],"curies":[{"name":"wp","href":"https:\/\/api.w.org\/{rel}","templated":true}]}}