{"id":25944,"date":"2022-04-14T11:55:44","date_gmt":"2022-04-14T14:55:44","guid":{"rendered":"https:\/\/p31noticias.com.br\/?p=25944"},"modified":"2022-04-14T11:55:44","modified_gmt":"2022-04-14T14:55:44","slug":"instituto-reciclando-abre-vagas-para-cuidador-de-idosos","status":"publish","type":"post","link":"https:\/\/www.p31noticias.com.br\/?p=25944","title":{"rendered":"Instituto Reciclando abre vagas para cuidador de idosos."},"content":{"rendered":"<p style=\"text-align: justify;\"><em><strong>Reciclando o Futuro abriu 200 vagas gratuitas para curso de capacita\u00e7\u00e3o de cuidadores de idosos.<\/strong><\/em><\/p>\n<p>O programa ter\u00e1 oito horas de dura\u00e7\u00e3o e ocorrer\u00e1 ao longo de quatro finais de semana, com in\u00edcio no pr\u00f3ximo s\u00e1bado (16\/4).<\/p>\n<p>As aulas ser\u00e3o ministradas no Instituto Adonai, localizado na Quadra QN 502, conjunto 13, lote 1, Samambaia Sul, ter\u00e3o in\u00edcio \u00e0s 8h.<\/p>\n<p>\u201cO mercado est\u00e1 em busca de profissionais nessa \u00e1rea. Por\u00e9m, \u00e9 preciso qualifica\u00e7\u00e3o, pois trata-se de um p\u00fablico com particularidades que precisam ser levadas em considera\u00e7\u00e3o\u201d, destaca a fundadora do Reciclando o Futuro, Renata D\u2019Aguiar.<\/p>\n<p>\u201cEsse curso \u00e9 uma forma de preparar pessoas que est\u00e3o fora do mercado de trabalho para buscarem por novas oportunidades de emprego\u201d, complementa.<\/p>\n<p>Para se inscrever, \u00e9 necess\u00e1rio ter, no m\u00ednimo, 18 anos de idade e doar 1 kg de alimento n\u00e3o perec\u00edvel. O formul\u00e1rio para inscri\u00e7\u00e3o pode ser acessado por este link: https:\/\/docs.google.com\/forms\/d\/e\/1FAIpQLSeONCiK8TioJjWG_M45oXcNAvGv3uvQf7-1z-FSLNfBLnsBxg\/viewform<\/p>\n<p><a class=\"notranslate\" tabindex=\"0\" href=\"https:\/\/www.instagram.com\/reciclando_futuro\/\">@reciclando_futuro<\/a>\u00a0<a class=\"notranslate\" tabindex=\"0\" href=\"https:\/\/www.instagram.com\/renatadaguiardf\/\">@renatadaguiardf<\/a><\/p>\n<p>Revista \u00c1guas Claras.<\/p>\n","protected":false},"excerpt":{"rendered":"<p>Reciclando o Futuro abriu 200 vagas gratuitas para curso de capacita\u00e7\u00e3o de cuidadores de idosos. O programa ter\u00e1 oito horas de dura\u00e7\u00e3o e ocorrer\u00e1 ao longo de quatro finais de semana, com in\u00edcio no pr\u00f3ximo s\u00e1bado (16\/4). As aulas ser\u00e3o ministradas no Instituto Adonai, localizado na Quadra QN 502, conjunto 13, lote 1, Samambaia Sul, [&hellip;]<\/p>\n","protected":false},"author":2,"featured_media":25945,"comment_status":"open","ping_status":"open","sticky":false,"template":"","format":"standard","meta":{"footnotes":""},"categories":[21],"tags":[],"class_list":{"0":"post-25944","1":"post","2":"type-post","3":"status-publish","4":"format-standard","5":"has-post-thumbnail","7":"category-brasilia"},"yoast_head":"<!-- This site is optimized with the Yoast SEO Premium plugin v24.5 (Yoast SEO v27.5) - https:\/\/yoast.com\/product\/yoast-seo-premium-wordpress\/ -->\n<title>Instituto Reciclando abre vagas para cuidador de idosos. - P31<\/title>\n<meta name=\"robots\" content=\"index, follow, max-snippet:-1, max-image-preview:large, max-video-preview:-1\" \/>\n<link rel=\"canonical\" href=\"https:\/\/www.p31noticias.com.br\/?p=25944\" \/>\n<meta property=\"og:locale\" content=\"pt_BR\" \/>\n<meta property=\"og:type\" content=\"article\" \/>\n<meta property=\"og:title\" content=\"Instituto Reciclando abre vagas para cuidador de idosos.\" \/>\n<meta property=\"og:description\" content=\"Reciclando o Futuro abriu 200 vagas gratuitas para curso de capacita\u00e7\u00e3o de cuidadores de idosos. O programa ter\u00e1 oito horas de dura\u00e7\u00e3o e ocorrer\u00e1 ao longo de quatro finais de semana, com in\u00edcio no pr\u00f3ximo s\u00e1bado (16\/4). As aulas ser\u00e3o ministradas no Instituto Adonai, localizado na Quadra QN 502, conjunto 13, lote 1, Samambaia Sul, [&hellip;]\" \/>\n<meta property=\"og:url\" content=\"https:\/\/www.p31noticias.com.br\/?p=25944\" \/>\n<meta property=\"og:site_name\" content=\"P31\" \/>\n<meta property=\"article:published_time\" content=\"2022-04-14T14:55:44+00:00\" \/>\n<meta property=\"og:image\" content=\"https:\/\/www.p31noticias.com.br\/wp-content\/uploads\/2022\/04\/unnamed-10.jpg\" \/>\n\t<meta property=\"og:image:width\" content=\"872\" \/>\n\t<meta property=\"og:image:height\" content=\"844\" \/>\n\t<meta property=\"og:image:type\" content=\"image\/jpeg\" \/>\n<meta name=\"author\" content=\"Gon\u00e7alves Junior\" \/>\n<meta name=\"twitter:card\" content=\"summary_large_image\" \/>\n<meta name=\"twitter:label1\" content=\"Escrito por\" \/>\n\t<meta name=\"twitter:data1\" content=\"Gon\u00e7alves Junior\" \/>\n\t<meta name=\"twitter:label2\" content=\"Est. tempo de leitura\" \/>\n\t<meta name=\"twitter:data2\" content=\"1 minuto\" \/>\n<script type=\"application\/ld+json\" class=\"yoast-schema-graph\">{\"@context\":\"https:\\\/\\\/schema.org\",\"@graph\":[{\"@type\":\"Article\",\"@id\":\"https:\\\/\\\/www.p31noticias.com.br\\\/?p=25944#article\",\"isPartOf\":{\"@id\":\"https:\\\/\\\/www.p31noticias.com.br\\\/?p=25944\"},\"author\":{\"name\":\"Gon\u00e7alves Junior\",\"@id\":\"https:\\\/\\\/www.p31noticias.com.br\\\/#\\\/schema\\\/person\\\/95f2ece30e3b4132065b915150cd0f94\"},\"headline\":\"Instituto Reciclando abre vagas para cuidador de idosos.\",\"datePublished\":\"2022-04-14T14:55:44+00:00\",\"mainEntityOfPage\":{\"@id\":\"https:\\\/\\\/www.p31noticias.com.br\\\/?p=25944\"},\"wordCount\":186,\"commentCount\":0,\"image\":{\"@id\":\"https:\\\/\\\/www.p31noticias.com.br\\\/?p=25944#primaryimage\"},\"thumbnailUrl\":\"https:\\\/\\\/www.p31noticias.com.br\\\/wp-content\\\/uploads\\\/2022\\\/04\\\/unnamed-10.jpg\",\"articleSection\":[\"Bras\u00edlia\"],\"inLanguage\":\"pt-BR\",\"potentialAction\":[{\"@type\":\"CommentAction\",\"name\":\"Comment\",\"target\":[\"https:\\\/\\\/www.p31noticias.com.br\\\/?p=25944#respond\"]}],\"copyrightYear\":\"2022\",\"copyrightHolder\":{\"@id\":\"https:\\\/\\\/www.p31noticias.com.br\\\/#organization\"}},{\"@type\":\"WebPage\",\"@id\":\"https:\\\/\\\/www.p31noticias.com.br\\\/?p=25944\",\"url\":\"https:\\\/\\\/www.p31noticias.com.br\\\/?p=25944\",\"name\":\"Instituto Reciclando abre vagas para cuidador de idosos. - P31\",\"isPartOf\":{\"@id\":\"https:\\\/\\\/www.p31noticias.com.br\\\/#website\"},\"primaryImageOfPage\":{\"@id\":\"https:\\\/\\\/www.p31noticias.com.br\\\/?p=25944#primaryimage\"},\"image\":{\"@id\":\"https:\\\/\\\/www.p31noticias.com.br\\\/?p=25944#primaryimage\"},\"thumbnailUrl\":\"https:\\\/\\\/www.p31noticias.com.br\\\/wp-content\\\/uploads\\\/2022\\\/04\\\/unnamed-10.jpg\",\"datePublished\":\"2022-04-14T14:55:44+00:00\",\"author\":{\"@id\":\"https:\\\/\\\/www.p31noticias.com.br\\\/#\\\/schema\\\/person\\\/95f2ece30e3b4132065b915150cd0f94\"},\"breadcrumb\":{\"@id\":\"https:\\\/\\\/www.p31noticias.com.br\\\/?p=25944#breadcrumb\"},\"inLanguage\":\"pt-BR\",\"potentialAction\":[{\"@type\":\"ReadAction\",\"target\":[\"https:\\\/\\\/www.p31noticias.com.br\\\/?p=25944\"]}]},{\"@type\":\"ImageObject\",\"inLanguage\":\"pt-BR\",\"@id\":\"https:\\\/\\\/www.p31noticias.com.br\\\/?p=25944#primaryimage\",\"url\":\"https:\\\/\\\/www.p31noticias.com.br\\\/wp-content\\\/uploads\\\/2022\\\/04\\\/unnamed-10.jpg\",\"contentUrl\":\"https:\\\/\\\/www.p31noticias.com.br\\\/wp-content\\\/uploads\\\/2022\\\/04\\\/unnamed-10.jpg\",\"width\":872,\"height\":844},{\"@type\":\"BreadcrumbList\",\"@id\":\"https:\\\/\\\/www.p31noticias.com.br\\\/?p=25944#breadcrumb\",\"itemListElement\":[{\"@type\":\"ListItem\",\"position\":1,\"name\":\"In\u00edcio\",\"item\":\"https:\\\/\\\/www.p31noticias.com.br\\\/\"},{\"@type\":\"ListItem\",\"position\":2,\"name\":\"Instituto Reciclando abre vagas para cuidador de idosos.\"}]},{\"@type\":\"WebSite\",\"@id\":\"https:\\\/\\\/www.p31noticias.com.br\\\/#website\",\"url\":\"https:\\\/\\\/www.p31noticias.com.br\\\/\",\"name\":\"P31\",\"description\":\"NOT\u00cdCIAS\",\"potentialAction\":[{\"@type\":\"SearchAction\",\"target\":{\"@type\":\"EntryPoint\",\"urlTemplate\":\"https:\\\/\\\/www.p31noticias.com.br\\\/?s={search_term_string}\"},\"query-input\":{\"@type\":\"PropertyValueSpecification\",\"valueRequired\":true,\"valueName\":\"search_term_string\"}}],\"inLanguage\":\"pt-BR\"},{\"@type\":\"Person\",\"@id\":\"https:\\\/\\\/www.p31noticias.com.br\\\/#\\\/schema\\\/person\\\/95f2ece30e3b4132065b915150cd0f94\",\"name\":\"Gon\u00e7alves Junior\",\"image\":{\"@type\":\"ImageObject\",\"inLanguage\":\"pt-BR\",\"@id\":\"https:\\\/\\\/secure.gravatar.com\\\/avatar\\\/6711f350116a89762687a48d66f723c799e5438a5b7578508d4294cd7a5d0800?s=96&d=mm&r=g\",\"url\":\"https:\\\/\\\/secure.gravatar.com\\\/avatar\\\/6711f350116a89762687a48d66f723c799e5438a5b7578508d4294cd7a5d0800?s=96&d=mm&r=g\",\"contentUrl\":\"https:\\\/\\\/secure.gravatar.com\\\/avatar\\\/6711f350116a89762687a48d66f723c799e5438a5b7578508d4294cd7a5d0800?s=96&d=mm&r=g\",\"caption\":\"Gon\u00e7alves Junior\"},\"url\":\"https:\\\/\\\/www.p31noticias.com.br\\\/?author=2\"}]}<\/script>\n<!-- \/ Yoast SEO Premium plugin. -->","yoast_head_json":{"title":"Instituto Reciclando abre vagas para cuidador de idosos. - P31","robots":{"index":"index","follow":"follow","max-snippet":"max-snippet:-1","max-image-preview":"max-image-preview:large","max-video-preview":"max-video-preview:-1"},"canonical":"https:\/\/www.p31noticias.com.br\/?p=25944","og_locale":"pt_BR","og_type":"article","og_title":"Instituto Reciclando abre vagas para cuidador de idosos.","og_description":"Reciclando o Futuro abriu 200 vagas gratuitas para curso de capacita\u00e7\u00e3o de cuidadores de idosos. O programa ter\u00e1 oito horas de dura\u00e7\u00e3o e ocorrer\u00e1 ao longo de quatro finais de semana, com in\u00edcio no pr\u00f3ximo s\u00e1bado (16\/4). As aulas ser\u00e3o ministradas no Instituto Adonai, localizado na Quadra QN 502, conjunto 13, lote 1, Samambaia Sul, [&hellip;]","og_url":"https:\/\/www.p31noticias.com.br\/?p=25944","og_site_name":"P31","article_published_time":"2022-04-14T14:55:44+00:00","og_image":[{"width":872,"height":844,"url":"https:\/\/www.p31noticias.com.br\/wp-content\/uploads\/2022\/04\/unnamed-10.jpg","type":"image\/jpeg"}],"author":"Gon\u00e7alves Junior","twitter_card":"summary_large_image","twitter_misc":{"Escrito por":"Gon\u00e7alves Junior","Est. tempo de leitura":"1 minuto"},"schema":{"@context":"https:\/\/schema.org","@graph":[{"@type":"Article","@id":"https:\/\/www.p31noticias.com.br\/?p=25944#article","isPartOf":{"@id":"https:\/\/www.p31noticias.com.br\/?p=25944"},"author":{"name":"Gon\u00e7alves Junior","@id":"https:\/\/www.p31noticias.com.br\/#\/schema\/person\/95f2ece30e3b4132065b915150cd0f94"},"headline":"Instituto Reciclando abre vagas para cuidador de idosos.","datePublished":"2022-04-14T14:55:44+00:00","mainEntityOfPage":{"@id":"https:\/\/www.p31noticias.com.br\/?p=25944"},"wordCount":186,"commentCount":0,"image":{"@id":"https:\/\/www.p31noticias.com.br\/?p=25944#primaryimage"},"thumbnailUrl":"https:\/\/www.p31noticias.com.br\/wp-content\/uploads\/2022\/04\/unnamed-10.jpg","articleSection":["Bras\u00edlia"],"inLanguage":"pt-BR","potentialAction":[{"@type":"CommentAction","name":"Comment","target":["https:\/\/www.p31noticias.com.br\/?p=25944#respond"]}],"copyrightYear":"2022","copyrightHolder":{"@id":"https:\/\/www.p31noticias.com.br\/#organization"}},{"@type":"WebPage","@id":"https:\/\/www.p31noticias.com.br\/?p=25944","url":"https:\/\/www.p31noticias.com.br\/?p=25944","name":"Instituto Reciclando abre vagas para cuidador de idosos. - P31","isPartOf":{"@id":"https:\/\/www.p31noticias.com.br\/#website"},"primaryImageOfPage":{"@id":"https:\/\/www.p31noticias.com.br\/?p=25944#primaryimage"},"image":{"@id":"https:\/\/www.p31noticias.com.br\/?p=25944#primaryimage"},"thumbnailUrl":"https:\/\/www.p31noticias.com.br\/wp-content\/uploads\/2022\/04\/unnamed-10.jpg","datePublished":"2022-04-14T14:55:44+00:00","author":{"@id":"https:\/\/www.p31noticias.com.br\/#\/schema\/person\/95f2ece30e3b4132065b915150cd0f94"},"breadcrumb":{"@id":"https:\/\/www.p31noticias.com.br\/?p=25944#breadcrumb"},"inLanguage":"pt-BR","potentialAction":[{"@type":"ReadAction","target":["https:\/\/www.p31noticias.com.br\/?p=25944"]}]},{"@type":"ImageObject","inLanguage":"pt-BR","@id":"https:\/\/www.p31noticias.com.br\/?p=25944#primaryimage","url":"https:\/\/www.p31noticias.com.br\/wp-content\/uploads\/2022\/04\/unnamed-10.jpg","contentUrl":"https:\/\/www.p31noticias.com.br\/wp-content\/uploads\/2022\/04\/unnamed-10.jpg","width":872,"height":844},{"@type":"BreadcrumbList","@id":"https:\/\/www.p31noticias.com.br\/?p=25944#breadcrumb","itemListElement":[{"@type":"ListItem","position":1,"name":"In\u00edcio","item":"https:\/\/www.p31noticias.com.br\/"},{"@type":"ListItem","position":2,"name":"Instituto Reciclando abre vagas para cuidador de idosos."}]},{"@type":"WebSite","@id":"https:\/\/www.p31noticias.com.br\/#website","url":"https:\/\/www.p31noticias.com.br\/","name":"P31","description":"NOT\u00cdCIAS","potentialAction":[{"@type":"SearchAction","target":{"@type":"EntryPoint","urlTemplate":"https:\/\/www.p31noticias.com.br\/?s={search_term_string}"},"query-input":{"@type":"PropertyValueSpecification","valueRequired":true,"valueName":"search_term_string"}}],"inLanguage":"pt-BR"},{"@type":"Person","@id":"https:\/\/www.p31noticias.com.br\/#\/schema\/person\/95f2ece30e3b4132065b915150cd0f94","name":"Gon\u00e7alves Junior","image":{"@type":"ImageObject","inLanguage":"pt-BR","@id":"https:\/\/secure.gravatar.com\/avatar\/6711f350116a89762687a48d66f723c799e5438a5b7578508d4294cd7a5d0800?s=96&d=mm&r=g","url":"https:\/\/secure.gravatar.com\/avatar\/6711f350116a89762687a48d66f723c799e5438a5b7578508d4294cd7a5d0800?s=96&d=mm&r=g","contentUrl":"https:\/\/secure.gravatar.com\/avatar\/6711f350116a89762687a48d66f723c799e5438a5b7578508d4294cd7a5d0800?s=96&d=mm&r=g","caption":"Gon\u00e7alves Junior"},"url":"https:\/\/www.p31noticias.com.br\/?author=2"}]}},"amp_enabled":true,"_links":{"self":[{"href":"https:\/\/www.p31noticias.com.br\/index.php?rest_route=\/wp\/v2\/posts\/25944","targetHints":{"allow":["GET"]}}],"collection":[{"href":"https:\/\/www.p31noticias.com.br\/index.php?rest_route=\/wp\/v2\/posts"}],"about":[{"href":"https:\/\/www.p31noticias.com.br\/index.php?rest_route=\/wp\/v2\/types\/post"}],"author":[{"embeddable":true,"href":"https:\/\/www.p31noticias.com.br\/index.php?rest_route=\/wp\/v2\/users\/2"}],"replies":[{"embeddable":true,"href":"https:\/\/www.p31noticias.com.br\/index.php?rest_route=%2Fwp%2Fv2%2Fcomments&post=25944"}],"version-history":[{"count":1,"href":"https:\/\/www.p31noticias.com.br\/index.php?rest_route=\/wp\/v2\/posts\/25944\/revisions"}],"predecessor-version":[{"id":25946,"href":"https:\/\/www.p31noticias.com.br\/index.php?rest_route=\/wp\/v2\/posts\/25944\/revisions\/25946"}],"wp:featuredmedia":[{"embeddable":true,"href":"https:\/\/www.p31noticias.com.br\/index.php?rest_route=\/wp\/v2\/media\/25945"}],"wp:attachment":[{"href":"https:\/\/www.p31noticias.com.br\/index.php?rest_route=%2Fwp%2Fv2%2Fmedia&parent=25944"}],"wp:term":[{"taxonomy":"category","embeddable":true,"href":"https:\/\/www.p31noticias.com.br\/index.php?rest_route=%2Fwp%2Fv2%2Fcategories&post=25944"},{"taxonomy":"post_tag","embeddable":true,"href":"https:\/\/www.p31noticias.com.br\/index.php?rest_route=%2Fwp%2Fv2%2Ftags&post=25944"}],"curies":[{"name":"wp","href":"https:\/\/api.w.org\/{rel}","templated":true}]}}