{"id":25941,"date":"2022-04-14T11:53:40","date_gmt":"2022-04-14T14:53:40","guid":{"rendered":"https:\/\/p31noticias.com.br\/?p=25941"},"modified":"2022-04-14T11:53:40","modified_gmt":"2022-04-14T14:53:40","slug":"bolsonaro-diminui-para-5-pontos-a-distancia-de-lula-aponta-pesquisa-do-poderdata","status":"publish","type":"post","link":"https:\/\/www.p31noticias.com.br\/?p=25941","title":{"rendered":"Bolsonaro diminui para 5 pontos a dist\u00e2ncia de Lula, aponta pesquisa do PoderData."},"content":{"rendered":"<p style=\"text-align: justify;\"><em><strong>Outros candidatos aparecem bem atr\u00e1s dos dois l\u00edderes; cen\u00e1rio apresentado aos entrevistados foi sem a presen\u00e7a de Sergio Moro.<\/strong><\/em><\/p>\n<p style=\"text-align: justify;\">A vantagem do ex-presidente\u00a0<strong><a href=\"https:\/\/jovempan.com.br\/tag\/lula\">Lula<\/a><\/strong>\u00a0(PT) para o atual presidente\u00a0<strong><a href=\"https:\/\/jovempan.com.br\/tag\/jair-bolsonaro\">Jair Bolsonaro<\/a><\/strong>\u00a0(PL)\u00a0 nas inten\u00e7\u00f5es de voto para a elei\u00e7\u00e3o de 2022 caiu para cinco pontos, indicou pesquisa do instituto\u00a0<strong><a href=\"https:\/\/jovempan.com.br\/tag\/poderdata\">PoderData<\/a>\u00a0<\/strong>revelada nesta quarta, 13. Em cen\u00e1rio sem o ex-juiz Sergio Moro na disputa, Lula aparece com 40% das inten\u00e7\u00f5es de voto no primeiro turno, enquanto Bolsonaro tem 35%. Na sequ\u00eancia, aparecem Ciro Gomes (PDT) com 5%, Jo\u00e3o Doria (PSDB) e Andr\u00e9 Janones (Avante) com 3%, Simone Tebet (MDB) com 2% e Jos\u00e9 Maria Eymael (DC) com 1%, enquanto outros candidatos n\u00e3o pontuaram. 4% dos entrevistados disseram n\u00e3o saber em quem votariam, e 7% declararam que votariam em branco ou nulo.<\/p>\n<p style=\"text-align: justify;\">Em rela\u00e7\u00e3o \u00e0 \u00faltima pesquisa do mesmo instituto, revelada h\u00e1 duas semanas, Bolsonaro teve um crescimento de 3%, enquanto Lula caiu 1%. Desde ent\u00e3o, diversas movimenta\u00e7\u00f5es ocorreram: Lula anunciou Geraldo Alckmin (PSDB) como vice em sua chapa, mas deu declara\u00e7\u00f5es que podem ter ca\u00eddo mal com parte do eleitorado; Moro deixou o Podemos e se filiou ao Uni\u00e3o Brasil, mas o novo partido n\u00e3o concordou com sua candidatura ao Pal\u00e1cio do Planalto; e os pol\u00edticos da chamada \u2018terceira via\u2019 concordaram em anunciar uma candidatura \u00fanica, mas ainda n\u00e3o definiram quem seria o cabe\u00e7a da chapa. A pesquisa ouviu 3 mil eleitores de 322 munic\u00edpios em todos os Estados brasileiros entre os dias 10 e 12 de abril; a margem de erro \u00e9 de dois pontos percentuais.<\/p>\n<p style=\"text-align: justify;\">JP NEWS.<\/p>\n","protected":false},"excerpt":{"rendered":"<p>Outros candidatos aparecem bem atr\u00e1s dos dois l\u00edderes; cen\u00e1rio apresentado aos entrevistados foi sem a presen\u00e7a de Sergio Moro. A vantagem do ex-presidente\u00a0Lula\u00a0(PT) para o atual presidente\u00a0Jair Bolsonaro\u00a0(PL)\u00a0 nas inten\u00e7\u00f5es de voto para a elei\u00e7\u00e3o de 2022 caiu para cinco pontos, indicou pesquisa do instituto\u00a0PoderData\u00a0revelada nesta quarta, 13. Em cen\u00e1rio sem o ex-juiz Sergio Moro [&hellip;]<\/p>\n","protected":false},"author":2,"featured_media":25942,"comment_status":"open","ping_status":"open","sticky":false,"template":"","format":"standard","meta":{"footnotes":""},"categories":[57],"tags":[],"class_list":{"0":"post-25941","1":"post","2":"type-post","3":"status-publish","4":"format-standard","5":"has-post-thumbnail","7":"category-politica"},"yoast_head":"<!-- This site is optimized with the Yoast SEO Premium plugin v24.5 (Yoast SEO v27.5) - https:\/\/yoast.com\/product\/yoast-seo-premium-wordpress\/ -->\n<title>Bolsonaro diminui para 5 pontos a dist\u00e2ncia de Lula, aponta pesquisa do PoderData. - P31<\/title>\n<meta name=\"robots\" content=\"index, follow, max-snippet:-1, max-image-preview:large, max-video-preview:-1\" \/>\n<link rel=\"canonical\" href=\"https:\/\/www.p31noticias.com.br\/?p=25941\" \/>\n<meta property=\"og:locale\" content=\"pt_BR\" \/>\n<meta property=\"og:type\" content=\"article\" \/>\n<meta property=\"og:title\" content=\"Bolsonaro diminui para 5 pontos a dist\u00e2ncia de Lula, aponta pesquisa do PoderData.\" \/>\n<meta property=\"og:description\" content=\"Outros candidatos aparecem bem atr\u00e1s dos dois l\u00edderes; cen\u00e1rio apresentado aos entrevistados foi sem a presen\u00e7a de Sergio Moro. A vantagem do ex-presidente\u00a0Lula\u00a0(PT) para o atual presidente\u00a0Jair Bolsonaro\u00a0(PL)\u00a0 nas inten\u00e7\u00f5es de voto para a elei\u00e7\u00e3o de 2022 caiu para cinco pontos, indicou pesquisa do instituto\u00a0PoderData\u00a0revelada nesta quarta, 13. Em cen\u00e1rio sem o ex-juiz Sergio Moro [&hellip;]\" \/>\n<meta property=\"og:url\" content=\"https:\/\/www.p31noticias.com.br\/?p=25941\" \/>\n<meta property=\"og:site_name\" content=\"P31\" \/>\n<meta property=\"article:published_time\" content=\"2022-04-14T14:53:40+00:00\" \/>\n<meta property=\"og:image\" content=\"https:\/\/www.p31noticias.com.br\/wp-content\/uploads\/2022\/04\/9VPdGJJz_400x400.jpg\" \/>\n\t<meta property=\"og:image:width\" content=\"399\" \/>\n\t<meta property=\"og:image:height\" content=\"399\" \/>\n\t<meta property=\"og:image:type\" content=\"image\/jpeg\" \/>\n<meta name=\"author\" content=\"Gon\u00e7alves Junior\" \/>\n<meta name=\"twitter:card\" content=\"summary_large_image\" \/>\n<meta name=\"twitter:label1\" content=\"Escrito por\" \/>\n\t<meta name=\"twitter:data1\" content=\"Gon\u00e7alves Junior\" \/>\n\t<meta name=\"twitter:label2\" content=\"Est. tempo de leitura\" \/>\n\t<meta name=\"twitter:data2\" content=\"1 minuto\" \/>\n<script type=\"application\/ld+json\" class=\"yoast-schema-graph\">{\"@context\":\"https:\\\/\\\/schema.org\",\"@graph\":[{\"@type\":\"Article\",\"@id\":\"https:\\\/\\\/www.p31noticias.com.br\\\/?p=25941#article\",\"isPartOf\":{\"@id\":\"https:\\\/\\\/www.p31noticias.com.br\\\/?p=25941\"},\"author\":{\"name\":\"Gon\u00e7alves Junior\",\"@id\":\"https:\\\/\\\/www.p31noticias.com.br\\\/#\\\/schema\\\/person\\\/95f2ece30e3b4132065b915150cd0f94\"},\"headline\":\"Bolsonaro diminui para 5 pontos a dist\u00e2ncia de Lula, aponta pesquisa do PoderData.\",\"datePublished\":\"2022-04-14T14:53:40+00:00\",\"mainEntityOfPage\":{\"@id\":\"https:\\\/\\\/www.p31noticias.com.br\\\/?p=25941\"},\"wordCount\":277,\"commentCount\":0,\"image\":{\"@id\":\"https:\\\/\\\/www.p31noticias.com.br\\\/?p=25941#primaryimage\"},\"thumbnailUrl\":\"https:\\\/\\\/www.p31noticias.com.br\\\/wp-content\\\/uploads\\\/2022\\\/04\\\/9VPdGJJz_400x400.jpg\",\"articleSection\":[\"Pol\u00edtica\"],\"inLanguage\":\"pt-BR\",\"potentialAction\":[{\"@type\":\"CommentAction\",\"name\":\"Comment\",\"target\":[\"https:\\\/\\\/www.p31noticias.com.br\\\/?p=25941#respond\"]}],\"copyrightYear\":\"2022\",\"copyrightHolder\":{\"@id\":\"https:\\\/\\\/www.p31noticias.com.br\\\/#organization\"}},{\"@type\":\"WebPage\",\"@id\":\"https:\\\/\\\/www.p31noticias.com.br\\\/?p=25941\",\"url\":\"https:\\\/\\\/www.p31noticias.com.br\\\/?p=25941\",\"name\":\"Bolsonaro diminui para 5 pontos a dist\u00e2ncia de Lula, aponta pesquisa do PoderData. - P31\",\"isPartOf\":{\"@id\":\"https:\\\/\\\/www.p31noticias.com.br\\\/#website\"},\"primaryImageOfPage\":{\"@id\":\"https:\\\/\\\/www.p31noticias.com.br\\\/?p=25941#primaryimage\"},\"image\":{\"@id\":\"https:\\\/\\\/www.p31noticias.com.br\\\/?p=25941#primaryimage\"},\"thumbnailUrl\":\"https:\\\/\\\/www.p31noticias.com.br\\\/wp-content\\\/uploads\\\/2022\\\/04\\\/9VPdGJJz_400x400.jpg\",\"datePublished\":\"2022-04-14T14:53:40+00:00\",\"author\":{\"@id\":\"https:\\\/\\\/www.p31noticias.com.br\\\/#\\\/schema\\\/person\\\/95f2ece30e3b4132065b915150cd0f94\"},\"breadcrumb\":{\"@id\":\"https:\\\/\\\/www.p31noticias.com.br\\\/?p=25941#breadcrumb\"},\"inLanguage\":\"pt-BR\",\"potentialAction\":[{\"@type\":\"ReadAction\",\"target\":[\"https:\\\/\\\/www.p31noticias.com.br\\\/?p=25941\"]}]},{\"@type\":\"ImageObject\",\"inLanguage\":\"pt-BR\",\"@id\":\"https:\\\/\\\/www.p31noticias.com.br\\\/?p=25941#primaryimage\",\"url\":\"https:\\\/\\\/www.p31noticias.com.br\\\/wp-content\\\/uploads\\\/2022\\\/04\\\/9VPdGJJz_400x400.jpg\",\"contentUrl\":\"https:\\\/\\\/www.p31noticias.com.br\\\/wp-content\\\/uploads\\\/2022\\\/04\\\/9VPdGJJz_400x400.jpg\",\"width\":399,\"height\":399},{\"@type\":\"BreadcrumbList\",\"@id\":\"https:\\\/\\\/www.p31noticias.com.br\\\/?p=25941#breadcrumb\",\"itemListElement\":[{\"@type\":\"ListItem\",\"position\":1,\"name\":\"In\u00edcio\",\"item\":\"https:\\\/\\\/www.p31noticias.com.br\\\/\"},{\"@type\":\"ListItem\",\"position\":2,\"name\":\"Bolsonaro diminui para 5 pontos a dist\u00e2ncia de Lula, aponta pesquisa do PoderData.\"}]},{\"@type\":\"WebSite\",\"@id\":\"https:\\\/\\\/www.p31noticias.com.br\\\/#website\",\"url\":\"https:\\\/\\\/www.p31noticias.com.br\\\/\",\"name\":\"P31\",\"description\":\"NOT\u00cdCIAS\",\"potentialAction\":[{\"@type\":\"SearchAction\",\"target\":{\"@type\":\"EntryPoint\",\"urlTemplate\":\"https:\\\/\\\/www.p31noticias.com.br\\\/?s={search_term_string}\"},\"query-input\":{\"@type\":\"PropertyValueSpecification\",\"valueRequired\":true,\"valueName\":\"search_term_string\"}}],\"inLanguage\":\"pt-BR\"},{\"@type\":\"Person\",\"@id\":\"https:\\\/\\\/www.p31noticias.com.br\\\/#\\\/schema\\\/person\\\/95f2ece30e3b4132065b915150cd0f94\",\"name\":\"Gon\u00e7alves Junior\",\"image\":{\"@type\":\"ImageObject\",\"inLanguage\":\"pt-BR\",\"@id\":\"https:\\\/\\\/secure.gravatar.com\\\/avatar\\\/6711f350116a89762687a48d66f723c799e5438a5b7578508d4294cd7a5d0800?s=96&d=mm&r=g\",\"url\":\"https:\\\/\\\/secure.gravatar.com\\\/avatar\\\/6711f350116a89762687a48d66f723c799e5438a5b7578508d4294cd7a5d0800?s=96&d=mm&r=g\",\"contentUrl\":\"https:\\\/\\\/secure.gravatar.com\\\/avatar\\\/6711f350116a89762687a48d66f723c799e5438a5b7578508d4294cd7a5d0800?s=96&d=mm&r=g\",\"caption\":\"Gon\u00e7alves Junior\"},\"url\":\"https:\\\/\\\/www.p31noticias.com.br\\\/?author=2\"}]}<\/script>\n<!-- \/ Yoast SEO Premium plugin. -->","yoast_head_json":{"title":"Bolsonaro diminui para 5 pontos a dist\u00e2ncia de Lula, aponta pesquisa do PoderData. - P31","robots":{"index":"index","follow":"follow","max-snippet":"max-snippet:-1","max-image-preview":"max-image-preview:large","max-video-preview":"max-video-preview:-1"},"canonical":"https:\/\/www.p31noticias.com.br\/?p=25941","og_locale":"pt_BR","og_type":"article","og_title":"Bolsonaro diminui para 5 pontos a dist\u00e2ncia de Lula, aponta pesquisa do PoderData.","og_description":"Outros candidatos aparecem bem atr\u00e1s dos dois l\u00edderes; cen\u00e1rio apresentado aos entrevistados foi sem a presen\u00e7a de Sergio Moro. A vantagem do ex-presidente\u00a0Lula\u00a0(PT) para o atual presidente\u00a0Jair Bolsonaro\u00a0(PL)\u00a0 nas inten\u00e7\u00f5es de voto para a elei\u00e7\u00e3o de 2022 caiu para cinco pontos, indicou pesquisa do instituto\u00a0PoderData\u00a0revelada nesta quarta, 13. Em cen\u00e1rio sem o ex-juiz Sergio Moro [&hellip;]","og_url":"https:\/\/www.p31noticias.com.br\/?p=25941","og_site_name":"P31","article_published_time":"2022-04-14T14:53:40+00:00","og_image":[{"width":399,"height":399,"url":"https:\/\/www.p31noticias.com.br\/wp-content\/uploads\/2022\/04\/9VPdGJJz_400x400.jpg","type":"image\/jpeg"}],"author":"Gon\u00e7alves Junior","twitter_card":"summary_large_image","twitter_misc":{"Escrito por":"Gon\u00e7alves Junior","Est. tempo de leitura":"1 minuto"},"schema":{"@context":"https:\/\/schema.org","@graph":[{"@type":"Article","@id":"https:\/\/www.p31noticias.com.br\/?p=25941#article","isPartOf":{"@id":"https:\/\/www.p31noticias.com.br\/?p=25941"},"author":{"name":"Gon\u00e7alves Junior","@id":"https:\/\/www.p31noticias.com.br\/#\/schema\/person\/95f2ece30e3b4132065b915150cd0f94"},"headline":"Bolsonaro diminui para 5 pontos a dist\u00e2ncia de Lula, aponta pesquisa do PoderData.","datePublished":"2022-04-14T14:53:40+00:00","mainEntityOfPage":{"@id":"https:\/\/www.p31noticias.com.br\/?p=25941"},"wordCount":277,"commentCount":0,"image":{"@id":"https:\/\/www.p31noticias.com.br\/?p=25941#primaryimage"},"thumbnailUrl":"https:\/\/www.p31noticias.com.br\/wp-content\/uploads\/2022\/04\/9VPdGJJz_400x400.jpg","articleSection":["Pol\u00edtica"],"inLanguage":"pt-BR","potentialAction":[{"@type":"CommentAction","name":"Comment","target":["https:\/\/www.p31noticias.com.br\/?p=25941#respond"]}],"copyrightYear":"2022","copyrightHolder":{"@id":"https:\/\/www.p31noticias.com.br\/#organization"}},{"@type":"WebPage","@id":"https:\/\/www.p31noticias.com.br\/?p=25941","url":"https:\/\/www.p31noticias.com.br\/?p=25941","name":"Bolsonaro diminui para 5 pontos a dist\u00e2ncia de Lula, aponta pesquisa do PoderData. - P31","isPartOf":{"@id":"https:\/\/www.p31noticias.com.br\/#website"},"primaryImageOfPage":{"@id":"https:\/\/www.p31noticias.com.br\/?p=25941#primaryimage"},"image":{"@id":"https:\/\/www.p31noticias.com.br\/?p=25941#primaryimage"},"thumbnailUrl":"https:\/\/www.p31noticias.com.br\/wp-content\/uploads\/2022\/04\/9VPdGJJz_400x400.jpg","datePublished":"2022-04-14T14:53:40+00:00","author":{"@id":"https:\/\/www.p31noticias.com.br\/#\/schema\/person\/95f2ece30e3b4132065b915150cd0f94"},"breadcrumb":{"@id":"https:\/\/www.p31noticias.com.br\/?p=25941#breadcrumb"},"inLanguage":"pt-BR","potentialAction":[{"@type":"ReadAction","target":["https:\/\/www.p31noticias.com.br\/?p=25941"]}]},{"@type":"ImageObject","inLanguage":"pt-BR","@id":"https:\/\/www.p31noticias.com.br\/?p=25941#primaryimage","url":"https:\/\/www.p31noticias.com.br\/wp-content\/uploads\/2022\/04\/9VPdGJJz_400x400.jpg","contentUrl":"https:\/\/www.p31noticias.com.br\/wp-content\/uploads\/2022\/04\/9VPdGJJz_400x400.jpg","width":399,"height":399},{"@type":"BreadcrumbList","@id":"https:\/\/www.p31noticias.com.br\/?p=25941#breadcrumb","itemListElement":[{"@type":"ListItem","position":1,"name":"In\u00edcio","item":"https:\/\/www.p31noticias.com.br\/"},{"@type":"ListItem","position":2,"name":"Bolsonaro diminui para 5 pontos a dist\u00e2ncia de Lula, aponta pesquisa do PoderData."}]},{"@type":"WebSite","@id":"https:\/\/www.p31noticias.com.br\/#website","url":"https:\/\/www.p31noticias.com.br\/","name":"P31","description":"NOT\u00cdCIAS","potentialAction":[{"@type":"SearchAction","target":{"@type":"EntryPoint","urlTemplate":"https:\/\/www.p31noticias.com.br\/?s={search_term_string}"},"query-input":{"@type":"PropertyValueSpecification","valueRequired":true,"valueName":"search_term_string"}}],"inLanguage":"pt-BR"},{"@type":"Person","@id":"https:\/\/www.p31noticias.com.br\/#\/schema\/person\/95f2ece30e3b4132065b915150cd0f94","name":"Gon\u00e7alves Junior","image":{"@type":"ImageObject","inLanguage":"pt-BR","@id":"https:\/\/secure.gravatar.com\/avatar\/6711f350116a89762687a48d66f723c799e5438a5b7578508d4294cd7a5d0800?s=96&d=mm&r=g","url":"https:\/\/secure.gravatar.com\/avatar\/6711f350116a89762687a48d66f723c799e5438a5b7578508d4294cd7a5d0800?s=96&d=mm&r=g","contentUrl":"https:\/\/secure.gravatar.com\/avatar\/6711f350116a89762687a48d66f723c799e5438a5b7578508d4294cd7a5d0800?s=96&d=mm&r=g","caption":"Gon\u00e7alves Junior"},"url":"https:\/\/www.p31noticias.com.br\/?author=2"}]}},"amp_enabled":true,"_links":{"self":[{"href":"https:\/\/www.p31noticias.com.br\/index.php?rest_route=\/wp\/v2\/posts\/25941","targetHints":{"allow":["GET"]}}],"collection":[{"href":"https:\/\/www.p31noticias.com.br\/index.php?rest_route=\/wp\/v2\/posts"}],"about":[{"href":"https:\/\/www.p31noticias.com.br\/index.php?rest_route=\/wp\/v2\/types\/post"}],"author":[{"embeddable":true,"href":"https:\/\/www.p31noticias.com.br\/index.php?rest_route=\/wp\/v2\/users\/2"}],"replies":[{"embeddable":true,"href":"https:\/\/www.p31noticias.com.br\/index.php?rest_route=%2Fwp%2Fv2%2Fcomments&post=25941"}],"version-history":[{"count":1,"href":"https:\/\/www.p31noticias.com.br\/index.php?rest_route=\/wp\/v2\/posts\/25941\/revisions"}],"predecessor-version":[{"id":25943,"href":"https:\/\/www.p31noticias.com.br\/index.php?rest_route=\/wp\/v2\/posts\/25941\/revisions\/25943"}],"wp:featuredmedia":[{"embeddable":true,"href":"https:\/\/www.p31noticias.com.br\/index.php?rest_route=\/wp\/v2\/media\/25942"}],"wp:attachment":[{"href":"https:\/\/www.p31noticias.com.br\/index.php?rest_route=%2Fwp%2Fv2%2Fmedia&parent=25941"}],"wp:term":[{"taxonomy":"category","embeddable":true,"href":"https:\/\/www.p31noticias.com.br\/index.php?rest_route=%2Fwp%2Fv2%2Fcategories&post=25941"},{"taxonomy":"post_tag","embeddable":true,"href":"https:\/\/www.p31noticias.com.br\/index.php?rest_route=%2Fwp%2Fv2%2Ftags&post=25941"}],"curies":[{"name":"wp","href":"https:\/\/api.w.org\/{rel}","templated":true}]}}