{"id":25938,"date":"2022-04-14T11:50:43","date_gmt":"2022-04-14T14:50:43","guid":{"rendered":"https:\/\/p31noticias.com.br\/?p=25938"},"modified":"2022-04-14T11:50:43","modified_gmt":"2022-04-14T14:50:43","slug":"via-sacra-de-planaltina-volta-a-ser-presencial","status":"publish","type":"post","link":"https:\/\/www.p31noticias.com.br\/?p=25938","title":{"rendered":"Via Sacra de Planaltina volta a ser presencial."},"content":{"rendered":"<p style=\"text-align: justify;\"><em><strong>Tamb\u00e9m com transmiss\u00e3o ao vivo, encena\u00e7\u00e3o, nesta sexta-feira (15), a partir das 14h, \u00e9 composta por 15 esta\u00e7\u00f5es.<\/strong><\/em><\/p>\n<blockquote class=\"olho esquerda\"><p><span class=\"olho__texto h2 clearfix\">\u201cBem imaterial tombado do GDF, a Via Sacra ao Vivo de Planaltina \u00e9 uma das mais importantes do g\u00eanero no pa\u00eds, com impacto na economia local de Planaltina e no turismo do DF\u201d<\/span>\u00a0<span class=\"olho__assinatura block\">Bartolomeu Rodrigues, secret\u00e1rio de Cultura e Economia Criativa<\/span><\/p><\/blockquote>\n<p style=\"text-align: justify;\">O clima em torno da realiza\u00e7\u00e3o da Via Sacra ao Vivo de Planaltina \u00e9 de emo\u00e7\u00e3o e expectativas. Atores, figurantes e p\u00fablico aguardam o momento de reencontro presencial depois de dois anos de interrup\u00e7\u00e3o em fun\u00e7\u00e3o da covid-19. Marcada para sexta-feira (15), a partir das 14h, a encena\u00e7\u00e3o da Paix\u00e3o de Cristo j\u00e1 movimenta a comunidade com ensaios do espet\u00e1culo composto por 15 esta\u00e7\u00f5es.<\/p>\n<figure id=\"attachment_395477\" class=\"wp-caption alignnone\" style=\"text-align: justify;\" aria-describedby=\"caption-attachment-395477\"><img loading=\"lazy\" decoding=\"async\" class=\"wp-image-395477 size-full\" src=\"http:\/\/agenciabrasilia.df.gov.br\/wp-conteudo\/uploads\/2022\/04\/estacao3.jpeg\" sizes=\"auto, (max-width: 960px) 100vw, 960px\" srcset=\"https:\/\/www.agenciabrasilia.df.gov.br\/wp-conteudo\/uploads\/2022\/04\/estacao3.jpeg 960w, https:\/\/www.agenciabrasilia.df.gov.br\/wp-conteudo\/uploads\/2022\/04\/estacao3-300x241.jpeg 300w, https:\/\/www.agenciabrasilia.df.gov.br\/wp-conteudo\/uploads\/2022\/04\/estacao3-768x616.jpeg 768w\" alt=\"\" width=\"960\" height=\"770\" \/><figcaption id=\"caption-attachment-395477\" class=\"wp-caption-text\">Ap\u00f3s interrup\u00e7\u00e3o de dois anos em fun\u00e7\u00e3o da covid-19, encena\u00e7\u00e3o retorna ao local em que \u00e9 realizada h\u00e1 quase 50 anos | Fotos: Grupo Via Sacra<\/figcaption><\/figure>\n<p style=\"text-align: justify;\">Com apoio de R$ 800 mil da Secretaria de Cultura e Economia Criativa (Secec), por meio de termo de fomento celebrado com a institui\u00e7\u00e3o Grupo Via Sacra, a montagem popular e sacra ter\u00e1, ainda, transmiss\u00e3o ao vivo pelo\u00a0<a href=\"https:\/\/www.youtube.com\/viasacraoficial\" target=\"_blank\" rel=\"noopener\">canal do YouTube da organiza\u00e7\u00e3o<\/a>. S\u00e3o esperadas mais de 100 mil pessoas, ao longo do dia, no Morro da Capelinha e nas redes sociais.<\/p>\n<p style=\"text-align: justify;\">\u201cBem imaterial tombado do GDF, a Via Sacra ao Vivo de Planaltina \u00e9 uma das mais importantes do g\u00eanero no pa\u00eds, com impacto na economia local de Planaltina e no turismo do DF. Neste ano, a celebra\u00e7\u00e3o ganha outros tons com essa emo\u00e7\u00e3o do retorno ao local que h\u00e1 quase 50 anos emociona gera\u00e7\u00f5es de espectadores\u201d, observa o secret\u00e1rio de Cultura e Economia Criativa, Bartolomeu Rodrigues.<\/p>\n<blockquote class=\"olho direita\"><p><span class=\"olho__numeralha clearfix no-margin bold block\">R$ 800 mil\u00a0<\/span><span class=\"olho__texto h2\">\u00c9 o valor do apoio que a Secretaria de Cultura e Economia Criativa (Secec) repassa \u00e0 iniciativa, por meio de termo de fomento celebrado com a institui\u00e7\u00e3o Grupo Via Sacra<\/span><\/p><\/blockquote>\n<p style=\"text-align: justify;\"><strong>Encena\u00e7\u00e3o sacra<\/strong><\/p>\n<p style=\"text-align: justify;\">Para vivenciar a Via Sacra ao Vivo de Planaltina, \u00e9 preciso percorrer as 15 esta\u00e7\u00f5es c\u00eanicas que ocorrem de forma itinerante \u00e0 medida que o p\u00fablico sobe o Morro da Capelinha. Neste ano, ser\u00e1 instalada uma tela LED de 10\u00d76 metros na entrada para a exibi\u00e7\u00e3o de duas encena\u00e7\u00f5es extras: Domingo de Ramos, \u00e0s 13h, e Santa Ceia, \u00e0s 14h, ambas transmitidas pelo\u00a0<a href=\"https:\/\/www.youtube.com\/viasacraoficial\" target=\"_blank\" rel=\"noopener\">canal do YouTube do Grupo Via Sacra<\/a>.<\/p>\n<p style=\"text-align: justify;\">\u00c0s 14h, a encena\u00e7\u00e3o se inicia com os atores do grupo Via Sacra subindo o Morro da Capelinha em cortejo para assumirem as suas posi\u00e7\u00f5es, em uma ambienta\u00e7\u00e3o c\u00eanica. \u00c0s 16h, come\u00e7am os julgamentos: religioso de Cristo por An\u00e1s e Caif\u00e1s, seguido pelo pol\u00edtico por Herodes. Em seguida, abrem-se as 15 esta\u00e7\u00f5es, com previs\u00e3o de t\u00e9rmino \u00e0s 20h30.<\/p>\n<p style=\"text-align: justify;\"><strong>CONHE\u00c7A AS 15 ESTA\u00c7\u00d5ES<\/strong><\/p>\n<p style=\"text-align: justify;\">1\u00aa esta\u00e7\u00e3o: Os sacerdotes e anci\u00e3os do povo se re\u00fanem contra Jesus para o entregarem \u00e0 morte, levando-o ao governador da Judeia, P\u00f4ncio Pilatos. Arrependido, Judas se enforca. Jesus, \u00e0 frente do governador, \u00e9 questionado: \u201c\u00c9s tu o rei dos Judeus?\u201d. Como resposta, Pilatos somente ouve: \u201cTu o dizes\u201d. Enquanto os antigos o acusavam, Cristo n\u00e3o reage. Como de costume, no anivers\u00e1rio do governador, um dos presos \u00e9 solto. Do pal\u00e1cio, Pilatos ent\u00e3o pergunta ao povo: \u201cQuerem que eu solte Barrab\u00e1s ou o denominado Cristo?\u201d. A multid\u00e3o escolhe Barrab\u00e1s para soltura, condenando Jesus \u00e0 morte em cruz. Pilatos, diante do povo, declara-se inocente daquela acusa\u00e7\u00e3o.<\/p>\n<p style=\"text-align: justify;\">2\u00aa esta\u00e7\u00e3o: Para contentar a multid\u00e3o, Barrab\u00e1s \u00e9 solto e Jesus \u00e9 a\u00e7oitado pelos soldados enquanto \u00e9 entregue para a crucifica\u00e7\u00e3o. Ali lhe vestiram de p\u00farpura e puseram uma coroa de espinhos, saudando-o com \u201cviva ao Rei dos Judeus\u201d. Muitos cuspiam e batiam no condenado.<\/p>\n<p style=\"text-align: justify;\">3\u00aa esta\u00e7\u00e3o: Sofrendo pelo peso de sua cruz, Jesus cai pela primeira vez durante o percurso.<\/p>\n<p style=\"text-align: justify;\">4\u00aa esta\u00e7\u00e3o: Cristo avista ao longe a sua m\u00e3e, Maria. \u00c9 encenada a impot\u00eancia da m\u00e3e face ao destino do filho.<\/p>\n<p style=\"text-align: justify;\">5\u00aa esta\u00e7\u00e3o: Sem for\u00e7a, Jesus n\u00e3o consegue mais carregar a cruz. Os soldados obrigam o campon\u00eas Sim\u00e3o de Cirene (Sim\u00e3o, o Cirineu) a transport\u00e1-la por um certo trecho.<\/p>\n<p style=\"text-align: justify;\">6\u00aa esta\u00e7\u00e3o: Ver\u00f4nica retira seu v\u00e9u e limpa o rosto de Cristo.<\/p>\n<p style=\"text-align: justify;\">7\u00aa esta\u00e7\u00e3o: A cerca de 600 metros do Tribunal Romano, em dire\u00e7\u00e3o ao Monte Calv\u00e1rio, os soldados empurram Jesus com a inten\u00e7\u00e3o de apress\u00e1-lo. Contudo, uma pedra no caminho o faz trope\u00e7ar, derrubando-o pela segunda vez.<\/p>\n<p style=\"text-align: justify;\">8\u00aa esta\u00e7\u00e3o: No trajeto, ao se deparar com mulheres, Jesus pede: \u201cFilhas de Jerusal\u00e9m, n\u00e3o chorem por mim, mas chorais por v\u00f3s mesmas e vossos filhos\u201d.<\/p>\n<figure id=\"attachment_395480\" class=\"wp-caption alignleft\" style=\"text-align: justify;\" aria-describedby=\"caption-attachment-395480\"><img loading=\"lazy\" decoding=\"async\" class=\"wp-image-395480 size-large\" src=\"http:\/\/agenciabrasilia.df.gov.br\/wp-conteudo\/uploads\/2022\/04\/estacao8-1024x681.jpeg\" sizes=\"auto, (max-width: 525px) 100vw, 525px\" srcset=\"https:\/\/www.agenciabrasilia.df.gov.br\/wp-conteudo\/uploads\/2022\/04\/estacao8-1024x681.jpeg 1024w, https:\/\/www.agenciabrasilia.df.gov.br\/wp-conteudo\/uploads\/2022\/04\/estacao8-300x199.jpeg 300w, https:\/\/www.agenciabrasilia.df.gov.br\/wp-conteudo\/uploads\/2022\/04\/estacao8-768x511.jpeg 768w, https:\/\/www.agenciabrasilia.df.gov.br\/wp-conteudo\/uploads\/2022\/04\/estacao8.jpeg 1080w\" alt=\"\" width=\"525\" height=\"349\" \/><figcaption id=\"caption-attachment-395480\" class=\"wp-caption-text\">8\u00aa esta\u00e7\u00e3o<\/figcaption><\/figure>\n<p style=\"text-align: justify;\">9\u00aa esta\u00e7\u00e3o: Novamente pelo peso de sua cruz, Jesus cai no caminho entre o Tribunal e G\u00f3lgota, a montanha da \u201ccaveira\u201d.<\/p>\n<p style=\"text-align: justify;\">10\u00aa esta\u00e7\u00e3o: Durante a crucifica\u00e7\u00e3o de Jesus, os soldados romanos repartem as suas vestes em quatro peda\u00e7os, tomando tamb\u00e9m a sua t\u00fanica. Para ela, decidiram na sorte quem ficaria com o traje.<\/p>\n<p style=\"text-align: justify;\">11\u00aa esta\u00e7\u00e3o: Crucificado, Jesus avista Maria de Nazar\u00e9, Maria Madalena e Jo\u00e3o, seu disc\u00edpulo. Diz: \u201cMulher, eis a\u00ed seu filho\u201d, em refer\u00eancia a m\u00e3e, e \u201cfilho, eis a\u00ed sua m\u00e3e\u201d, direcionado a Jo\u00e3o. Cristo reclama de sede, e lhe d\u00e3o vinagre.<\/p>\n<p style=\"text-align: justify;\">12\u00aa esta\u00e7\u00e3o: Os presentes ca\u00e7oavam de Jesus: \u201cSe tu \u00e9s mesmo o filho de Deus, des\u00e7a da\u00ed\u201d. Jesus indaga a Deus, questionando por qual motivo o havia abandonado. Ele entrega seu esp\u00edrito e reclina sua cabe\u00e7a. Jesus morre.<\/p>\n<p style=\"text-align: justify;\">13\u00aa esta\u00e7\u00e3o: Jos\u00e9 de Arimat\u00e9ia pede ao governador permiss\u00e3o para retirar o corpo de Jesus da cruz, sendo autorizado. Nicodemos o ajuda, levando cerca de cem libras de mirra e alo\u00e9s. Envolvem o corpo de Jesus com panos de linho e perfumes, como \u00e9 de costume dos judeus nos sepultamentos. Maria recebe o corpo de Jesus.<\/p>\n<figure id=\"attachment_395484\" class=\"wp-caption alignright\" style=\"text-align: justify;\" aria-describedby=\"caption-attachment-395484\"><img loading=\"lazy\" decoding=\"async\" class=\"wp-image-395484 size-medium\" src=\"http:\/\/agenciabrasilia.df.gov.br\/wp-conteudo\/uploads\/2022\/04\/estacao13-300x200.jpeg\" sizes=\"auto, (max-width: 300px) 100vw, 300px\" srcset=\"https:\/\/www.agenciabrasilia.df.gov.br\/wp-conteudo\/uploads\/2022\/04\/estacao13-300x200.jpeg 300w, https:\/\/www.agenciabrasilia.df.gov.br\/wp-conteudo\/uploads\/2022\/04\/estacao13-768x512.jpeg 768w, https:\/\/www.agenciabrasilia.df.gov.br\/wp-conteudo\/uploads\/2022\/04\/estacao13.jpeg 960w\" alt=\"\" width=\"300\" height=\"200\" \/><figcaption id=\"caption-attachment-395484\" class=\"wp-caption-text\">13\u00aa esta\u00e7\u00e3o<\/figcaption><\/figure>\n<p style=\"text-align: justify;\">14\u00aa esta\u00e7\u00e3o: Pr\u00f3ximo ao lugar da crucifica\u00e7\u00e3o, havia um jardim que continha um t\u00famulo novo, onde ningu\u00e9m havia sido sepultado. Rolaram uma pedra \u00e0 porta. Maria Madalena e Maria observaram o sepulcro em que guardaram Jesus.<\/p>\n<p style=\"text-align: justify;\">15\u00aa esta\u00e7\u00e3o: Jesus ressuscita.<\/p>\n<p style=\"text-align: justify;\"><strong>Como chegar<\/strong><\/p>\n<p style=\"text-align: justify;\">O Detran desenvolveu\u00a0<a href=\"https:\/\/www.detran.df.gov.br\/detran-df-organizara-o-transito-no-morro-da-capelinha\/\" target=\"_blank\" rel=\"noopener\">duas rotas de acesso<\/a>. A primeira ser\u00e1 destinada a pedestres e ve\u00edculos credenciados. A segunda, para \u00f4nibus e demais ve\u00edculos. Os agentes de tr\u00e2nsito conduzir\u00e3o os ve\u00edculos para tr\u00eas estacionamentos \u2500 o geral; o destinado a produ\u00e7\u00e3o e figurantes; e o reservado para pessoas com mobilidade reduzida e idosos. Nesse acesso, tamb\u00e9m haver\u00e1 uma rota de emerg\u00eancia.<\/p>\n<p style=\"text-align: justify;\"><em>*Com informa\u00e7\u00f5es da Secretaria de Cultura e Economia Criativa<\/em><\/p>\n","protected":false},"excerpt":{"rendered":"<p>Tamb\u00e9m com transmiss\u00e3o ao vivo, encena\u00e7\u00e3o, nesta sexta-feira (15), a partir das 14h, \u00e9 composta por 15 esta\u00e7\u00f5es. \u201cBem imaterial tombado do GDF, a Via Sacra ao Vivo de Planaltina \u00e9 uma das mais importantes do g\u00eanero no pa\u00eds, com impacto na economia local de Planaltina e no turismo do DF\u201d\u00a0Bartolomeu Rodrigues, secret\u00e1rio de Cultura [&hellip;]<\/p>\n","protected":false},"author":2,"featured_media":25939,"comment_status":"open","ping_status":"open","sticky":false,"template":"","format":"standard","meta":{"footnotes":""},"categories":[21],"tags":[],"class_list":{"0":"post-25938","1":"post","2":"type-post","3":"status-publish","4":"format-standard","5":"has-post-thumbnail","7":"category-brasilia"},"yoast_head":"<!-- This site is optimized with the Yoast SEO Premium plugin v24.5 (Yoast SEO v27.5) - https:\/\/yoast.com\/product\/yoast-seo-premium-wordpress\/ -->\n<title>Via Sacra de Planaltina volta a ser presencial. - P31<\/title>\n<meta name=\"robots\" content=\"index, follow, max-snippet:-1, max-image-preview:large, max-video-preview:-1\" \/>\n<link rel=\"canonical\" href=\"https:\/\/www.p31noticias.com.br\/?p=25938\" \/>\n<meta property=\"og:locale\" content=\"pt_BR\" \/>\n<meta property=\"og:type\" content=\"article\" \/>\n<meta property=\"og:title\" content=\"Via Sacra de Planaltina volta a ser presencial.\" \/>\n<meta property=\"og:description\" content=\"Tamb\u00e9m com transmiss\u00e3o ao vivo, encena\u00e7\u00e3o, nesta sexta-feira (15), a partir das 14h, \u00e9 composta por 15 esta\u00e7\u00f5es. \u201cBem imaterial tombado do GDF, a Via Sacra ao Vivo de Planaltina \u00e9 uma das mais importantes do g\u00eanero no pa\u00eds, com impacto na economia local de Planaltina e no turismo do DF\u201d\u00a0Bartolomeu Rodrigues, secret\u00e1rio de Cultura [&hellip;]\" \/>\n<meta property=\"og:url\" content=\"https:\/\/www.p31noticias.com.br\/?p=25938\" \/>\n<meta property=\"og:site_name\" content=\"P31\" \/>\n<meta property=\"article:published_time\" content=\"2022-04-14T14:50:43+00:00\" \/>\n<meta property=\"og:image\" content=\"https:\/\/www.p31noticias.com.br\/wp-content\/uploads\/2022\/04\/Via-Sacra-alta.jpg\" \/>\n\t<meta property=\"og:image:width\" content=\"1210\" \/>\n\t<meta property=\"og:image:height\" content=\"1858\" \/>\n\t<meta property=\"og:image:type\" content=\"image\/jpeg\" \/>\n<meta name=\"author\" content=\"Gon\u00e7alves Junior\" \/>\n<meta name=\"twitter:card\" content=\"summary_large_image\" \/>\n<meta name=\"twitter:label1\" content=\"Escrito por\" \/>\n\t<meta name=\"twitter:data1\" content=\"Gon\u00e7alves Junior\" \/>\n\t<meta name=\"twitter:label2\" content=\"Est. tempo de leitura\" \/>\n\t<meta name=\"twitter:data2\" content=\"6 minutos\" \/>\n<script type=\"application\/ld+json\" class=\"yoast-schema-graph\">{\"@context\":\"https:\\\/\\\/schema.org\",\"@graph\":[{\"@type\":\"Article\",\"@id\":\"https:\\\/\\\/www.p31noticias.com.br\\\/?p=25938#article\",\"isPartOf\":{\"@id\":\"https:\\\/\\\/www.p31noticias.com.br\\\/?p=25938\"},\"author\":{\"name\":\"Gon\u00e7alves Junior\",\"@id\":\"https:\\\/\\\/www.p31noticias.com.br\\\/#\\\/schema\\\/person\\\/95f2ece30e3b4132065b915150cd0f94\"},\"headline\":\"Via Sacra de Planaltina volta a ser presencial.\",\"datePublished\":\"2022-04-14T14:50:43+00:00\",\"mainEntityOfPage\":{\"@id\":\"https:\\\/\\\/www.p31noticias.com.br\\\/?p=25938\"},\"wordCount\":1126,\"commentCount\":0,\"image\":{\"@id\":\"https:\\\/\\\/www.p31noticias.com.br\\\/?p=25938#primaryimage\"},\"thumbnailUrl\":\"https:\\\/\\\/www.p31noticias.com.br\\\/wp-content\\\/uploads\\\/2022\\\/04\\\/Via-Sacra-alta.jpg\",\"articleSection\":[\"Bras\u00edlia\"],\"inLanguage\":\"pt-BR\",\"potentialAction\":[{\"@type\":\"CommentAction\",\"name\":\"Comment\",\"target\":[\"https:\\\/\\\/www.p31noticias.com.br\\\/?p=25938#respond\"]}],\"copyrightYear\":\"2022\",\"copyrightHolder\":{\"@id\":\"https:\\\/\\\/www.p31noticias.com.br\\\/#organization\"}},{\"@type\":\"WebPage\",\"@id\":\"https:\\\/\\\/www.p31noticias.com.br\\\/?p=25938\",\"url\":\"https:\\\/\\\/www.p31noticias.com.br\\\/?p=25938\",\"name\":\"Via Sacra de Planaltina volta a ser presencial. - P31\",\"isPartOf\":{\"@id\":\"https:\\\/\\\/www.p31noticias.com.br\\\/#website\"},\"primaryImageOfPage\":{\"@id\":\"https:\\\/\\\/www.p31noticias.com.br\\\/?p=25938#primaryimage\"},\"image\":{\"@id\":\"https:\\\/\\\/www.p31noticias.com.br\\\/?p=25938#primaryimage\"},\"thumbnailUrl\":\"https:\\\/\\\/www.p31noticias.com.br\\\/wp-content\\\/uploads\\\/2022\\\/04\\\/Via-Sacra-alta.jpg\",\"datePublished\":\"2022-04-14T14:50:43+00:00\",\"author\":{\"@id\":\"https:\\\/\\\/www.p31noticias.com.br\\\/#\\\/schema\\\/person\\\/95f2ece30e3b4132065b915150cd0f94\"},\"breadcrumb\":{\"@id\":\"https:\\\/\\\/www.p31noticias.com.br\\\/?p=25938#breadcrumb\"},\"inLanguage\":\"pt-BR\",\"potentialAction\":[{\"@type\":\"ReadAction\",\"target\":[\"https:\\\/\\\/www.p31noticias.com.br\\\/?p=25938\"]}]},{\"@type\":\"ImageObject\",\"inLanguage\":\"pt-BR\",\"@id\":\"https:\\\/\\\/www.p31noticias.com.br\\\/?p=25938#primaryimage\",\"url\":\"https:\\\/\\\/www.p31noticias.com.br\\\/wp-content\\\/uploads\\\/2022\\\/04\\\/Via-Sacra-alta.jpg\",\"contentUrl\":\"https:\\\/\\\/www.p31noticias.com.br\\\/wp-content\\\/uploads\\\/2022\\\/04\\\/Via-Sacra-alta.jpg\",\"width\":1210,\"height\":1858},{\"@type\":\"BreadcrumbList\",\"@id\":\"https:\\\/\\\/www.p31noticias.com.br\\\/?p=25938#breadcrumb\",\"itemListElement\":[{\"@type\":\"ListItem\",\"position\":1,\"name\":\"In\u00edcio\",\"item\":\"https:\\\/\\\/www.p31noticias.com.br\\\/\"},{\"@type\":\"ListItem\",\"position\":2,\"name\":\"Via Sacra de Planaltina volta a ser presencial.\"}]},{\"@type\":\"WebSite\",\"@id\":\"https:\\\/\\\/www.p31noticias.com.br\\\/#website\",\"url\":\"https:\\\/\\\/www.p31noticias.com.br\\\/\",\"name\":\"P31\",\"description\":\"NOT\u00cdCIAS\",\"potentialAction\":[{\"@type\":\"SearchAction\",\"target\":{\"@type\":\"EntryPoint\",\"urlTemplate\":\"https:\\\/\\\/www.p31noticias.com.br\\\/?s={search_term_string}\"},\"query-input\":{\"@type\":\"PropertyValueSpecification\",\"valueRequired\":true,\"valueName\":\"search_term_string\"}}],\"inLanguage\":\"pt-BR\"},{\"@type\":\"Person\",\"@id\":\"https:\\\/\\\/www.p31noticias.com.br\\\/#\\\/schema\\\/person\\\/95f2ece30e3b4132065b915150cd0f94\",\"name\":\"Gon\u00e7alves Junior\",\"image\":{\"@type\":\"ImageObject\",\"inLanguage\":\"pt-BR\",\"@id\":\"https:\\\/\\\/secure.gravatar.com\\\/avatar\\\/6711f350116a89762687a48d66f723c799e5438a5b7578508d4294cd7a5d0800?s=96&d=mm&r=g\",\"url\":\"https:\\\/\\\/secure.gravatar.com\\\/avatar\\\/6711f350116a89762687a48d66f723c799e5438a5b7578508d4294cd7a5d0800?s=96&d=mm&r=g\",\"contentUrl\":\"https:\\\/\\\/secure.gravatar.com\\\/avatar\\\/6711f350116a89762687a48d66f723c799e5438a5b7578508d4294cd7a5d0800?s=96&d=mm&r=g\",\"caption\":\"Gon\u00e7alves Junior\"},\"url\":\"https:\\\/\\\/www.p31noticias.com.br\\\/?author=2\"}]}<\/script>\n<!-- \/ Yoast SEO Premium plugin. -->","yoast_head_json":{"title":"Via Sacra de Planaltina volta a ser presencial. - P31","robots":{"index":"index","follow":"follow","max-snippet":"max-snippet:-1","max-image-preview":"max-image-preview:large","max-video-preview":"max-video-preview:-1"},"canonical":"https:\/\/www.p31noticias.com.br\/?p=25938","og_locale":"pt_BR","og_type":"article","og_title":"Via Sacra de Planaltina volta a ser presencial.","og_description":"Tamb\u00e9m com transmiss\u00e3o ao vivo, encena\u00e7\u00e3o, nesta sexta-feira (15), a partir das 14h, \u00e9 composta por 15 esta\u00e7\u00f5es. \u201cBem imaterial tombado do GDF, a Via Sacra ao Vivo de Planaltina \u00e9 uma das mais importantes do g\u00eanero no pa\u00eds, com impacto na economia local de Planaltina e no turismo do DF\u201d\u00a0Bartolomeu Rodrigues, secret\u00e1rio de Cultura [&hellip;]","og_url":"https:\/\/www.p31noticias.com.br\/?p=25938","og_site_name":"P31","article_published_time":"2022-04-14T14:50:43+00:00","og_image":[{"width":1210,"height":1858,"url":"https:\/\/www.p31noticias.com.br\/wp-content\/uploads\/2022\/04\/Via-Sacra-alta.jpg","type":"image\/jpeg"}],"author":"Gon\u00e7alves Junior","twitter_card":"summary_large_image","twitter_misc":{"Escrito por":"Gon\u00e7alves Junior","Est. tempo de leitura":"6 minutos"},"schema":{"@context":"https:\/\/schema.org","@graph":[{"@type":"Article","@id":"https:\/\/www.p31noticias.com.br\/?p=25938#article","isPartOf":{"@id":"https:\/\/www.p31noticias.com.br\/?p=25938"},"author":{"name":"Gon\u00e7alves Junior","@id":"https:\/\/www.p31noticias.com.br\/#\/schema\/person\/95f2ece30e3b4132065b915150cd0f94"},"headline":"Via Sacra de Planaltina volta a ser presencial.","datePublished":"2022-04-14T14:50:43+00:00","mainEntityOfPage":{"@id":"https:\/\/www.p31noticias.com.br\/?p=25938"},"wordCount":1126,"commentCount":0,"image":{"@id":"https:\/\/www.p31noticias.com.br\/?p=25938#primaryimage"},"thumbnailUrl":"https:\/\/www.p31noticias.com.br\/wp-content\/uploads\/2022\/04\/Via-Sacra-alta.jpg","articleSection":["Bras\u00edlia"],"inLanguage":"pt-BR","potentialAction":[{"@type":"CommentAction","name":"Comment","target":["https:\/\/www.p31noticias.com.br\/?p=25938#respond"]}],"copyrightYear":"2022","copyrightHolder":{"@id":"https:\/\/www.p31noticias.com.br\/#organization"}},{"@type":"WebPage","@id":"https:\/\/www.p31noticias.com.br\/?p=25938","url":"https:\/\/www.p31noticias.com.br\/?p=25938","name":"Via Sacra de Planaltina volta a ser presencial. - P31","isPartOf":{"@id":"https:\/\/www.p31noticias.com.br\/#website"},"primaryImageOfPage":{"@id":"https:\/\/www.p31noticias.com.br\/?p=25938#primaryimage"},"image":{"@id":"https:\/\/www.p31noticias.com.br\/?p=25938#primaryimage"},"thumbnailUrl":"https:\/\/www.p31noticias.com.br\/wp-content\/uploads\/2022\/04\/Via-Sacra-alta.jpg","datePublished":"2022-04-14T14:50:43+00:00","author":{"@id":"https:\/\/www.p31noticias.com.br\/#\/schema\/person\/95f2ece30e3b4132065b915150cd0f94"},"breadcrumb":{"@id":"https:\/\/www.p31noticias.com.br\/?p=25938#breadcrumb"},"inLanguage":"pt-BR","potentialAction":[{"@type":"ReadAction","target":["https:\/\/www.p31noticias.com.br\/?p=25938"]}]},{"@type":"ImageObject","inLanguage":"pt-BR","@id":"https:\/\/www.p31noticias.com.br\/?p=25938#primaryimage","url":"https:\/\/www.p31noticias.com.br\/wp-content\/uploads\/2022\/04\/Via-Sacra-alta.jpg","contentUrl":"https:\/\/www.p31noticias.com.br\/wp-content\/uploads\/2022\/04\/Via-Sacra-alta.jpg","width":1210,"height":1858},{"@type":"BreadcrumbList","@id":"https:\/\/www.p31noticias.com.br\/?p=25938#breadcrumb","itemListElement":[{"@type":"ListItem","position":1,"name":"In\u00edcio","item":"https:\/\/www.p31noticias.com.br\/"},{"@type":"ListItem","position":2,"name":"Via Sacra de Planaltina volta a ser presencial."}]},{"@type":"WebSite","@id":"https:\/\/www.p31noticias.com.br\/#website","url":"https:\/\/www.p31noticias.com.br\/","name":"P31","description":"NOT\u00cdCIAS","potentialAction":[{"@type":"SearchAction","target":{"@type":"EntryPoint","urlTemplate":"https:\/\/www.p31noticias.com.br\/?s={search_term_string}"},"query-input":{"@type":"PropertyValueSpecification","valueRequired":true,"valueName":"search_term_string"}}],"inLanguage":"pt-BR"},{"@type":"Person","@id":"https:\/\/www.p31noticias.com.br\/#\/schema\/person\/95f2ece30e3b4132065b915150cd0f94","name":"Gon\u00e7alves Junior","image":{"@type":"ImageObject","inLanguage":"pt-BR","@id":"https:\/\/secure.gravatar.com\/avatar\/6711f350116a89762687a48d66f723c799e5438a5b7578508d4294cd7a5d0800?s=96&d=mm&r=g","url":"https:\/\/secure.gravatar.com\/avatar\/6711f350116a89762687a48d66f723c799e5438a5b7578508d4294cd7a5d0800?s=96&d=mm&r=g","contentUrl":"https:\/\/secure.gravatar.com\/avatar\/6711f350116a89762687a48d66f723c799e5438a5b7578508d4294cd7a5d0800?s=96&d=mm&r=g","caption":"Gon\u00e7alves Junior"},"url":"https:\/\/www.p31noticias.com.br\/?author=2"}]}},"amp_enabled":true,"_links":{"self":[{"href":"https:\/\/www.p31noticias.com.br\/index.php?rest_route=\/wp\/v2\/posts\/25938","targetHints":{"allow":["GET"]}}],"collection":[{"href":"https:\/\/www.p31noticias.com.br\/index.php?rest_route=\/wp\/v2\/posts"}],"about":[{"href":"https:\/\/www.p31noticias.com.br\/index.php?rest_route=\/wp\/v2\/types\/post"}],"author":[{"embeddable":true,"href":"https:\/\/www.p31noticias.com.br\/index.php?rest_route=\/wp\/v2\/users\/2"}],"replies":[{"embeddable":true,"href":"https:\/\/www.p31noticias.com.br\/index.php?rest_route=%2Fwp%2Fv2%2Fcomments&post=25938"}],"version-history":[{"count":1,"href":"https:\/\/www.p31noticias.com.br\/index.php?rest_route=\/wp\/v2\/posts\/25938\/revisions"}],"predecessor-version":[{"id":25940,"href":"https:\/\/www.p31noticias.com.br\/index.php?rest_route=\/wp\/v2\/posts\/25938\/revisions\/25940"}],"wp:featuredmedia":[{"embeddable":true,"href":"https:\/\/www.p31noticias.com.br\/index.php?rest_route=\/wp\/v2\/media\/25939"}],"wp:attachment":[{"href":"https:\/\/www.p31noticias.com.br\/index.php?rest_route=%2Fwp%2Fv2%2Fmedia&parent=25938"}],"wp:term":[{"taxonomy":"category","embeddable":true,"href":"https:\/\/www.p31noticias.com.br\/index.php?rest_route=%2Fwp%2Fv2%2Fcategories&post=25938"},{"taxonomy":"post_tag","embeddable":true,"href":"https:\/\/www.p31noticias.com.br\/index.php?rest_route=%2Fwp%2Fv2%2Ftags&post=25938"}],"curies":[{"name":"wp","href":"https:\/\/api.w.org\/{rel}","templated":true}]}}