{"id":25935,"date":"2022-04-14T11:47:43","date_gmt":"2022-04-14T14:47:43","guid":{"rendered":"https:\/\/p31noticias.com.br\/?p=25935"},"modified":"2022-04-14T11:47:43","modified_gmt":"2022-04-14T14:47:43","slug":"guerra-na-ucrania-mata-pelo-menos-1-932-civis-e-deixa-2-589-feridos-afirma-onu","status":"publish","type":"post","link":"https:\/\/www.p31noticias.com.br\/?p=25935","title":{"rendered":"Guerra na Ucr\u00e2nia mata pelo menos 1.932 civis e deixa 2.589 feridos, afirma ONU."},"content":{"rendered":"<p style=\"text-align: justify;\"><em><strong>De acordo com a Organiza\u00e7\u00e3o, n\u00famero pode ser ainda mais alarmante devido \u00e0 subnotifica\u00e7\u00e3o de casos.<\/strong><\/em><\/p>\n<p style=\"text-align: justify;\">A guerra da\u00a0<a href=\"https:\/\/jovempan.com.br\/tag\/russia\"><strong>R\u00fassia<\/strong><\/a>\u00a0na\u00a0<a href=\"https:\/\/jovempan.com.br\/tag\/ucrania\"><strong>Ucr\u00e2nia<\/strong><\/a>\u00a0j\u00e1 deixou\u00a0<strong>pelo menos 1.932 mortos e 2.589 feridos entre civis<\/strong>, informa o Escrit\u00f3rio do Alto Comiss\u00e1rio da\u00a0<a href=\"https:\/\/jovempan.com.br\/tag\/organizacao-das-nacoes-unidas\"><strong>Organiza\u00e7\u00e3o das Na\u00e7\u00f5es Unidas<\/strong><\/a>\u00a0(ONU) para os Direitos Humanos (ACNUDH). Os n\u00fameros foram computados do in\u00edcio do conflito, em 24 de fevereiro at\u00e9 12 de abril. Entretanto, a institui\u00e7\u00e3o aposta em n\u00fameros mais alarmantes devido \u00e0 subnotifica\u00e7\u00e3o. \u201cO ACNUDH acredita que os n\u00fameros reais s\u00e3o consideravelmente maiores, pois o recebimento de informa\u00e7\u00f5es de alguns locais onde ocorreram intensas hostilidades foi adiado e muitos relat\u00f3rios ainda aguardam confirma\u00e7\u00e3o\u201d, afirmou a ONU no documento.<\/p>\n<p style=\"text-align: justify;\">Ainda segundo a Organiza\u00e7\u00e3o, \u201cA maioria das baixas civis registradas foi causada pelo uso de armas explosivas com uma ampla \u00e1rea de impacto, incluindo bombardeios de artilharia pesada e m\u00faltiplos sistemas de lan\u00e7amento de foguetes, m\u00edsseis e ataques a\u00e9reos\u201d, disse a ONU. Entre os mortos est\u00e3o cerca de 485 homens, cerca de 313 mulheres, cerca de 54 meninos e 31 meninas morreram, enquanto o sexo de 72 crian\u00e7as e 977 adultos ainda n\u00e3o foi determinado. J\u00e1 entre os feridos, foram identificados 52 meninas e 52 meninos, al\u00e9m de 146 crian\u00e7as cujo sexo ainda n\u00e3o foi determinado.<\/p>\n<p>JP NEWS.<\/p>\n","protected":false},"excerpt":{"rendered":"<p>De acordo com a Organiza\u00e7\u00e3o, n\u00famero pode ser ainda mais alarmante devido \u00e0 subnotifica\u00e7\u00e3o de casos. A guerra da\u00a0R\u00fassia\u00a0na\u00a0Ucr\u00e2nia\u00a0j\u00e1 deixou\u00a0pelo menos 1.932 mortos e 2.589 feridos entre civis, informa o Escrit\u00f3rio do Alto Comiss\u00e1rio da\u00a0Organiza\u00e7\u00e3o das Na\u00e7\u00f5es Unidas\u00a0(ONU) para os Direitos Humanos (ACNUDH). Os n\u00fameros foram computados do in\u00edcio do conflito, em 24 de fevereiro [&hellip;]<\/p>\n","protected":false},"author":2,"featured_media":25936,"comment_status":"open","ping_status":"open","sticky":false,"template":"","format":"standard","meta":{"footnotes":""},"categories":[1],"tags":[],"class_list":{"0":"post-25935","1":"post","2":"type-post","3":"status-publish","4":"format-standard","5":"has-post-thumbnail","7":"category-outros"},"yoast_head":"<!-- This site is optimized with the Yoast SEO Premium plugin v24.5 (Yoast SEO v27.5) - https:\/\/yoast.com\/product\/yoast-seo-premium-wordpress\/ -->\n<title>Guerra na Ucr\u00e2nia mata pelo menos 1.932 civis e deixa 2.589 feridos, afirma ONU. - P31<\/title>\n<meta name=\"robots\" content=\"index, follow, max-snippet:-1, max-image-preview:large, max-video-preview:-1\" \/>\n<link rel=\"canonical\" href=\"https:\/\/www.p31noticias.com.br\/?p=25935\" \/>\n<meta property=\"og:locale\" content=\"pt_BR\" \/>\n<meta property=\"og:type\" content=\"article\" \/>\n<meta property=\"og:title\" content=\"Guerra na Ucr\u00e2nia mata pelo menos 1.932 civis e deixa 2.589 feridos, afirma ONU.\" \/>\n<meta property=\"og:description\" content=\"De acordo com a Organiza\u00e7\u00e3o, n\u00famero pode ser ainda mais alarmante devido \u00e0 subnotifica\u00e7\u00e3o de casos. A guerra da\u00a0R\u00fassia\u00a0na\u00a0Ucr\u00e2nia\u00a0j\u00e1 deixou\u00a0pelo menos 1.932 mortos e 2.589 feridos entre civis, informa o Escrit\u00f3rio do Alto Comiss\u00e1rio da\u00a0Organiza\u00e7\u00e3o das Na\u00e7\u00f5es Unidas\u00a0(ONU) para os Direitos Humanos (ACNUDH). Os n\u00fameros foram computados do in\u00edcio do conflito, em 24 de fevereiro [&hellip;]\" \/>\n<meta property=\"og:url\" content=\"https:\/\/www.p31noticias.com.br\/?p=25935\" \/>\n<meta property=\"og:site_name\" content=\"P31\" \/>\n<meta property=\"article:published_time\" content=\"2022-04-14T14:47:43+00:00\" \/>\n<meta property=\"og:image\" content=\"https:\/\/www.p31noticias.com.br\/wp-content\/uploads\/2022\/04\/conselho-de-seguranca-da-onu.webp\" \/>\n\t<meta property=\"og:image:width\" content=\"1000\" \/>\n\t<meta property=\"og:image:height\" content=\"600\" \/>\n\t<meta property=\"og:image:type\" content=\"image\/webp\" \/>\n<meta name=\"author\" content=\"Gon\u00e7alves Junior\" \/>\n<meta name=\"twitter:card\" content=\"summary_large_image\" \/>\n<meta name=\"twitter:label1\" content=\"Escrito por\" \/>\n\t<meta name=\"twitter:data1\" content=\"Gon\u00e7alves Junior\" \/>\n\t<meta name=\"twitter:label2\" content=\"Est. tempo de leitura\" \/>\n\t<meta name=\"twitter:data2\" content=\"1 minuto\" \/>\n<script type=\"application\/ld+json\" class=\"yoast-schema-graph\">{\"@context\":\"https:\\\/\\\/schema.org\",\"@graph\":[{\"@type\":\"Article\",\"@id\":\"https:\\\/\\\/www.p31noticias.com.br\\\/?p=25935#article\",\"isPartOf\":{\"@id\":\"https:\\\/\\\/www.p31noticias.com.br\\\/?p=25935\"},\"author\":{\"name\":\"Gon\u00e7alves Junior\",\"@id\":\"https:\\\/\\\/www.p31noticias.com.br\\\/#\\\/schema\\\/person\\\/95f2ece30e3b4132065b915150cd0f94\"},\"headline\":\"Guerra na Ucr\u00e2nia mata pelo menos 1.932 civis e deixa 2.589 feridos, afirma ONU.\",\"datePublished\":\"2022-04-14T14:47:43+00:00\",\"mainEntityOfPage\":{\"@id\":\"https:\\\/\\\/www.p31noticias.com.br\\\/?p=25935\"},\"wordCount\":238,\"commentCount\":0,\"image\":{\"@id\":\"https:\\\/\\\/www.p31noticias.com.br\\\/?p=25935#primaryimage\"},\"thumbnailUrl\":\"https:\\\/\\\/www.p31noticias.com.br\\\/wp-content\\\/uploads\\\/2022\\\/04\\\/conselho-de-seguranca-da-onu.webp\",\"articleSection\":[\"Outros\"],\"inLanguage\":\"pt-BR\",\"potentialAction\":[{\"@type\":\"CommentAction\",\"name\":\"Comment\",\"target\":[\"https:\\\/\\\/www.p31noticias.com.br\\\/?p=25935#respond\"]}],\"copyrightYear\":\"2022\",\"copyrightHolder\":{\"@id\":\"https:\\\/\\\/www.p31noticias.com.br\\\/#organization\"}},{\"@type\":\"WebPage\",\"@id\":\"https:\\\/\\\/www.p31noticias.com.br\\\/?p=25935\",\"url\":\"https:\\\/\\\/www.p31noticias.com.br\\\/?p=25935\",\"name\":\"Guerra na Ucr\u00e2nia mata pelo menos 1.932 civis e deixa 2.589 feridos, afirma ONU. - P31\",\"isPartOf\":{\"@id\":\"https:\\\/\\\/www.p31noticias.com.br\\\/#website\"},\"primaryImageOfPage\":{\"@id\":\"https:\\\/\\\/www.p31noticias.com.br\\\/?p=25935#primaryimage\"},\"image\":{\"@id\":\"https:\\\/\\\/www.p31noticias.com.br\\\/?p=25935#primaryimage\"},\"thumbnailUrl\":\"https:\\\/\\\/www.p31noticias.com.br\\\/wp-content\\\/uploads\\\/2022\\\/04\\\/conselho-de-seguranca-da-onu.webp\",\"datePublished\":\"2022-04-14T14:47:43+00:00\",\"author\":{\"@id\":\"https:\\\/\\\/www.p31noticias.com.br\\\/#\\\/schema\\\/person\\\/95f2ece30e3b4132065b915150cd0f94\"},\"breadcrumb\":{\"@id\":\"https:\\\/\\\/www.p31noticias.com.br\\\/?p=25935#breadcrumb\"},\"inLanguage\":\"pt-BR\",\"potentialAction\":[{\"@type\":\"ReadAction\",\"target\":[\"https:\\\/\\\/www.p31noticias.com.br\\\/?p=25935\"]}]},{\"@type\":\"ImageObject\",\"inLanguage\":\"pt-BR\",\"@id\":\"https:\\\/\\\/www.p31noticias.com.br\\\/?p=25935#primaryimage\",\"url\":\"https:\\\/\\\/www.p31noticias.com.br\\\/wp-content\\\/uploads\\\/2022\\\/04\\\/conselho-de-seguranca-da-onu.webp\",\"contentUrl\":\"https:\\\/\\\/www.p31noticias.com.br\\\/wp-content\\\/uploads\\\/2022\\\/04\\\/conselho-de-seguranca-da-onu.webp\",\"width\":1000,\"height\":600},{\"@type\":\"BreadcrumbList\",\"@id\":\"https:\\\/\\\/www.p31noticias.com.br\\\/?p=25935#breadcrumb\",\"itemListElement\":[{\"@type\":\"ListItem\",\"position\":1,\"name\":\"In\u00edcio\",\"item\":\"https:\\\/\\\/www.p31noticias.com.br\\\/\"},{\"@type\":\"ListItem\",\"position\":2,\"name\":\"Guerra na Ucr\u00e2nia mata pelo menos 1.932 civis e deixa 2.589 feridos, afirma ONU.\"}]},{\"@type\":\"WebSite\",\"@id\":\"https:\\\/\\\/www.p31noticias.com.br\\\/#website\",\"url\":\"https:\\\/\\\/www.p31noticias.com.br\\\/\",\"name\":\"P31\",\"description\":\"NOT\u00cdCIAS\",\"potentialAction\":[{\"@type\":\"SearchAction\",\"target\":{\"@type\":\"EntryPoint\",\"urlTemplate\":\"https:\\\/\\\/www.p31noticias.com.br\\\/?s={search_term_string}\"},\"query-input\":{\"@type\":\"PropertyValueSpecification\",\"valueRequired\":true,\"valueName\":\"search_term_string\"}}],\"inLanguage\":\"pt-BR\"},{\"@type\":\"Person\",\"@id\":\"https:\\\/\\\/www.p31noticias.com.br\\\/#\\\/schema\\\/person\\\/95f2ece30e3b4132065b915150cd0f94\",\"name\":\"Gon\u00e7alves Junior\",\"image\":{\"@type\":\"ImageObject\",\"inLanguage\":\"pt-BR\",\"@id\":\"https:\\\/\\\/secure.gravatar.com\\\/avatar\\\/6711f350116a89762687a48d66f723c799e5438a5b7578508d4294cd7a5d0800?s=96&d=mm&r=g\",\"url\":\"https:\\\/\\\/secure.gravatar.com\\\/avatar\\\/6711f350116a89762687a48d66f723c799e5438a5b7578508d4294cd7a5d0800?s=96&d=mm&r=g\",\"contentUrl\":\"https:\\\/\\\/secure.gravatar.com\\\/avatar\\\/6711f350116a89762687a48d66f723c799e5438a5b7578508d4294cd7a5d0800?s=96&d=mm&r=g\",\"caption\":\"Gon\u00e7alves Junior\"},\"url\":\"https:\\\/\\\/www.p31noticias.com.br\\\/?author=2\"}]}<\/script>\n<!-- \/ Yoast SEO Premium plugin. -->","yoast_head_json":{"title":"Guerra na Ucr\u00e2nia mata pelo menos 1.932 civis e deixa 2.589 feridos, afirma ONU. - P31","robots":{"index":"index","follow":"follow","max-snippet":"max-snippet:-1","max-image-preview":"max-image-preview:large","max-video-preview":"max-video-preview:-1"},"canonical":"https:\/\/www.p31noticias.com.br\/?p=25935","og_locale":"pt_BR","og_type":"article","og_title":"Guerra na Ucr\u00e2nia mata pelo menos 1.932 civis e deixa 2.589 feridos, afirma ONU.","og_description":"De acordo com a Organiza\u00e7\u00e3o, n\u00famero pode ser ainda mais alarmante devido \u00e0 subnotifica\u00e7\u00e3o de casos. A guerra da\u00a0R\u00fassia\u00a0na\u00a0Ucr\u00e2nia\u00a0j\u00e1 deixou\u00a0pelo menos 1.932 mortos e 2.589 feridos entre civis, informa o Escrit\u00f3rio do Alto Comiss\u00e1rio da\u00a0Organiza\u00e7\u00e3o das Na\u00e7\u00f5es Unidas\u00a0(ONU) para os Direitos Humanos (ACNUDH). Os n\u00fameros foram computados do in\u00edcio do conflito, em 24 de fevereiro [&hellip;]","og_url":"https:\/\/www.p31noticias.com.br\/?p=25935","og_site_name":"P31","article_published_time":"2022-04-14T14:47:43+00:00","og_image":[{"width":1000,"height":600,"url":"https:\/\/www.p31noticias.com.br\/wp-content\/uploads\/2022\/04\/conselho-de-seguranca-da-onu.webp","type":"image\/webp"}],"author":"Gon\u00e7alves Junior","twitter_card":"summary_large_image","twitter_misc":{"Escrito por":"Gon\u00e7alves Junior","Est. tempo de leitura":"1 minuto"},"schema":{"@context":"https:\/\/schema.org","@graph":[{"@type":"Article","@id":"https:\/\/www.p31noticias.com.br\/?p=25935#article","isPartOf":{"@id":"https:\/\/www.p31noticias.com.br\/?p=25935"},"author":{"name":"Gon\u00e7alves Junior","@id":"https:\/\/www.p31noticias.com.br\/#\/schema\/person\/95f2ece30e3b4132065b915150cd0f94"},"headline":"Guerra na Ucr\u00e2nia mata pelo menos 1.932 civis e deixa 2.589 feridos, afirma ONU.","datePublished":"2022-04-14T14:47:43+00:00","mainEntityOfPage":{"@id":"https:\/\/www.p31noticias.com.br\/?p=25935"},"wordCount":238,"commentCount":0,"image":{"@id":"https:\/\/www.p31noticias.com.br\/?p=25935#primaryimage"},"thumbnailUrl":"https:\/\/www.p31noticias.com.br\/wp-content\/uploads\/2022\/04\/conselho-de-seguranca-da-onu.webp","articleSection":["Outros"],"inLanguage":"pt-BR","potentialAction":[{"@type":"CommentAction","name":"Comment","target":["https:\/\/www.p31noticias.com.br\/?p=25935#respond"]}],"copyrightYear":"2022","copyrightHolder":{"@id":"https:\/\/www.p31noticias.com.br\/#organization"}},{"@type":"WebPage","@id":"https:\/\/www.p31noticias.com.br\/?p=25935","url":"https:\/\/www.p31noticias.com.br\/?p=25935","name":"Guerra na Ucr\u00e2nia mata pelo menos 1.932 civis e deixa 2.589 feridos, afirma ONU. - P31","isPartOf":{"@id":"https:\/\/www.p31noticias.com.br\/#website"},"primaryImageOfPage":{"@id":"https:\/\/www.p31noticias.com.br\/?p=25935#primaryimage"},"image":{"@id":"https:\/\/www.p31noticias.com.br\/?p=25935#primaryimage"},"thumbnailUrl":"https:\/\/www.p31noticias.com.br\/wp-content\/uploads\/2022\/04\/conselho-de-seguranca-da-onu.webp","datePublished":"2022-04-14T14:47:43+00:00","author":{"@id":"https:\/\/www.p31noticias.com.br\/#\/schema\/person\/95f2ece30e3b4132065b915150cd0f94"},"breadcrumb":{"@id":"https:\/\/www.p31noticias.com.br\/?p=25935#breadcrumb"},"inLanguage":"pt-BR","potentialAction":[{"@type":"ReadAction","target":["https:\/\/www.p31noticias.com.br\/?p=25935"]}]},{"@type":"ImageObject","inLanguage":"pt-BR","@id":"https:\/\/www.p31noticias.com.br\/?p=25935#primaryimage","url":"https:\/\/www.p31noticias.com.br\/wp-content\/uploads\/2022\/04\/conselho-de-seguranca-da-onu.webp","contentUrl":"https:\/\/www.p31noticias.com.br\/wp-content\/uploads\/2022\/04\/conselho-de-seguranca-da-onu.webp","width":1000,"height":600},{"@type":"BreadcrumbList","@id":"https:\/\/www.p31noticias.com.br\/?p=25935#breadcrumb","itemListElement":[{"@type":"ListItem","position":1,"name":"In\u00edcio","item":"https:\/\/www.p31noticias.com.br\/"},{"@type":"ListItem","position":2,"name":"Guerra na Ucr\u00e2nia mata pelo menos 1.932 civis e deixa 2.589 feridos, afirma ONU."}]},{"@type":"WebSite","@id":"https:\/\/www.p31noticias.com.br\/#website","url":"https:\/\/www.p31noticias.com.br\/","name":"P31","description":"NOT\u00cdCIAS","potentialAction":[{"@type":"SearchAction","target":{"@type":"EntryPoint","urlTemplate":"https:\/\/www.p31noticias.com.br\/?s={search_term_string}"},"query-input":{"@type":"PropertyValueSpecification","valueRequired":true,"valueName":"search_term_string"}}],"inLanguage":"pt-BR"},{"@type":"Person","@id":"https:\/\/www.p31noticias.com.br\/#\/schema\/person\/95f2ece30e3b4132065b915150cd0f94","name":"Gon\u00e7alves Junior","image":{"@type":"ImageObject","inLanguage":"pt-BR","@id":"https:\/\/secure.gravatar.com\/avatar\/6711f350116a89762687a48d66f723c799e5438a5b7578508d4294cd7a5d0800?s=96&d=mm&r=g","url":"https:\/\/secure.gravatar.com\/avatar\/6711f350116a89762687a48d66f723c799e5438a5b7578508d4294cd7a5d0800?s=96&d=mm&r=g","contentUrl":"https:\/\/secure.gravatar.com\/avatar\/6711f350116a89762687a48d66f723c799e5438a5b7578508d4294cd7a5d0800?s=96&d=mm&r=g","caption":"Gon\u00e7alves Junior"},"url":"https:\/\/www.p31noticias.com.br\/?author=2"}]}},"amp_enabled":true,"_links":{"self":[{"href":"https:\/\/www.p31noticias.com.br\/index.php?rest_route=\/wp\/v2\/posts\/25935","targetHints":{"allow":["GET"]}}],"collection":[{"href":"https:\/\/www.p31noticias.com.br\/index.php?rest_route=\/wp\/v2\/posts"}],"about":[{"href":"https:\/\/www.p31noticias.com.br\/index.php?rest_route=\/wp\/v2\/types\/post"}],"author":[{"embeddable":true,"href":"https:\/\/www.p31noticias.com.br\/index.php?rest_route=\/wp\/v2\/users\/2"}],"replies":[{"embeddable":true,"href":"https:\/\/www.p31noticias.com.br\/index.php?rest_route=%2Fwp%2Fv2%2Fcomments&post=25935"}],"version-history":[{"count":1,"href":"https:\/\/www.p31noticias.com.br\/index.php?rest_route=\/wp\/v2\/posts\/25935\/revisions"}],"predecessor-version":[{"id":25937,"href":"https:\/\/www.p31noticias.com.br\/index.php?rest_route=\/wp\/v2\/posts\/25935\/revisions\/25937"}],"wp:featuredmedia":[{"embeddable":true,"href":"https:\/\/www.p31noticias.com.br\/index.php?rest_route=\/wp\/v2\/media\/25936"}],"wp:attachment":[{"href":"https:\/\/www.p31noticias.com.br\/index.php?rest_route=%2Fwp%2Fv2%2Fmedia&parent=25935"}],"wp:term":[{"taxonomy":"category","embeddable":true,"href":"https:\/\/www.p31noticias.com.br\/index.php?rest_route=%2Fwp%2Fv2%2Fcategories&post=25935"},{"taxonomy":"post_tag","embeddable":true,"href":"https:\/\/www.p31noticias.com.br\/index.php?rest_route=%2Fwp%2Fv2%2Ftags&post=25935"}],"curies":[{"name":"wp","href":"https:\/\/api.w.org\/{rel}","templated":true}]}}