{"id":25927,"date":"2022-04-08T16:33:05","date_gmt":"2022-04-08T19:33:05","guid":{"rendered":"https:\/\/p31noticias.com.br\/?p=25927"},"modified":"2022-04-08T16:33:05","modified_gmt":"2022-04-08T19:33:05","slug":"neoenergia-brasilia-reforca-consumo-consciente-de-energia-mesmo-com-o-retorno-da-bandeira-tarifaria-verde","status":"publish","type":"post","link":"https:\/\/www.p31noticias.com.br\/?p=25927","title":{"rendered":"NEOENERGIA BRAS\u00cdLIA REFOR\u00c7A CONSUMO CONSCIENTE DE ENERGIA MESMO COM O RETORNO DA BANDEIRA TARIF\u00c1RIA VERDE."},"content":{"rendered":"<p style=\"text-align: justify;\"><em><strong>NEOENERGIA BRAS\u00cdLIA REFOR\u00c7A CONSUMO CONSCIENTE DE ENERGIA MESMO COM O RETORNO DA BANDEIRA TARIF\u00c1RIA VERDE.<\/strong><\/em><\/p>\n<p style=\"text-align: justify;\"><em><strong>Distribuidora destaca dicas de economia que ajudam os clientes a adotarem h\u00e1bitos que evitem o desperd\u00edcio.<\/strong><\/em><\/p>\n<p style=\"text-align: justify;\">O Minist\u00e9rio das Minas e Energias (MME) anunciou que, a partir do pr\u00f3ximo dia 16 de abril, entra em vigor a Bandeira Tarif\u00e1ria Verde, sem cobran\u00e7a extra na conta de energia. Desde setembro de 2021, estava sendo aplicada a Bandeira Tarif\u00e1ria Escassez H\u00eddrica, que representava acr\u00e9scimo de R$ 14,20, a cada 100 quilowatts-hora (kWh) consumidos.<\/p>\n<p>A Neoenergia Bras\u00edlia ressalta que, mesmo com a volta da Bandeira Tarif\u00e1ria Verde, o consumidor n\u00e3o pode relaxar na economia de energia el\u00e9trica. Por isso, a distribuidora refor\u00e7a uma s\u00e9rie de dicas de economia que podem ajudar os clientes a adotarem h\u00e1bitos de consumo conscientes. S\u00e3o atitudes simples do dia a dia que evitam o desperd\u00edcio de energia el\u00e9trica e, claro, adequam o consumo de energia \u00e0 capacidade de pagamento da conta. Confira:<\/p>\n<p>*Adquira aparelhos el\u00e9tricos eficientes (e use com efici\u00eancia)*<br \/>\nEletrodom\u00e9sticos mais antigos costumam ser menos eficientes. Se puder, substitua-os por aparelhos mais novos e com selo PROCEL de efici\u00eancia energ\u00e9tica. Isso ir\u00e1 ajudar muito na economia de energia e na redu\u00e7\u00e3o das contas. Pesquise os modelos e pot\u00eancias para saber quais s\u00e3o mais eficientes. Na hora de usar, estude o manual para maximizar o uso e minimizar o gasto de energia.<\/p>\n<p>*Desligue o computador se n\u00e3o for utiliz\u00e1-lo dentro de uma hora*<br \/>\nAlgumas pessoas acham que deixar o computador ligado 24 horas consome menos energia do que lig\u00e1-lo e deslig\u00e1-lo a cada uso, mas n\u00e3o funciona assim. O monitor pode ser desligado sempre que o usu\u00e1rio se ausentar do ambiente. Se as pausas entre os usos forem longas, de mais de uma hora, por exemplo, o ideal \u00e9 desligar tudo. Se puder, opte por laptops, que costumam ser mais econ\u00f4micos.<\/p>\n<p>*Fique de olho no carregador de celular*<br \/>\nN\u00e3o deixe o carregador de celular na tomada sozinho ou depois que o aparelho estiver completamente carregado. Al\u00e9m de evitar acidentes dom\u00e9sticos, ele consome energia el\u00e9trica.<\/p>\n<p>*Aproveite a luz natural*<br \/>\nAl\u00e9m de ser confort\u00e1vel para os olhos, aproveitar a luz natural do dia ajuda a reduzir o desperd\u00edcio de energia. Evite acender luzes em ambientes j\u00e1 naturalmente iluminados, d\u00ea prefer\u00eancia por lugares com janelas amplas e paredes claras.<\/p>\n<p>*Evite usar a fun\u00e7\u00e3o stand-by dos aparelhos*<br \/>\nNunca deixe os aparelhos ligados na tomada em &#8220;stand-by&#8221;, o famoso &#8220;modo espera&#8221; que permite ligar o equipamento diretamente. N\u00e3o h\u00e1 necessidade de continuar consumindo energia se voc\u00ea n\u00e3o os est\u00e1 utilizando. Prefira tirar o eletrodom\u00e9stico da tomada quando n\u00e3o estiver em uso, mesmo que voc\u00ea n\u00e3o ache pr\u00e1tico. Neste caso, a comodidade n\u00e3o compensa o desperd\u00edcio.<\/p>\n<p>*Escolha l\u00e2mpadas LED*<br \/>\nMesmo que as l\u00e2mpadas LED sejam mais caras, a economia de longo prazo compensa os custos iniciais porque elas duram mais e consomem at\u00e9 80% menos que as l\u00e2mpadas convencionais. D\u00ea prefer\u00eancia sempre \u00e0s l\u00e2mpadas de LED. Retire as l\u00e2mpadas fluorescentes compactas queimadas do bocal. O reator acoplado pode consumir energia, caso o interruptor esteja ligado.<\/p>\n<p>*Utilize a fun\u00e7\u00e3o \u201ctimer\u201d das TVs*<br \/>\nEvite dormir com televisores ligados. \u00c9 um consumo de energia desnecess\u00e1rio. Se voc\u00ea j\u00e1 sabe que costuma pegar no sono assistindo \u00e0 televis\u00e3o, utilize a fun\u00e7\u00e3o \u201ctimer\u201d ou \u201csleep\u201d, presente na maioria dos modelos e programe o aparelho para que ele desligue sozinho.<\/p>\n<p>*Mantenha temperatura agrad\u00e1vel do ar condicionado*<br \/>\nPara economizar energia, n\u00e3o \u00e9 preciso sofrer e desligar o ar condicionado no calor. Deixar o aparelho em uma temperatura est\u00e1vel refresca e ajuda a reduzir o valor das contas. Uma dica \u00e9 regular o termostato para uma temperatura confort\u00e1vel, entre 23 e 25 graus.<\/p>\n<p>Ascom Neoenergia<\/p>\n","protected":false},"excerpt":{"rendered":"<p>NEOENERGIA BRAS\u00cdLIA REFOR\u00c7A CONSUMO CONSCIENTE DE ENERGIA MESMO COM O RETORNO DA BANDEIRA TARIF\u00c1RIA VERDE. Distribuidora destaca dicas de economia que ajudam os clientes a adotarem h\u00e1bitos que evitem o desperd\u00edcio. O Minist\u00e9rio das Minas e Energias (MME) anunciou que, a partir do pr\u00f3ximo dia 16 de abril, entra em vigor a Bandeira Tarif\u00e1ria Verde, [&hellip;]<\/p>\n","protected":false},"author":2,"featured_media":25928,"comment_status":"open","ping_status":"open","sticky":false,"template":"","format":"standard","meta":{"footnotes":""},"categories":[21],"tags":[],"class_list":{"0":"post-25927","1":"post","2":"type-post","3":"status-publish","4":"format-standard","5":"has-post-thumbnail","7":"category-brasilia"},"yoast_head":"<!-- This site is optimized with the Yoast SEO Premium plugin v24.5 (Yoast SEO v27.5) - https:\/\/yoast.com\/product\/yoast-seo-premium-wordpress\/ -->\n<title>NEOENERGIA BRAS\u00cdLIA REFOR\u00c7A CONSUMO CONSCIENTE DE ENERGIA MESMO COM O RETORNO DA BANDEIRA TARIF\u00c1RIA VERDE. - P31<\/title>\n<meta name=\"robots\" content=\"index, follow, max-snippet:-1, max-image-preview:large, max-video-preview:-1\" \/>\n<link rel=\"canonical\" href=\"https:\/\/www.p31noticias.com.br\/?p=25927\" \/>\n<meta property=\"og:locale\" content=\"pt_BR\" \/>\n<meta property=\"og:type\" content=\"article\" \/>\n<meta property=\"og:title\" content=\"NEOENERGIA BRAS\u00cdLIA REFOR\u00c7A CONSUMO CONSCIENTE DE ENERGIA MESMO COM O RETORNO DA BANDEIRA TARIF\u00c1RIA VERDE.\" \/>\n<meta property=\"og:description\" content=\"NEOENERGIA BRAS\u00cdLIA REFOR\u00c7A CONSUMO CONSCIENTE DE ENERGIA MESMO COM O RETORNO DA BANDEIRA TARIF\u00c1RIA VERDE. Distribuidora destaca dicas de economia que ajudam os clientes a adotarem h\u00e1bitos que evitem o desperd\u00edcio. O Minist\u00e9rio das Minas e Energias (MME) anunciou que, a partir do pr\u00f3ximo dia 16 de abril, entra em vigor a Bandeira Tarif\u00e1ria Verde, [&hellip;]\" \/>\n<meta property=\"og:url\" content=\"https:\/\/www.p31noticias.com.br\/?p=25927\" \/>\n<meta property=\"og:site_name\" content=\"P31\" \/>\n<meta property=\"article:published_time\" content=\"2022-04-08T19:33:05+00:00\" \/>\n<meta property=\"og:image\" content=\"https:\/\/www.p31noticias.com.br\/wp-content\/uploads\/2022\/04\/unnamed-9.jpg\" \/>\n\t<meta property=\"og:image:width\" content=\"1600\" \/>\n\t<meta property=\"og:image:height\" content=\"1220\" \/>\n\t<meta property=\"og:image:type\" content=\"image\/jpeg\" \/>\n<meta name=\"author\" content=\"Gon\u00e7alves Junior\" \/>\n<meta name=\"twitter:card\" content=\"summary_large_image\" \/>\n<meta name=\"twitter:label1\" content=\"Escrito por\" \/>\n\t<meta name=\"twitter:data1\" content=\"Gon\u00e7alves Junior\" \/>\n\t<meta name=\"twitter:label2\" content=\"Est. tempo de leitura\" \/>\n\t<meta name=\"twitter:data2\" content=\"3 minutos\" \/>\n<script type=\"application\/ld+json\" class=\"yoast-schema-graph\">{\"@context\":\"https:\\\/\\\/schema.org\",\"@graph\":[{\"@type\":\"Article\",\"@id\":\"https:\\\/\\\/www.p31noticias.com.br\\\/?p=25927#article\",\"isPartOf\":{\"@id\":\"https:\\\/\\\/www.p31noticias.com.br\\\/?p=25927\"},\"author\":{\"name\":\"Gon\u00e7alves Junior\",\"@id\":\"https:\\\/\\\/www.p31noticias.com.br\\\/#\\\/schema\\\/person\\\/95f2ece30e3b4132065b915150cd0f94\"},\"headline\":\"NEOENERGIA BRAS\u00cdLIA REFOR\u00c7A CONSUMO CONSCIENTE DE ENERGIA MESMO COM O RETORNO DA BANDEIRA TARIF\u00c1RIA VERDE.\",\"datePublished\":\"2022-04-08T19:33:05+00:00\",\"mainEntityOfPage\":{\"@id\":\"https:\\\/\\\/www.p31noticias.com.br\\\/?p=25927\"},\"wordCount\":680,\"commentCount\":0,\"image\":{\"@id\":\"https:\\\/\\\/www.p31noticias.com.br\\\/?p=25927#primaryimage\"},\"thumbnailUrl\":\"https:\\\/\\\/www.p31noticias.com.br\\\/wp-content\\\/uploads\\\/2022\\\/04\\\/unnamed-9.jpg\",\"articleSection\":[\"Bras\u00edlia\"],\"inLanguage\":\"pt-BR\",\"potentialAction\":[{\"@type\":\"CommentAction\",\"name\":\"Comment\",\"target\":[\"https:\\\/\\\/www.p31noticias.com.br\\\/?p=25927#respond\"]}],\"copyrightYear\":\"2022\",\"copyrightHolder\":{\"@id\":\"https:\\\/\\\/www.p31noticias.com.br\\\/#organization\"}},{\"@type\":\"WebPage\",\"@id\":\"https:\\\/\\\/www.p31noticias.com.br\\\/?p=25927\",\"url\":\"https:\\\/\\\/www.p31noticias.com.br\\\/?p=25927\",\"name\":\"NEOENERGIA BRAS\u00cdLIA REFOR\u00c7A CONSUMO CONSCIENTE DE ENERGIA MESMO COM O RETORNO DA BANDEIRA TARIF\u00c1RIA VERDE. - P31\",\"isPartOf\":{\"@id\":\"https:\\\/\\\/www.p31noticias.com.br\\\/#website\"},\"primaryImageOfPage\":{\"@id\":\"https:\\\/\\\/www.p31noticias.com.br\\\/?p=25927#primaryimage\"},\"image\":{\"@id\":\"https:\\\/\\\/www.p31noticias.com.br\\\/?p=25927#primaryimage\"},\"thumbnailUrl\":\"https:\\\/\\\/www.p31noticias.com.br\\\/wp-content\\\/uploads\\\/2022\\\/04\\\/unnamed-9.jpg\",\"datePublished\":\"2022-04-08T19:33:05+00:00\",\"author\":{\"@id\":\"https:\\\/\\\/www.p31noticias.com.br\\\/#\\\/schema\\\/person\\\/95f2ece30e3b4132065b915150cd0f94\"},\"breadcrumb\":{\"@id\":\"https:\\\/\\\/www.p31noticias.com.br\\\/?p=25927#breadcrumb\"},\"inLanguage\":\"pt-BR\",\"potentialAction\":[{\"@type\":\"ReadAction\",\"target\":[\"https:\\\/\\\/www.p31noticias.com.br\\\/?p=25927\"]}]},{\"@type\":\"ImageObject\",\"inLanguage\":\"pt-BR\",\"@id\":\"https:\\\/\\\/www.p31noticias.com.br\\\/?p=25927#primaryimage\",\"url\":\"https:\\\/\\\/www.p31noticias.com.br\\\/wp-content\\\/uploads\\\/2022\\\/04\\\/unnamed-9.jpg\",\"contentUrl\":\"https:\\\/\\\/www.p31noticias.com.br\\\/wp-content\\\/uploads\\\/2022\\\/04\\\/unnamed-9.jpg\",\"width\":1600,\"height\":1220},{\"@type\":\"BreadcrumbList\",\"@id\":\"https:\\\/\\\/www.p31noticias.com.br\\\/?p=25927#breadcrumb\",\"itemListElement\":[{\"@type\":\"ListItem\",\"position\":1,\"name\":\"In\u00edcio\",\"item\":\"https:\\\/\\\/www.p31noticias.com.br\\\/\"},{\"@type\":\"ListItem\",\"position\":2,\"name\":\"NEOENERGIA BRAS\u00cdLIA REFOR\u00c7A CONSUMO CONSCIENTE DE ENERGIA MESMO COM O RETORNO DA BANDEIRA TARIF\u00c1RIA VERDE.\"}]},{\"@type\":\"WebSite\",\"@id\":\"https:\\\/\\\/www.p31noticias.com.br\\\/#website\",\"url\":\"https:\\\/\\\/www.p31noticias.com.br\\\/\",\"name\":\"P31\",\"description\":\"NOT\u00cdCIAS\",\"potentialAction\":[{\"@type\":\"SearchAction\",\"target\":{\"@type\":\"EntryPoint\",\"urlTemplate\":\"https:\\\/\\\/www.p31noticias.com.br\\\/?s={search_term_string}\"},\"query-input\":{\"@type\":\"PropertyValueSpecification\",\"valueRequired\":true,\"valueName\":\"search_term_string\"}}],\"inLanguage\":\"pt-BR\"},{\"@type\":\"Person\",\"@id\":\"https:\\\/\\\/www.p31noticias.com.br\\\/#\\\/schema\\\/person\\\/95f2ece30e3b4132065b915150cd0f94\",\"name\":\"Gon\u00e7alves Junior\",\"image\":{\"@type\":\"ImageObject\",\"inLanguage\":\"pt-BR\",\"@id\":\"https:\\\/\\\/secure.gravatar.com\\\/avatar\\\/6711f350116a89762687a48d66f723c799e5438a5b7578508d4294cd7a5d0800?s=96&d=mm&r=g\",\"url\":\"https:\\\/\\\/secure.gravatar.com\\\/avatar\\\/6711f350116a89762687a48d66f723c799e5438a5b7578508d4294cd7a5d0800?s=96&d=mm&r=g\",\"contentUrl\":\"https:\\\/\\\/secure.gravatar.com\\\/avatar\\\/6711f350116a89762687a48d66f723c799e5438a5b7578508d4294cd7a5d0800?s=96&d=mm&r=g\",\"caption\":\"Gon\u00e7alves Junior\"},\"url\":\"https:\\\/\\\/www.p31noticias.com.br\\\/?author=2\"}]}<\/script>\n<!-- \/ Yoast SEO Premium plugin. -->","yoast_head_json":{"title":"NEOENERGIA BRAS\u00cdLIA REFOR\u00c7A CONSUMO CONSCIENTE DE ENERGIA MESMO COM O RETORNO DA BANDEIRA TARIF\u00c1RIA VERDE. - P31","robots":{"index":"index","follow":"follow","max-snippet":"max-snippet:-1","max-image-preview":"max-image-preview:large","max-video-preview":"max-video-preview:-1"},"canonical":"https:\/\/www.p31noticias.com.br\/?p=25927","og_locale":"pt_BR","og_type":"article","og_title":"NEOENERGIA BRAS\u00cdLIA REFOR\u00c7A CONSUMO CONSCIENTE DE ENERGIA MESMO COM O RETORNO DA BANDEIRA TARIF\u00c1RIA VERDE.","og_description":"NEOENERGIA BRAS\u00cdLIA REFOR\u00c7A CONSUMO CONSCIENTE DE ENERGIA MESMO COM O RETORNO DA BANDEIRA TARIF\u00c1RIA VERDE. Distribuidora destaca dicas de economia que ajudam os clientes a adotarem h\u00e1bitos que evitem o desperd\u00edcio. O Minist\u00e9rio das Minas e Energias (MME) anunciou que, a partir do pr\u00f3ximo dia 16 de abril, entra em vigor a Bandeira Tarif\u00e1ria Verde, [&hellip;]","og_url":"https:\/\/www.p31noticias.com.br\/?p=25927","og_site_name":"P31","article_published_time":"2022-04-08T19:33:05+00:00","og_image":[{"width":1600,"height":1220,"url":"https:\/\/www.p31noticias.com.br\/wp-content\/uploads\/2022\/04\/unnamed-9.jpg","type":"image\/jpeg"}],"author":"Gon\u00e7alves Junior","twitter_card":"summary_large_image","twitter_misc":{"Escrito por":"Gon\u00e7alves Junior","Est. tempo de leitura":"3 minutos"},"schema":{"@context":"https:\/\/schema.org","@graph":[{"@type":"Article","@id":"https:\/\/www.p31noticias.com.br\/?p=25927#article","isPartOf":{"@id":"https:\/\/www.p31noticias.com.br\/?p=25927"},"author":{"name":"Gon\u00e7alves Junior","@id":"https:\/\/www.p31noticias.com.br\/#\/schema\/person\/95f2ece30e3b4132065b915150cd0f94"},"headline":"NEOENERGIA BRAS\u00cdLIA REFOR\u00c7A CONSUMO CONSCIENTE DE ENERGIA MESMO COM O RETORNO DA BANDEIRA TARIF\u00c1RIA VERDE.","datePublished":"2022-04-08T19:33:05+00:00","mainEntityOfPage":{"@id":"https:\/\/www.p31noticias.com.br\/?p=25927"},"wordCount":680,"commentCount":0,"image":{"@id":"https:\/\/www.p31noticias.com.br\/?p=25927#primaryimage"},"thumbnailUrl":"https:\/\/www.p31noticias.com.br\/wp-content\/uploads\/2022\/04\/unnamed-9.jpg","articleSection":["Bras\u00edlia"],"inLanguage":"pt-BR","potentialAction":[{"@type":"CommentAction","name":"Comment","target":["https:\/\/www.p31noticias.com.br\/?p=25927#respond"]}],"copyrightYear":"2022","copyrightHolder":{"@id":"https:\/\/www.p31noticias.com.br\/#organization"}},{"@type":"WebPage","@id":"https:\/\/www.p31noticias.com.br\/?p=25927","url":"https:\/\/www.p31noticias.com.br\/?p=25927","name":"NEOENERGIA BRAS\u00cdLIA REFOR\u00c7A CONSUMO CONSCIENTE DE ENERGIA MESMO COM O RETORNO DA BANDEIRA TARIF\u00c1RIA VERDE. - P31","isPartOf":{"@id":"https:\/\/www.p31noticias.com.br\/#website"},"primaryImageOfPage":{"@id":"https:\/\/www.p31noticias.com.br\/?p=25927#primaryimage"},"image":{"@id":"https:\/\/www.p31noticias.com.br\/?p=25927#primaryimage"},"thumbnailUrl":"https:\/\/www.p31noticias.com.br\/wp-content\/uploads\/2022\/04\/unnamed-9.jpg","datePublished":"2022-04-08T19:33:05+00:00","author":{"@id":"https:\/\/www.p31noticias.com.br\/#\/schema\/person\/95f2ece30e3b4132065b915150cd0f94"},"breadcrumb":{"@id":"https:\/\/www.p31noticias.com.br\/?p=25927#breadcrumb"},"inLanguage":"pt-BR","potentialAction":[{"@type":"ReadAction","target":["https:\/\/www.p31noticias.com.br\/?p=25927"]}]},{"@type":"ImageObject","inLanguage":"pt-BR","@id":"https:\/\/www.p31noticias.com.br\/?p=25927#primaryimage","url":"https:\/\/www.p31noticias.com.br\/wp-content\/uploads\/2022\/04\/unnamed-9.jpg","contentUrl":"https:\/\/www.p31noticias.com.br\/wp-content\/uploads\/2022\/04\/unnamed-9.jpg","width":1600,"height":1220},{"@type":"BreadcrumbList","@id":"https:\/\/www.p31noticias.com.br\/?p=25927#breadcrumb","itemListElement":[{"@type":"ListItem","position":1,"name":"In\u00edcio","item":"https:\/\/www.p31noticias.com.br\/"},{"@type":"ListItem","position":2,"name":"NEOENERGIA BRAS\u00cdLIA REFOR\u00c7A CONSUMO CONSCIENTE DE ENERGIA MESMO COM O RETORNO DA BANDEIRA TARIF\u00c1RIA VERDE."}]},{"@type":"WebSite","@id":"https:\/\/www.p31noticias.com.br\/#website","url":"https:\/\/www.p31noticias.com.br\/","name":"P31","description":"NOT\u00cdCIAS","potentialAction":[{"@type":"SearchAction","target":{"@type":"EntryPoint","urlTemplate":"https:\/\/www.p31noticias.com.br\/?s={search_term_string}"},"query-input":{"@type":"PropertyValueSpecification","valueRequired":true,"valueName":"search_term_string"}}],"inLanguage":"pt-BR"},{"@type":"Person","@id":"https:\/\/www.p31noticias.com.br\/#\/schema\/person\/95f2ece30e3b4132065b915150cd0f94","name":"Gon\u00e7alves Junior","image":{"@type":"ImageObject","inLanguage":"pt-BR","@id":"https:\/\/secure.gravatar.com\/avatar\/6711f350116a89762687a48d66f723c799e5438a5b7578508d4294cd7a5d0800?s=96&d=mm&r=g","url":"https:\/\/secure.gravatar.com\/avatar\/6711f350116a89762687a48d66f723c799e5438a5b7578508d4294cd7a5d0800?s=96&d=mm&r=g","contentUrl":"https:\/\/secure.gravatar.com\/avatar\/6711f350116a89762687a48d66f723c799e5438a5b7578508d4294cd7a5d0800?s=96&d=mm&r=g","caption":"Gon\u00e7alves Junior"},"url":"https:\/\/www.p31noticias.com.br\/?author=2"}]}},"amp_enabled":true,"_links":{"self":[{"href":"https:\/\/www.p31noticias.com.br\/index.php?rest_route=\/wp\/v2\/posts\/25927","targetHints":{"allow":["GET"]}}],"collection":[{"href":"https:\/\/www.p31noticias.com.br\/index.php?rest_route=\/wp\/v2\/posts"}],"about":[{"href":"https:\/\/www.p31noticias.com.br\/index.php?rest_route=\/wp\/v2\/types\/post"}],"author":[{"embeddable":true,"href":"https:\/\/www.p31noticias.com.br\/index.php?rest_route=\/wp\/v2\/users\/2"}],"replies":[{"embeddable":true,"href":"https:\/\/www.p31noticias.com.br\/index.php?rest_route=%2Fwp%2Fv2%2Fcomments&post=25927"}],"version-history":[{"count":1,"href":"https:\/\/www.p31noticias.com.br\/index.php?rest_route=\/wp\/v2\/posts\/25927\/revisions"}],"predecessor-version":[{"id":25929,"href":"https:\/\/www.p31noticias.com.br\/index.php?rest_route=\/wp\/v2\/posts\/25927\/revisions\/25929"}],"wp:featuredmedia":[{"embeddable":true,"href":"https:\/\/www.p31noticias.com.br\/index.php?rest_route=\/wp\/v2\/media\/25928"}],"wp:attachment":[{"href":"https:\/\/www.p31noticias.com.br\/index.php?rest_route=%2Fwp%2Fv2%2Fmedia&parent=25927"}],"wp:term":[{"taxonomy":"category","embeddable":true,"href":"https:\/\/www.p31noticias.com.br\/index.php?rest_route=%2Fwp%2Fv2%2Fcategories&post=25927"},{"taxonomy":"post_tag","embeddable":true,"href":"https:\/\/www.p31noticias.com.br\/index.php?rest_route=%2Fwp%2Fv2%2Ftags&post=25927"}],"curies":[{"name":"wp","href":"https:\/\/api.w.org\/{rel}","templated":true}]}}