{"id":25923,"date":"2022-04-08T16:23:07","date_gmt":"2022-04-08T19:23:07","guid":{"rendered":"https:\/\/p31noticias.com.br\/?p=25923"},"modified":"2022-04-08T16:23:07","modified_gmt":"2022-04-08T19:23:07","slug":"para-ato-popular-deste-sabado-9-havera-alteracoes-no-transito","status":"publish","type":"post","link":"https:\/\/www.p31noticias.com.br\/?p=25923","title":{"rendered":"Para ato popular deste s\u00e1bado (9), haver\u00e1 altera\u00e7\u00f5es no tr\u00e2nsito."},"content":{"rendered":"<p style=\"text-align: justify;\"><em><strong>Circula\u00e7\u00e3o de ve\u00edculos na Esplanada dos Minist\u00e9rios ser\u00e1 interrompida a partir das 13h.<\/strong><\/em><\/p>\n<p style=\"text-align: justify;\">As for\u00e7as de seguran\u00e7a do Distrito Federal atuar\u00e3o de forma integrada neste s\u00e1bado (9), na Esplanada dos Minist\u00e9rios, devido ao ato popular previsto para a data. Sob a coordena\u00e7\u00e3o da Secretaria de Seguran\u00e7a P\u00fablica (SSP), a opera\u00e7\u00e3o envolve a Pol\u00edcia Militar (PMDF), que, com apoio do Departamento de Tr\u00e2nsito (Detran), far\u00e1 interven\u00e7\u00f5es por toda a regi\u00e3o.<\/p>\n<blockquote class=\"olho direita\"><p><span class=\"olho__texto h2 clearfix\">\u201cPedimos \u00e0queles que n\u00e3o forem participar da manifesta\u00e7\u00e3o que evitem a regi\u00e3o. Apesar de ser s\u00e1bado, pode haver reten\u00e7\u00e3o\u201d<\/span>\u00a0<span class=\"olho__assinatura block\">&#8211; Coronel Adriano Henriques, comandante do Policiamento de Tr\u00e2nsito da PMDF<\/span><\/p><\/blockquote>\n<p style=\"text-align: justify;\">O Corpo de Bombeiros Militar do DF (CBMDF), por sua vez, atuar\u00e1 com equipes de combate a inc\u00eandios e atendimento pr\u00e9-hospitalar, com pontos de atendimento no local. Os bombeiros tamb\u00e9m poder\u00e3o ser acionados por meio do telefone 193. A Pol\u00edcia Civil do DF (PCDF) refor\u00e7ar\u00e1 o efetivo da 5\u00aa Delegacia de Pol\u00edcia, respons\u00e1vel pela \u00e1rea.<\/p>\n<p style=\"text-align: justify;\">\u201cHaver\u00e1 refor\u00e7o do policiamento em toda a regi\u00e3o\u201d, aponta o secret\u00e1rio de Seguran\u00e7a P\u00fablica, J\u00falio Danilo. \u201cA movimenta\u00e7\u00e3o ser\u00e1 monitorada, em tempo real, pelo Ciob [Centro Integrado de Opera\u00e7\u00f5es de Bras\u00edlia]. O planejamento pr\u00e9vio e integrado faz parte das atribui\u00e7\u00f5es da SSP e \u00e9 extremamente necess\u00e1rio para a garantia da seguran\u00e7a de todos.\u201d<\/p>\n<p style=\"text-align: justify;\"><strong>Altera\u00e7\u00f5es no tr\u00e2nsito<\/strong><\/p>\n<blockquote class=\"olho esquerda\"><p><span class=\"olho__texto h2 clearfix\">Vias N2 e S2, que ficam atr\u00e1s dos minist\u00e9rios, s\u00e3o alternativas para circular de carro<\/span><\/p><\/blockquote>\n<p style=\"text-align: justify;\">Os dois sentidos da Esplanada dos Minist\u00e9rios \u2013 vias N1 e S1 \u2013 estar\u00e3o interditados para ve\u00edculos a partir das 13h de s\u00e1bado (9), da altura da al\u00e7a leste da Rodovi\u00e1ria do Plano Piloto at\u00e9 o viaduto entre a N1 e a L4 Sul (pr\u00f3ximo ao Quartel dos Bombeiros).<\/p>\n<p style=\"text-align: justify;\">A reabertura das vias ser\u00e1 feita ap\u00f3s o t\u00e9rmino da manifesta\u00e7\u00e3o, previsto para as 19h. De acordo com o comandante do Policiamento de Tr\u00e2nsito da PMDF, coronel Adriano Henriques, o objetivo \u00e9 garantir a seguran\u00e7a de todos os que estar\u00e3o presentes ao ato e dar fluidez ao tr\u00e2nsito. \u201cOptamos por causar o menor impacto poss\u00edvel \u00e0 popula\u00e7\u00e3o\u201d, explica. \u201cPedimos \u00e0queles que n\u00e3o forem participar da manifesta\u00e7\u00e3o que evitem a regi\u00e3o. Apesar de ser s\u00e1bado, pode haver reten\u00e7\u00e3o\u201d.<\/p>\n<p style=\"text-align: justify;\">Como alternativa aos bloqueios, os motoristas poder\u00e3o circular pelas vias S2 e N2, que ficam atr\u00e1s dos minist\u00e9rios. Os estacionamentos dos pr\u00e9dios ministeriais situados pr\u00f3ximo a essas vias poder\u00e3o ser utilizados, bem como as vagas dos setores de autarquias Norte e Sul. \u201cSolicitamos a todos que estacionem somente em locais permitidos\u201d, alerta Adriano.<\/p>\n<figure id=\"attachment_394062\" class=\"wp-caption aligncenter\" style=\"text-align: justify;\" aria-describedby=\"caption-attachment-394062\"><img loading=\"lazy\" decoding=\"async\" class=\"wp-image-394062 size-large\" src=\"http:\/\/agenciabrasilia.df.gov.br\/wp-conteudo\/uploads\/2022\/04\/8.4.-Transito-livre-vias-interditadas.-SSP-819x1024.jpeg\" sizes=\"auto, (max-width: 525px) 100vw, 525px\" srcset=\"https:\/\/www.agenciabrasilia.df.gov.br\/wp-conteudo\/uploads\/2022\/04\/8.4.-Transito-livre-vias-interditadas.-SSP-819x1024.jpeg 819w, https:\/\/www.agenciabrasilia.df.gov.br\/wp-conteudo\/uploads\/2022\/04\/8.4.-Transito-livre-vias-interditadas.-SSP-240x300.jpeg 240w, https:\/\/www.agenciabrasilia.df.gov.br\/wp-conteudo\/uploads\/2022\/04\/8.4.-Transito-livre-vias-interditadas.-SSP-768x960.jpeg 768w, https:\/\/www.agenciabrasilia.df.gov.br\/wp-conteudo\/uploads\/2022\/04\/8.4.-Transito-livre-vias-interditadas.-SSP.jpeg 1024w\" alt=\"\" width=\"525\" height=\"656\" \/><figcaption id=\"caption-attachment-394062\" class=\"wp-caption-text\">Veja os pontos onde haver\u00e1 interven\u00e7\u00e3o garantir a seguran\u00e7a de todos | Arte: Divulga\u00e7\u00e3o\/SSP<\/figcaption><\/figure>\n<p style=\"text-align: justify;\"><strong>Objetos proibidos<br \/>\n<\/strong><br \/>\nPoliciais militares estar\u00e3o em toda a \u00e1rea central para garantir a ordem p\u00fablica e a seguran\u00e7a dos frequentadores. Haver\u00e1 revista nas proximidades da Catedral e do Museu da Rep\u00fablica, com uma linha de conten\u00e7\u00e3o na Alameda Jos\u00e9 Sarney. \u201cH\u00e1 previs\u00e3o de gradis, o que pro\u00edbe o acesso ao Congresso Nacional e Pra\u00e7a dos Tr\u00eas Poderes\u201d, aponta o chefe de Planejamento do Departamento de Opera\u00e7\u00f5es (DOP) da PMDF, tenente-coronel Hudson Onofre. \u201cTodo o p\u00fablico que entrar na regi\u00e3o da Esplanada dos Minist\u00e9rios passar\u00e1 pelas linhas de revista.\u201d<\/p>\n<p style=\"text-align: justify;\">N\u00e3o ser\u00e1 permitido portar objetos perfurantes ou cortantes, como vidros, nem fogos de artif\u00edcio, hastes para bandeiras e qualquer outro material que possa causar ferimentos. Outra restri\u00e7\u00e3o \u00e9 quanto ao uso de drones sem autoriza\u00e7\u00e3o no espa\u00e7o a\u00e9reo da Esplanada.<\/p>\n<p style=\"text-align: justify;\"><strong>Cuidados necess\u00e1rios<br \/>\n<\/strong><br \/>\nO CBMDF recomenda, em caso de sol forte e temperaturas elevadas, o uso de roupas leves, protetor solar, bon\u00e9s ou chap\u00e9us. Tamb\u00e9m \u00e9 aconselh\u00e1vel ingerir bastante \u00e1gua.<\/p>\n<p style=\"text-align: justify;\"><strong>Imprensa<\/strong><\/p>\n<p style=\"text-align: justify;\">Os carros de links para imprensa poder\u00e3o ficar estacionados junto ao Comando M\u00f3vel da PMDF, que estar\u00e1 ao lado do Congresso Nacional.<\/p>\n<p style=\"text-align: justify;\"><strong>Itens proibidos<\/strong><\/p>\n<p style=\"text-align: justify;\">\u2013 Fogos de artif\u00edcio e similares;<br \/>\n\u2013 Armas em geral;<br \/>\n\u2013 Apontador a laser ou similares;<br \/>\n\u2013 Artefatos explosivos;<br \/>\n\u2013 Sprays e aeross\u00f3is;<br \/>\n\u2013 Mastros confeccionados com qualquer tipo de material;<br \/>\n\u2013 Fog\u00f5es e similares que utilizem g\u00e1s e\/ou eletricidade;<br \/>\n\u2013 Garrafas de vidro e latas;<br \/>\n\u2013 Armas de brinquedo, r\u00e9plicas, simulacros e quaisquer itens com apar\u00eancia de arma de fogo;<br \/>\n\u2013 Drogas il\u00edcitas, conforme a legisla\u00e7\u00e3o brasileira;<br \/>\n\u2013 Subst\u00e2ncias inflam\u00e1veis de qualquer tamanho ou tipo;<br \/>\n\u2013 Armas brancas ou qualquer objeto que possa causar ferimentos, mesmo que sejam utens\u00edlios de trabalho ou culturais, como tesouras, martelos, flechas, tacos, tacape, brocas.<\/p>\n<p style=\"text-align: justify;\">\n<p>*<em>Com informa\u00e7\u00f5es da Secretaria de Seguran\u00e7a P\u00fablica<\/em><\/p>\n","protected":false},"excerpt":{"rendered":"<p>Circula\u00e7\u00e3o de ve\u00edculos na Esplanada dos Minist\u00e9rios ser\u00e1 interrompida a partir das 13h. As for\u00e7as de seguran\u00e7a do Distrito Federal atuar\u00e3o de forma integrada neste s\u00e1bado (9), na Esplanada dos Minist\u00e9rios, devido ao ato popular previsto para a data. Sob a coordena\u00e7\u00e3o da Secretaria de Seguran\u00e7a P\u00fablica (SSP), a opera\u00e7\u00e3o envolve a Pol\u00edcia Militar (PMDF), [&hellip;]<\/p>\n","protected":false},"author":2,"featured_media":25925,"comment_status":"open","ping_status":"open","sticky":false,"template":"","format":"standard","meta":{"footnotes":""},"categories":[21],"tags":[],"class_list":{"0":"post-25923","1":"post","2":"type-post","3":"status-publish","4":"format-standard","5":"has-post-thumbnail","7":"category-brasilia"},"yoast_head":"<!-- This site is optimized with the Yoast SEO Premium plugin v24.5 (Yoast SEO v27.5) - https:\/\/yoast.com\/product\/yoast-seo-premium-wordpress\/ -->\n<title>Para ato popular deste s\u00e1bado (9), haver\u00e1 altera\u00e7\u00f5es no tr\u00e2nsito. - P31<\/title>\n<meta name=\"robots\" content=\"index, follow, max-snippet:-1, max-image-preview:large, max-video-preview:-1\" \/>\n<link rel=\"canonical\" href=\"https:\/\/www.p31noticias.com.br\/?p=25923\" \/>\n<meta property=\"og:locale\" content=\"pt_BR\" \/>\n<meta property=\"og:type\" content=\"article\" \/>\n<meta property=\"og:title\" content=\"Para ato popular deste s\u00e1bado (9), haver\u00e1 altera\u00e7\u00f5es no tr\u00e2nsito.\" \/>\n<meta property=\"og:description\" content=\"Circula\u00e7\u00e3o de ve\u00edculos na Esplanada dos Minist\u00e9rios ser\u00e1 interrompida a partir das 13h. As for\u00e7as de seguran\u00e7a do Distrito Federal atuar\u00e3o de forma integrada neste s\u00e1bado (9), na Esplanada dos Minist\u00e9rios, devido ao ato popular previsto para a data. Sob a coordena\u00e7\u00e3o da Secretaria de Seguran\u00e7a P\u00fablica (SSP), a opera\u00e7\u00e3o envolve a Pol\u00edcia Militar (PMDF), [&hellip;]\" \/>\n<meta property=\"og:url\" content=\"https:\/\/www.p31noticias.com.br\/?p=25923\" \/>\n<meta property=\"og:site_name\" content=\"P31\" \/>\n<meta property=\"article:published_time\" content=\"2022-04-08T19:23:07+00:00\" \/>\n<meta property=\"og:image\" content=\"https:\/\/www.p31noticias.com.br\/wp-content\/uploads\/2022\/04\/8.4.-Transito-livre-vias-interditadas.-SSP-768x960-2.jpeg\" \/>\n\t<meta property=\"og:image:width\" content=\"768\" \/>\n\t<meta property=\"og:image:height\" content=\"960\" \/>\n\t<meta property=\"og:image:type\" content=\"image\/jpeg\" \/>\n<meta name=\"author\" content=\"Gon\u00e7alves Junior\" \/>\n<meta name=\"twitter:card\" content=\"summary_large_image\" \/>\n<meta name=\"twitter:label1\" content=\"Escrito por\" \/>\n\t<meta name=\"twitter:data1\" content=\"Gon\u00e7alves Junior\" \/>\n\t<meta name=\"twitter:label2\" content=\"Est. tempo de leitura\" \/>\n\t<meta name=\"twitter:data2\" content=\"4 minutos\" \/>\n<script type=\"application\/ld+json\" class=\"yoast-schema-graph\">{\"@context\":\"https:\\\/\\\/schema.org\",\"@graph\":[{\"@type\":\"Article\",\"@id\":\"https:\\\/\\\/www.p31noticias.com.br\\\/?p=25923#article\",\"isPartOf\":{\"@id\":\"https:\\\/\\\/www.p31noticias.com.br\\\/?p=25923\"},\"author\":{\"name\":\"Gon\u00e7alves Junior\",\"@id\":\"https:\\\/\\\/www.p31noticias.com.br\\\/#\\\/schema\\\/person\\\/95f2ece30e3b4132065b915150cd0f94\"},\"headline\":\"Para ato popular deste s\u00e1bado (9), haver\u00e1 altera\u00e7\u00f5es no tr\u00e2nsito.\",\"datePublished\":\"2022-04-08T19:23:07+00:00\",\"mainEntityOfPage\":{\"@id\":\"https:\\\/\\\/www.p31noticias.com.br\\\/?p=25923\"},\"wordCount\":816,\"commentCount\":0,\"image\":{\"@id\":\"https:\\\/\\\/www.p31noticias.com.br\\\/?p=25923#primaryimage\"},\"thumbnailUrl\":\"https:\\\/\\\/www.p31noticias.com.br\\\/wp-content\\\/uploads\\\/2022\\\/04\\\/8.4.-Transito-livre-vias-interditadas.-SSP-768x960-2.jpeg\",\"articleSection\":[\"Bras\u00edlia\"],\"inLanguage\":\"pt-BR\",\"potentialAction\":[{\"@type\":\"CommentAction\",\"name\":\"Comment\",\"target\":[\"https:\\\/\\\/www.p31noticias.com.br\\\/?p=25923#respond\"]}],\"copyrightYear\":\"2022\",\"copyrightHolder\":{\"@id\":\"https:\\\/\\\/www.p31noticias.com.br\\\/#organization\"}},{\"@type\":\"WebPage\",\"@id\":\"https:\\\/\\\/www.p31noticias.com.br\\\/?p=25923\",\"url\":\"https:\\\/\\\/www.p31noticias.com.br\\\/?p=25923\",\"name\":\"Para ato popular deste s\u00e1bado (9), haver\u00e1 altera\u00e7\u00f5es no tr\u00e2nsito. - P31\",\"isPartOf\":{\"@id\":\"https:\\\/\\\/www.p31noticias.com.br\\\/#website\"},\"primaryImageOfPage\":{\"@id\":\"https:\\\/\\\/www.p31noticias.com.br\\\/?p=25923#primaryimage\"},\"image\":{\"@id\":\"https:\\\/\\\/www.p31noticias.com.br\\\/?p=25923#primaryimage\"},\"thumbnailUrl\":\"https:\\\/\\\/www.p31noticias.com.br\\\/wp-content\\\/uploads\\\/2022\\\/04\\\/8.4.-Transito-livre-vias-interditadas.-SSP-768x960-2.jpeg\",\"datePublished\":\"2022-04-08T19:23:07+00:00\",\"author\":{\"@id\":\"https:\\\/\\\/www.p31noticias.com.br\\\/#\\\/schema\\\/person\\\/95f2ece30e3b4132065b915150cd0f94\"},\"breadcrumb\":{\"@id\":\"https:\\\/\\\/www.p31noticias.com.br\\\/?p=25923#breadcrumb\"},\"inLanguage\":\"pt-BR\",\"potentialAction\":[{\"@type\":\"ReadAction\",\"target\":[\"https:\\\/\\\/www.p31noticias.com.br\\\/?p=25923\"]}]},{\"@type\":\"ImageObject\",\"inLanguage\":\"pt-BR\",\"@id\":\"https:\\\/\\\/www.p31noticias.com.br\\\/?p=25923#primaryimage\",\"url\":\"https:\\\/\\\/www.p31noticias.com.br\\\/wp-content\\\/uploads\\\/2022\\\/04\\\/8.4.-Transito-livre-vias-interditadas.-SSP-768x960-2.jpeg\",\"contentUrl\":\"https:\\\/\\\/www.p31noticias.com.br\\\/wp-content\\\/uploads\\\/2022\\\/04\\\/8.4.-Transito-livre-vias-interditadas.-SSP-768x960-2.jpeg\",\"width\":768,\"height\":960},{\"@type\":\"BreadcrumbList\",\"@id\":\"https:\\\/\\\/www.p31noticias.com.br\\\/?p=25923#breadcrumb\",\"itemListElement\":[{\"@type\":\"ListItem\",\"position\":1,\"name\":\"In\u00edcio\",\"item\":\"https:\\\/\\\/www.p31noticias.com.br\\\/\"},{\"@type\":\"ListItem\",\"position\":2,\"name\":\"Para ato popular deste s\u00e1bado (9), haver\u00e1 altera\u00e7\u00f5es no tr\u00e2nsito.\"}]},{\"@type\":\"WebSite\",\"@id\":\"https:\\\/\\\/www.p31noticias.com.br\\\/#website\",\"url\":\"https:\\\/\\\/www.p31noticias.com.br\\\/\",\"name\":\"P31\",\"description\":\"NOT\u00cdCIAS\",\"potentialAction\":[{\"@type\":\"SearchAction\",\"target\":{\"@type\":\"EntryPoint\",\"urlTemplate\":\"https:\\\/\\\/www.p31noticias.com.br\\\/?s={search_term_string}\"},\"query-input\":{\"@type\":\"PropertyValueSpecification\",\"valueRequired\":true,\"valueName\":\"search_term_string\"}}],\"inLanguage\":\"pt-BR\"},{\"@type\":\"Person\",\"@id\":\"https:\\\/\\\/www.p31noticias.com.br\\\/#\\\/schema\\\/person\\\/95f2ece30e3b4132065b915150cd0f94\",\"name\":\"Gon\u00e7alves Junior\",\"image\":{\"@type\":\"ImageObject\",\"inLanguage\":\"pt-BR\",\"@id\":\"https:\\\/\\\/secure.gravatar.com\\\/avatar\\\/6711f350116a89762687a48d66f723c799e5438a5b7578508d4294cd7a5d0800?s=96&d=mm&r=g\",\"url\":\"https:\\\/\\\/secure.gravatar.com\\\/avatar\\\/6711f350116a89762687a48d66f723c799e5438a5b7578508d4294cd7a5d0800?s=96&d=mm&r=g\",\"contentUrl\":\"https:\\\/\\\/secure.gravatar.com\\\/avatar\\\/6711f350116a89762687a48d66f723c799e5438a5b7578508d4294cd7a5d0800?s=96&d=mm&r=g\",\"caption\":\"Gon\u00e7alves Junior\"},\"url\":\"https:\\\/\\\/www.p31noticias.com.br\\\/?author=2\"}]}<\/script>\n<!-- \/ Yoast SEO Premium plugin. -->","yoast_head_json":{"title":"Para ato popular deste s\u00e1bado (9), haver\u00e1 altera\u00e7\u00f5es no tr\u00e2nsito. - P31","robots":{"index":"index","follow":"follow","max-snippet":"max-snippet:-1","max-image-preview":"max-image-preview:large","max-video-preview":"max-video-preview:-1"},"canonical":"https:\/\/www.p31noticias.com.br\/?p=25923","og_locale":"pt_BR","og_type":"article","og_title":"Para ato popular deste s\u00e1bado (9), haver\u00e1 altera\u00e7\u00f5es no tr\u00e2nsito.","og_description":"Circula\u00e7\u00e3o de ve\u00edculos na Esplanada dos Minist\u00e9rios ser\u00e1 interrompida a partir das 13h. As for\u00e7as de seguran\u00e7a do Distrito Federal atuar\u00e3o de forma integrada neste s\u00e1bado (9), na Esplanada dos Minist\u00e9rios, devido ao ato popular previsto para a data. Sob a coordena\u00e7\u00e3o da Secretaria de Seguran\u00e7a P\u00fablica (SSP), a opera\u00e7\u00e3o envolve a Pol\u00edcia Militar (PMDF), [&hellip;]","og_url":"https:\/\/www.p31noticias.com.br\/?p=25923","og_site_name":"P31","article_published_time":"2022-04-08T19:23:07+00:00","og_image":[{"width":768,"height":960,"url":"https:\/\/www.p31noticias.com.br\/wp-content\/uploads\/2022\/04\/8.4.-Transito-livre-vias-interditadas.-SSP-768x960-2.jpeg","type":"image\/jpeg"}],"author":"Gon\u00e7alves Junior","twitter_card":"summary_large_image","twitter_misc":{"Escrito por":"Gon\u00e7alves Junior","Est. tempo de leitura":"4 minutos"},"schema":{"@context":"https:\/\/schema.org","@graph":[{"@type":"Article","@id":"https:\/\/www.p31noticias.com.br\/?p=25923#article","isPartOf":{"@id":"https:\/\/www.p31noticias.com.br\/?p=25923"},"author":{"name":"Gon\u00e7alves Junior","@id":"https:\/\/www.p31noticias.com.br\/#\/schema\/person\/95f2ece30e3b4132065b915150cd0f94"},"headline":"Para ato popular deste s\u00e1bado (9), haver\u00e1 altera\u00e7\u00f5es no tr\u00e2nsito.","datePublished":"2022-04-08T19:23:07+00:00","mainEntityOfPage":{"@id":"https:\/\/www.p31noticias.com.br\/?p=25923"},"wordCount":816,"commentCount":0,"image":{"@id":"https:\/\/www.p31noticias.com.br\/?p=25923#primaryimage"},"thumbnailUrl":"https:\/\/www.p31noticias.com.br\/wp-content\/uploads\/2022\/04\/8.4.-Transito-livre-vias-interditadas.-SSP-768x960-2.jpeg","articleSection":["Bras\u00edlia"],"inLanguage":"pt-BR","potentialAction":[{"@type":"CommentAction","name":"Comment","target":["https:\/\/www.p31noticias.com.br\/?p=25923#respond"]}],"copyrightYear":"2022","copyrightHolder":{"@id":"https:\/\/www.p31noticias.com.br\/#organization"}},{"@type":"WebPage","@id":"https:\/\/www.p31noticias.com.br\/?p=25923","url":"https:\/\/www.p31noticias.com.br\/?p=25923","name":"Para ato popular deste s\u00e1bado (9), haver\u00e1 altera\u00e7\u00f5es no tr\u00e2nsito. - P31","isPartOf":{"@id":"https:\/\/www.p31noticias.com.br\/#website"},"primaryImageOfPage":{"@id":"https:\/\/www.p31noticias.com.br\/?p=25923#primaryimage"},"image":{"@id":"https:\/\/www.p31noticias.com.br\/?p=25923#primaryimage"},"thumbnailUrl":"https:\/\/www.p31noticias.com.br\/wp-content\/uploads\/2022\/04\/8.4.-Transito-livre-vias-interditadas.-SSP-768x960-2.jpeg","datePublished":"2022-04-08T19:23:07+00:00","author":{"@id":"https:\/\/www.p31noticias.com.br\/#\/schema\/person\/95f2ece30e3b4132065b915150cd0f94"},"breadcrumb":{"@id":"https:\/\/www.p31noticias.com.br\/?p=25923#breadcrumb"},"inLanguage":"pt-BR","potentialAction":[{"@type":"ReadAction","target":["https:\/\/www.p31noticias.com.br\/?p=25923"]}]},{"@type":"ImageObject","inLanguage":"pt-BR","@id":"https:\/\/www.p31noticias.com.br\/?p=25923#primaryimage","url":"https:\/\/www.p31noticias.com.br\/wp-content\/uploads\/2022\/04\/8.4.-Transito-livre-vias-interditadas.-SSP-768x960-2.jpeg","contentUrl":"https:\/\/www.p31noticias.com.br\/wp-content\/uploads\/2022\/04\/8.4.-Transito-livre-vias-interditadas.-SSP-768x960-2.jpeg","width":768,"height":960},{"@type":"BreadcrumbList","@id":"https:\/\/www.p31noticias.com.br\/?p=25923#breadcrumb","itemListElement":[{"@type":"ListItem","position":1,"name":"In\u00edcio","item":"https:\/\/www.p31noticias.com.br\/"},{"@type":"ListItem","position":2,"name":"Para ato popular deste s\u00e1bado (9), haver\u00e1 altera\u00e7\u00f5es no tr\u00e2nsito."}]},{"@type":"WebSite","@id":"https:\/\/www.p31noticias.com.br\/#website","url":"https:\/\/www.p31noticias.com.br\/","name":"P31","description":"NOT\u00cdCIAS","potentialAction":[{"@type":"SearchAction","target":{"@type":"EntryPoint","urlTemplate":"https:\/\/www.p31noticias.com.br\/?s={search_term_string}"},"query-input":{"@type":"PropertyValueSpecification","valueRequired":true,"valueName":"search_term_string"}}],"inLanguage":"pt-BR"},{"@type":"Person","@id":"https:\/\/www.p31noticias.com.br\/#\/schema\/person\/95f2ece30e3b4132065b915150cd0f94","name":"Gon\u00e7alves Junior","image":{"@type":"ImageObject","inLanguage":"pt-BR","@id":"https:\/\/secure.gravatar.com\/avatar\/6711f350116a89762687a48d66f723c799e5438a5b7578508d4294cd7a5d0800?s=96&d=mm&r=g","url":"https:\/\/secure.gravatar.com\/avatar\/6711f350116a89762687a48d66f723c799e5438a5b7578508d4294cd7a5d0800?s=96&d=mm&r=g","contentUrl":"https:\/\/secure.gravatar.com\/avatar\/6711f350116a89762687a48d66f723c799e5438a5b7578508d4294cd7a5d0800?s=96&d=mm&r=g","caption":"Gon\u00e7alves Junior"},"url":"https:\/\/www.p31noticias.com.br\/?author=2"}]}},"amp_enabled":true,"_links":{"self":[{"href":"https:\/\/www.p31noticias.com.br\/index.php?rest_route=\/wp\/v2\/posts\/25923","targetHints":{"allow":["GET"]}}],"collection":[{"href":"https:\/\/www.p31noticias.com.br\/index.php?rest_route=\/wp\/v2\/posts"}],"about":[{"href":"https:\/\/www.p31noticias.com.br\/index.php?rest_route=\/wp\/v2\/types\/post"}],"author":[{"embeddable":true,"href":"https:\/\/www.p31noticias.com.br\/index.php?rest_route=\/wp\/v2\/users\/2"}],"replies":[{"embeddable":true,"href":"https:\/\/www.p31noticias.com.br\/index.php?rest_route=%2Fwp%2Fv2%2Fcomments&post=25923"}],"version-history":[{"count":1,"href":"https:\/\/www.p31noticias.com.br\/index.php?rest_route=\/wp\/v2\/posts\/25923\/revisions"}],"predecessor-version":[{"id":25926,"href":"https:\/\/www.p31noticias.com.br\/index.php?rest_route=\/wp\/v2\/posts\/25923\/revisions\/25926"}],"wp:featuredmedia":[{"embeddable":true,"href":"https:\/\/www.p31noticias.com.br\/index.php?rest_route=\/wp\/v2\/media\/25925"}],"wp:attachment":[{"href":"https:\/\/www.p31noticias.com.br\/index.php?rest_route=%2Fwp%2Fv2%2Fmedia&parent=25923"}],"wp:term":[{"taxonomy":"category","embeddable":true,"href":"https:\/\/www.p31noticias.com.br\/index.php?rest_route=%2Fwp%2Fv2%2Fcategories&post=25923"},{"taxonomy":"post_tag","embeddable":true,"href":"https:\/\/www.p31noticias.com.br\/index.php?rest_route=%2Fwp%2Fv2%2Ftags&post=25923"}],"curies":[{"name":"wp","href":"https:\/\/api.w.org\/{rel}","templated":true}]}}