{"id":25914,"date":"2022-04-08T15:51:34","date_gmt":"2022-04-08T18:51:34","guid":{"rendered":"https:\/\/p31noticias.com.br\/?p=25914"},"modified":"2022-04-08T15:51:49","modified_gmt":"2022-04-08T18:51:49","slug":"psb-oficializa-alckmin-como-vice-de-lula-na-chapa-com-pt","status":"publish","type":"post","link":"https:\/\/www.p31noticias.com.br\/?p=25914","title":{"rendered":"PSB oficializa Alckmin como vice de Lula na chapa com PT."},"content":{"rendered":"<p style=\"text-align: justify;\"><em><strong>Em encontro nesta sexta o petista chamou o ex-governador de SP de \u2018companheiro\u2019 e afirmou que \u00e9 o momento de unir for\u00e7as com \u2018projetos diferentes\u00b4.<\/strong><\/em><\/p>\n<p style=\"text-align: justify;\">O\u00a0<a href=\"https:\/\/jovempan.com.br\/tag\/psb\"><strong>Partido Socialista Brasileiro<\/strong><\/a>\u00a0(PSB) oficializou o ex-governador de S\u00e3o Paulo<a href=\"https:\/\/jovempan.com.br\/tag\/geraldo-alckmin\"><strong>\u00a0Geraldo Alckmin<\/strong><\/a>\u00a0como vice na chapa de\u00a0<strong><a href=\"https:\/\/jovempan.com.br\/tag\/lula\">Luiz In\u00e1cio Lula da Silva<\/a><\/strong>\u00a0(PT) para elei\u00e7\u00f5es presidenciais neste ano. A confirma\u00e7\u00e3o do ex-tucano na posi\u00e7\u00e3o foi feita em evento realizado em um hotel da zona sul da capital paulista nesta sexta-feira, 8, com a presen\u00e7a de lideran\u00e7as dos dois partidos pol\u00edticos. Durante o encontro, Alckmin falou em \u2018desprendimento e uni\u00e3o\u2019, e Lula afirmou que PSB participar\u00e1 da elabora\u00e7\u00e3o do plano de governo. Formalizada a indica\u00e7\u00e3o do PSB, o diret\u00f3rio nacional do PT deve se reunir nos pr\u00f3ximos dias para indicar a chapa para aprova\u00e7\u00e3o durante o encontro nacional do partido, em 4 e 5 de junho.<\/p>\n<p>JP NEWS.<\/p>\n","protected":false},"excerpt":{"rendered":"<p>Em encontro nesta sexta o petista chamou o ex-governador de SP de \u2018companheiro\u2019 e afirmou que \u00e9 o momento de unir for\u00e7as com \u2018projetos diferentes\u00b4. O\u00a0Partido Socialista Brasileiro\u00a0(PSB) oficializou o ex-governador de S\u00e3o Paulo\u00a0Geraldo Alckmin\u00a0como vice na chapa de\u00a0Luiz In\u00e1cio Lula da Silva\u00a0(PT) para elei\u00e7\u00f5es presidenciais neste ano. A confirma\u00e7\u00e3o do ex-tucano na posi\u00e7\u00e3o foi [&hellip;]<\/p>\n","protected":false},"author":2,"featured_media":25915,"comment_status":"open","ping_status":"open","sticky":false,"template":"","format":"standard","meta":{"footnotes":""},"categories":[57],"tags":[],"class_list":{"0":"post-25914","1":"post","2":"type-post","3":"status-publish","4":"format-standard","5":"has-post-thumbnail","7":"category-politica"},"yoast_head":"<!-- This site is optimized with the Yoast SEO Premium plugin v24.5 (Yoast SEO v27.5) - https:\/\/yoast.com\/product\/yoast-seo-premium-wordpress\/ -->\n<title>PSB oficializa Alckmin como vice de Lula na chapa com PT. - P31<\/title>\n<meta name=\"robots\" content=\"index, follow, max-snippet:-1, max-image-preview:large, max-video-preview:-1\" \/>\n<link rel=\"canonical\" href=\"https:\/\/www.p31noticias.com.br\/?p=25914\" \/>\n<meta property=\"og:locale\" content=\"pt_BR\" \/>\n<meta property=\"og:type\" content=\"article\" \/>\n<meta property=\"og:title\" content=\"PSB oficializa Alckmin como vice de Lula na chapa com PT.\" \/>\n<meta property=\"og:description\" content=\"Em encontro nesta sexta o petista chamou o ex-governador de SP de \u2018companheiro\u2019 e afirmou que \u00e9 o momento de unir for\u00e7as com \u2018projetos diferentes\u00b4. O\u00a0Partido Socialista Brasileiro\u00a0(PSB) oficializou o ex-governador de S\u00e3o Paulo\u00a0Geraldo Alckmin\u00a0como vice na chapa de\u00a0Luiz In\u00e1cio Lula da Silva\u00a0(PT) para elei\u00e7\u00f5es presidenciais neste ano. A confirma\u00e7\u00e3o do ex-tucano na posi\u00e7\u00e3o foi [&hellip;]\" \/>\n<meta property=\"og:url\" content=\"https:\/\/www.p31noticias.com.br\/?p=25914\" \/>\n<meta property=\"og:site_name\" content=\"P31\" \/>\n<meta property=\"article:published_time\" content=\"2022-04-08T18:51:34+00:00\" \/>\n<meta property=\"article:modified_time\" content=\"2022-04-08T18:51:49+00:00\" \/>\n<meta property=\"og:image\" content=\"https:\/\/www.p31noticias.com.br\/wp-content\/uploads\/2022\/04\/fp1o-x_wyaeyeff.webp\" \/>\n\t<meta property=\"og:image:width\" content=\"1024\" \/>\n\t<meta property=\"og:image:height\" content=\"666\" \/>\n\t<meta property=\"og:image:type\" content=\"image\/webp\" \/>\n<meta name=\"author\" content=\"Gon\u00e7alves Junior\" \/>\n<meta name=\"twitter:card\" content=\"summary_large_image\" \/>\n<meta name=\"twitter:label1\" content=\"Escrito por\" \/>\n\t<meta name=\"twitter:data1\" content=\"Gon\u00e7alves Junior\" \/>\n\t<meta name=\"twitter:label2\" content=\"Est. tempo de leitura\" \/>\n\t<meta name=\"twitter:data2\" content=\"1 minuto\" \/>\n<script type=\"application\/ld+json\" class=\"yoast-schema-graph\">{\"@context\":\"https:\\\/\\\/schema.org\",\"@graph\":[{\"@type\":\"Article\",\"@id\":\"https:\\\/\\\/www.p31noticias.com.br\\\/?p=25914#article\",\"isPartOf\":{\"@id\":\"https:\\\/\\\/www.p31noticias.com.br\\\/?p=25914\"},\"author\":{\"name\":\"Gon\u00e7alves Junior\",\"@id\":\"https:\\\/\\\/www.p31noticias.com.br\\\/#\\\/schema\\\/person\\\/95f2ece30e3b4132065b915150cd0f94\"},\"headline\":\"PSB oficializa Alckmin como vice de Lula na chapa com PT.\",\"datePublished\":\"2022-04-08T18:51:34+00:00\",\"dateModified\":\"2022-04-08T18:51:49+00:00\",\"mainEntityOfPage\":{\"@id\":\"https:\\\/\\\/www.p31noticias.com.br\\\/?p=25914\"},\"wordCount\":165,\"commentCount\":0,\"image\":{\"@id\":\"https:\\\/\\\/www.p31noticias.com.br\\\/?p=25914#primaryimage\"},\"thumbnailUrl\":\"https:\\\/\\\/www.p31noticias.com.br\\\/wp-content\\\/uploads\\\/2022\\\/04\\\/fp1o-x_wyaeyeff.webp\",\"articleSection\":[\"Pol\u00edtica\"],\"inLanguage\":\"pt-BR\",\"potentialAction\":[{\"@type\":\"CommentAction\",\"name\":\"Comment\",\"target\":[\"https:\\\/\\\/www.p31noticias.com.br\\\/?p=25914#respond\"]}],\"copyrightYear\":\"2022\",\"copyrightHolder\":{\"@id\":\"https:\\\/\\\/www.p31noticias.com.br\\\/#organization\"}},{\"@type\":\"WebPage\",\"@id\":\"https:\\\/\\\/www.p31noticias.com.br\\\/?p=25914\",\"url\":\"https:\\\/\\\/www.p31noticias.com.br\\\/?p=25914\",\"name\":\"PSB oficializa Alckmin como vice de Lula na chapa com PT. - P31\",\"isPartOf\":{\"@id\":\"https:\\\/\\\/www.p31noticias.com.br\\\/#website\"},\"primaryImageOfPage\":{\"@id\":\"https:\\\/\\\/www.p31noticias.com.br\\\/?p=25914#primaryimage\"},\"image\":{\"@id\":\"https:\\\/\\\/www.p31noticias.com.br\\\/?p=25914#primaryimage\"},\"thumbnailUrl\":\"https:\\\/\\\/www.p31noticias.com.br\\\/wp-content\\\/uploads\\\/2022\\\/04\\\/fp1o-x_wyaeyeff.webp\",\"datePublished\":\"2022-04-08T18:51:34+00:00\",\"dateModified\":\"2022-04-08T18:51:49+00:00\",\"author\":{\"@id\":\"https:\\\/\\\/www.p31noticias.com.br\\\/#\\\/schema\\\/person\\\/95f2ece30e3b4132065b915150cd0f94\"},\"breadcrumb\":{\"@id\":\"https:\\\/\\\/www.p31noticias.com.br\\\/?p=25914#breadcrumb\"},\"inLanguage\":\"pt-BR\",\"potentialAction\":[{\"@type\":\"ReadAction\",\"target\":[\"https:\\\/\\\/www.p31noticias.com.br\\\/?p=25914\"]}]},{\"@type\":\"ImageObject\",\"inLanguage\":\"pt-BR\",\"@id\":\"https:\\\/\\\/www.p31noticias.com.br\\\/?p=25914#primaryimage\",\"url\":\"https:\\\/\\\/www.p31noticias.com.br\\\/wp-content\\\/uploads\\\/2022\\\/04\\\/fp1o-x_wyaeyeff.webp\",\"contentUrl\":\"https:\\\/\\\/www.p31noticias.com.br\\\/wp-content\\\/uploads\\\/2022\\\/04\\\/fp1o-x_wyaeyeff.webp\",\"width\":1024,\"height\":666},{\"@type\":\"BreadcrumbList\",\"@id\":\"https:\\\/\\\/www.p31noticias.com.br\\\/?p=25914#breadcrumb\",\"itemListElement\":[{\"@type\":\"ListItem\",\"position\":1,\"name\":\"In\u00edcio\",\"item\":\"https:\\\/\\\/www.p31noticias.com.br\\\/\"},{\"@type\":\"ListItem\",\"position\":2,\"name\":\"PSB oficializa Alckmin como vice de Lula na chapa com PT.\"}]},{\"@type\":\"WebSite\",\"@id\":\"https:\\\/\\\/www.p31noticias.com.br\\\/#website\",\"url\":\"https:\\\/\\\/www.p31noticias.com.br\\\/\",\"name\":\"P31\",\"description\":\"NOT\u00cdCIAS\",\"potentialAction\":[{\"@type\":\"SearchAction\",\"target\":{\"@type\":\"EntryPoint\",\"urlTemplate\":\"https:\\\/\\\/www.p31noticias.com.br\\\/?s={search_term_string}\"},\"query-input\":{\"@type\":\"PropertyValueSpecification\",\"valueRequired\":true,\"valueName\":\"search_term_string\"}}],\"inLanguage\":\"pt-BR\"},{\"@type\":\"Person\",\"@id\":\"https:\\\/\\\/www.p31noticias.com.br\\\/#\\\/schema\\\/person\\\/95f2ece30e3b4132065b915150cd0f94\",\"name\":\"Gon\u00e7alves Junior\",\"image\":{\"@type\":\"ImageObject\",\"inLanguage\":\"pt-BR\",\"@id\":\"https:\\\/\\\/secure.gravatar.com\\\/avatar\\\/6711f350116a89762687a48d66f723c799e5438a5b7578508d4294cd7a5d0800?s=96&d=mm&r=g\",\"url\":\"https:\\\/\\\/secure.gravatar.com\\\/avatar\\\/6711f350116a89762687a48d66f723c799e5438a5b7578508d4294cd7a5d0800?s=96&d=mm&r=g\",\"contentUrl\":\"https:\\\/\\\/secure.gravatar.com\\\/avatar\\\/6711f350116a89762687a48d66f723c799e5438a5b7578508d4294cd7a5d0800?s=96&d=mm&r=g\",\"caption\":\"Gon\u00e7alves Junior\"},\"url\":\"https:\\\/\\\/www.p31noticias.com.br\\\/?author=2\"}]}<\/script>\n<!-- \/ Yoast SEO Premium plugin. -->","yoast_head_json":{"title":"PSB oficializa Alckmin como vice de Lula na chapa com PT. - P31","robots":{"index":"index","follow":"follow","max-snippet":"max-snippet:-1","max-image-preview":"max-image-preview:large","max-video-preview":"max-video-preview:-1"},"canonical":"https:\/\/www.p31noticias.com.br\/?p=25914","og_locale":"pt_BR","og_type":"article","og_title":"PSB oficializa Alckmin como vice de Lula na chapa com PT.","og_description":"Em encontro nesta sexta o petista chamou o ex-governador de SP de \u2018companheiro\u2019 e afirmou que \u00e9 o momento de unir for\u00e7as com \u2018projetos diferentes\u00b4. O\u00a0Partido Socialista Brasileiro\u00a0(PSB) oficializou o ex-governador de S\u00e3o Paulo\u00a0Geraldo Alckmin\u00a0como vice na chapa de\u00a0Luiz In\u00e1cio Lula da Silva\u00a0(PT) para elei\u00e7\u00f5es presidenciais neste ano. A confirma\u00e7\u00e3o do ex-tucano na posi\u00e7\u00e3o foi [&hellip;]","og_url":"https:\/\/www.p31noticias.com.br\/?p=25914","og_site_name":"P31","article_published_time":"2022-04-08T18:51:34+00:00","article_modified_time":"2022-04-08T18:51:49+00:00","og_image":[{"width":1024,"height":666,"url":"https:\/\/www.p31noticias.com.br\/wp-content\/uploads\/2022\/04\/fp1o-x_wyaeyeff.webp","type":"image\/webp"}],"author":"Gon\u00e7alves Junior","twitter_card":"summary_large_image","twitter_misc":{"Escrito por":"Gon\u00e7alves Junior","Est. tempo de leitura":"1 minuto"},"schema":{"@context":"https:\/\/schema.org","@graph":[{"@type":"Article","@id":"https:\/\/www.p31noticias.com.br\/?p=25914#article","isPartOf":{"@id":"https:\/\/www.p31noticias.com.br\/?p=25914"},"author":{"name":"Gon\u00e7alves Junior","@id":"https:\/\/www.p31noticias.com.br\/#\/schema\/person\/95f2ece30e3b4132065b915150cd0f94"},"headline":"PSB oficializa Alckmin como vice de Lula na chapa com PT.","datePublished":"2022-04-08T18:51:34+00:00","dateModified":"2022-04-08T18:51:49+00:00","mainEntityOfPage":{"@id":"https:\/\/www.p31noticias.com.br\/?p=25914"},"wordCount":165,"commentCount":0,"image":{"@id":"https:\/\/www.p31noticias.com.br\/?p=25914#primaryimage"},"thumbnailUrl":"https:\/\/www.p31noticias.com.br\/wp-content\/uploads\/2022\/04\/fp1o-x_wyaeyeff.webp","articleSection":["Pol\u00edtica"],"inLanguage":"pt-BR","potentialAction":[{"@type":"CommentAction","name":"Comment","target":["https:\/\/www.p31noticias.com.br\/?p=25914#respond"]}],"copyrightYear":"2022","copyrightHolder":{"@id":"https:\/\/www.p31noticias.com.br\/#organization"}},{"@type":"WebPage","@id":"https:\/\/www.p31noticias.com.br\/?p=25914","url":"https:\/\/www.p31noticias.com.br\/?p=25914","name":"PSB oficializa Alckmin como vice de Lula na chapa com PT. - P31","isPartOf":{"@id":"https:\/\/www.p31noticias.com.br\/#website"},"primaryImageOfPage":{"@id":"https:\/\/www.p31noticias.com.br\/?p=25914#primaryimage"},"image":{"@id":"https:\/\/www.p31noticias.com.br\/?p=25914#primaryimage"},"thumbnailUrl":"https:\/\/www.p31noticias.com.br\/wp-content\/uploads\/2022\/04\/fp1o-x_wyaeyeff.webp","datePublished":"2022-04-08T18:51:34+00:00","dateModified":"2022-04-08T18:51:49+00:00","author":{"@id":"https:\/\/www.p31noticias.com.br\/#\/schema\/person\/95f2ece30e3b4132065b915150cd0f94"},"breadcrumb":{"@id":"https:\/\/www.p31noticias.com.br\/?p=25914#breadcrumb"},"inLanguage":"pt-BR","potentialAction":[{"@type":"ReadAction","target":["https:\/\/www.p31noticias.com.br\/?p=25914"]}]},{"@type":"ImageObject","inLanguage":"pt-BR","@id":"https:\/\/www.p31noticias.com.br\/?p=25914#primaryimage","url":"https:\/\/www.p31noticias.com.br\/wp-content\/uploads\/2022\/04\/fp1o-x_wyaeyeff.webp","contentUrl":"https:\/\/www.p31noticias.com.br\/wp-content\/uploads\/2022\/04\/fp1o-x_wyaeyeff.webp","width":1024,"height":666},{"@type":"BreadcrumbList","@id":"https:\/\/www.p31noticias.com.br\/?p=25914#breadcrumb","itemListElement":[{"@type":"ListItem","position":1,"name":"In\u00edcio","item":"https:\/\/www.p31noticias.com.br\/"},{"@type":"ListItem","position":2,"name":"PSB oficializa Alckmin como vice de Lula na chapa com PT."}]},{"@type":"WebSite","@id":"https:\/\/www.p31noticias.com.br\/#website","url":"https:\/\/www.p31noticias.com.br\/","name":"P31","description":"NOT\u00cdCIAS","potentialAction":[{"@type":"SearchAction","target":{"@type":"EntryPoint","urlTemplate":"https:\/\/www.p31noticias.com.br\/?s={search_term_string}"},"query-input":{"@type":"PropertyValueSpecification","valueRequired":true,"valueName":"search_term_string"}}],"inLanguage":"pt-BR"},{"@type":"Person","@id":"https:\/\/www.p31noticias.com.br\/#\/schema\/person\/95f2ece30e3b4132065b915150cd0f94","name":"Gon\u00e7alves Junior","image":{"@type":"ImageObject","inLanguage":"pt-BR","@id":"https:\/\/secure.gravatar.com\/avatar\/6711f350116a89762687a48d66f723c799e5438a5b7578508d4294cd7a5d0800?s=96&d=mm&r=g","url":"https:\/\/secure.gravatar.com\/avatar\/6711f350116a89762687a48d66f723c799e5438a5b7578508d4294cd7a5d0800?s=96&d=mm&r=g","contentUrl":"https:\/\/secure.gravatar.com\/avatar\/6711f350116a89762687a48d66f723c799e5438a5b7578508d4294cd7a5d0800?s=96&d=mm&r=g","caption":"Gon\u00e7alves Junior"},"url":"https:\/\/www.p31noticias.com.br\/?author=2"}]}},"amp_enabled":true,"_links":{"self":[{"href":"https:\/\/www.p31noticias.com.br\/index.php?rest_route=\/wp\/v2\/posts\/25914","targetHints":{"allow":["GET"]}}],"collection":[{"href":"https:\/\/www.p31noticias.com.br\/index.php?rest_route=\/wp\/v2\/posts"}],"about":[{"href":"https:\/\/www.p31noticias.com.br\/index.php?rest_route=\/wp\/v2\/types\/post"}],"author":[{"embeddable":true,"href":"https:\/\/www.p31noticias.com.br\/index.php?rest_route=\/wp\/v2\/users\/2"}],"replies":[{"embeddable":true,"href":"https:\/\/www.p31noticias.com.br\/index.php?rest_route=%2Fwp%2Fv2%2Fcomments&post=25914"}],"version-history":[{"count":1,"href":"https:\/\/www.p31noticias.com.br\/index.php?rest_route=\/wp\/v2\/posts\/25914\/revisions"}],"predecessor-version":[{"id":25916,"href":"https:\/\/www.p31noticias.com.br\/index.php?rest_route=\/wp\/v2\/posts\/25914\/revisions\/25916"}],"wp:featuredmedia":[{"embeddable":true,"href":"https:\/\/www.p31noticias.com.br\/index.php?rest_route=\/wp\/v2\/media\/25915"}],"wp:attachment":[{"href":"https:\/\/www.p31noticias.com.br\/index.php?rest_route=%2Fwp%2Fv2%2Fmedia&parent=25914"}],"wp:term":[{"taxonomy":"category","embeddable":true,"href":"https:\/\/www.p31noticias.com.br\/index.php?rest_route=%2Fwp%2Fv2%2Fcategories&post=25914"},{"taxonomy":"post_tag","embeddable":true,"href":"https:\/\/www.p31noticias.com.br\/index.php?rest_route=%2Fwp%2Fv2%2Ftags&post=25914"}],"curies":[{"name":"wp","href":"https:\/\/api.w.org\/{rel}","templated":true}]}}