{"id":25898,"date":"2022-04-03T21:38:41","date_gmt":"2022-04-04T00:38:41","guid":{"rendered":"https:\/\/p31noticias.com.br\/?p=25898"},"modified":"2022-04-03T21:44:14","modified_gmt":"2022-04-04T00:44:14","slug":"palmeiras-atropela-sao-paulo-vira-confronto-e-leva-titulo-paulista","status":"publish","type":"post","link":"https:\/\/www.p31noticias.com.br\/?p=25898","title":{"rendered":"Palmeiras atropela S\u00e3o Paulo, vira confronto e leva t\u00edtulo paulista."},"content":{"rendered":"<h3 class=\"col-10 offset-1 animated fadeInDown dealy-900 display-8 display-md-8 alt-font font-italic my-1 text-center\" style=\"text-align: justify;\"><em><strong>Verd\u00e3o faz 4 a 0 no Allianz Parque e conquista Estadual pela 24\u00aa vez.<\/strong><\/em><\/h3>\n<div class=\"post-item-wrap\" style=\"text-align: justify;\">\n<p>A ta\u00e7a do Campeonato Paulista de 2022 \u00e9 do Palmeiras pela 24\u00aa vez na hist\u00f3ria. Neste\u00a0domingo\u00a0(3), o Verd\u00e3o goleou o S\u00e3o Paulo por 4 a 0 no Allianz Parque, em S\u00e3o Paulo, pelo jogo de volta da decis\u00e3o. O Alviverde virou o confronto, que iniciou com vantagem advers\u00e1ria, devido ao triunfo do Tricolor na partida de ida, na \u00faltima\u00a0quarta-feira (30), por 3 a 1, no Morumbi, tamb\u00e9m na capital do estado.<img decoding=\"async\" src=\"https:\/\/agenciabrasil.ebc.com.br\/ebc.png?id=1452157&amp;o=node\" \/><img decoding=\"async\" src=\"https:\/\/agenciabrasil.ebc.com.br\/ebc.gif?id=1452157&amp;o=node\" \/><\/p>\n<div class=\"twitter-tweet twitter-tweet-rendered\"><iframe id=\"twitter-widget-0\" class=\"\" title=\"Twitter Tweet\" src=\"https:\/\/platform.twitter.com\/embed\/Tweet.html?creatorScreenName=agenciabrasil&amp;dnt=false&amp;embedId=twitter-widget-0&amp;features=eyJ0ZndfZXhwZXJpbWVudHNfY29va2llX2V4cGlyYXRpb24iOnsiYnVja2V0IjoxMjA5NjAwLCJ2ZXJzaW9uIjpudWxsfSwidGZ3X3NrZWxldG9uX2xvYWRpbmdfMTMzOTgiOnsiYnVja2V0IjoiY3RhIiwidmVyc2lvbiI6bnVsbH0sInRmd19zcGFjZV9jYXJkIjp7ImJ1Y2tldCI6Im9mZiIsInZlcnNpb24iOm51bGx9LCJ0Zndfc2Vuc2l0aXZlX21lZGlhX2ludGVyc3RpdGlhbF8xMzk2MyI6eyJidWNrZXQiOiJpbnRlcnN0aXRpYWwiLCJ2ZXJzaW9uIjo0fX0%3D&amp;frame=false&amp;hideCard=false&amp;hideThread=false&amp;id=1510722873815715843&amp;lang=pt&amp;origin=https%3A%2F%2Fagenciabrasil.ebc.com.br%2Fesportes%2Fnoticia%2F2022-04%2Fpalmeiras-atropela-sao-paulo-vira-confronto-e-leva-titulo-paulista&amp;sessionId=457dcd4029a7091aac2c7443141429a7253bd28d&amp;siteScreenName=agenciabrasil&amp;theme=light&amp;widgetsVersion=f9f80a909a60b%3A1648751432723&amp;width=550px\" frameborder=\"0\" scrolling=\"no\" allowfullscreen=\"allowfullscreen\" data-tweet-id=\"1510722873815715843\" data-mce-fragment=\"1\"><\/iframe><\/div>\n<p>Foi a\u00a0quinta\u00a0conquista de Abel Ferreira no comando do Palmeiras em pouco menos de um ano e meio de trabalho, isolando-o como quarto t\u00e9cnico mais vitorioso do clube. Al\u00e9m do Paulista, ele conduziu a equipe a um t\u00edtulo de Copa do Brasil (2020), um da Recopa Sul-Americana (2022)\u00a0e duas Libertadores (2020 e 2021). De quebra, o Verd\u00e3o impediu que o S\u00e3o Paulo o igualasse no n\u00famero de conquistas estaduais.<\/p>\n<p>O primeiro tempo come\u00e7ou quente. Aos sete minutos, o volante Danilo chutou de primeira e a bola explodiu no bra\u00e7o do atacante \u00c9der, dentro da \u00e1rea. O \u00e1rbitro Raphael Claus foi chamado ao v\u00eddeo para avaliar o lance, semelhante o que gerou a marca\u00e7\u00e3o de um p\u00eanalti &#8211; contestado pelos palmeirenses &#8211; no jogo de ida \u00e0 favor do S\u00e3o Paulo, mas entendeu que o membro do atleta do Tricolor estava recolhido ao corpo e mandou a partida seguir.<\/p>\n<p>O Verd\u00e3o seguiu pressionando e assustou novamente aos 18, parando em Jandrei. Depois de cortar o cruzamento do atacante Dudu pela direita, o goleiro salvou, com os p\u00e9s, a finaliza\u00e7\u00e3o firme do meia Gustavo Scarpa. A insist\u00eancia foi recompensada aos 21. Ap\u00f3s escanteio curto cobrado pela direita, Gustavo Scarpa levantou e Danilo, de cabe\u00e7a, mandou para as redes.<\/p>\n<div class=\"twitter-tweet twitter-tweet-rendered\"><iframe id=\"twitter-widget-1\" class=\"\" title=\"Twitter Tweet\" src=\"https:\/\/platform.twitter.com\/embed\/Tweet.html?creatorScreenName=agenciabrasil&amp;dnt=false&amp;embedId=twitter-widget-1&amp;features=eyJ0ZndfZXhwZXJpbWVudHNfY29va2llX2V4cGlyYXRpb24iOnsiYnVja2V0IjoxMjA5NjAwLCJ2ZXJzaW9uIjpudWxsfSwidGZ3X3NrZWxldG9uX2xvYWRpbmdfMTMzOTgiOnsiYnVja2V0IjoiY3RhIiwidmVyc2lvbiI6bnVsbH0sInRmd19zcGFjZV9jYXJkIjp7ImJ1Y2tldCI6Im9mZiIsInZlcnNpb24iOm51bGx9LCJ0Zndfc2Vuc2l0aXZlX21lZGlhX2ludGVyc3RpdGlhbF8xMzk2MyI6eyJidWNrZXQiOiJpbnRlcnN0aXRpYWwiLCJ2ZXJzaW9uIjo0fX0%3D&amp;frame=false&amp;hideCard=false&amp;hideThread=false&amp;id=1510726611280273411&amp;lang=pt&amp;origin=https%3A%2F%2Fagenciabrasil.ebc.com.br%2Fesportes%2Fnoticia%2F2022-04%2Fpalmeiras-atropela-sao-paulo-vira-confronto-e-leva-titulo-paulista&amp;sessionId=457dcd4029a7091aac2c7443141429a7253bd28d&amp;siteScreenName=agenciabrasil&amp;theme=light&amp;widgetsVersion=f9f80a909a60b%3A1648751432723&amp;width=550px\" frameborder=\"0\" scrolling=\"no\" allowfullscreen=\"allowfullscreen\" data-tweet-id=\"1510726611280273411\" data-mce-fragment=\"1\"><\/iframe><\/div>\n<p>O Palmeiras seguiu mandando na partida e ampliou aos 27 minutos. O meia Raphael Veiga recebeu na ponta direita e cruzou. A bola desviou na zaga e sobrou para o volante Z\u00e9 Rafael bater no canto. O VAR novamente chamou Claus para conferir o lance, entendendo que houve falta de Danilo no atacante Jonathan Calleri na origem do gol, mas o \u00e1rbitro manteve a decis\u00e3o de campo.<\/p>\n<p>A press\u00e3o alviverde n\u00e3o arrefeceu no segundo tempo. Aos dois minutos, Dudu escapou da marca\u00e7\u00e3o do zagueiro Diego Costa na direita e cruzou rasteiro para Raphael Veiga, de carrinho, fazer o terceiro dos anfitri\u00f5es.<\/p>\n<p>Em desvantagem no confronto pela primeira vez, o S\u00e3o Paulo tentou se lan\u00e7ar ao ataque, mas com dificuldades para ser perigoso. O Palmeiras, ao contr\u00e1rio, foi letal. Aos 35 minutos, Z\u00e9 Rafael desarmou o meia Igor Gomes na intermedi\u00e1ria e achou Gabriel Veron. O atacante encontrou Raphael Veiga livre para sair do alcance de Jandrei e mandar para as redes, sacramentando o t\u00edtulo alviverde. Nos acr\u00e9scimos, o Tricolor ainda perdeu o lateral Rafinha, expulso.<\/p>\n<p>As equipes voltam a campo no meio de semana, pelas respectivas competi\u00e7\u00f5es continentais. Na\u00a0quarta-feira (6), o Verd\u00e3o visita o Deportivo T\u00e1chira (Venezuela) pela Libertadores, \u00e0s 21h (hor\u00e1rio de Bras\u00edlia). Na\u00a0quinta-feira (7), \u00e0s 21h30, o S\u00e3o Paulo encara o Ayacucho (Peru), fora de casa, pela Copa Sul-Americana.<\/p>\n<\/div>\n<p class=\"alt-font font-italic my-2 small text-info\" style=\"text-align: justify;\">Edi\u00e7\u00e3o: Cl\u00e1udia Soares Rodrigues<\/p>\n<p style=\"text-align: justify;\">Ag\u00eancia Brasil.<\/p>\n","protected":false},"excerpt":{"rendered":"<p>Verd\u00e3o faz 4 a 0 no Allianz Parque e conquista Estadual pela 24\u00aa vez. A ta\u00e7a do Campeonato Paulista de 2022 \u00e9 do Palmeiras pela 24\u00aa vez na hist\u00f3ria. Neste\u00a0domingo\u00a0(3), o Verd\u00e3o goleou o S\u00e3o Paulo por 4 a 0 no Allianz Parque, em S\u00e3o Paulo, pelo jogo de volta da decis\u00e3o. O Alviverde virou [&hellip;]<\/p>\n","protected":false},"author":2,"featured_media":25903,"comment_status":"open","ping_status":"open","sticky":false,"template":"","format":"standard","meta":{"footnotes":""},"categories":[1],"tags":[],"class_list":{"0":"post-25898","1":"post","2":"type-post","3":"status-publish","4":"format-standard","5":"has-post-thumbnail","7":"category-outros"},"yoast_head":"<!-- This site is optimized with the Yoast SEO Premium plugin v24.5 (Yoast SEO v27.5) - https:\/\/yoast.com\/product\/yoast-seo-premium-wordpress\/ -->\n<title>Palmeiras atropela S\u00e3o Paulo, vira confronto e leva t\u00edtulo paulista. - P31<\/title>\n<meta name=\"robots\" content=\"index, follow, max-snippet:-1, max-image-preview:large, max-video-preview:-1\" \/>\n<link rel=\"canonical\" href=\"https:\/\/www.p31noticias.com.br\/?p=25898\" \/>\n<meta property=\"og:locale\" content=\"pt_BR\" \/>\n<meta property=\"og:type\" content=\"article\" \/>\n<meta property=\"og:title\" content=\"Palmeiras atropela S\u00e3o Paulo, vira confronto e leva t\u00edtulo paulista.\" \/>\n<meta property=\"og:description\" content=\"Verd\u00e3o faz 4 a 0 no Allianz Parque e conquista Estadual pela 24\u00aa vez. A ta\u00e7a do Campeonato Paulista de 2022 \u00e9 do Palmeiras pela 24\u00aa vez na hist\u00f3ria. Neste\u00a0domingo\u00a0(3), o Verd\u00e3o goleou o S\u00e3o Paulo por 4 a 0 no Allianz Parque, em S\u00e3o Paulo, pelo jogo de volta da decis\u00e3o. O Alviverde virou [&hellip;]\" \/>\n<meta property=\"og:url\" content=\"https:\/\/www.p31noticias.com.br\/?p=25898\" \/>\n<meta property=\"og:site_name\" content=\"P31\" \/>\n<meta property=\"article:published_time\" content=\"2022-04-04T00:38:41+00:00\" \/>\n<meta property=\"article:modified_time\" content=\"2022-04-04T00:44:14+00:00\" \/>\n<meta property=\"og:image\" content=\"https:\/\/www.p31noticias.com.br\/wp-content\/uploads\/2022\/04\/veiga_palmeiras_campeao_paulista-1-1.jpeg\" \/>\n\t<meta property=\"og:image:width\" content=\"1170\" \/>\n\t<meta property=\"og:image:height\" content=\"700\" \/>\n\t<meta property=\"og:image:type\" content=\"image\/jpeg\" \/>\n<meta name=\"author\" content=\"Gon\u00e7alves Junior\" \/>\n<meta name=\"twitter:card\" content=\"summary_large_image\" \/>\n<meta name=\"twitter:label1\" content=\"Escrito por\" \/>\n\t<meta name=\"twitter:data1\" content=\"Gon\u00e7alves Junior\" \/>\n\t<meta name=\"twitter:label2\" content=\"Est. tempo de leitura\" \/>\n\t<meta name=\"twitter:data2\" content=\"3 minutos\" \/>\n<script type=\"application\/ld+json\" class=\"yoast-schema-graph\">{\"@context\":\"https:\\\/\\\/schema.org\",\"@graph\":[{\"@type\":\"Article\",\"@id\":\"https:\\\/\\\/www.p31noticias.com.br\\\/?p=25898#article\",\"isPartOf\":{\"@id\":\"https:\\\/\\\/www.p31noticias.com.br\\\/?p=25898\"},\"author\":{\"name\":\"Gon\u00e7alves Junior\",\"@id\":\"https:\\\/\\\/www.p31noticias.com.br\\\/#\\\/schema\\\/person\\\/95f2ece30e3b4132065b915150cd0f94\"},\"headline\":\"Palmeiras atropela S\u00e3o Paulo, vira confronto e leva t\u00edtulo paulista.\",\"datePublished\":\"2022-04-04T00:38:41+00:00\",\"dateModified\":\"2022-04-04T00:44:14+00:00\",\"mainEntityOfPage\":{\"@id\":\"https:\\\/\\\/www.p31noticias.com.br\\\/?p=25898\"},\"wordCount\":561,\"commentCount\":0,\"image\":{\"@id\":\"https:\\\/\\\/www.p31noticias.com.br\\\/?p=25898#primaryimage\"},\"thumbnailUrl\":\"https:\\\/\\\/www.p31noticias.com.br\\\/wp-content\\\/uploads\\\/2022\\\/04\\\/veiga_palmeiras_campeao_paulista-1-1.jpeg\",\"articleSection\":[\"Outros\"],\"inLanguage\":\"pt-BR\",\"potentialAction\":[{\"@type\":\"CommentAction\",\"name\":\"Comment\",\"target\":[\"https:\\\/\\\/www.p31noticias.com.br\\\/?p=25898#respond\"]}],\"copyrightYear\":\"2022\",\"copyrightHolder\":{\"@id\":\"https:\\\/\\\/www.p31noticias.com.br\\\/#organization\"}},{\"@type\":\"WebPage\",\"@id\":\"https:\\\/\\\/www.p31noticias.com.br\\\/?p=25898\",\"url\":\"https:\\\/\\\/www.p31noticias.com.br\\\/?p=25898\",\"name\":\"Palmeiras atropela S\u00e3o Paulo, vira confronto e leva t\u00edtulo paulista. - P31\",\"isPartOf\":{\"@id\":\"https:\\\/\\\/www.p31noticias.com.br\\\/#website\"},\"primaryImageOfPage\":{\"@id\":\"https:\\\/\\\/www.p31noticias.com.br\\\/?p=25898#primaryimage\"},\"image\":{\"@id\":\"https:\\\/\\\/www.p31noticias.com.br\\\/?p=25898#primaryimage\"},\"thumbnailUrl\":\"https:\\\/\\\/www.p31noticias.com.br\\\/wp-content\\\/uploads\\\/2022\\\/04\\\/veiga_palmeiras_campeao_paulista-1-1.jpeg\",\"datePublished\":\"2022-04-04T00:38:41+00:00\",\"dateModified\":\"2022-04-04T00:44:14+00:00\",\"author\":{\"@id\":\"https:\\\/\\\/www.p31noticias.com.br\\\/#\\\/schema\\\/person\\\/95f2ece30e3b4132065b915150cd0f94\"},\"breadcrumb\":{\"@id\":\"https:\\\/\\\/www.p31noticias.com.br\\\/?p=25898#breadcrumb\"},\"inLanguage\":\"pt-BR\",\"potentialAction\":[{\"@type\":\"ReadAction\",\"target\":[\"https:\\\/\\\/www.p31noticias.com.br\\\/?p=25898\"]}]},{\"@type\":\"ImageObject\",\"inLanguage\":\"pt-BR\",\"@id\":\"https:\\\/\\\/www.p31noticias.com.br\\\/?p=25898#primaryimage\",\"url\":\"https:\\\/\\\/www.p31noticias.com.br\\\/wp-content\\\/uploads\\\/2022\\\/04\\\/veiga_palmeiras_campeao_paulista-1-1.jpeg\",\"contentUrl\":\"https:\\\/\\\/www.p31noticias.com.br\\\/wp-content\\\/uploads\\\/2022\\\/04\\\/veiga_palmeiras_campeao_paulista-1-1.jpeg\",\"width\":1170,\"height\":700},{\"@type\":\"BreadcrumbList\",\"@id\":\"https:\\\/\\\/www.p31noticias.com.br\\\/?p=25898#breadcrumb\",\"itemListElement\":[{\"@type\":\"ListItem\",\"position\":1,\"name\":\"In\u00edcio\",\"item\":\"https:\\\/\\\/www.p31noticias.com.br\\\/\"},{\"@type\":\"ListItem\",\"position\":2,\"name\":\"Palmeiras atropela S\u00e3o Paulo, vira confronto e leva t\u00edtulo paulista.\"}]},{\"@type\":\"WebSite\",\"@id\":\"https:\\\/\\\/www.p31noticias.com.br\\\/#website\",\"url\":\"https:\\\/\\\/www.p31noticias.com.br\\\/\",\"name\":\"P31\",\"description\":\"NOT\u00cdCIAS\",\"potentialAction\":[{\"@type\":\"SearchAction\",\"target\":{\"@type\":\"EntryPoint\",\"urlTemplate\":\"https:\\\/\\\/www.p31noticias.com.br\\\/?s={search_term_string}\"},\"query-input\":{\"@type\":\"PropertyValueSpecification\",\"valueRequired\":true,\"valueName\":\"search_term_string\"}}],\"inLanguage\":\"pt-BR\"},{\"@type\":\"Person\",\"@id\":\"https:\\\/\\\/www.p31noticias.com.br\\\/#\\\/schema\\\/person\\\/95f2ece30e3b4132065b915150cd0f94\",\"name\":\"Gon\u00e7alves Junior\",\"image\":{\"@type\":\"ImageObject\",\"inLanguage\":\"pt-BR\",\"@id\":\"https:\\\/\\\/secure.gravatar.com\\\/avatar\\\/6711f350116a89762687a48d66f723c799e5438a5b7578508d4294cd7a5d0800?s=96&d=mm&r=g\",\"url\":\"https:\\\/\\\/secure.gravatar.com\\\/avatar\\\/6711f350116a89762687a48d66f723c799e5438a5b7578508d4294cd7a5d0800?s=96&d=mm&r=g\",\"contentUrl\":\"https:\\\/\\\/secure.gravatar.com\\\/avatar\\\/6711f350116a89762687a48d66f723c799e5438a5b7578508d4294cd7a5d0800?s=96&d=mm&r=g\",\"caption\":\"Gon\u00e7alves Junior\"},\"url\":\"https:\\\/\\\/www.p31noticias.com.br\\\/?author=2\"}]}<\/script>\n<!-- \/ Yoast SEO Premium plugin. -->","yoast_head_json":{"title":"Palmeiras atropela S\u00e3o Paulo, vira confronto e leva t\u00edtulo paulista. - P31","robots":{"index":"index","follow":"follow","max-snippet":"max-snippet:-1","max-image-preview":"max-image-preview:large","max-video-preview":"max-video-preview:-1"},"canonical":"https:\/\/www.p31noticias.com.br\/?p=25898","og_locale":"pt_BR","og_type":"article","og_title":"Palmeiras atropela S\u00e3o Paulo, vira confronto e leva t\u00edtulo paulista.","og_description":"Verd\u00e3o faz 4 a 0 no Allianz Parque e conquista Estadual pela 24\u00aa vez. A ta\u00e7a do Campeonato Paulista de 2022 \u00e9 do Palmeiras pela 24\u00aa vez na hist\u00f3ria. Neste\u00a0domingo\u00a0(3), o Verd\u00e3o goleou o S\u00e3o Paulo por 4 a 0 no Allianz Parque, em S\u00e3o Paulo, pelo jogo de volta da decis\u00e3o. O Alviverde virou [&hellip;]","og_url":"https:\/\/www.p31noticias.com.br\/?p=25898","og_site_name":"P31","article_published_time":"2022-04-04T00:38:41+00:00","article_modified_time":"2022-04-04T00:44:14+00:00","og_image":[{"width":1170,"height":700,"url":"https:\/\/www.p31noticias.com.br\/wp-content\/uploads\/2022\/04\/veiga_palmeiras_campeao_paulista-1-1.jpeg","type":"image\/jpeg"}],"author":"Gon\u00e7alves Junior","twitter_card":"summary_large_image","twitter_misc":{"Escrito por":"Gon\u00e7alves Junior","Est. tempo de leitura":"3 minutos"},"schema":{"@context":"https:\/\/schema.org","@graph":[{"@type":"Article","@id":"https:\/\/www.p31noticias.com.br\/?p=25898#article","isPartOf":{"@id":"https:\/\/www.p31noticias.com.br\/?p=25898"},"author":{"name":"Gon\u00e7alves Junior","@id":"https:\/\/www.p31noticias.com.br\/#\/schema\/person\/95f2ece30e3b4132065b915150cd0f94"},"headline":"Palmeiras atropela S\u00e3o Paulo, vira confronto e leva t\u00edtulo paulista.","datePublished":"2022-04-04T00:38:41+00:00","dateModified":"2022-04-04T00:44:14+00:00","mainEntityOfPage":{"@id":"https:\/\/www.p31noticias.com.br\/?p=25898"},"wordCount":561,"commentCount":0,"image":{"@id":"https:\/\/www.p31noticias.com.br\/?p=25898#primaryimage"},"thumbnailUrl":"https:\/\/www.p31noticias.com.br\/wp-content\/uploads\/2022\/04\/veiga_palmeiras_campeao_paulista-1-1.jpeg","articleSection":["Outros"],"inLanguage":"pt-BR","potentialAction":[{"@type":"CommentAction","name":"Comment","target":["https:\/\/www.p31noticias.com.br\/?p=25898#respond"]}],"copyrightYear":"2022","copyrightHolder":{"@id":"https:\/\/www.p31noticias.com.br\/#organization"}},{"@type":"WebPage","@id":"https:\/\/www.p31noticias.com.br\/?p=25898","url":"https:\/\/www.p31noticias.com.br\/?p=25898","name":"Palmeiras atropela S\u00e3o Paulo, vira confronto e leva t\u00edtulo paulista. - P31","isPartOf":{"@id":"https:\/\/www.p31noticias.com.br\/#website"},"primaryImageOfPage":{"@id":"https:\/\/www.p31noticias.com.br\/?p=25898#primaryimage"},"image":{"@id":"https:\/\/www.p31noticias.com.br\/?p=25898#primaryimage"},"thumbnailUrl":"https:\/\/www.p31noticias.com.br\/wp-content\/uploads\/2022\/04\/veiga_palmeiras_campeao_paulista-1-1.jpeg","datePublished":"2022-04-04T00:38:41+00:00","dateModified":"2022-04-04T00:44:14+00:00","author":{"@id":"https:\/\/www.p31noticias.com.br\/#\/schema\/person\/95f2ece30e3b4132065b915150cd0f94"},"breadcrumb":{"@id":"https:\/\/www.p31noticias.com.br\/?p=25898#breadcrumb"},"inLanguage":"pt-BR","potentialAction":[{"@type":"ReadAction","target":["https:\/\/www.p31noticias.com.br\/?p=25898"]}]},{"@type":"ImageObject","inLanguage":"pt-BR","@id":"https:\/\/www.p31noticias.com.br\/?p=25898#primaryimage","url":"https:\/\/www.p31noticias.com.br\/wp-content\/uploads\/2022\/04\/veiga_palmeiras_campeao_paulista-1-1.jpeg","contentUrl":"https:\/\/www.p31noticias.com.br\/wp-content\/uploads\/2022\/04\/veiga_palmeiras_campeao_paulista-1-1.jpeg","width":1170,"height":700},{"@type":"BreadcrumbList","@id":"https:\/\/www.p31noticias.com.br\/?p=25898#breadcrumb","itemListElement":[{"@type":"ListItem","position":1,"name":"In\u00edcio","item":"https:\/\/www.p31noticias.com.br\/"},{"@type":"ListItem","position":2,"name":"Palmeiras atropela S\u00e3o Paulo, vira confronto e leva t\u00edtulo paulista."}]},{"@type":"WebSite","@id":"https:\/\/www.p31noticias.com.br\/#website","url":"https:\/\/www.p31noticias.com.br\/","name":"P31","description":"NOT\u00cdCIAS","potentialAction":[{"@type":"SearchAction","target":{"@type":"EntryPoint","urlTemplate":"https:\/\/www.p31noticias.com.br\/?s={search_term_string}"},"query-input":{"@type":"PropertyValueSpecification","valueRequired":true,"valueName":"search_term_string"}}],"inLanguage":"pt-BR"},{"@type":"Person","@id":"https:\/\/www.p31noticias.com.br\/#\/schema\/person\/95f2ece30e3b4132065b915150cd0f94","name":"Gon\u00e7alves Junior","image":{"@type":"ImageObject","inLanguage":"pt-BR","@id":"https:\/\/secure.gravatar.com\/avatar\/6711f350116a89762687a48d66f723c799e5438a5b7578508d4294cd7a5d0800?s=96&d=mm&r=g","url":"https:\/\/secure.gravatar.com\/avatar\/6711f350116a89762687a48d66f723c799e5438a5b7578508d4294cd7a5d0800?s=96&d=mm&r=g","contentUrl":"https:\/\/secure.gravatar.com\/avatar\/6711f350116a89762687a48d66f723c799e5438a5b7578508d4294cd7a5d0800?s=96&d=mm&r=g","caption":"Gon\u00e7alves Junior"},"url":"https:\/\/www.p31noticias.com.br\/?author=2"}]}},"amp_enabled":true,"_links":{"self":[{"href":"https:\/\/www.p31noticias.com.br\/index.php?rest_route=\/wp\/v2\/posts\/25898","targetHints":{"allow":["GET"]}}],"collection":[{"href":"https:\/\/www.p31noticias.com.br\/index.php?rest_route=\/wp\/v2\/posts"}],"about":[{"href":"https:\/\/www.p31noticias.com.br\/index.php?rest_route=\/wp\/v2\/types\/post"}],"author":[{"embeddable":true,"href":"https:\/\/www.p31noticias.com.br\/index.php?rest_route=\/wp\/v2\/users\/2"}],"replies":[{"embeddable":true,"href":"https:\/\/www.p31noticias.com.br\/index.php?rest_route=%2Fwp%2Fv2%2Fcomments&post=25898"}],"version-history":[{"count":1,"href":"https:\/\/www.p31noticias.com.br\/index.php?rest_route=\/wp\/v2\/posts\/25898\/revisions"}],"predecessor-version":[{"id":25899,"href":"https:\/\/www.p31noticias.com.br\/index.php?rest_route=\/wp\/v2\/posts\/25898\/revisions\/25899"}],"wp:featuredmedia":[{"embeddable":true,"href":"https:\/\/www.p31noticias.com.br\/index.php?rest_route=\/wp\/v2\/media\/25903"}],"wp:attachment":[{"href":"https:\/\/www.p31noticias.com.br\/index.php?rest_route=%2Fwp%2Fv2%2Fmedia&parent=25898"}],"wp:term":[{"taxonomy":"category","embeddable":true,"href":"https:\/\/www.p31noticias.com.br\/index.php?rest_route=%2Fwp%2Fv2%2Fcategories&post=25898"},{"taxonomy":"post_tag","embeddable":true,"href":"https:\/\/www.p31noticias.com.br\/index.php?rest_route=%2Fwp%2Fv2%2Ftags&post=25898"}],"curies":[{"name":"wp","href":"https:\/\/api.w.org\/{rel}","templated":true}]}}