{"id":25895,"date":"2022-04-03T21:30:03","date_gmt":"2022-04-04T00:30:03","guid":{"rendered":"https:\/\/p31noticias.com.br\/?p=25895"},"modified":"2022-04-03T21:30:03","modified_gmt":"2022-04-04T00:30:03","slug":"lula-ou-bolsonaro-para-onde-vao-os-votos-de-moro-na-corrida-presidencial","status":"publish","type":"post","link":"https:\/\/www.p31noticias.com.br\/?p=25895","title":{"rendered":"Lula ou Bolsonaro? Para onde v\u00e3o os votos de Moro na corrida presidencial?"},"content":{"rendered":"<p style=\"text-align: justify;\"><em><strong>Pesquisas recentes ajudam a explicar o que pode ocorrer na disputa pelo Planalto nas pr\u00f3ximas semanas; ex-juiz trocou o Podemos pelo Uni\u00e3o Brasil e deve ser candidato a deputado federal.<\/strong><\/em><\/p>\n<p style=\"text-align: justify;\">A sa\u00edda de\u00a0<a href=\"https:\/\/jovempan.com.br\/tag\/sergio-moro\" target=\"_blank\" rel=\"noopener noreferrer\"><strong>Sergio Moro<\/strong><\/a>\u00a0(Uni\u00e3o Brasil) da lista de pr\u00e9-candidatos \u00e0 Presid\u00eancia da Rep\u00fablica n\u00e3o foi a primeira baixa da chamada terceira via, que busca se contrapor ao ex-presidente\u00a0<a href=\"https:\/\/jovempan.com.br\/tag\/lula\" target=\"_blank\" rel=\"noopener noreferrer\"><strong>Lula<\/strong><\/a>\u00a0(PT) e ao presidente\u00a0<a href=\"https:\/\/jovempan.com.br\/tag\/jair-bolsonaro\" target=\"_blank\" rel=\"noopener noreferrer\"><strong>Jair Bolsonaro<\/strong><\/a>\u00a0(PL), mas deve mudar o jogo de for\u00e7as entre os nomes que buscam vencer a elei\u00e7\u00e3o para o cargo mais importante do pa\u00eds. O ex-juiz da\u00a0<a href=\"https:\/\/jovempan.com.br\/tag\/lava-jato\" target=\"_blank\" rel=\"noopener noreferrer\"><strong>Lava Jato<\/strong><\/a>\u00a0deixa a disputa no momento em que enfrentava dificuldades para montar palanques estaduais \u2013 como ocorreu em S\u00e3o Paulo, onde o deputado estadual\u00a0<a href=\"https:\/\/jovempan.com.br\/tag\/arthur-do-val\" target=\"_blank\" rel=\"noopener noreferrer\"><strong>Arthur do Val<\/strong><\/a>\u00a0retirou sua pr\u00e9-candidatura ao governo do Estado ap\u00f3s o vazamento do \u00e1udio no qual afirmava que as refugiadas ucranianas \u201cs\u00e3o f\u00e1ceis porque s\u00e3o pobres\u201d \u2013 e oscilava entre 6% e 9% nas pesquisas de inten\u00e7\u00e3o de voto. Com a desist\u00eancia de Moro, quem herda os seus votos? Levantamentos divulgados recentemente ajudam a explicar o que pode ocorrer nas pr\u00f3ximas semanas.<\/p>\n<div class=\"clearfix text-center advert\" style=\"text-align: justify;\">\n<div id=\"ad-middle1\" class=\"ads-gam\" data-google-query-id=\"CLOopOuR-fYCFVU5uQYd7_8H8w\">\n<p>Pesquisa da Confedera\u00e7\u00e3o Nacional do Transporte (<a href=\"https:\/\/jovempan.com.br\/tag\/cnt\" target=\"_blank\" rel=\"noopener noreferrer\"><strong>CNT<\/strong><\/a>) divulgada em fevereiro mostra que, sem Moro, 25,8% dos eleitores que tinham o ex-juiz como primeira op\u00e7\u00e3o votaria em branco ou anularia seu voto. Entre os pr\u00e9-candidatos, o ex-ministro\u00a0<a href=\"https:\/\/jovempan.com.br\/tag\/ciro-gomes\" target=\"_blank\" rel=\"noopener noreferrer\"><strong>Ciro Gomes<\/strong><\/a>\u00a0(PDT) \u00e9 quem mais se beneficiaria, absorvendo 16,4% dos votos. Desafeto pol\u00edtico do agora filiado ao Uni\u00e3o Brasil, o presidente Jair Bolsonaro receberia 15,6%; Lula, por sua vez, ficaria com 10,2%. Pr\u00e9-candidato do PSDB ao Planalto, Jo\u00e3o Doria herda 8,6% dos votos.<\/p>\n<p>O levantamento da Genial\/Quaest do m\u00eas de mar\u00e7o traz outros cen\u00e1rios. No cen\u00e1rio de primeiro turno, 68% dos eleitores de Sergio Moro disseram que poderiam mudar de opini\u00e3o \u201ccaso algo aconte\u00e7a\u201d. Ainda segundo a pesquisa, 21% dos que apoiam o ex-juiz votariam em Lula \u201cpara acabar com a elei\u00e7\u00e3o no primeiro turno\u201d. Esse percentual sobe para 32% quando o entrevistado \u00e9 questionado se votaria em Bolsonaro \u201cpara evitar a vit\u00f3ria de Lula\u201d. A pesquisa tamb\u00e9m aponta que, na simula\u00e7\u00e3o em que o nome de Moro n\u00e3o \u00e9 testado, Ciro Gomes ganha um ponto percentual (vai de 7% para 8%), Bolsonaro vai de 26% a 28% e Lula, na lideran\u00e7a, avan\u00e7a de 44% para 48% das inten\u00e7\u00f5es de voto \u2013 nesta configura\u00e7\u00e3o, por\u00e9m, Jo\u00e3o Doria e Simone Tebet (MDB) n\u00e3o est\u00e3o inclu\u00eddos na disputa.<\/p>\n<p>Professor associado da Funda\u00e7\u00e3o Dom Cabral e autor do livro \u201cDinheiro, Elei\u00e7\u00f5es e Poder\u201d, Bruno Carazza fez uma s\u00e9rie de publica\u00e7\u00f5es em seu perfil no Twitter sobre as poss\u00edveis consequ\u00eancias da sa\u00edda de Moro da disputa presidencial. Para o especialista, as pr\u00f3ximas pesquisas ser\u00e3o fundamentais para indicar o futuro da terceira via. \u201cSobre as reviravoltas nas candidaturas da terceira via (a suposta desist\u00eancia de Moro e o vai-n\u00e3o-vai de Doria e Leite), \u00e9 bom ficar atento \u00e0s pr\u00f3ximas pesquisas, pois: 1) Os eleitores de Lula e Bolsonaro j\u00e1 t\u00eam seu voto consolidado, mas os nem-nem ainda n\u00e3o; 2) O eleitor de Moro, que ser\u00e1 disputado por Bolsonaro e pelos terceira via que permanecem no p\u00e1reo (Doria, Simone Tebet e Leite) diz priorizar honestidade, proposta dos candidatos e situa\u00e7\u00e3o econ\u00f4mica do pa\u00eds \u2013 o que n\u00e3o s\u00e3o pontos fortes de Bolsonaro neste momento. Al\u00e9m disso, nesta altura da campanha, a tese do voto \u00fatil em Bolsonaro para evitar uma vit\u00f3ria de Lula no primeiro turno ainda n\u00e3o \u00e9 a predominante entre os eleitores de Moro. Resumindo: se as pr\u00f3ximas pesquisas eleitorais realizadas sem o nome de Moro entre os candidatos n\u00e3o indicarem um crescimento significativo de Doria, Tebet ou Leite, e sim um ganho expressivo para Bolsonaro, pode ser a comprova\u00e7\u00e3o definitiva de que a terceira via \u00e9 invi\u00e1vel\u201d, escreveu.<\/p>\n<\/div>\n<\/div>\n<div class=\"twitter-tweet twitter-tweet-rendered\" style=\"text-align: justify;\"><iframe id=\"twitter-widget-0\" class=\"\" title=\"Twitter Tweet\" src=\"https:\/\/platform.twitter.com\/embed\/Tweet.html?dnt=true&amp;embedId=twitter-widget-0&amp;features=eyJ0ZndfZXhwZXJpbWVudHNfY29va2llX2V4cGlyYXRpb24iOnsiYnVja2V0IjoxMjA5NjAwLCJ2ZXJzaW9uIjpudWxsfSwidGZ3X3NrZWxldG9uX2xvYWRpbmdfMTMzOTgiOnsiYnVja2V0IjoiY3RhIiwidmVyc2lvbiI6bnVsbH0sInRmd19zcGFjZV9jYXJkIjp7ImJ1Y2tldCI6Im9mZiIsInZlcnNpb24iOm51bGx9LCJ0Zndfc2Vuc2l0aXZlX21lZGlhX2ludGVyc3RpdGlhbF8xMzk2MyI6eyJidWNrZXQiOiJpbnRlcnN0aXRpYWwiLCJ2ZXJzaW9uIjo0fX0%3D&amp;frame=false&amp;hideCard=false&amp;hideThread=false&amp;id=1509889287302619139&amp;lang=pt&amp;origin=https%3A%2F%2Fjovempan.com.br%2Fjpnews&amp;sessionId=f3141c7df84e0f508724615a0b4ab72e82cd994b&amp;siteScreenName=portaljovempan&amp;theme=light&amp;widgetsVersion=f9f80a909a60b%3A1648751432723&amp;width=500px\" frameborder=\"0\" scrolling=\"no\" allowfullscreen=\"allowfullscreen\" data-tweet-id=\"1509889287302619139\" data-mce-fragment=\"1\"><\/iframe><\/div>\n<p>&nbsp;<\/p>\n<p>JP NEWS.<\/p>\n","protected":false},"excerpt":{"rendered":"<p>Pesquisas recentes ajudam a explicar o que pode ocorrer na disputa pelo Planalto nas pr\u00f3ximas semanas; ex-juiz trocou o Podemos pelo Uni\u00e3o Brasil e deve ser candidato a deputado federal. A sa\u00edda de\u00a0Sergio Moro\u00a0(Uni\u00e3o Brasil) da lista de pr\u00e9-candidatos \u00e0 Presid\u00eancia da Rep\u00fablica n\u00e3o foi a primeira baixa da chamada terceira via, que busca se [&hellip;]<\/p>\n","protected":false},"author":2,"featured_media":25896,"comment_status":"open","ping_status":"open","sticky":false,"template":"","format":"standard","meta":{"footnotes":""},"categories":[57],"tags":[],"class_list":{"0":"post-25895","1":"post","2":"type-post","3":"status-publish","4":"format-standard","5":"has-post-thumbnail","7":"category-politica"},"yoast_head":"<!-- This site is optimized with the Yoast SEO Premium plugin v24.5 (Yoast SEO v27.5) - https:\/\/yoast.com\/product\/yoast-seo-premium-wordpress\/ -->\n<title>Lula ou Bolsonaro? Para onde v\u00e3o os votos de Moro na corrida presidencial? - P31<\/title>\n<meta name=\"robots\" content=\"index, follow, max-snippet:-1, max-image-preview:large, max-video-preview:-1\" \/>\n<link rel=\"canonical\" href=\"https:\/\/www.p31noticias.com.br\/?p=25895\" \/>\n<meta property=\"og:locale\" content=\"pt_BR\" \/>\n<meta property=\"og:type\" content=\"article\" \/>\n<meta property=\"og:title\" content=\"Lula ou Bolsonaro? Para onde v\u00e3o os votos de Moro na corrida presidencial?\" \/>\n<meta property=\"og:description\" content=\"Pesquisas recentes ajudam a explicar o que pode ocorrer na disputa pelo Planalto nas pr\u00f3ximas semanas; ex-juiz trocou o Podemos pelo Uni\u00e3o Brasil e deve ser candidato a deputado federal. A sa\u00edda de\u00a0Sergio Moro\u00a0(Uni\u00e3o Brasil) da lista de pr\u00e9-candidatos \u00e0 Presid\u00eancia da Rep\u00fablica n\u00e3o foi a primeira baixa da chamada terceira via, que busca se [&hellip;]\" \/>\n<meta property=\"og:url\" content=\"https:\/\/www.p31noticias.com.br\/?p=25895\" \/>\n<meta property=\"og:site_name\" content=\"P31\" \/>\n<meta property=\"article:published_time\" content=\"2022-04-04T00:30:03+00:00\" \/>\n<meta property=\"og:image\" content=\"https:\/\/www.p31noticias.com.br\/wp-content\/uploads\/2022\/04\/download-5.jpg\" \/>\n\t<meta property=\"og:image:width\" content=\"275\" \/>\n\t<meta property=\"og:image:height\" content=\"183\" \/>\n\t<meta property=\"og:image:type\" content=\"image\/jpeg\" \/>\n<meta name=\"author\" content=\"Gon\u00e7alves Junior\" \/>\n<meta name=\"twitter:card\" content=\"summary_large_image\" \/>\n<meta name=\"twitter:label1\" content=\"Escrito por\" \/>\n\t<meta name=\"twitter:data1\" content=\"Gon\u00e7alves Junior\" \/>\n\t<meta name=\"twitter:label2\" content=\"Est. tempo de leitura\" \/>\n\t<meta name=\"twitter:data2\" content=\"3 minutos\" \/>\n<script type=\"application\/ld+json\" class=\"yoast-schema-graph\">{\"@context\":\"https:\\\/\\\/schema.org\",\"@graph\":[{\"@type\":\"Article\",\"@id\":\"https:\\\/\\\/www.p31noticias.com.br\\\/?p=25895#article\",\"isPartOf\":{\"@id\":\"https:\\\/\\\/www.p31noticias.com.br\\\/?p=25895\"},\"author\":{\"name\":\"Gon\u00e7alves Junior\",\"@id\":\"https:\\\/\\\/www.p31noticias.com.br\\\/#\\\/schema\\\/person\\\/95f2ece30e3b4132065b915150cd0f94\"},\"headline\":\"Lula ou Bolsonaro? Para onde v\u00e3o os votos de Moro na corrida presidencial?\",\"datePublished\":\"2022-04-04T00:30:03+00:00\",\"mainEntityOfPage\":{\"@id\":\"https:\\\/\\\/www.p31noticias.com.br\\\/?p=25895\"},\"wordCount\":676,\"commentCount\":0,\"image\":{\"@id\":\"https:\\\/\\\/www.p31noticias.com.br\\\/?p=25895#primaryimage\"},\"thumbnailUrl\":\"https:\\\/\\\/www.p31noticias.com.br\\\/wp-content\\\/uploads\\\/2022\\\/04\\\/download-5.jpg\",\"articleSection\":[\"Pol\u00edtica\"],\"inLanguage\":\"pt-BR\",\"potentialAction\":[{\"@type\":\"CommentAction\",\"name\":\"Comment\",\"target\":[\"https:\\\/\\\/www.p31noticias.com.br\\\/?p=25895#respond\"]}],\"copyrightYear\":\"2022\",\"copyrightHolder\":{\"@id\":\"https:\\\/\\\/www.p31noticias.com.br\\\/#organization\"}},{\"@type\":\"WebPage\",\"@id\":\"https:\\\/\\\/www.p31noticias.com.br\\\/?p=25895\",\"url\":\"https:\\\/\\\/www.p31noticias.com.br\\\/?p=25895\",\"name\":\"Lula ou Bolsonaro? Para onde v\u00e3o os votos de Moro na corrida presidencial? - P31\",\"isPartOf\":{\"@id\":\"https:\\\/\\\/www.p31noticias.com.br\\\/#website\"},\"primaryImageOfPage\":{\"@id\":\"https:\\\/\\\/www.p31noticias.com.br\\\/?p=25895#primaryimage\"},\"image\":{\"@id\":\"https:\\\/\\\/www.p31noticias.com.br\\\/?p=25895#primaryimage\"},\"thumbnailUrl\":\"https:\\\/\\\/www.p31noticias.com.br\\\/wp-content\\\/uploads\\\/2022\\\/04\\\/download-5.jpg\",\"datePublished\":\"2022-04-04T00:30:03+00:00\",\"author\":{\"@id\":\"https:\\\/\\\/www.p31noticias.com.br\\\/#\\\/schema\\\/person\\\/95f2ece30e3b4132065b915150cd0f94\"},\"breadcrumb\":{\"@id\":\"https:\\\/\\\/www.p31noticias.com.br\\\/?p=25895#breadcrumb\"},\"inLanguage\":\"pt-BR\",\"potentialAction\":[{\"@type\":\"ReadAction\",\"target\":[\"https:\\\/\\\/www.p31noticias.com.br\\\/?p=25895\"]}]},{\"@type\":\"ImageObject\",\"inLanguage\":\"pt-BR\",\"@id\":\"https:\\\/\\\/www.p31noticias.com.br\\\/?p=25895#primaryimage\",\"url\":\"https:\\\/\\\/www.p31noticias.com.br\\\/wp-content\\\/uploads\\\/2022\\\/04\\\/download-5.jpg\",\"contentUrl\":\"https:\\\/\\\/www.p31noticias.com.br\\\/wp-content\\\/uploads\\\/2022\\\/04\\\/download-5.jpg\",\"width\":275,\"height\":183},{\"@type\":\"BreadcrumbList\",\"@id\":\"https:\\\/\\\/www.p31noticias.com.br\\\/?p=25895#breadcrumb\",\"itemListElement\":[{\"@type\":\"ListItem\",\"position\":1,\"name\":\"In\u00edcio\",\"item\":\"https:\\\/\\\/www.p31noticias.com.br\\\/\"},{\"@type\":\"ListItem\",\"position\":2,\"name\":\"Lula ou Bolsonaro? Para onde v\u00e3o os votos de Moro na corrida presidencial?\"}]},{\"@type\":\"WebSite\",\"@id\":\"https:\\\/\\\/www.p31noticias.com.br\\\/#website\",\"url\":\"https:\\\/\\\/www.p31noticias.com.br\\\/\",\"name\":\"P31\",\"description\":\"NOT\u00cdCIAS\",\"potentialAction\":[{\"@type\":\"SearchAction\",\"target\":{\"@type\":\"EntryPoint\",\"urlTemplate\":\"https:\\\/\\\/www.p31noticias.com.br\\\/?s={search_term_string}\"},\"query-input\":{\"@type\":\"PropertyValueSpecification\",\"valueRequired\":true,\"valueName\":\"search_term_string\"}}],\"inLanguage\":\"pt-BR\"},{\"@type\":\"Person\",\"@id\":\"https:\\\/\\\/www.p31noticias.com.br\\\/#\\\/schema\\\/person\\\/95f2ece30e3b4132065b915150cd0f94\",\"name\":\"Gon\u00e7alves Junior\",\"image\":{\"@type\":\"ImageObject\",\"inLanguage\":\"pt-BR\",\"@id\":\"https:\\\/\\\/secure.gravatar.com\\\/avatar\\\/6711f350116a89762687a48d66f723c799e5438a5b7578508d4294cd7a5d0800?s=96&d=mm&r=g\",\"url\":\"https:\\\/\\\/secure.gravatar.com\\\/avatar\\\/6711f350116a89762687a48d66f723c799e5438a5b7578508d4294cd7a5d0800?s=96&d=mm&r=g\",\"contentUrl\":\"https:\\\/\\\/secure.gravatar.com\\\/avatar\\\/6711f350116a89762687a48d66f723c799e5438a5b7578508d4294cd7a5d0800?s=96&d=mm&r=g\",\"caption\":\"Gon\u00e7alves Junior\"},\"url\":\"https:\\\/\\\/www.p31noticias.com.br\\\/?author=2\"}]}<\/script>\n<!-- \/ Yoast SEO Premium plugin. -->","yoast_head_json":{"title":"Lula ou Bolsonaro? Para onde v\u00e3o os votos de Moro na corrida presidencial? - P31","robots":{"index":"index","follow":"follow","max-snippet":"max-snippet:-1","max-image-preview":"max-image-preview:large","max-video-preview":"max-video-preview:-1"},"canonical":"https:\/\/www.p31noticias.com.br\/?p=25895","og_locale":"pt_BR","og_type":"article","og_title":"Lula ou Bolsonaro? Para onde v\u00e3o os votos de Moro na corrida presidencial?","og_description":"Pesquisas recentes ajudam a explicar o que pode ocorrer na disputa pelo Planalto nas pr\u00f3ximas semanas; ex-juiz trocou o Podemos pelo Uni\u00e3o Brasil e deve ser candidato a deputado federal. A sa\u00edda de\u00a0Sergio Moro\u00a0(Uni\u00e3o Brasil) da lista de pr\u00e9-candidatos \u00e0 Presid\u00eancia da Rep\u00fablica n\u00e3o foi a primeira baixa da chamada terceira via, que busca se [&hellip;]","og_url":"https:\/\/www.p31noticias.com.br\/?p=25895","og_site_name":"P31","article_published_time":"2022-04-04T00:30:03+00:00","og_image":[{"width":275,"height":183,"url":"https:\/\/www.p31noticias.com.br\/wp-content\/uploads\/2022\/04\/download-5.jpg","type":"image\/jpeg"}],"author":"Gon\u00e7alves Junior","twitter_card":"summary_large_image","twitter_misc":{"Escrito por":"Gon\u00e7alves Junior","Est. tempo de leitura":"3 minutos"},"schema":{"@context":"https:\/\/schema.org","@graph":[{"@type":"Article","@id":"https:\/\/www.p31noticias.com.br\/?p=25895#article","isPartOf":{"@id":"https:\/\/www.p31noticias.com.br\/?p=25895"},"author":{"name":"Gon\u00e7alves Junior","@id":"https:\/\/www.p31noticias.com.br\/#\/schema\/person\/95f2ece30e3b4132065b915150cd0f94"},"headline":"Lula ou Bolsonaro? Para onde v\u00e3o os votos de Moro na corrida presidencial?","datePublished":"2022-04-04T00:30:03+00:00","mainEntityOfPage":{"@id":"https:\/\/www.p31noticias.com.br\/?p=25895"},"wordCount":676,"commentCount":0,"image":{"@id":"https:\/\/www.p31noticias.com.br\/?p=25895#primaryimage"},"thumbnailUrl":"https:\/\/www.p31noticias.com.br\/wp-content\/uploads\/2022\/04\/download-5.jpg","articleSection":["Pol\u00edtica"],"inLanguage":"pt-BR","potentialAction":[{"@type":"CommentAction","name":"Comment","target":["https:\/\/www.p31noticias.com.br\/?p=25895#respond"]}],"copyrightYear":"2022","copyrightHolder":{"@id":"https:\/\/www.p31noticias.com.br\/#organization"}},{"@type":"WebPage","@id":"https:\/\/www.p31noticias.com.br\/?p=25895","url":"https:\/\/www.p31noticias.com.br\/?p=25895","name":"Lula ou Bolsonaro? Para onde v\u00e3o os votos de Moro na corrida presidencial? - P31","isPartOf":{"@id":"https:\/\/www.p31noticias.com.br\/#website"},"primaryImageOfPage":{"@id":"https:\/\/www.p31noticias.com.br\/?p=25895#primaryimage"},"image":{"@id":"https:\/\/www.p31noticias.com.br\/?p=25895#primaryimage"},"thumbnailUrl":"https:\/\/www.p31noticias.com.br\/wp-content\/uploads\/2022\/04\/download-5.jpg","datePublished":"2022-04-04T00:30:03+00:00","author":{"@id":"https:\/\/www.p31noticias.com.br\/#\/schema\/person\/95f2ece30e3b4132065b915150cd0f94"},"breadcrumb":{"@id":"https:\/\/www.p31noticias.com.br\/?p=25895#breadcrumb"},"inLanguage":"pt-BR","potentialAction":[{"@type":"ReadAction","target":["https:\/\/www.p31noticias.com.br\/?p=25895"]}]},{"@type":"ImageObject","inLanguage":"pt-BR","@id":"https:\/\/www.p31noticias.com.br\/?p=25895#primaryimage","url":"https:\/\/www.p31noticias.com.br\/wp-content\/uploads\/2022\/04\/download-5.jpg","contentUrl":"https:\/\/www.p31noticias.com.br\/wp-content\/uploads\/2022\/04\/download-5.jpg","width":275,"height":183},{"@type":"BreadcrumbList","@id":"https:\/\/www.p31noticias.com.br\/?p=25895#breadcrumb","itemListElement":[{"@type":"ListItem","position":1,"name":"In\u00edcio","item":"https:\/\/www.p31noticias.com.br\/"},{"@type":"ListItem","position":2,"name":"Lula ou Bolsonaro? Para onde v\u00e3o os votos de Moro na corrida presidencial?"}]},{"@type":"WebSite","@id":"https:\/\/www.p31noticias.com.br\/#website","url":"https:\/\/www.p31noticias.com.br\/","name":"P31","description":"NOT\u00cdCIAS","potentialAction":[{"@type":"SearchAction","target":{"@type":"EntryPoint","urlTemplate":"https:\/\/www.p31noticias.com.br\/?s={search_term_string}"},"query-input":{"@type":"PropertyValueSpecification","valueRequired":true,"valueName":"search_term_string"}}],"inLanguage":"pt-BR"},{"@type":"Person","@id":"https:\/\/www.p31noticias.com.br\/#\/schema\/person\/95f2ece30e3b4132065b915150cd0f94","name":"Gon\u00e7alves Junior","image":{"@type":"ImageObject","inLanguage":"pt-BR","@id":"https:\/\/secure.gravatar.com\/avatar\/6711f350116a89762687a48d66f723c799e5438a5b7578508d4294cd7a5d0800?s=96&d=mm&r=g","url":"https:\/\/secure.gravatar.com\/avatar\/6711f350116a89762687a48d66f723c799e5438a5b7578508d4294cd7a5d0800?s=96&d=mm&r=g","contentUrl":"https:\/\/secure.gravatar.com\/avatar\/6711f350116a89762687a48d66f723c799e5438a5b7578508d4294cd7a5d0800?s=96&d=mm&r=g","caption":"Gon\u00e7alves Junior"},"url":"https:\/\/www.p31noticias.com.br\/?author=2"}]}},"amp_enabled":true,"_links":{"self":[{"href":"https:\/\/www.p31noticias.com.br\/index.php?rest_route=\/wp\/v2\/posts\/25895","targetHints":{"allow":["GET"]}}],"collection":[{"href":"https:\/\/www.p31noticias.com.br\/index.php?rest_route=\/wp\/v2\/posts"}],"about":[{"href":"https:\/\/www.p31noticias.com.br\/index.php?rest_route=\/wp\/v2\/types\/post"}],"author":[{"embeddable":true,"href":"https:\/\/www.p31noticias.com.br\/index.php?rest_route=\/wp\/v2\/users\/2"}],"replies":[{"embeddable":true,"href":"https:\/\/www.p31noticias.com.br\/index.php?rest_route=%2Fwp%2Fv2%2Fcomments&post=25895"}],"version-history":[{"count":1,"href":"https:\/\/www.p31noticias.com.br\/index.php?rest_route=\/wp\/v2\/posts\/25895\/revisions"}],"predecessor-version":[{"id":25897,"href":"https:\/\/www.p31noticias.com.br\/index.php?rest_route=\/wp\/v2\/posts\/25895\/revisions\/25897"}],"wp:featuredmedia":[{"embeddable":true,"href":"https:\/\/www.p31noticias.com.br\/index.php?rest_route=\/wp\/v2\/media\/25896"}],"wp:attachment":[{"href":"https:\/\/www.p31noticias.com.br\/index.php?rest_route=%2Fwp%2Fv2%2Fmedia&parent=25895"}],"wp:term":[{"taxonomy":"category","embeddable":true,"href":"https:\/\/www.p31noticias.com.br\/index.php?rest_route=%2Fwp%2Fv2%2Fcategories&post=25895"},{"taxonomy":"post_tag","embeddable":true,"href":"https:\/\/www.p31noticias.com.br\/index.php?rest_route=%2Fwp%2Fv2%2Ftags&post=25895"}],"curies":[{"name":"wp","href":"https:\/\/api.w.org\/{rel}","templated":true}]}}