{"id":25891,"date":"2022-04-02T00:35:04","date_gmt":"2022-04-02T03:35:04","guid":{"rendered":"https:\/\/p31noticias.com.br\/?p=25891"},"modified":"2022-04-02T00:35:04","modified_gmt":"2022-04-02T03:35:04","slug":"reguffe-e-paula-belmonte-anunciam-alianca-para-revolucionar-a-politica-local","status":"publish","type":"post","link":"https:\/\/www.p31noticias.com.br\/?p=25891","title":{"rendered":"Reguffe e Paula Belmonte anunciam alian\u00e7a para revolucionar a pol\u00edtica local."},"content":{"rendered":"<p style=\"font-weight: 400; text-align: justify;\"><em><strong>&#8220;Prontos para a disputa&#8221;.\u00a0 Reguffe e Paula Belmonte anunciam alian\u00e7a para mudar o DF.<\/strong><\/em><\/p>\n<p style=\"font-weight: 400; text-align: justify;\">A seis meses das elei\u00e7\u00f5es, o cen\u00e1rio pol\u00edtico no Distrito Federal est\u00e1 ganhando forma. O governador Ibaneis Rocha ter\u00e1 que enfrentar uma dura oposi\u00e7\u00e3o, j\u00e1 que mostrou um trabalho incapaz de dar respostas para a popula\u00e7\u00e3o. O grupo pol\u00edtico formado pelo senador Reguffe e a deputada federal Paula Belmonte \u00e9 competitivo e pode atrapalhar o sonho da reelei\u00e7\u00e3o.<\/p>\n<p style=\"font-weight: 400; text-align: justify;\">A dupla formada por Reguffe e Paula \u00e9 tida como a \u00fanica frente de oposi\u00e7\u00e3o em condi\u00e7\u00f5es de derrotar o atual governo. S\u00e3o parlamentares que representam a mudan\u00e7a, em vez dos discursos reciclados do grupo que d\u00e1 suporte ao governador.<\/p>\n<p style=\"font-weight: 400; text-align: justify;\">De casa nova, o senador Reguffe ganhou ainda mais for\u00e7a ao trocar o Podemos pelo Uni\u00e3o Brasil. \u201c\u00c9 uma decis\u00e3o importante para que possamos construir uma frente ampla pelo Distrito Federal. Eu exigi que o Uni\u00e3o Brasil me d\u00ea total liberdade de voz, voto e posi\u00e7\u00e3o\u201d, afirma. O pr\u00e9-candidato deve ter mais tempo de televis\u00e3o e uma melhor estrutura partid\u00e1ria. Ao lado da deputada Paula Belmonte, a composi\u00e7\u00e3o se mostra forte o suficiente para cair no gosto dos eleitores brasilienses.<\/p>\n<p style=\"font-weight: 400; text-align: justify;\">O peso pol\u00edtico do partido tamb\u00e9m conta, afinal s\u00e3o 54 deputados na C\u00e2mara, o segundo maior, e, no Senado, a bancada tamb\u00e9m \u00e9 robusta, com cinco cadeiras. Paula Belmonte atualmente est\u00e1 filiada ao Cidadania, que garantiu que ela seja candidata ao Senado. O grupo negocia tamb\u00e9m com o PSC e a coliga\u00e7\u00e3o pode ter mais de cinco legendas aliadas.<\/p>\n<p style=\"font-weight: 400; text-align: justify;\">Tanto Reguffe quanto Paula foram eleitos com discursos contra a corrup\u00e7\u00e3o e contra as regalias dos pol\u00edticos. Ambos abriram m\u00e3o da cota parlamentar, de im\u00f3vel, carro e celular funcionais. A meta dos dois \u00e9 formar uma gest\u00e3o focada no respeito ao dinheiro do contribuinte, sem esquecer das \u00e1reas com mais problemas no Distrito Federal: sa\u00fade, transporte p\u00fablico, educa\u00e7\u00e3o e seguran\u00e7a.<\/p>\n<p style=\"font-weight: 400; text-align: justify;\">O foco na melhoria da qualidade dos servi\u00e7os p\u00fablicos deve ser o foco da gest\u00e3o de Reguffe. O pr\u00e9-candidato pretende tirar a sa\u00fade do DF das p\u00e1ginas policiais. Irregularidades na compra de testes r\u00e1pidos levar toda a c\u00fapula da Secretaria de Sa\u00fade \u00e0 cadeia, o que foi o ponto de partida para in\u00fameras den\u00fancias, principalmente no Instituto de Gest\u00e3o de Sa\u00fade do Distrito Federal (Iges).<\/p>\n<p style=\"font-weight: 400; text-align: justify;\">A deputada Paula Belmonte ganhou destaque por ser uma das poucas vozes que se posicionaram contra a atua\u00e7\u00e3o de Ibaneis. Embora esteja fazendo uma gest\u00e3o com v\u00e1rios esc\u00e2ndalos em todas as \u00e1reas, o governador tem sido pouco criticado pelos parlamentares do DF.<\/p>\n<p>Assessoria de Comunica\u00e7\u00e3o Dep. Paula Belmonte.<\/p>\n","protected":false},"excerpt":{"rendered":"<p>&#8220;Prontos para a disputa&#8221;.\u00a0 Reguffe e Paula Belmonte anunciam alian\u00e7a para mudar o DF. A seis meses das elei\u00e7\u00f5es, o cen\u00e1rio pol\u00edtico no Distrito Federal est\u00e1 ganhando forma. O governador Ibaneis Rocha ter\u00e1 que enfrentar uma dura oposi\u00e7\u00e3o, j\u00e1 que mostrou um trabalho incapaz de dar respostas para a popula\u00e7\u00e3o. O grupo pol\u00edtico formado pelo [&hellip;]<\/p>\n","protected":false},"author":2,"featured_media":25892,"comment_status":"open","ping_status":"open","sticky":false,"template":"","format":"standard","meta":{"footnotes":""},"categories":[21,57],"tags":[],"class_list":{"0":"post-25891","1":"post","2":"type-post","3":"status-publish","4":"format-standard","5":"has-post-thumbnail","7":"category-brasilia","8":"category-politica"},"yoast_head":"<!-- This site is optimized with the Yoast SEO Premium plugin v24.5 (Yoast SEO v27.5) - https:\/\/yoast.com\/product\/yoast-seo-premium-wordpress\/ -->\n<title>Reguffe e Paula Belmonte anunciam alian\u00e7a para revolucionar a pol\u00edtica local. - P31<\/title>\n<meta name=\"robots\" content=\"index, follow, max-snippet:-1, max-image-preview:large, max-video-preview:-1\" \/>\n<link rel=\"canonical\" href=\"https:\/\/www.p31noticias.com.br\/?p=25891\" \/>\n<meta property=\"og:locale\" content=\"pt_BR\" \/>\n<meta property=\"og:type\" content=\"article\" \/>\n<meta property=\"og:title\" content=\"Reguffe e Paula Belmonte anunciam alian\u00e7a para revolucionar a pol\u00edtica local.\" \/>\n<meta property=\"og:description\" content=\"&#8220;Prontos para a disputa&#8221;.\u00a0 Reguffe e Paula Belmonte anunciam alian\u00e7a para mudar o DF. A seis meses das elei\u00e7\u00f5es, o cen\u00e1rio pol\u00edtico no Distrito Federal est\u00e1 ganhando forma. O governador Ibaneis Rocha ter\u00e1 que enfrentar uma dura oposi\u00e7\u00e3o, j\u00e1 que mostrou um trabalho incapaz de dar respostas para a popula\u00e7\u00e3o. O grupo pol\u00edtico formado pelo [&hellip;]\" \/>\n<meta property=\"og:url\" content=\"https:\/\/www.p31noticias.com.br\/?p=25891\" \/>\n<meta property=\"og:site_name\" content=\"P31\" \/>\n<meta property=\"article:published_time\" content=\"2022-04-02T03:35:04+00:00\" \/>\n<meta property=\"og:image\" content=\"https:\/\/www.p31noticias.com.br\/wp-content\/uploads\/2022\/04\/Foto-Paula-Reguffe.jpg\" \/>\n\t<meta property=\"og:image:width\" content=\"1896\" \/>\n\t<meta property=\"og:image:height\" content=\"1263\" \/>\n\t<meta property=\"og:image:type\" content=\"image\/jpeg\" \/>\n<meta name=\"author\" content=\"Gon\u00e7alves Junior\" \/>\n<meta name=\"twitter:card\" content=\"summary_large_image\" \/>\n<meta name=\"twitter:label1\" content=\"Escrito por\" \/>\n\t<meta name=\"twitter:data1\" content=\"Gon\u00e7alves Junior\" \/>\n\t<meta name=\"twitter:label2\" content=\"Est. tempo de leitura\" \/>\n\t<meta name=\"twitter:data2\" content=\"2 minutos\" \/>\n<script type=\"application\/ld+json\" class=\"yoast-schema-graph\">{\"@context\":\"https:\\\/\\\/schema.org\",\"@graph\":[{\"@type\":\"Article\",\"@id\":\"https:\\\/\\\/www.p31noticias.com.br\\\/?p=25891#article\",\"isPartOf\":{\"@id\":\"https:\\\/\\\/www.p31noticias.com.br\\\/?p=25891\"},\"author\":{\"name\":\"Gon\u00e7alves Junior\",\"@id\":\"https:\\\/\\\/www.p31noticias.com.br\\\/#\\\/schema\\\/person\\\/95f2ece30e3b4132065b915150cd0f94\"},\"headline\":\"Reguffe e Paula Belmonte anunciam alian\u00e7a para revolucionar a pol\u00edtica local.\",\"datePublished\":\"2022-04-02T03:35:04+00:00\",\"mainEntityOfPage\":{\"@id\":\"https:\\\/\\\/www.p31noticias.com.br\\\/?p=25891\"},\"wordCount\":485,\"commentCount\":0,\"image\":{\"@id\":\"https:\\\/\\\/www.p31noticias.com.br\\\/?p=25891#primaryimage\"},\"thumbnailUrl\":\"https:\\\/\\\/www.p31noticias.com.br\\\/wp-content\\\/uploads\\\/2022\\\/04\\\/Foto-Paula-Reguffe.jpg\",\"articleSection\":[\"Bras\u00edlia\",\"Pol\u00edtica\"],\"inLanguage\":\"pt-BR\",\"potentialAction\":[{\"@type\":\"CommentAction\",\"name\":\"Comment\",\"target\":[\"https:\\\/\\\/www.p31noticias.com.br\\\/?p=25891#respond\"]}],\"copyrightYear\":\"2022\",\"copyrightHolder\":{\"@id\":\"https:\\\/\\\/www.p31noticias.com.br\\\/#organization\"}},{\"@type\":\"WebPage\",\"@id\":\"https:\\\/\\\/www.p31noticias.com.br\\\/?p=25891\",\"url\":\"https:\\\/\\\/www.p31noticias.com.br\\\/?p=25891\",\"name\":\"Reguffe e Paula Belmonte anunciam alian\u00e7a para revolucionar a pol\u00edtica local. - P31\",\"isPartOf\":{\"@id\":\"https:\\\/\\\/www.p31noticias.com.br\\\/#website\"},\"primaryImageOfPage\":{\"@id\":\"https:\\\/\\\/www.p31noticias.com.br\\\/?p=25891#primaryimage\"},\"image\":{\"@id\":\"https:\\\/\\\/www.p31noticias.com.br\\\/?p=25891#primaryimage\"},\"thumbnailUrl\":\"https:\\\/\\\/www.p31noticias.com.br\\\/wp-content\\\/uploads\\\/2022\\\/04\\\/Foto-Paula-Reguffe.jpg\",\"datePublished\":\"2022-04-02T03:35:04+00:00\",\"author\":{\"@id\":\"https:\\\/\\\/www.p31noticias.com.br\\\/#\\\/schema\\\/person\\\/95f2ece30e3b4132065b915150cd0f94\"},\"breadcrumb\":{\"@id\":\"https:\\\/\\\/www.p31noticias.com.br\\\/?p=25891#breadcrumb\"},\"inLanguage\":\"pt-BR\",\"potentialAction\":[{\"@type\":\"ReadAction\",\"target\":[\"https:\\\/\\\/www.p31noticias.com.br\\\/?p=25891\"]}]},{\"@type\":\"ImageObject\",\"inLanguage\":\"pt-BR\",\"@id\":\"https:\\\/\\\/www.p31noticias.com.br\\\/?p=25891#primaryimage\",\"url\":\"https:\\\/\\\/www.p31noticias.com.br\\\/wp-content\\\/uploads\\\/2022\\\/04\\\/Foto-Paula-Reguffe.jpg\",\"contentUrl\":\"https:\\\/\\\/www.p31noticias.com.br\\\/wp-content\\\/uploads\\\/2022\\\/04\\\/Foto-Paula-Reguffe.jpg\",\"width\":1896,\"height\":1263},{\"@type\":\"BreadcrumbList\",\"@id\":\"https:\\\/\\\/www.p31noticias.com.br\\\/?p=25891#breadcrumb\",\"itemListElement\":[{\"@type\":\"ListItem\",\"position\":1,\"name\":\"In\u00edcio\",\"item\":\"https:\\\/\\\/www.p31noticias.com.br\\\/\"},{\"@type\":\"ListItem\",\"position\":2,\"name\":\"Reguffe e Paula Belmonte anunciam alian\u00e7a para revolucionar a pol\u00edtica local.\"}]},{\"@type\":\"WebSite\",\"@id\":\"https:\\\/\\\/www.p31noticias.com.br\\\/#website\",\"url\":\"https:\\\/\\\/www.p31noticias.com.br\\\/\",\"name\":\"P31\",\"description\":\"NOT\u00cdCIAS\",\"potentialAction\":[{\"@type\":\"SearchAction\",\"target\":{\"@type\":\"EntryPoint\",\"urlTemplate\":\"https:\\\/\\\/www.p31noticias.com.br\\\/?s={search_term_string}\"},\"query-input\":{\"@type\":\"PropertyValueSpecification\",\"valueRequired\":true,\"valueName\":\"search_term_string\"}}],\"inLanguage\":\"pt-BR\"},{\"@type\":\"Person\",\"@id\":\"https:\\\/\\\/www.p31noticias.com.br\\\/#\\\/schema\\\/person\\\/95f2ece30e3b4132065b915150cd0f94\",\"name\":\"Gon\u00e7alves Junior\",\"image\":{\"@type\":\"ImageObject\",\"inLanguage\":\"pt-BR\",\"@id\":\"https:\\\/\\\/secure.gravatar.com\\\/avatar\\\/6711f350116a89762687a48d66f723c799e5438a5b7578508d4294cd7a5d0800?s=96&d=mm&r=g\",\"url\":\"https:\\\/\\\/secure.gravatar.com\\\/avatar\\\/6711f350116a89762687a48d66f723c799e5438a5b7578508d4294cd7a5d0800?s=96&d=mm&r=g\",\"contentUrl\":\"https:\\\/\\\/secure.gravatar.com\\\/avatar\\\/6711f350116a89762687a48d66f723c799e5438a5b7578508d4294cd7a5d0800?s=96&d=mm&r=g\",\"caption\":\"Gon\u00e7alves Junior\"},\"url\":\"https:\\\/\\\/www.p31noticias.com.br\\\/?author=2\"}]}<\/script>\n<!-- \/ Yoast SEO Premium plugin. -->","yoast_head_json":{"title":"Reguffe e Paula Belmonte anunciam alian\u00e7a para revolucionar a pol\u00edtica local. - P31","robots":{"index":"index","follow":"follow","max-snippet":"max-snippet:-1","max-image-preview":"max-image-preview:large","max-video-preview":"max-video-preview:-1"},"canonical":"https:\/\/www.p31noticias.com.br\/?p=25891","og_locale":"pt_BR","og_type":"article","og_title":"Reguffe e Paula Belmonte anunciam alian\u00e7a para revolucionar a pol\u00edtica local.","og_description":"&#8220;Prontos para a disputa&#8221;.\u00a0 Reguffe e Paula Belmonte anunciam alian\u00e7a para mudar o DF. A seis meses das elei\u00e7\u00f5es, o cen\u00e1rio pol\u00edtico no Distrito Federal est\u00e1 ganhando forma. O governador Ibaneis Rocha ter\u00e1 que enfrentar uma dura oposi\u00e7\u00e3o, j\u00e1 que mostrou um trabalho incapaz de dar respostas para a popula\u00e7\u00e3o. O grupo pol\u00edtico formado pelo [&hellip;]","og_url":"https:\/\/www.p31noticias.com.br\/?p=25891","og_site_name":"P31","article_published_time":"2022-04-02T03:35:04+00:00","og_image":[{"width":1896,"height":1263,"url":"https:\/\/www.p31noticias.com.br\/wp-content\/uploads\/2022\/04\/Foto-Paula-Reguffe.jpg","type":"image\/jpeg"}],"author":"Gon\u00e7alves Junior","twitter_card":"summary_large_image","twitter_misc":{"Escrito por":"Gon\u00e7alves Junior","Est. tempo de leitura":"2 minutos"},"schema":{"@context":"https:\/\/schema.org","@graph":[{"@type":"Article","@id":"https:\/\/www.p31noticias.com.br\/?p=25891#article","isPartOf":{"@id":"https:\/\/www.p31noticias.com.br\/?p=25891"},"author":{"name":"Gon\u00e7alves Junior","@id":"https:\/\/www.p31noticias.com.br\/#\/schema\/person\/95f2ece30e3b4132065b915150cd0f94"},"headline":"Reguffe e Paula Belmonte anunciam alian\u00e7a para revolucionar a pol\u00edtica local.","datePublished":"2022-04-02T03:35:04+00:00","mainEntityOfPage":{"@id":"https:\/\/www.p31noticias.com.br\/?p=25891"},"wordCount":485,"commentCount":0,"image":{"@id":"https:\/\/www.p31noticias.com.br\/?p=25891#primaryimage"},"thumbnailUrl":"https:\/\/www.p31noticias.com.br\/wp-content\/uploads\/2022\/04\/Foto-Paula-Reguffe.jpg","articleSection":["Bras\u00edlia","Pol\u00edtica"],"inLanguage":"pt-BR","potentialAction":[{"@type":"CommentAction","name":"Comment","target":["https:\/\/www.p31noticias.com.br\/?p=25891#respond"]}],"copyrightYear":"2022","copyrightHolder":{"@id":"https:\/\/www.p31noticias.com.br\/#organization"}},{"@type":"WebPage","@id":"https:\/\/www.p31noticias.com.br\/?p=25891","url":"https:\/\/www.p31noticias.com.br\/?p=25891","name":"Reguffe e Paula Belmonte anunciam alian\u00e7a para revolucionar a pol\u00edtica local. - P31","isPartOf":{"@id":"https:\/\/www.p31noticias.com.br\/#website"},"primaryImageOfPage":{"@id":"https:\/\/www.p31noticias.com.br\/?p=25891#primaryimage"},"image":{"@id":"https:\/\/www.p31noticias.com.br\/?p=25891#primaryimage"},"thumbnailUrl":"https:\/\/www.p31noticias.com.br\/wp-content\/uploads\/2022\/04\/Foto-Paula-Reguffe.jpg","datePublished":"2022-04-02T03:35:04+00:00","author":{"@id":"https:\/\/www.p31noticias.com.br\/#\/schema\/person\/95f2ece30e3b4132065b915150cd0f94"},"breadcrumb":{"@id":"https:\/\/www.p31noticias.com.br\/?p=25891#breadcrumb"},"inLanguage":"pt-BR","potentialAction":[{"@type":"ReadAction","target":["https:\/\/www.p31noticias.com.br\/?p=25891"]}]},{"@type":"ImageObject","inLanguage":"pt-BR","@id":"https:\/\/www.p31noticias.com.br\/?p=25891#primaryimage","url":"https:\/\/www.p31noticias.com.br\/wp-content\/uploads\/2022\/04\/Foto-Paula-Reguffe.jpg","contentUrl":"https:\/\/www.p31noticias.com.br\/wp-content\/uploads\/2022\/04\/Foto-Paula-Reguffe.jpg","width":1896,"height":1263},{"@type":"BreadcrumbList","@id":"https:\/\/www.p31noticias.com.br\/?p=25891#breadcrumb","itemListElement":[{"@type":"ListItem","position":1,"name":"In\u00edcio","item":"https:\/\/www.p31noticias.com.br\/"},{"@type":"ListItem","position":2,"name":"Reguffe e Paula Belmonte anunciam alian\u00e7a para revolucionar a pol\u00edtica local."}]},{"@type":"WebSite","@id":"https:\/\/www.p31noticias.com.br\/#website","url":"https:\/\/www.p31noticias.com.br\/","name":"P31","description":"NOT\u00cdCIAS","potentialAction":[{"@type":"SearchAction","target":{"@type":"EntryPoint","urlTemplate":"https:\/\/www.p31noticias.com.br\/?s={search_term_string}"},"query-input":{"@type":"PropertyValueSpecification","valueRequired":true,"valueName":"search_term_string"}}],"inLanguage":"pt-BR"},{"@type":"Person","@id":"https:\/\/www.p31noticias.com.br\/#\/schema\/person\/95f2ece30e3b4132065b915150cd0f94","name":"Gon\u00e7alves Junior","image":{"@type":"ImageObject","inLanguage":"pt-BR","@id":"https:\/\/secure.gravatar.com\/avatar\/6711f350116a89762687a48d66f723c799e5438a5b7578508d4294cd7a5d0800?s=96&d=mm&r=g","url":"https:\/\/secure.gravatar.com\/avatar\/6711f350116a89762687a48d66f723c799e5438a5b7578508d4294cd7a5d0800?s=96&d=mm&r=g","contentUrl":"https:\/\/secure.gravatar.com\/avatar\/6711f350116a89762687a48d66f723c799e5438a5b7578508d4294cd7a5d0800?s=96&d=mm&r=g","caption":"Gon\u00e7alves Junior"},"url":"https:\/\/www.p31noticias.com.br\/?author=2"}]}},"amp_enabled":true,"_links":{"self":[{"href":"https:\/\/www.p31noticias.com.br\/index.php?rest_route=\/wp\/v2\/posts\/25891","targetHints":{"allow":["GET"]}}],"collection":[{"href":"https:\/\/www.p31noticias.com.br\/index.php?rest_route=\/wp\/v2\/posts"}],"about":[{"href":"https:\/\/www.p31noticias.com.br\/index.php?rest_route=\/wp\/v2\/types\/post"}],"author":[{"embeddable":true,"href":"https:\/\/www.p31noticias.com.br\/index.php?rest_route=\/wp\/v2\/users\/2"}],"replies":[{"embeddable":true,"href":"https:\/\/www.p31noticias.com.br\/index.php?rest_route=%2Fwp%2Fv2%2Fcomments&post=25891"}],"version-history":[{"count":1,"href":"https:\/\/www.p31noticias.com.br\/index.php?rest_route=\/wp\/v2\/posts\/25891\/revisions"}],"predecessor-version":[{"id":25893,"href":"https:\/\/www.p31noticias.com.br\/index.php?rest_route=\/wp\/v2\/posts\/25891\/revisions\/25893"}],"wp:featuredmedia":[{"embeddable":true,"href":"https:\/\/www.p31noticias.com.br\/index.php?rest_route=\/wp\/v2\/media\/25892"}],"wp:attachment":[{"href":"https:\/\/www.p31noticias.com.br\/index.php?rest_route=%2Fwp%2Fv2%2Fmedia&parent=25891"}],"wp:term":[{"taxonomy":"category","embeddable":true,"href":"https:\/\/www.p31noticias.com.br\/index.php?rest_route=%2Fwp%2Fv2%2Fcategories&post=25891"},{"taxonomy":"post_tag","embeddable":true,"href":"https:\/\/www.p31noticias.com.br\/index.php?rest_route=%2Fwp%2Fv2%2Ftags&post=25891"}],"curies":[{"name":"wp","href":"https:\/\/api.w.org\/{rel}","templated":true}]}}