{"id":25888,"date":"2022-04-02T00:14:32","date_gmt":"2022-04-02T03:14:32","guid":{"rendered":"https:\/\/p31noticias.com.br\/?p=25888"},"modified":"2022-04-02T00:14:32","modified_gmt":"2022-04-02T03:14:32","slug":"precos-dos-remedios-terao-reajuste-de-11-diz-sindusfarma","status":"publish","type":"post","link":"https:\/\/www.p31noticias.com.br\/?p=25888","title":{"rendered":"Pre\u00e7os dos rem\u00e9dios ter\u00e3o reajuste de 11%, diz Sindusfarma."},"content":{"rendered":"<p style=\"text-align: justify;\"><em><strong>Reajuste no pre\u00e7o dos medicamentos foi superior ao da infla\u00e7\u00e3o nos \u00faltimos doze meses, estimada em 10,79%; Sindicato diz que mudan\u00e7a n\u00e3o ser\u00e1 imediata.<\/strong><\/em><\/p>\n<p style=\"text-align: justify;\">O\u00a0<strong><a href=\"https:\/\/jovempan.com.br\/tag\/sindusfarma\">Sindicato da Ind\u00fastria de Produtos Farmac\u00eauticos<\/a><\/strong>\u00a0(Sindusfarma) informou que o pre\u00e7o de\u00a0<strong><a href=\"https:\/\/jovempan.com.br\/tag\/remedios\">rem\u00e9dios<\/a><\/strong>\u00a0devem ser reajustados em\u00a0<strong>10,89%<\/strong>. Esse percentual \u00e9 o valor m\u00e1ximo que os fabricantes podem aplicar nos produtos e dever\u00e1 entrar em vigor a partir deste final de semana. A taxa foi calculada com base na infla\u00e7\u00e3o e no fator Y, divulgado na ter\u00e7a-feira, 29, pela\u00a0<strong>C\u00e2mara de Regula\u00e7\u00e3o do Mercado de Medicamentos<\/strong>\u00a0(CMED), respons\u00e1vel por calcular os custos da produ\u00e7\u00e3o que n\u00e3o s\u00e3o captados pelo\u00a0<a href=\"https:\/\/jovempan.com.br\/tag\/ipca\"><strong>\u00cdndice Nacional de Pre\u00e7os ao Consumidor Amplo<\/strong><\/a>\u00a0(IPCA), como tarifa de eletricidade e varia\u00e7\u00e3o cambial. A entidade explicou que o reajuste n\u00e3o \u00e9 imediato \u201cpois a grande concorr\u00eancia entre as empresas do setor regula os pre\u00e7os: medicamentos com o mesmo princ\u00edpio ativo e para a mesma classe terap\u00eautica (doen\u00e7a) s\u00e3o oferecidos no pa\u00eds por v\u00e1rios fabricantes e em milhares de pontos de venda\u201d. O reajuste \u00e9 maior que a infla\u00e7\u00e3o dos \u00faltimos doze meses, estimada em 10,79%.<\/p>\n<p>JP NEWS.<\/p>\n","protected":false},"excerpt":{"rendered":"<p>Reajuste no pre\u00e7o dos medicamentos foi superior ao da infla\u00e7\u00e3o nos \u00faltimos doze meses, estimada em 10,79%; Sindicato diz que mudan\u00e7a n\u00e3o ser\u00e1 imediata. O\u00a0Sindicato da Ind\u00fastria de Produtos Farmac\u00eauticos\u00a0(Sindusfarma) informou que o pre\u00e7o de\u00a0rem\u00e9dios\u00a0devem ser reajustados em\u00a010,89%. Esse percentual \u00e9 o valor m\u00e1ximo que os fabricantes podem aplicar nos produtos e dever\u00e1 entrar em [&hellip;]<\/p>\n","protected":false},"author":2,"featured_media":25889,"comment_status":"open","ping_status":"open","sticky":false,"template":"","format":"standard","meta":{"footnotes":""},"categories":[637,124],"tags":[],"class_list":{"0":"post-25888","1":"post","2":"type-post","3":"status-publish","4":"format-standard","5":"has-post-thumbnail","7":"category-economia","8":"category-saude"},"yoast_head":"<!-- This site is optimized with the Yoast SEO Premium plugin v24.5 (Yoast SEO v27.5) - https:\/\/yoast.com\/product\/yoast-seo-premium-wordpress\/ -->\n<title>Pre\u00e7os dos rem\u00e9dios ter\u00e3o reajuste de 11%, diz Sindusfarma. - P31<\/title>\n<meta name=\"robots\" content=\"index, follow, max-snippet:-1, max-image-preview:large, max-video-preview:-1\" \/>\n<link rel=\"canonical\" href=\"https:\/\/www.p31noticias.com.br\/?p=25888\" \/>\n<meta property=\"og:locale\" content=\"pt_BR\" \/>\n<meta property=\"og:type\" content=\"article\" \/>\n<meta property=\"og:title\" content=\"Pre\u00e7os dos rem\u00e9dios ter\u00e3o reajuste de 11%, diz Sindusfarma.\" \/>\n<meta property=\"og:description\" content=\"Reajuste no pre\u00e7o dos medicamentos foi superior ao da infla\u00e7\u00e3o nos \u00faltimos doze meses, estimada em 10,79%; Sindicato diz que mudan\u00e7a n\u00e3o ser\u00e1 imediata. O\u00a0Sindicato da Ind\u00fastria de Produtos Farmac\u00eauticos\u00a0(Sindusfarma) informou que o pre\u00e7o de\u00a0rem\u00e9dios\u00a0devem ser reajustados em\u00a010,89%. Esse percentual \u00e9 o valor m\u00e1ximo que os fabricantes podem aplicar nos produtos e dever\u00e1 entrar em [&hellip;]\" \/>\n<meta property=\"og:url\" content=\"https:\/\/www.p31noticias.com.br\/?p=25888\" \/>\n<meta property=\"og:site_name\" content=\"P31\" \/>\n<meta property=\"article:published_time\" content=\"2022-04-02T03:14:32+00:00\" \/>\n<meta property=\"og:image\" content=\"https:\/\/www.p31noticias.com.br\/wp-content\/uploads\/2022\/04\/Frasco-de-comprimidos-remedio321954712348.jpg\" \/>\n\t<meta property=\"og:image:width\" content=\"600\" \/>\n\t<meta property=\"og:image:height\" content=\"445\" \/>\n\t<meta property=\"og:image:type\" content=\"image\/jpeg\" \/>\n<meta name=\"author\" content=\"Gon\u00e7alves Junior\" \/>\n<meta name=\"twitter:card\" content=\"summary_large_image\" \/>\n<meta name=\"twitter:label1\" content=\"Escrito por\" \/>\n\t<meta name=\"twitter:data1\" content=\"Gon\u00e7alves Junior\" \/>\n\t<meta name=\"twitter:label2\" content=\"Est. tempo de leitura\" \/>\n\t<meta name=\"twitter:data2\" content=\"1 minuto\" \/>\n<script type=\"application\/ld+json\" class=\"yoast-schema-graph\">{\"@context\":\"https:\\\/\\\/schema.org\",\"@graph\":[{\"@type\":\"Article\",\"@id\":\"https:\\\/\\\/www.p31noticias.com.br\\\/?p=25888#article\",\"isPartOf\":{\"@id\":\"https:\\\/\\\/www.p31noticias.com.br\\\/?p=25888\"},\"author\":{\"name\":\"Gon\u00e7alves Junior\",\"@id\":\"https:\\\/\\\/www.p31noticias.com.br\\\/#\\\/schema\\\/person\\\/95f2ece30e3b4132065b915150cd0f94\"},\"headline\":\"Pre\u00e7os dos rem\u00e9dios ter\u00e3o reajuste de 11%, diz Sindusfarma.\",\"datePublished\":\"2022-04-02T03:14:32+00:00\",\"mainEntityOfPage\":{\"@id\":\"https:\\\/\\\/www.p31noticias.com.br\\\/?p=25888\"},\"wordCount\":216,\"commentCount\":0,\"image\":{\"@id\":\"https:\\\/\\\/www.p31noticias.com.br\\\/?p=25888#primaryimage\"},\"thumbnailUrl\":\"https:\\\/\\\/www.p31noticias.com.br\\\/wp-content\\\/uploads\\\/2022\\\/04\\\/Frasco-de-comprimidos-remedio321954712348.jpg\",\"articleSection\":[\"Economia\",\"Sa\u00fade\"],\"inLanguage\":\"pt-BR\",\"potentialAction\":[{\"@type\":\"CommentAction\",\"name\":\"Comment\",\"target\":[\"https:\\\/\\\/www.p31noticias.com.br\\\/?p=25888#respond\"]}],\"copyrightYear\":\"2022\",\"copyrightHolder\":{\"@id\":\"https:\\\/\\\/www.p31noticias.com.br\\\/#organization\"}},{\"@type\":\"WebPage\",\"@id\":\"https:\\\/\\\/www.p31noticias.com.br\\\/?p=25888\",\"url\":\"https:\\\/\\\/www.p31noticias.com.br\\\/?p=25888\",\"name\":\"Pre\u00e7os dos rem\u00e9dios ter\u00e3o reajuste de 11%, diz Sindusfarma. - P31\",\"isPartOf\":{\"@id\":\"https:\\\/\\\/www.p31noticias.com.br\\\/#website\"},\"primaryImageOfPage\":{\"@id\":\"https:\\\/\\\/www.p31noticias.com.br\\\/?p=25888#primaryimage\"},\"image\":{\"@id\":\"https:\\\/\\\/www.p31noticias.com.br\\\/?p=25888#primaryimage\"},\"thumbnailUrl\":\"https:\\\/\\\/www.p31noticias.com.br\\\/wp-content\\\/uploads\\\/2022\\\/04\\\/Frasco-de-comprimidos-remedio321954712348.jpg\",\"datePublished\":\"2022-04-02T03:14:32+00:00\",\"author\":{\"@id\":\"https:\\\/\\\/www.p31noticias.com.br\\\/#\\\/schema\\\/person\\\/95f2ece30e3b4132065b915150cd0f94\"},\"breadcrumb\":{\"@id\":\"https:\\\/\\\/www.p31noticias.com.br\\\/?p=25888#breadcrumb\"},\"inLanguage\":\"pt-BR\",\"potentialAction\":[{\"@type\":\"ReadAction\",\"target\":[\"https:\\\/\\\/www.p31noticias.com.br\\\/?p=25888\"]}]},{\"@type\":\"ImageObject\",\"inLanguage\":\"pt-BR\",\"@id\":\"https:\\\/\\\/www.p31noticias.com.br\\\/?p=25888#primaryimage\",\"url\":\"https:\\\/\\\/www.p31noticias.com.br\\\/wp-content\\\/uploads\\\/2022\\\/04\\\/Frasco-de-comprimidos-remedio321954712348.jpg\",\"contentUrl\":\"https:\\\/\\\/www.p31noticias.com.br\\\/wp-content\\\/uploads\\\/2022\\\/04\\\/Frasco-de-comprimidos-remedio321954712348.jpg\",\"width\":600,\"height\":445},{\"@type\":\"BreadcrumbList\",\"@id\":\"https:\\\/\\\/www.p31noticias.com.br\\\/?p=25888#breadcrumb\",\"itemListElement\":[{\"@type\":\"ListItem\",\"position\":1,\"name\":\"In\u00edcio\",\"item\":\"https:\\\/\\\/www.p31noticias.com.br\\\/\"},{\"@type\":\"ListItem\",\"position\":2,\"name\":\"Pre\u00e7os dos rem\u00e9dios ter\u00e3o reajuste de 11%, diz Sindusfarma.\"}]},{\"@type\":\"WebSite\",\"@id\":\"https:\\\/\\\/www.p31noticias.com.br\\\/#website\",\"url\":\"https:\\\/\\\/www.p31noticias.com.br\\\/\",\"name\":\"P31\",\"description\":\"NOT\u00cdCIAS\",\"potentialAction\":[{\"@type\":\"SearchAction\",\"target\":{\"@type\":\"EntryPoint\",\"urlTemplate\":\"https:\\\/\\\/www.p31noticias.com.br\\\/?s={search_term_string}\"},\"query-input\":{\"@type\":\"PropertyValueSpecification\",\"valueRequired\":true,\"valueName\":\"search_term_string\"}}],\"inLanguage\":\"pt-BR\"},{\"@type\":\"Person\",\"@id\":\"https:\\\/\\\/www.p31noticias.com.br\\\/#\\\/schema\\\/person\\\/95f2ece30e3b4132065b915150cd0f94\",\"name\":\"Gon\u00e7alves Junior\",\"image\":{\"@type\":\"ImageObject\",\"inLanguage\":\"pt-BR\",\"@id\":\"https:\\\/\\\/secure.gravatar.com\\\/avatar\\\/6711f350116a89762687a48d66f723c799e5438a5b7578508d4294cd7a5d0800?s=96&d=mm&r=g\",\"url\":\"https:\\\/\\\/secure.gravatar.com\\\/avatar\\\/6711f350116a89762687a48d66f723c799e5438a5b7578508d4294cd7a5d0800?s=96&d=mm&r=g\",\"contentUrl\":\"https:\\\/\\\/secure.gravatar.com\\\/avatar\\\/6711f350116a89762687a48d66f723c799e5438a5b7578508d4294cd7a5d0800?s=96&d=mm&r=g\",\"caption\":\"Gon\u00e7alves Junior\"},\"url\":\"https:\\\/\\\/www.p31noticias.com.br\\\/?author=2\"}]}<\/script>\n<!-- \/ Yoast SEO Premium plugin. -->","yoast_head_json":{"title":"Pre\u00e7os dos rem\u00e9dios ter\u00e3o reajuste de 11%, diz Sindusfarma. - P31","robots":{"index":"index","follow":"follow","max-snippet":"max-snippet:-1","max-image-preview":"max-image-preview:large","max-video-preview":"max-video-preview:-1"},"canonical":"https:\/\/www.p31noticias.com.br\/?p=25888","og_locale":"pt_BR","og_type":"article","og_title":"Pre\u00e7os dos rem\u00e9dios ter\u00e3o reajuste de 11%, diz Sindusfarma.","og_description":"Reajuste no pre\u00e7o dos medicamentos foi superior ao da infla\u00e7\u00e3o nos \u00faltimos doze meses, estimada em 10,79%; Sindicato diz que mudan\u00e7a n\u00e3o ser\u00e1 imediata. O\u00a0Sindicato da Ind\u00fastria de Produtos Farmac\u00eauticos\u00a0(Sindusfarma) informou que o pre\u00e7o de\u00a0rem\u00e9dios\u00a0devem ser reajustados em\u00a010,89%. Esse percentual \u00e9 o valor m\u00e1ximo que os fabricantes podem aplicar nos produtos e dever\u00e1 entrar em [&hellip;]","og_url":"https:\/\/www.p31noticias.com.br\/?p=25888","og_site_name":"P31","article_published_time":"2022-04-02T03:14:32+00:00","og_image":[{"width":600,"height":445,"url":"https:\/\/www.p31noticias.com.br\/wp-content\/uploads\/2022\/04\/Frasco-de-comprimidos-remedio321954712348.jpg","type":"image\/jpeg"}],"author":"Gon\u00e7alves Junior","twitter_card":"summary_large_image","twitter_misc":{"Escrito por":"Gon\u00e7alves Junior","Est. tempo de leitura":"1 minuto"},"schema":{"@context":"https:\/\/schema.org","@graph":[{"@type":"Article","@id":"https:\/\/www.p31noticias.com.br\/?p=25888#article","isPartOf":{"@id":"https:\/\/www.p31noticias.com.br\/?p=25888"},"author":{"name":"Gon\u00e7alves Junior","@id":"https:\/\/www.p31noticias.com.br\/#\/schema\/person\/95f2ece30e3b4132065b915150cd0f94"},"headline":"Pre\u00e7os dos rem\u00e9dios ter\u00e3o reajuste de 11%, diz Sindusfarma.","datePublished":"2022-04-02T03:14:32+00:00","mainEntityOfPage":{"@id":"https:\/\/www.p31noticias.com.br\/?p=25888"},"wordCount":216,"commentCount":0,"image":{"@id":"https:\/\/www.p31noticias.com.br\/?p=25888#primaryimage"},"thumbnailUrl":"https:\/\/www.p31noticias.com.br\/wp-content\/uploads\/2022\/04\/Frasco-de-comprimidos-remedio321954712348.jpg","articleSection":["Economia","Sa\u00fade"],"inLanguage":"pt-BR","potentialAction":[{"@type":"CommentAction","name":"Comment","target":["https:\/\/www.p31noticias.com.br\/?p=25888#respond"]}],"copyrightYear":"2022","copyrightHolder":{"@id":"https:\/\/www.p31noticias.com.br\/#organization"}},{"@type":"WebPage","@id":"https:\/\/www.p31noticias.com.br\/?p=25888","url":"https:\/\/www.p31noticias.com.br\/?p=25888","name":"Pre\u00e7os dos rem\u00e9dios ter\u00e3o reajuste de 11%, diz Sindusfarma. - P31","isPartOf":{"@id":"https:\/\/www.p31noticias.com.br\/#website"},"primaryImageOfPage":{"@id":"https:\/\/www.p31noticias.com.br\/?p=25888#primaryimage"},"image":{"@id":"https:\/\/www.p31noticias.com.br\/?p=25888#primaryimage"},"thumbnailUrl":"https:\/\/www.p31noticias.com.br\/wp-content\/uploads\/2022\/04\/Frasco-de-comprimidos-remedio321954712348.jpg","datePublished":"2022-04-02T03:14:32+00:00","author":{"@id":"https:\/\/www.p31noticias.com.br\/#\/schema\/person\/95f2ece30e3b4132065b915150cd0f94"},"breadcrumb":{"@id":"https:\/\/www.p31noticias.com.br\/?p=25888#breadcrumb"},"inLanguage":"pt-BR","potentialAction":[{"@type":"ReadAction","target":["https:\/\/www.p31noticias.com.br\/?p=25888"]}]},{"@type":"ImageObject","inLanguage":"pt-BR","@id":"https:\/\/www.p31noticias.com.br\/?p=25888#primaryimage","url":"https:\/\/www.p31noticias.com.br\/wp-content\/uploads\/2022\/04\/Frasco-de-comprimidos-remedio321954712348.jpg","contentUrl":"https:\/\/www.p31noticias.com.br\/wp-content\/uploads\/2022\/04\/Frasco-de-comprimidos-remedio321954712348.jpg","width":600,"height":445},{"@type":"BreadcrumbList","@id":"https:\/\/www.p31noticias.com.br\/?p=25888#breadcrumb","itemListElement":[{"@type":"ListItem","position":1,"name":"In\u00edcio","item":"https:\/\/www.p31noticias.com.br\/"},{"@type":"ListItem","position":2,"name":"Pre\u00e7os dos rem\u00e9dios ter\u00e3o reajuste de 11%, diz Sindusfarma."}]},{"@type":"WebSite","@id":"https:\/\/www.p31noticias.com.br\/#website","url":"https:\/\/www.p31noticias.com.br\/","name":"P31","description":"NOT\u00cdCIAS","potentialAction":[{"@type":"SearchAction","target":{"@type":"EntryPoint","urlTemplate":"https:\/\/www.p31noticias.com.br\/?s={search_term_string}"},"query-input":{"@type":"PropertyValueSpecification","valueRequired":true,"valueName":"search_term_string"}}],"inLanguage":"pt-BR"},{"@type":"Person","@id":"https:\/\/www.p31noticias.com.br\/#\/schema\/person\/95f2ece30e3b4132065b915150cd0f94","name":"Gon\u00e7alves Junior","image":{"@type":"ImageObject","inLanguage":"pt-BR","@id":"https:\/\/secure.gravatar.com\/avatar\/6711f350116a89762687a48d66f723c799e5438a5b7578508d4294cd7a5d0800?s=96&d=mm&r=g","url":"https:\/\/secure.gravatar.com\/avatar\/6711f350116a89762687a48d66f723c799e5438a5b7578508d4294cd7a5d0800?s=96&d=mm&r=g","contentUrl":"https:\/\/secure.gravatar.com\/avatar\/6711f350116a89762687a48d66f723c799e5438a5b7578508d4294cd7a5d0800?s=96&d=mm&r=g","caption":"Gon\u00e7alves Junior"},"url":"https:\/\/www.p31noticias.com.br\/?author=2"}]}},"amp_enabled":true,"_links":{"self":[{"href":"https:\/\/www.p31noticias.com.br\/index.php?rest_route=\/wp\/v2\/posts\/25888","targetHints":{"allow":["GET"]}}],"collection":[{"href":"https:\/\/www.p31noticias.com.br\/index.php?rest_route=\/wp\/v2\/posts"}],"about":[{"href":"https:\/\/www.p31noticias.com.br\/index.php?rest_route=\/wp\/v2\/types\/post"}],"author":[{"embeddable":true,"href":"https:\/\/www.p31noticias.com.br\/index.php?rest_route=\/wp\/v2\/users\/2"}],"replies":[{"embeddable":true,"href":"https:\/\/www.p31noticias.com.br\/index.php?rest_route=%2Fwp%2Fv2%2Fcomments&post=25888"}],"version-history":[{"count":1,"href":"https:\/\/www.p31noticias.com.br\/index.php?rest_route=\/wp\/v2\/posts\/25888\/revisions"}],"predecessor-version":[{"id":25890,"href":"https:\/\/www.p31noticias.com.br\/index.php?rest_route=\/wp\/v2\/posts\/25888\/revisions\/25890"}],"wp:featuredmedia":[{"embeddable":true,"href":"https:\/\/www.p31noticias.com.br\/index.php?rest_route=\/wp\/v2\/media\/25889"}],"wp:attachment":[{"href":"https:\/\/www.p31noticias.com.br\/index.php?rest_route=%2Fwp%2Fv2%2Fmedia&parent=25888"}],"wp:term":[{"taxonomy":"category","embeddable":true,"href":"https:\/\/www.p31noticias.com.br\/index.php?rest_route=%2Fwp%2Fv2%2Fcategories&post=25888"},{"taxonomy":"post_tag","embeddable":true,"href":"https:\/\/www.p31noticias.com.br\/index.php?rest_route=%2Fwp%2Fv2%2Ftags&post=25888"}],"curies":[{"name":"wp","href":"https:\/\/api.w.org\/{rel}","templated":true}]}}