{"id":25882,"date":"2022-04-01T19:27:02","date_gmt":"2022-04-01T22:27:02","guid":{"rendered":"https:\/\/p31noticias.com.br\/?p=25882"},"modified":"2022-04-01T19:27:25","modified_gmt":"2022-04-01T22:27:25","slug":"covid-19-distrito-federal-comeca-a-aplicar-quarta-dose-em-idosos","status":"publish","type":"post","link":"https:\/\/www.p31noticias.com.br\/?p=25882","title":{"rendered":"Covid-19: Distrito Federal come\u00e7a a aplicar quarta dose em idosos."},"content":{"rendered":"<h3 class=\"col-10 offset-1 animated fadeInDown dealy-900 display-8 display-md-8 alt-font font-italic my-1 text-center\" style=\"text-align: justify;\"><em><strong>Receber\u00e1 a vacina, a partir de hoje, quem tem mais de 80 anos.<\/strong><\/em><\/h3>\n<p style=\"text-align: justify;\">O governo do Distrito Federal (GDF) come\u00e7ou a aplicar a <span id=\"OBJ_PREFIX_DWT295_com_zimbra_date\"><span id=\"OBJ_PREFIX_DWT344_com_zimbra_date\" role=\"link\">quarta<\/span><\/span>\u00a0dose da vacina contra a covid-19 em idosos com mais de 80 anos.<img decoding=\"async\" src=\"https:\/\/agenciabrasil.ebc.com.br\/ebc.png?id=1451708&amp;o=node\" \/><img decoding=\"async\" src=\"https:\/\/agenciabrasil.ebc.com.br\/ebc.gif?id=1451708&amp;o=node\" \/><\/p>\n<p style=\"text-align: justify;\">De acordo com estimativa da Companhia de Planejamento do Distrito Federal (Codeplan), residem no DF cerca de 40 mil idosos com mais de 80 anos.\u00a0O GDF recebeu 47.970 doses da Pfizer para imunizar essa popula\u00e7\u00e3o.<\/p>\n<p style=\"text-align: justify;\">A Secretaria de Sa\u00fade informou que\u00a0j\u00e1 foram aplicadas 6 milh\u00f5es de doses de vacina contra a covid-19. Isso equivale a 89,73% da popula\u00e7\u00e3o com a primeira dose; 82,23% com a\u00a0<span id=\"OBJ_PREFIX_DWT296_com_zimbra_date\"><span id=\"OBJ_PREFIX_DWT345_com_zimbra_date\" role=\"link\">segunda<\/span><\/span>; 38,70% com a dose de refor\u00e7o.<\/p>\n<p style=\"text-align: justify;\">A popula\u00e7\u00e3o total do DF a ser vacinada, ou seja, com 5 anos ou mais, \u00e9 de 2,846 milh\u00f5es. H\u00e1 mais de 691 mil casos confirmados da doen\u00e7a e mais de 11 mil \u00f3bitos at\u00e9 o momento.<\/p>\n<p>Ag\u00eancia Brasil.<\/p>\n","protected":false},"excerpt":{"rendered":"<p>Receber\u00e1 a vacina, a partir de hoje, quem tem mais de 80 anos. O governo do Distrito Federal (GDF) come\u00e7ou a aplicar a quarta\u00a0dose da vacina contra a covid-19 em idosos com mais de 80 anos. De acordo com estimativa da Companhia de Planejamento do Distrito Federal (Codeplan), residem no DF cerca de 40 mil [&hellip;]<\/p>\n","protected":false},"author":2,"featured_media":25883,"comment_status":"open","ping_status":"open","sticky":false,"template":"","format":"standard","meta":{"footnotes":""},"categories":[124],"tags":[],"class_list":{"0":"post-25882","1":"post","2":"type-post","3":"status-publish","4":"format-standard","5":"has-post-thumbnail","7":"category-saude"},"yoast_head":"<!-- This site is optimized with the Yoast SEO Premium plugin v24.5 (Yoast SEO v27.5) - https:\/\/yoast.com\/product\/yoast-seo-premium-wordpress\/ -->\n<title>Covid-19: Distrito Federal come\u00e7a a aplicar quarta dose em idosos. - P31<\/title>\n<meta name=\"robots\" content=\"index, follow, max-snippet:-1, max-image-preview:large, max-video-preview:-1\" \/>\n<link rel=\"canonical\" href=\"https:\/\/www.p31noticias.com.br\/?p=25882\" \/>\n<meta property=\"og:locale\" content=\"pt_BR\" \/>\n<meta property=\"og:type\" content=\"article\" \/>\n<meta property=\"og:title\" content=\"Covid-19: Distrito Federal come\u00e7a a aplicar quarta dose em idosos.\" \/>\n<meta property=\"og:description\" content=\"Receber\u00e1 a vacina, a partir de hoje, quem tem mais de 80 anos. O governo do Distrito Federal (GDF) come\u00e7ou a aplicar a quarta\u00a0dose da vacina contra a covid-19 em idosos com mais de 80 anos. De acordo com estimativa da Companhia de Planejamento do Distrito Federal (Codeplan), residem no DF cerca de 40 mil [&hellip;]\" \/>\n<meta property=\"og:url\" content=\"https:\/\/www.p31noticias.com.br\/?p=25882\" \/>\n<meta property=\"og:site_name\" content=\"P31\" \/>\n<meta property=\"article:published_time\" content=\"2022-04-01T22:27:02+00:00\" \/>\n<meta property=\"article:modified_time\" content=\"2022-04-01T22:27:25+00:00\" \/>\n<meta property=\"og:image\" content=\"https:\/\/www.p31noticias.com.br\/wp-content\/uploads\/2022\/04\/vacinacao_drive_thru_universidade_estadual_do_rio_de_janeiro_uerj_tnrgo_abr_2502214600_0.jpg\" \/>\n\t<meta property=\"og:image:width\" content=\"1170\" \/>\n\t<meta property=\"og:image:height\" content=\"700\" \/>\n\t<meta property=\"og:image:type\" content=\"image\/jpeg\" \/>\n<meta name=\"author\" content=\"Gon\u00e7alves Junior\" \/>\n<meta name=\"twitter:card\" content=\"summary_large_image\" \/>\n<meta name=\"twitter:label1\" content=\"Escrito por\" \/>\n\t<meta name=\"twitter:data1\" content=\"Gon\u00e7alves Junior\" \/>\n\t<meta name=\"twitter:label2\" content=\"Est. tempo de leitura\" \/>\n\t<meta name=\"twitter:data2\" content=\"1 minuto\" \/>\n<script type=\"application\/ld+json\" class=\"yoast-schema-graph\">{\"@context\":\"https:\\\/\\\/schema.org\",\"@graph\":[{\"@type\":\"Article\",\"@id\":\"https:\\\/\\\/www.p31noticias.com.br\\\/?p=25882#article\",\"isPartOf\":{\"@id\":\"https:\\\/\\\/www.p31noticias.com.br\\\/?p=25882\"},\"author\":{\"name\":\"Gon\u00e7alves Junior\",\"@id\":\"https:\\\/\\\/www.p31noticias.com.br\\\/#\\\/schema\\\/person\\\/95f2ece30e3b4132065b915150cd0f94\"},\"headline\":\"Covid-19: Distrito Federal come\u00e7a a aplicar quarta dose em idosos.\",\"datePublished\":\"2022-04-01T22:27:02+00:00\",\"dateModified\":\"2022-04-01T22:27:25+00:00\",\"mainEntityOfPage\":{\"@id\":\"https:\\\/\\\/www.p31noticias.com.br\\\/?p=25882\"},\"wordCount\":157,\"commentCount\":0,\"image\":{\"@id\":\"https:\\\/\\\/www.p31noticias.com.br\\\/?p=25882#primaryimage\"},\"thumbnailUrl\":\"https:\\\/\\\/www.p31noticias.com.br\\\/wp-content\\\/uploads\\\/2022\\\/04\\\/vacinacao_drive_thru_universidade_estadual_do_rio_de_janeiro_uerj_tnrgo_abr_2502214600_0.jpg\",\"articleSection\":[\"Sa\u00fade\"],\"inLanguage\":\"pt-BR\",\"potentialAction\":[{\"@type\":\"CommentAction\",\"name\":\"Comment\",\"target\":[\"https:\\\/\\\/www.p31noticias.com.br\\\/?p=25882#respond\"]}],\"copyrightYear\":\"2022\",\"copyrightHolder\":{\"@id\":\"https:\\\/\\\/www.p31noticias.com.br\\\/#organization\"}},{\"@type\":\"WebPage\",\"@id\":\"https:\\\/\\\/www.p31noticias.com.br\\\/?p=25882\",\"url\":\"https:\\\/\\\/www.p31noticias.com.br\\\/?p=25882\",\"name\":\"Covid-19: Distrito Federal come\u00e7a a aplicar quarta dose em idosos. - P31\",\"isPartOf\":{\"@id\":\"https:\\\/\\\/www.p31noticias.com.br\\\/#website\"},\"primaryImageOfPage\":{\"@id\":\"https:\\\/\\\/www.p31noticias.com.br\\\/?p=25882#primaryimage\"},\"image\":{\"@id\":\"https:\\\/\\\/www.p31noticias.com.br\\\/?p=25882#primaryimage\"},\"thumbnailUrl\":\"https:\\\/\\\/www.p31noticias.com.br\\\/wp-content\\\/uploads\\\/2022\\\/04\\\/vacinacao_drive_thru_universidade_estadual_do_rio_de_janeiro_uerj_tnrgo_abr_2502214600_0.jpg\",\"datePublished\":\"2022-04-01T22:27:02+00:00\",\"dateModified\":\"2022-04-01T22:27:25+00:00\",\"author\":{\"@id\":\"https:\\\/\\\/www.p31noticias.com.br\\\/#\\\/schema\\\/person\\\/95f2ece30e3b4132065b915150cd0f94\"},\"breadcrumb\":{\"@id\":\"https:\\\/\\\/www.p31noticias.com.br\\\/?p=25882#breadcrumb\"},\"inLanguage\":\"pt-BR\",\"potentialAction\":[{\"@type\":\"ReadAction\",\"target\":[\"https:\\\/\\\/www.p31noticias.com.br\\\/?p=25882\"]}]},{\"@type\":\"ImageObject\",\"inLanguage\":\"pt-BR\",\"@id\":\"https:\\\/\\\/www.p31noticias.com.br\\\/?p=25882#primaryimage\",\"url\":\"https:\\\/\\\/www.p31noticias.com.br\\\/wp-content\\\/uploads\\\/2022\\\/04\\\/vacinacao_drive_thru_universidade_estadual_do_rio_de_janeiro_uerj_tnrgo_abr_2502214600_0.jpg\",\"contentUrl\":\"https:\\\/\\\/www.p31noticias.com.br\\\/wp-content\\\/uploads\\\/2022\\\/04\\\/vacinacao_drive_thru_universidade_estadual_do_rio_de_janeiro_uerj_tnrgo_abr_2502214600_0.jpg\",\"width\":1170,\"height\":700,\"caption\":\"Vacina\u00e7\u00e3o drive thru na Universidade Estadual do Rio de Janeiro (UERJ), zona norte do Rio. A cidade do Rio de Janeiro retoma hoje (25) sua campanha de aplica\u00e7\u00e3o da primeira dose da vacina contra a covid-19 em idosos da popula\u00e7\u00e3o em geral. Hoje ser\u00e3o vacinados os idosos com 82 anos.\"},{\"@type\":\"BreadcrumbList\",\"@id\":\"https:\\\/\\\/www.p31noticias.com.br\\\/?p=25882#breadcrumb\",\"itemListElement\":[{\"@type\":\"ListItem\",\"position\":1,\"name\":\"In\u00edcio\",\"item\":\"https:\\\/\\\/www.p31noticias.com.br\\\/\"},{\"@type\":\"ListItem\",\"position\":2,\"name\":\"Covid-19: Distrito Federal come\u00e7a a aplicar quarta dose em idosos.\"}]},{\"@type\":\"WebSite\",\"@id\":\"https:\\\/\\\/www.p31noticias.com.br\\\/#website\",\"url\":\"https:\\\/\\\/www.p31noticias.com.br\\\/\",\"name\":\"P31\",\"description\":\"NOT\u00cdCIAS\",\"potentialAction\":[{\"@type\":\"SearchAction\",\"target\":{\"@type\":\"EntryPoint\",\"urlTemplate\":\"https:\\\/\\\/www.p31noticias.com.br\\\/?s={search_term_string}\"},\"query-input\":{\"@type\":\"PropertyValueSpecification\",\"valueRequired\":true,\"valueName\":\"search_term_string\"}}],\"inLanguage\":\"pt-BR\"},{\"@type\":\"Person\",\"@id\":\"https:\\\/\\\/www.p31noticias.com.br\\\/#\\\/schema\\\/person\\\/95f2ece30e3b4132065b915150cd0f94\",\"name\":\"Gon\u00e7alves Junior\",\"image\":{\"@type\":\"ImageObject\",\"inLanguage\":\"pt-BR\",\"@id\":\"https:\\\/\\\/secure.gravatar.com\\\/avatar\\\/6711f350116a89762687a48d66f723c799e5438a5b7578508d4294cd7a5d0800?s=96&d=mm&r=g\",\"url\":\"https:\\\/\\\/secure.gravatar.com\\\/avatar\\\/6711f350116a89762687a48d66f723c799e5438a5b7578508d4294cd7a5d0800?s=96&d=mm&r=g\",\"contentUrl\":\"https:\\\/\\\/secure.gravatar.com\\\/avatar\\\/6711f350116a89762687a48d66f723c799e5438a5b7578508d4294cd7a5d0800?s=96&d=mm&r=g\",\"caption\":\"Gon\u00e7alves Junior\"},\"url\":\"https:\\\/\\\/www.p31noticias.com.br\\\/?author=2\"}]}<\/script>\n<!-- \/ Yoast SEO Premium plugin. -->","yoast_head_json":{"title":"Covid-19: Distrito Federal come\u00e7a a aplicar quarta dose em idosos. - P31","robots":{"index":"index","follow":"follow","max-snippet":"max-snippet:-1","max-image-preview":"max-image-preview:large","max-video-preview":"max-video-preview:-1"},"canonical":"https:\/\/www.p31noticias.com.br\/?p=25882","og_locale":"pt_BR","og_type":"article","og_title":"Covid-19: Distrito Federal come\u00e7a a aplicar quarta dose em idosos.","og_description":"Receber\u00e1 a vacina, a partir de hoje, quem tem mais de 80 anos. O governo do Distrito Federal (GDF) come\u00e7ou a aplicar a quarta\u00a0dose da vacina contra a covid-19 em idosos com mais de 80 anos. De acordo com estimativa da Companhia de Planejamento do Distrito Federal (Codeplan), residem no DF cerca de 40 mil [&hellip;]","og_url":"https:\/\/www.p31noticias.com.br\/?p=25882","og_site_name":"P31","article_published_time":"2022-04-01T22:27:02+00:00","article_modified_time":"2022-04-01T22:27:25+00:00","og_image":[{"width":1170,"height":700,"url":"https:\/\/www.p31noticias.com.br\/wp-content\/uploads\/2022\/04\/vacinacao_drive_thru_universidade_estadual_do_rio_de_janeiro_uerj_tnrgo_abr_2502214600_0.jpg","type":"image\/jpeg"}],"author":"Gon\u00e7alves Junior","twitter_card":"summary_large_image","twitter_misc":{"Escrito por":"Gon\u00e7alves Junior","Est. tempo de leitura":"1 minuto"},"schema":{"@context":"https:\/\/schema.org","@graph":[{"@type":"Article","@id":"https:\/\/www.p31noticias.com.br\/?p=25882#article","isPartOf":{"@id":"https:\/\/www.p31noticias.com.br\/?p=25882"},"author":{"name":"Gon\u00e7alves Junior","@id":"https:\/\/www.p31noticias.com.br\/#\/schema\/person\/95f2ece30e3b4132065b915150cd0f94"},"headline":"Covid-19: Distrito Federal come\u00e7a a aplicar quarta dose em idosos.","datePublished":"2022-04-01T22:27:02+00:00","dateModified":"2022-04-01T22:27:25+00:00","mainEntityOfPage":{"@id":"https:\/\/www.p31noticias.com.br\/?p=25882"},"wordCount":157,"commentCount":0,"image":{"@id":"https:\/\/www.p31noticias.com.br\/?p=25882#primaryimage"},"thumbnailUrl":"https:\/\/www.p31noticias.com.br\/wp-content\/uploads\/2022\/04\/vacinacao_drive_thru_universidade_estadual_do_rio_de_janeiro_uerj_tnrgo_abr_2502214600_0.jpg","articleSection":["Sa\u00fade"],"inLanguage":"pt-BR","potentialAction":[{"@type":"CommentAction","name":"Comment","target":["https:\/\/www.p31noticias.com.br\/?p=25882#respond"]}],"copyrightYear":"2022","copyrightHolder":{"@id":"https:\/\/www.p31noticias.com.br\/#organization"}},{"@type":"WebPage","@id":"https:\/\/www.p31noticias.com.br\/?p=25882","url":"https:\/\/www.p31noticias.com.br\/?p=25882","name":"Covid-19: Distrito Federal come\u00e7a a aplicar quarta dose em idosos. - P31","isPartOf":{"@id":"https:\/\/www.p31noticias.com.br\/#website"},"primaryImageOfPage":{"@id":"https:\/\/www.p31noticias.com.br\/?p=25882#primaryimage"},"image":{"@id":"https:\/\/www.p31noticias.com.br\/?p=25882#primaryimage"},"thumbnailUrl":"https:\/\/www.p31noticias.com.br\/wp-content\/uploads\/2022\/04\/vacinacao_drive_thru_universidade_estadual_do_rio_de_janeiro_uerj_tnrgo_abr_2502214600_0.jpg","datePublished":"2022-04-01T22:27:02+00:00","dateModified":"2022-04-01T22:27:25+00:00","author":{"@id":"https:\/\/www.p31noticias.com.br\/#\/schema\/person\/95f2ece30e3b4132065b915150cd0f94"},"breadcrumb":{"@id":"https:\/\/www.p31noticias.com.br\/?p=25882#breadcrumb"},"inLanguage":"pt-BR","potentialAction":[{"@type":"ReadAction","target":["https:\/\/www.p31noticias.com.br\/?p=25882"]}]},{"@type":"ImageObject","inLanguage":"pt-BR","@id":"https:\/\/www.p31noticias.com.br\/?p=25882#primaryimage","url":"https:\/\/www.p31noticias.com.br\/wp-content\/uploads\/2022\/04\/vacinacao_drive_thru_universidade_estadual_do_rio_de_janeiro_uerj_tnrgo_abr_2502214600_0.jpg","contentUrl":"https:\/\/www.p31noticias.com.br\/wp-content\/uploads\/2022\/04\/vacinacao_drive_thru_universidade_estadual_do_rio_de_janeiro_uerj_tnrgo_abr_2502214600_0.jpg","width":1170,"height":700,"caption":"Vacina\u00e7\u00e3o drive thru na Universidade Estadual do Rio de Janeiro (UERJ), zona norte do Rio. A cidade do Rio de Janeiro retoma hoje (25) sua campanha de aplica\u00e7\u00e3o da primeira dose da vacina contra a covid-19 em idosos da popula\u00e7\u00e3o em geral. Hoje ser\u00e3o vacinados os idosos com 82 anos."},{"@type":"BreadcrumbList","@id":"https:\/\/www.p31noticias.com.br\/?p=25882#breadcrumb","itemListElement":[{"@type":"ListItem","position":1,"name":"In\u00edcio","item":"https:\/\/www.p31noticias.com.br\/"},{"@type":"ListItem","position":2,"name":"Covid-19: Distrito Federal come\u00e7a a aplicar quarta dose em idosos."}]},{"@type":"WebSite","@id":"https:\/\/www.p31noticias.com.br\/#website","url":"https:\/\/www.p31noticias.com.br\/","name":"P31","description":"NOT\u00cdCIAS","potentialAction":[{"@type":"SearchAction","target":{"@type":"EntryPoint","urlTemplate":"https:\/\/www.p31noticias.com.br\/?s={search_term_string}"},"query-input":{"@type":"PropertyValueSpecification","valueRequired":true,"valueName":"search_term_string"}}],"inLanguage":"pt-BR"},{"@type":"Person","@id":"https:\/\/www.p31noticias.com.br\/#\/schema\/person\/95f2ece30e3b4132065b915150cd0f94","name":"Gon\u00e7alves Junior","image":{"@type":"ImageObject","inLanguage":"pt-BR","@id":"https:\/\/secure.gravatar.com\/avatar\/6711f350116a89762687a48d66f723c799e5438a5b7578508d4294cd7a5d0800?s=96&d=mm&r=g","url":"https:\/\/secure.gravatar.com\/avatar\/6711f350116a89762687a48d66f723c799e5438a5b7578508d4294cd7a5d0800?s=96&d=mm&r=g","contentUrl":"https:\/\/secure.gravatar.com\/avatar\/6711f350116a89762687a48d66f723c799e5438a5b7578508d4294cd7a5d0800?s=96&d=mm&r=g","caption":"Gon\u00e7alves Junior"},"url":"https:\/\/www.p31noticias.com.br\/?author=2"}]}},"amp_enabled":true,"_links":{"self":[{"href":"https:\/\/www.p31noticias.com.br\/index.php?rest_route=\/wp\/v2\/posts\/25882","targetHints":{"allow":["GET"]}}],"collection":[{"href":"https:\/\/www.p31noticias.com.br\/index.php?rest_route=\/wp\/v2\/posts"}],"about":[{"href":"https:\/\/www.p31noticias.com.br\/index.php?rest_route=\/wp\/v2\/types\/post"}],"author":[{"embeddable":true,"href":"https:\/\/www.p31noticias.com.br\/index.php?rest_route=\/wp\/v2\/users\/2"}],"replies":[{"embeddable":true,"href":"https:\/\/www.p31noticias.com.br\/index.php?rest_route=%2Fwp%2Fv2%2Fcomments&post=25882"}],"version-history":[{"count":1,"href":"https:\/\/www.p31noticias.com.br\/index.php?rest_route=\/wp\/v2\/posts\/25882\/revisions"}],"predecessor-version":[{"id":25884,"href":"https:\/\/www.p31noticias.com.br\/index.php?rest_route=\/wp\/v2\/posts\/25882\/revisions\/25884"}],"wp:featuredmedia":[{"embeddable":true,"href":"https:\/\/www.p31noticias.com.br\/index.php?rest_route=\/wp\/v2\/media\/25883"}],"wp:attachment":[{"href":"https:\/\/www.p31noticias.com.br\/index.php?rest_route=%2Fwp%2Fv2%2Fmedia&parent=25882"}],"wp:term":[{"taxonomy":"category","embeddable":true,"href":"https:\/\/www.p31noticias.com.br\/index.php?rest_route=%2Fwp%2Fv2%2Fcategories&post=25882"},{"taxonomy":"post_tag","embeddable":true,"href":"https:\/\/www.p31noticias.com.br\/index.php?rest_route=%2Fwp%2Fv2%2Ftags&post=25882"}],"curies":[{"name":"wp","href":"https:\/\/api.w.org\/{rel}","templated":true}]}}