{"id":25878,"date":"2022-03-28T00:35:12","date_gmt":"2022-03-28T03:35:12","guid":{"rendered":"https:\/\/p31noticias.com.br\/?p=25878"},"modified":"2022-03-28T00:35:12","modified_gmt":"2022-03-28T03:35:12","slug":"ministro-do-stf-ordena-que-deputado-volte-a-usar-tornozeleira","status":"publish","type":"post","link":"https:\/\/www.p31noticias.com.br\/?p=25878","title":{"rendered":"Ministro do STF ordena que deputado volte a usar tornozeleira."},"content":{"rendered":"<h3 class=\"col-10 offset-1 animated fadeInDown dealy-900 display-8 display-md-8 alt-font font-italic my-1 text-center\" style=\"text-align: justify;\"><em><strong>Daniel Silveira foi proibido de participar evento p\u00fablico.<\/strong><\/em><\/h3>\n<p style=\"text-align: justify;\">O ministro Alexandre de Moraes, do Supremo Tribunal Federal (STF), determinou que o deputado federal Daniel Silveira (Uni\u00e3o Brasil-RJ) volte a usar tornozeleira eletr\u00f4nica e seja proibido de deixar Petr\u00f3polis (RJ), cidade em que mant\u00e9m resid\u00eancia, a n\u00e3o ser que seja em dire\u00e7\u00e3o a Bras\u00edlia, onde exerce o mandato.<img decoding=\"async\" src=\"https:\/\/agenciabrasil.ebc.com.br\/ebc.gif?id=1450702&amp;o=node\" \/><\/p>\n<p style=\"text-align: justify;\">Outras medidas cautelares foram impostas, como a proibi\u00e7\u00e3o de participar de \u201cqualquer evento p\u00fablico em todo o territ\u00f3rio nacional\u201d. O desrespeito a qualquer dessas determina\u00e7\u00f5es \u201cacarretar\u00e1, natural e imediatamente, o restabelecimento da ordem de pris\u00e3o\u201d, determinou Moraes.<\/p>\n<p style=\"text-align: justify;\">O ministro atendeu a pedido da Procuradoria-Geral da Rep\u00fablica (PGR), que em manifesta\u00e7\u00e3o assinada pela subprocuradora Lind\u00f4ra Ara\u00fajo, argumentou que Silveira continua a apresentar \u201ccomportamento delitivo\u201d ao proferir, em p\u00fablico, \u201cin\u00fameras ofensas\u201d contra ministros do Supremo e o pr\u00f3prio tribunal.<\/p>\n<p style=\"text-align: justify;\">Um dos alvos principais de Silveira, destacou a subprocuradora, t\u00eam sido o pr\u00f3prio Moraes. Lind\u00f4ra Ara\u00fajo frisou que em falas durante eventos com ampla divulga\u00e7\u00e3o nas redes sociais, o deputado continua a afirmar que ministros do Supremo t\u00eam \u201ccruzado o limite\u201d e que \u201capenas o chefe do Executivo pode deter isso\u201d.<\/p>\n<p style=\"text-align: justify;\">Silveira chegou a ser preso em flagrante em fevereiro de 2021, no \u00e2mbito de um inqu\u00e9rito que apura a realiza\u00e7\u00e3o de atos contra institui\u00e7\u00f5es democr\u00e1ticas, ap\u00f3s ele ter divulgado v\u00eddeos com amea\u00e7as a ministros do Supremo. Ele posteriormente se tornou r\u00e9u no mesmo processo.<\/p>\n<p style=\"text-align: justify;\">A pris\u00e3o preventiva depois foi convertida em domiciliar, mas ele acabou voltando ao c\u00e1rcere em junho, por decis\u00e3o de Moraes, ap\u00f3s ter violado o monitoramento eletr\u00f4nico ao menos 22 vezes.<\/p>\n<p style=\"text-align: justify;\">Em manifesta\u00e7\u00e3o ao Supremo, o deputado alegou que se esquecia de carregar a tornozeleira eletr\u00f4nica devido a medicamento que provocava sono, entre outras justificativas. Ao ser solto, em novembro do ano passado, ele teve a pris\u00e3o domiciliar substitu\u00edda por outras medidas cautelares, entre elas a proibi\u00e7\u00e3o de utilizar as redes sociais.<\/p>\n<p>Ag\u00eancia Brasil.<\/p>\n","protected":false},"excerpt":{"rendered":"<p>Daniel Silveira foi proibido de participar evento p\u00fablico. O ministro Alexandre de Moraes, do Supremo Tribunal Federal (STF), determinou que o deputado federal Daniel Silveira (Uni\u00e3o Brasil-RJ) volte a usar tornozeleira eletr\u00f4nica e seja proibido de deixar Petr\u00f3polis (RJ), cidade em que mant\u00e9m resid\u00eancia, a n\u00e3o ser que seja em dire\u00e7\u00e3o a Bras\u00edlia, onde exerce [&hellip;]<\/p>\n","protected":false},"author":2,"featured_media":25879,"comment_status":"open","ping_status":"open","sticky":false,"template":"","format":"standard","meta":{"footnotes":""},"categories":[57],"tags":[],"class_list":{"0":"post-25878","1":"post","2":"type-post","3":"status-publish","4":"format-standard","5":"has-post-thumbnail","7":"category-politica"},"yoast_head":"<!-- This site is optimized with the Yoast SEO Premium plugin v24.5 (Yoast SEO v27.5) - https:\/\/yoast.com\/product\/yoast-seo-premium-wordpress\/ -->\n<title>Ministro do STF ordena que deputado volte a usar tornozeleira. - P31<\/title>\n<meta name=\"robots\" content=\"index, follow, max-snippet:-1, max-image-preview:large, max-video-preview:-1\" \/>\n<link rel=\"canonical\" href=\"https:\/\/www.p31noticias.com.br\/?p=25878\" \/>\n<meta property=\"og:locale\" content=\"pt_BR\" \/>\n<meta property=\"og:type\" content=\"article\" \/>\n<meta property=\"og:title\" content=\"Ministro do STF ordena que deputado volte a usar tornozeleira.\" \/>\n<meta property=\"og:description\" content=\"Daniel Silveira foi proibido de participar evento p\u00fablico. O ministro Alexandre de Moraes, do Supremo Tribunal Federal (STF), determinou que o deputado federal Daniel Silveira (Uni\u00e3o Brasil-RJ) volte a usar tornozeleira eletr\u00f4nica e seja proibido de deixar Petr\u00f3polis (RJ), cidade em que mant\u00e9m resid\u00eancia, a n\u00e3o ser que seja em dire\u00e7\u00e3o a Bras\u00edlia, onde exerce [&hellip;]\" \/>\n<meta property=\"og:url\" content=\"https:\/\/www.p31noticias.com.br\/?p=25878\" \/>\n<meta property=\"og:site_name\" content=\"P31\" \/>\n<meta property=\"article:published_time\" content=\"2022-03-28T03:35:12+00:00\" \/>\n<meta property=\"og:image\" content=\"https:\/\/www.p31noticias.com.br\/wp-content\/uploads\/2022\/03\/img20190424160335019_0.jpg\" \/>\n\t<meta property=\"og:image:width\" content=\"1170\" \/>\n\t<meta property=\"og:image:height\" content=\"700\" \/>\n\t<meta property=\"og:image:type\" content=\"image\/jpeg\" \/>\n<meta name=\"author\" content=\"Gon\u00e7alves Junior\" \/>\n<meta name=\"twitter:card\" content=\"summary_large_image\" \/>\n<meta name=\"twitter:label1\" content=\"Escrito por\" \/>\n\t<meta name=\"twitter:data1\" content=\"Gon\u00e7alves Junior\" \/>\n\t<meta name=\"twitter:label2\" content=\"Est. tempo de leitura\" \/>\n\t<meta name=\"twitter:data2\" content=\"2 minutos\" \/>\n<script type=\"application\/ld+json\" class=\"yoast-schema-graph\">{\"@context\":\"https:\\\/\\\/schema.org\",\"@graph\":[{\"@type\":\"Article\",\"@id\":\"https:\\\/\\\/www.p31noticias.com.br\\\/?p=25878#article\",\"isPartOf\":{\"@id\":\"https:\\\/\\\/www.p31noticias.com.br\\\/?p=25878\"},\"author\":{\"name\":\"Gon\u00e7alves Junior\",\"@id\":\"https:\\\/\\\/www.p31noticias.com.br\\\/#\\\/schema\\\/person\\\/95f2ece30e3b4132065b915150cd0f94\"},\"headline\":\"Ministro do STF ordena que deputado volte a usar tornozeleira.\",\"datePublished\":\"2022-03-28T03:35:12+00:00\",\"mainEntityOfPage\":{\"@id\":\"https:\\\/\\\/www.p31noticias.com.br\\\/?p=25878\"},\"wordCount\":366,\"commentCount\":0,\"image\":{\"@id\":\"https:\\\/\\\/www.p31noticias.com.br\\\/?p=25878#primaryimage\"},\"thumbnailUrl\":\"https:\\\/\\\/www.p31noticias.com.br\\\/wp-content\\\/uploads\\\/2022\\\/03\\\/img20190424160335019_0.jpg\",\"articleSection\":[\"Pol\u00edtica\"],\"inLanguage\":\"pt-BR\",\"potentialAction\":[{\"@type\":\"CommentAction\",\"name\":\"Comment\",\"target\":[\"https:\\\/\\\/www.p31noticias.com.br\\\/?p=25878#respond\"]}],\"copyrightYear\":\"2022\",\"copyrightHolder\":{\"@id\":\"https:\\\/\\\/www.p31noticias.com.br\\\/#organization\"}},{\"@type\":\"WebPage\",\"@id\":\"https:\\\/\\\/www.p31noticias.com.br\\\/?p=25878\",\"url\":\"https:\\\/\\\/www.p31noticias.com.br\\\/?p=25878\",\"name\":\"Ministro do STF ordena que deputado volte a usar tornozeleira. - P31\",\"isPartOf\":{\"@id\":\"https:\\\/\\\/www.p31noticias.com.br\\\/#website\"},\"primaryImageOfPage\":{\"@id\":\"https:\\\/\\\/www.p31noticias.com.br\\\/?p=25878#primaryimage\"},\"image\":{\"@id\":\"https:\\\/\\\/www.p31noticias.com.br\\\/?p=25878#primaryimage\"},\"thumbnailUrl\":\"https:\\\/\\\/www.p31noticias.com.br\\\/wp-content\\\/uploads\\\/2022\\\/03\\\/img20190424160335019_0.jpg\",\"datePublished\":\"2022-03-28T03:35:12+00:00\",\"author\":{\"@id\":\"https:\\\/\\\/www.p31noticias.com.br\\\/#\\\/schema\\\/person\\\/95f2ece30e3b4132065b915150cd0f94\"},\"breadcrumb\":{\"@id\":\"https:\\\/\\\/www.p31noticias.com.br\\\/?p=25878#breadcrumb\"},\"inLanguage\":\"pt-BR\",\"potentialAction\":[{\"@type\":\"ReadAction\",\"target\":[\"https:\\\/\\\/www.p31noticias.com.br\\\/?p=25878\"]}]},{\"@type\":\"ImageObject\",\"inLanguage\":\"pt-BR\",\"@id\":\"https:\\\/\\\/www.p31noticias.com.br\\\/?p=25878#primaryimage\",\"url\":\"https:\\\/\\\/www.p31noticias.com.br\\\/wp-content\\\/uploads\\\/2022\\\/03\\\/img20190424160335019_0.jpg\",\"contentUrl\":\"https:\\\/\\\/www.p31noticias.com.br\\\/wp-content\\\/uploads\\\/2022\\\/03\\\/img20190424160335019_0.jpg\",\"width\":1170,\"height\":700},{\"@type\":\"BreadcrumbList\",\"@id\":\"https:\\\/\\\/www.p31noticias.com.br\\\/?p=25878#breadcrumb\",\"itemListElement\":[{\"@type\":\"ListItem\",\"position\":1,\"name\":\"In\u00edcio\",\"item\":\"https:\\\/\\\/www.p31noticias.com.br\\\/\"},{\"@type\":\"ListItem\",\"position\":2,\"name\":\"Ministro do STF ordena que deputado volte a usar tornozeleira.\"}]},{\"@type\":\"WebSite\",\"@id\":\"https:\\\/\\\/www.p31noticias.com.br\\\/#website\",\"url\":\"https:\\\/\\\/www.p31noticias.com.br\\\/\",\"name\":\"P31\",\"description\":\"NOT\u00cdCIAS\",\"potentialAction\":[{\"@type\":\"SearchAction\",\"target\":{\"@type\":\"EntryPoint\",\"urlTemplate\":\"https:\\\/\\\/www.p31noticias.com.br\\\/?s={search_term_string}\"},\"query-input\":{\"@type\":\"PropertyValueSpecification\",\"valueRequired\":true,\"valueName\":\"search_term_string\"}}],\"inLanguage\":\"pt-BR\"},{\"@type\":\"Person\",\"@id\":\"https:\\\/\\\/www.p31noticias.com.br\\\/#\\\/schema\\\/person\\\/95f2ece30e3b4132065b915150cd0f94\",\"name\":\"Gon\u00e7alves Junior\",\"image\":{\"@type\":\"ImageObject\",\"inLanguage\":\"pt-BR\",\"@id\":\"https:\\\/\\\/secure.gravatar.com\\\/avatar\\\/6711f350116a89762687a48d66f723c799e5438a5b7578508d4294cd7a5d0800?s=96&d=mm&r=g\",\"url\":\"https:\\\/\\\/secure.gravatar.com\\\/avatar\\\/6711f350116a89762687a48d66f723c799e5438a5b7578508d4294cd7a5d0800?s=96&d=mm&r=g\",\"contentUrl\":\"https:\\\/\\\/secure.gravatar.com\\\/avatar\\\/6711f350116a89762687a48d66f723c799e5438a5b7578508d4294cd7a5d0800?s=96&d=mm&r=g\",\"caption\":\"Gon\u00e7alves Junior\"},\"url\":\"https:\\\/\\\/www.p31noticias.com.br\\\/?author=2\"}]}<\/script>\n<!-- \/ Yoast SEO Premium plugin. -->","yoast_head_json":{"title":"Ministro do STF ordena que deputado volte a usar tornozeleira. - P31","robots":{"index":"index","follow":"follow","max-snippet":"max-snippet:-1","max-image-preview":"max-image-preview:large","max-video-preview":"max-video-preview:-1"},"canonical":"https:\/\/www.p31noticias.com.br\/?p=25878","og_locale":"pt_BR","og_type":"article","og_title":"Ministro do STF ordena que deputado volte a usar tornozeleira.","og_description":"Daniel Silveira foi proibido de participar evento p\u00fablico. O ministro Alexandre de Moraes, do Supremo Tribunal Federal (STF), determinou que o deputado federal Daniel Silveira (Uni\u00e3o Brasil-RJ) volte a usar tornozeleira eletr\u00f4nica e seja proibido de deixar Petr\u00f3polis (RJ), cidade em que mant\u00e9m resid\u00eancia, a n\u00e3o ser que seja em dire\u00e7\u00e3o a Bras\u00edlia, onde exerce [&hellip;]","og_url":"https:\/\/www.p31noticias.com.br\/?p=25878","og_site_name":"P31","article_published_time":"2022-03-28T03:35:12+00:00","og_image":[{"width":1170,"height":700,"url":"https:\/\/www.p31noticias.com.br\/wp-content\/uploads\/2022\/03\/img20190424160335019_0.jpg","type":"image\/jpeg"}],"author":"Gon\u00e7alves Junior","twitter_card":"summary_large_image","twitter_misc":{"Escrito por":"Gon\u00e7alves Junior","Est. tempo de leitura":"2 minutos"},"schema":{"@context":"https:\/\/schema.org","@graph":[{"@type":"Article","@id":"https:\/\/www.p31noticias.com.br\/?p=25878#article","isPartOf":{"@id":"https:\/\/www.p31noticias.com.br\/?p=25878"},"author":{"name":"Gon\u00e7alves Junior","@id":"https:\/\/www.p31noticias.com.br\/#\/schema\/person\/95f2ece30e3b4132065b915150cd0f94"},"headline":"Ministro do STF ordena que deputado volte a usar tornozeleira.","datePublished":"2022-03-28T03:35:12+00:00","mainEntityOfPage":{"@id":"https:\/\/www.p31noticias.com.br\/?p=25878"},"wordCount":366,"commentCount":0,"image":{"@id":"https:\/\/www.p31noticias.com.br\/?p=25878#primaryimage"},"thumbnailUrl":"https:\/\/www.p31noticias.com.br\/wp-content\/uploads\/2022\/03\/img20190424160335019_0.jpg","articleSection":["Pol\u00edtica"],"inLanguage":"pt-BR","potentialAction":[{"@type":"CommentAction","name":"Comment","target":["https:\/\/www.p31noticias.com.br\/?p=25878#respond"]}],"copyrightYear":"2022","copyrightHolder":{"@id":"https:\/\/www.p31noticias.com.br\/#organization"}},{"@type":"WebPage","@id":"https:\/\/www.p31noticias.com.br\/?p=25878","url":"https:\/\/www.p31noticias.com.br\/?p=25878","name":"Ministro do STF ordena que deputado volte a usar tornozeleira. - P31","isPartOf":{"@id":"https:\/\/www.p31noticias.com.br\/#website"},"primaryImageOfPage":{"@id":"https:\/\/www.p31noticias.com.br\/?p=25878#primaryimage"},"image":{"@id":"https:\/\/www.p31noticias.com.br\/?p=25878#primaryimage"},"thumbnailUrl":"https:\/\/www.p31noticias.com.br\/wp-content\/uploads\/2022\/03\/img20190424160335019_0.jpg","datePublished":"2022-03-28T03:35:12+00:00","author":{"@id":"https:\/\/www.p31noticias.com.br\/#\/schema\/person\/95f2ece30e3b4132065b915150cd0f94"},"breadcrumb":{"@id":"https:\/\/www.p31noticias.com.br\/?p=25878#breadcrumb"},"inLanguage":"pt-BR","potentialAction":[{"@type":"ReadAction","target":["https:\/\/www.p31noticias.com.br\/?p=25878"]}]},{"@type":"ImageObject","inLanguage":"pt-BR","@id":"https:\/\/www.p31noticias.com.br\/?p=25878#primaryimage","url":"https:\/\/www.p31noticias.com.br\/wp-content\/uploads\/2022\/03\/img20190424160335019_0.jpg","contentUrl":"https:\/\/www.p31noticias.com.br\/wp-content\/uploads\/2022\/03\/img20190424160335019_0.jpg","width":1170,"height":700},{"@type":"BreadcrumbList","@id":"https:\/\/www.p31noticias.com.br\/?p=25878#breadcrumb","itemListElement":[{"@type":"ListItem","position":1,"name":"In\u00edcio","item":"https:\/\/www.p31noticias.com.br\/"},{"@type":"ListItem","position":2,"name":"Ministro do STF ordena que deputado volte a usar tornozeleira."}]},{"@type":"WebSite","@id":"https:\/\/www.p31noticias.com.br\/#website","url":"https:\/\/www.p31noticias.com.br\/","name":"P31","description":"NOT\u00cdCIAS","potentialAction":[{"@type":"SearchAction","target":{"@type":"EntryPoint","urlTemplate":"https:\/\/www.p31noticias.com.br\/?s={search_term_string}"},"query-input":{"@type":"PropertyValueSpecification","valueRequired":true,"valueName":"search_term_string"}}],"inLanguage":"pt-BR"},{"@type":"Person","@id":"https:\/\/www.p31noticias.com.br\/#\/schema\/person\/95f2ece30e3b4132065b915150cd0f94","name":"Gon\u00e7alves Junior","image":{"@type":"ImageObject","inLanguage":"pt-BR","@id":"https:\/\/secure.gravatar.com\/avatar\/6711f350116a89762687a48d66f723c799e5438a5b7578508d4294cd7a5d0800?s=96&d=mm&r=g","url":"https:\/\/secure.gravatar.com\/avatar\/6711f350116a89762687a48d66f723c799e5438a5b7578508d4294cd7a5d0800?s=96&d=mm&r=g","contentUrl":"https:\/\/secure.gravatar.com\/avatar\/6711f350116a89762687a48d66f723c799e5438a5b7578508d4294cd7a5d0800?s=96&d=mm&r=g","caption":"Gon\u00e7alves Junior"},"url":"https:\/\/www.p31noticias.com.br\/?author=2"}]}},"amp_enabled":true,"_links":{"self":[{"href":"https:\/\/www.p31noticias.com.br\/index.php?rest_route=\/wp\/v2\/posts\/25878","targetHints":{"allow":["GET"]}}],"collection":[{"href":"https:\/\/www.p31noticias.com.br\/index.php?rest_route=\/wp\/v2\/posts"}],"about":[{"href":"https:\/\/www.p31noticias.com.br\/index.php?rest_route=\/wp\/v2\/types\/post"}],"author":[{"embeddable":true,"href":"https:\/\/www.p31noticias.com.br\/index.php?rest_route=\/wp\/v2\/users\/2"}],"replies":[{"embeddable":true,"href":"https:\/\/www.p31noticias.com.br\/index.php?rest_route=%2Fwp%2Fv2%2Fcomments&post=25878"}],"version-history":[{"count":1,"href":"https:\/\/www.p31noticias.com.br\/index.php?rest_route=\/wp\/v2\/posts\/25878\/revisions"}],"predecessor-version":[{"id":25880,"href":"https:\/\/www.p31noticias.com.br\/index.php?rest_route=\/wp\/v2\/posts\/25878\/revisions\/25880"}],"wp:featuredmedia":[{"embeddable":true,"href":"https:\/\/www.p31noticias.com.br\/index.php?rest_route=\/wp\/v2\/media\/25879"}],"wp:attachment":[{"href":"https:\/\/www.p31noticias.com.br\/index.php?rest_route=%2Fwp%2Fv2%2Fmedia&parent=25878"}],"wp:term":[{"taxonomy":"category","embeddable":true,"href":"https:\/\/www.p31noticias.com.br\/index.php?rest_route=%2Fwp%2Fv2%2Fcategories&post=25878"},{"taxonomy":"post_tag","embeddable":true,"href":"https:\/\/www.p31noticias.com.br\/index.php?rest_route=%2Fwp%2Fv2%2Ftags&post=25878"}],"curies":[{"name":"wp","href":"https:\/\/api.w.org\/{rel}","templated":true}]}}