{"id":25863,"date":"2022-03-26T09:03:17","date_gmt":"2022-03-26T12:03:17","guid":{"rendered":"https:\/\/p31noticias.com.br\/?p=25863"},"modified":"2022-03-26T09:03:17","modified_gmt":"2022-03-26T12:03:17","slug":"uniao-e-df-entram-em-acordo-sobre-regularizacao-de-bairro","status":"publish","type":"post","link":"https:\/\/www.p31noticias.com.br\/?p=25863","title":{"rendered":"Uni\u00e3o e DF entram em acordo sobre regulariza\u00e7\u00e3o de bairro."},"content":{"rendered":"<h3 class=\"col-10 offset-1 animated fadeInDown dealy-900 display-8 display-md-8 alt-font font-italic my-1 text-center\" style=\"text-align: justify;\"><em><strong>Medida deve beneficiar 22 mil fam\u00edlias.<\/strong><\/em><\/h3>\n<div class=\"post-item-wrap\">\n<p style=\"text-align: justify;\">Os governos federal e do Distrito Federal firmaram um acordo para regularizar a regi\u00e3o de Vicente Pires, no DF. Segundo o governo do Distrito Federal, a medida deve beneficiar 22 mil fam\u00edlias. Fazem parte da regulariza\u00e7\u00e3o a Fazenda Brejo ou Torto (Vicente Pires), a Fazenda Contagem de S\u00e3o Jo\u00e3o, a Fazenda S\u00e1lvia e a Fazenda Sobradinho.<img decoding=\"async\" src=\"https:\/\/agenciabrasil.ebc.com.br\/ebc.png?id=1450680&amp;o=node\" \/><img decoding=\"async\" src=\"https:\/\/agenciabrasil.ebc.com.br\/ebc.gif?id=1450680&amp;o=node\" \/><\/p>\n<p style=\"text-align: justify;\">O acordo prev\u00ea que a Companhia Imobili\u00e1ria de Bras\u00edlia (Terracap), uma estatal do Distrito Federal, repasse \u00e0 Uni\u00e3o valores relativos a juros sobre capital pr\u00f3prio e dividendos oriundos da participa\u00e7\u00e3o da Uni\u00e3o na empresa. Em raz\u00e3o de lit\u00edgio, os valores deixaram de ser pagos. O termo de concilia\u00e7\u00e3o assinado nesta sexta-feira encerra um conflito que vem desde os anos de 1970.<\/p>\n<p style=\"text-align: justify;\">Com a futura regulariza\u00e7\u00e3o, fam\u00edlias que recebem at\u00e9 cinco sal\u00e1rios m\u00ednimos poder\u00e3o receber gratuitamente o t\u00edtulo de posse da \u00e1rea. As fam\u00edlias que ganham acima disso v\u00e3o ter a possibilidade de adquirir os terrenos com descontos e em condi\u00e7\u00f5es especiais.<\/p>\n<p style=\"text-align: justify;\">O DF tem v\u00e1rios bairros residenciais pendentes de regulariza\u00e7\u00e3o. Alguns s\u00e3o terras da Uni\u00e3o, como o caso da regi\u00e3o de Vicente Pires. Outros locais s\u00e3o terras particulares que foram alvo de venda duplicada, como \u00e9 o caso de condom\u00ednios em Sobradinho II. Moradores da regi\u00e3o acusam de participa\u00e7\u00e3o em um esquema de grilagem de terras a empresa que afirma ter direito sobre a \u00e1rea. Nesse caso, a solu\u00e7\u00e3o deve passar por a\u00e7\u00f5es que correm na Justi\u00e7a.<\/p>\n<h2 style=\"text-align: justify;\">Otimismo na economia<\/h2>\n<p style=\"text-align: justify;\">Em discurso durante a cerim\u00f4nia, o ministro da Economia, Paulo Guedes, disse que a queda do d\u00f3lar e os investimentos privados que vir\u00e3o das concess\u00f5es e das privatiza\u00e7\u00f5es garantem o crescimento da economia. \u201cO Brasil caiu menos, voltou mais r\u00e1pido e est\u00e1 em posi\u00e7\u00e3o de deslanchar o crescimento. \u00c9 absolutamente garantido que o pa\u00eds vai crescer\u201d, declarou.<\/p>\n<p style=\"text-align: justify;\">O ministro voltou a repetir estimativas de que o Brasil tem R$ 1 trilh\u00e3o de investimentos privados a receber nos pr\u00f3ximos anos. \u201cCom mais de R$ 1 trilh\u00e3o de investimentos e o d\u00f3lar abaixo de R$ 5, s\u00e3o mais de US$ 200 bilh\u00f5es nos pr\u00f3ximos 10 anos. S\u00e3o dois planos Marshall que o Brasil j\u00e1 tem, apesar de toda a turbul\u00eancia\u201d, afirmou. O Plano Marshall foi o plano de recupera\u00e7\u00e3o da economia europeia ap\u00f3s a Segunda Guerra Mundial, financiado pelos Estados Unidos.<\/p>\n<p style=\"text-align: justify;\">Em rela\u00e7\u00e3o \u00e0 regulariza\u00e7\u00e3o fundi\u00e1ria de \u00e1reas da Uni\u00e3o, Guedes disse que a transfer\u00eancia de direitos de propriedade aos moradores de zonas ocupadas irregularmente injetaria at\u00e9 R$ 1 trilh\u00e3o na economia. \u201cSe o governo tem terrenos em grandes centros urbanos, por que n\u00e3o transferir para cidad\u00e3os de baixa renda?\u201d, questionou.<\/p>\n<p style=\"text-align: justify;\">O ministro voltou a defender a cria\u00e7\u00e3o de um fundo de combate \u00e0 pobreza com recursos de privatiza\u00e7\u00f5es e de venda de im\u00f3veis da Uni\u00e3o. No ano passado, a ideia chegou a constar da proposta de emenda \u00e0 Constitui\u00e7\u00e3o que parcelou os precat\u00f3rios, mas foi retirada do texto pelo Congresso.<\/p>\n<p style=\"text-align: justify;\">Ag\u00eancia Brasil.<\/p>\n<\/div>\n","protected":false},"excerpt":{"rendered":"<p>Medida deve beneficiar 22 mil fam\u00edlias. Os governos federal e do Distrito Federal firmaram um acordo para regularizar a regi\u00e3o de Vicente Pires, no DF. Segundo o governo do Distrito Federal, a medida deve beneficiar 22 mil fam\u00edlias. Fazem parte da regulariza\u00e7\u00e3o a Fazenda Brejo ou Torto (Vicente Pires), a Fazenda Contagem de S\u00e3o Jo\u00e3o, [&hellip;]<\/p>\n","protected":false},"author":2,"featured_media":25864,"comment_status":"open","ping_status":"open","sticky":false,"template":"","format":"standard","meta":{"footnotes":""},"categories":[1],"tags":[],"class_list":{"0":"post-25863","1":"post","2":"type-post","3":"status-publish","4":"format-standard","5":"has-post-thumbnail","7":"category-outros"},"yoast_head":"<!-- This site is optimized with the Yoast SEO Premium plugin v24.5 (Yoast SEO v27.5) - https:\/\/yoast.com\/product\/yoast-seo-premium-wordpress\/ -->\n<title>Uni\u00e3o e DF entram em acordo sobre regulariza\u00e7\u00e3o de bairro. - P31<\/title>\n<meta name=\"robots\" content=\"index, follow, max-snippet:-1, max-image-preview:large, max-video-preview:-1\" \/>\n<link rel=\"canonical\" href=\"https:\/\/www.p31noticias.com.br\/?p=25863\" \/>\n<meta property=\"og:locale\" content=\"pt_BR\" \/>\n<meta property=\"og:type\" content=\"article\" \/>\n<meta property=\"og:title\" content=\"Uni\u00e3o e DF entram em acordo sobre regulariza\u00e7\u00e3o de bairro.\" \/>\n<meta property=\"og:description\" content=\"Medida deve beneficiar 22 mil fam\u00edlias. Os governos federal e do Distrito Federal firmaram um acordo para regularizar a regi\u00e3o de Vicente Pires, no DF. Segundo o governo do Distrito Federal, a medida deve beneficiar 22 mil fam\u00edlias. Fazem parte da regulariza\u00e7\u00e3o a Fazenda Brejo ou Torto (Vicente Pires), a Fazenda Contagem de S\u00e3o Jo\u00e3o, [&hellip;]\" \/>\n<meta property=\"og:url\" content=\"https:\/\/www.p31noticias.com.br\/?p=25863\" \/>\n<meta property=\"og:site_name\" content=\"P31\" \/>\n<meta property=\"article:published_time\" content=\"2022-03-26T12:03:17+00:00\" \/>\n<meta property=\"og:image\" content=\"https:\/\/www.p31noticias.com.br\/wp-content\/uploads\/2022\/03\/cerimonia_para_regularizacao_de_terras_no_df_fpzzb_abr_20220325_0411_1.jpg\" \/>\n\t<meta property=\"og:image:width\" content=\"1170\" \/>\n\t<meta property=\"og:image:height\" content=\"700\" \/>\n\t<meta property=\"og:image:type\" content=\"image\/jpeg\" \/>\n<meta name=\"author\" content=\"Gon\u00e7alves Junior\" \/>\n<meta name=\"twitter:card\" content=\"summary_large_image\" \/>\n<meta name=\"twitter:label1\" content=\"Escrito por\" \/>\n\t<meta name=\"twitter:data1\" content=\"Gon\u00e7alves Junior\" \/>\n\t<meta name=\"twitter:label2\" content=\"Est. tempo de leitura\" \/>\n\t<meta name=\"twitter:data2\" content=\"3 minutos\" \/>\n<script type=\"application\/ld+json\" class=\"yoast-schema-graph\">{\"@context\":\"https:\\\/\\\/schema.org\",\"@graph\":[{\"@type\":\"Article\",\"@id\":\"https:\\\/\\\/www.p31noticias.com.br\\\/?p=25863#article\",\"isPartOf\":{\"@id\":\"https:\\\/\\\/www.p31noticias.com.br\\\/?p=25863\"},\"author\":{\"name\":\"Gon\u00e7alves Junior\",\"@id\":\"https:\\\/\\\/www.p31noticias.com.br\\\/#\\\/schema\\\/person\\\/95f2ece30e3b4132065b915150cd0f94\"},\"headline\":\"Uni\u00e3o e DF entram em acordo sobre regulariza\u00e7\u00e3o de bairro.\",\"datePublished\":\"2022-03-26T12:03:17+00:00\",\"mainEntityOfPage\":{\"@id\":\"https:\\\/\\\/www.p31noticias.com.br\\\/?p=25863\"},\"wordCount\":551,\"commentCount\":0,\"image\":{\"@id\":\"https:\\\/\\\/www.p31noticias.com.br\\\/?p=25863#primaryimage\"},\"thumbnailUrl\":\"https:\\\/\\\/www.p31noticias.com.br\\\/wp-content\\\/uploads\\\/2022\\\/03\\\/cerimonia_para_regularizacao_de_terras_no_df_fpzzb_abr_20220325_0411_1.jpg\",\"articleSection\":[\"Outros\"],\"inLanguage\":\"pt-BR\",\"potentialAction\":[{\"@type\":\"CommentAction\",\"name\":\"Comment\",\"target\":[\"https:\\\/\\\/www.p31noticias.com.br\\\/?p=25863#respond\"]}],\"copyrightYear\":\"2022\",\"copyrightHolder\":{\"@id\":\"https:\\\/\\\/www.p31noticias.com.br\\\/#organization\"}},{\"@type\":\"WebPage\",\"@id\":\"https:\\\/\\\/www.p31noticias.com.br\\\/?p=25863\",\"url\":\"https:\\\/\\\/www.p31noticias.com.br\\\/?p=25863\",\"name\":\"Uni\u00e3o e DF entram em acordo sobre regulariza\u00e7\u00e3o de bairro. - P31\",\"isPartOf\":{\"@id\":\"https:\\\/\\\/www.p31noticias.com.br\\\/#website\"},\"primaryImageOfPage\":{\"@id\":\"https:\\\/\\\/www.p31noticias.com.br\\\/?p=25863#primaryimage\"},\"image\":{\"@id\":\"https:\\\/\\\/www.p31noticias.com.br\\\/?p=25863#primaryimage\"},\"thumbnailUrl\":\"https:\\\/\\\/www.p31noticias.com.br\\\/wp-content\\\/uploads\\\/2022\\\/03\\\/cerimonia_para_regularizacao_de_terras_no_df_fpzzb_abr_20220325_0411_1.jpg\",\"datePublished\":\"2022-03-26T12:03:17+00:00\",\"author\":{\"@id\":\"https:\\\/\\\/www.p31noticias.com.br\\\/#\\\/schema\\\/person\\\/95f2ece30e3b4132065b915150cd0f94\"},\"breadcrumb\":{\"@id\":\"https:\\\/\\\/www.p31noticias.com.br\\\/?p=25863#breadcrumb\"},\"inLanguage\":\"pt-BR\",\"potentialAction\":[{\"@type\":\"ReadAction\",\"target\":[\"https:\\\/\\\/www.p31noticias.com.br\\\/?p=25863\"]}]},{\"@type\":\"ImageObject\",\"inLanguage\":\"pt-BR\",\"@id\":\"https:\\\/\\\/www.p31noticias.com.br\\\/?p=25863#primaryimage\",\"url\":\"https:\\\/\\\/www.p31noticias.com.br\\\/wp-content\\\/uploads\\\/2022\\\/03\\\/cerimonia_para_regularizacao_de_terras_no_df_fpzzb_abr_20220325_0411_1.jpg\",\"contentUrl\":\"https:\\\/\\\/www.p31noticias.com.br\\\/wp-content\\\/uploads\\\/2022\\\/03\\\/cerimonia_para_regularizacao_de_terras_no_df_fpzzb_abr_20220325_0411_1.jpg\",\"width\":1170,\"height\":700,\"caption\":\"Ministro da Economia, Paulo Guedes,o governador do DF, Ibaneis Rocha, o presidente da Rep\u00fablica,Jair Bolsonaro, a ministra da Secretaria de Governo, Fl\u00e1via Arruda e o advogado-geral da Uni\u00e3o, Bruno Bianco, durante solenidade que celebra o acordo entre Uni\u00e3o e GDF para regulariza\u00e7\u00e3o fundi\u00e1ria de terras no DF\"},{\"@type\":\"BreadcrumbList\",\"@id\":\"https:\\\/\\\/www.p31noticias.com.br\\\/?p=25863#breadcrumb\",\"itemListElement\":[{\"@type\":\"ListItem\",\"position\":1,\"name\":\"In\u00edcio\",\"item\":\"https:\\\/\\\/www.p31noticias.com.br\\\/\"},{\"@type\":\"ListItem\",\"position\":2,\"name\":\"Uni\u00e3o e DF entram em acordo sobre regulariza\u00e7\u00e3o de bairro.\"}]},{\"@type\":\"WebSite\",\"@id\":\"https:\\\/\\\/www.p31noticias.com.br\\\/#website\",\"url\":\"https:\\\/\\\/www.p31noticias.com.br\\\/\",\"name\":\"P31\",\"description\":\"NOT\u00cdCIAS\",\"potentialAction\":[{\"@type\":\"SearchAction\",\"target\":{\"@type\":\"EntryPoint\",\"urlTemplate\":\"https:\\\/\\\/www.p31noticias.com.br\\\/?s={search_term_string}\"},\"query-input\":{\"@type\":\"PropertyValueSpecification\",\"valueRequired\":true,\"valueName\":\"search_term_string\"}}],\"inLanguage\":\"pt-BR\"},{\"@type\":\"Person\",\"@id\":\"https:\\\/\\\/www.p31noticias.com.br\\\/#\\\/schema\\\/person\\\/95f2ece30e3b4132065b915150cd0f94\",\"name\":\"Gon\u00e7alves Junior\",\"image\":{\"@type\":\"ImageObject\",\"inLanguage\":\"pt-BR\",\"@id\":\"https:\\\/\\\/secure.gravatar.com\\\/avatar\\\/6711f350116a89762687a48d66f723c799e5438a5b7578508d4294cd7a5d0800?s=96&d=mm&r=g\",\"url\":\"https:\\\/\\\/secure.gravatar.com\\\/avatar\\\/6711f350116a89762687a48d66f723c799e5438a5b7578508d4294cd7a5d0800?s=96&d=mm&r=g\",\"contentUrl\":\"https:\\\/\\\/secure.gravatar.com\\\/avatar\\\/6711f350116a89762687a48d66f723c799e5438a5b7578508d4294cd7a5d0800?s=96&d=mm&r=g\",\"caption\":\"Gon\u00e7alves Junior\"},\"url\":\"https:\\\/\\\/www.p31noticias.com.br\\\/?author=2\"}]}<\/script>\n<!-- \/ Yoast SEO Premium plugin. -->","yoast_head_json":{"title":"Uni\u00e3o e DF entram em acordo sobre regulariza\u00e7\u00e3o de bairro. - P31","robots":{"index":"index","follow":"follow","max-snippet":"max-snippet:-1","max-image-preview":"max-image-preview:large","max-video-preview":"max-video-preview:-1"},"canonical":"https:\/\/www.p31noticias.com.br\/?p=25863","og_locale":"pt_BR","og_type":"article","og_title":"Uni\u00e3o e DF entram em acordo sobre regulariza\u00e7\u00e3o de bairro.","og_description":"Medida deve beneficiar 22 mil fam\u00edlias. Os governos federal e do Distrito Federal firmaram um acordo para regularizar a regi\u00e3o de Vicente Pires, no DF. Segundo o governo do Distrito Federal, a medida deve beneficiar 22 mil fam\u00edlias. Fazem parte da regulariza\u00e7\u00e3o a Fazenda Brejo ou Torto (Vicente Pires), a Fazenda Contagem de S\u00e3o Jo\u00e3o, [&hellip;]","og_url":"https:\/\/www.p31noticias.com.br\/?p=25863","og_site_name":"P31","article_published_time":"2022-03-26T12:03:17+00:00","og_image":[{"width":1170,"height":700,"url":"https:\/\/www.p31noticias.com.br\/wp-content\/uploads\/2022\/03\/cerimonia_para_regularizacao_de_terras_no_df_fpzzb_abr_20220325_0411_1.jpg","type":"image\/jpeg"}],"author":"Gon\u00e7alves Junior","twitter_card":"summary_large_image","twitter_misc":{"Escrito por":"Gon\u00e7alves Junior","Est. tempo de leitura":"3 minutos"},"schema":{"@context":"https:\/\/schema.org","@graph":[{"@type":"Article","@id":"https:\/\/www.p31noticias.com.br\/?p=25863#article","isPartOf":{"@id":"https:\/\/www.p31noticias.com.br\/?p=25863"},"author":{"name":"Gon\u00e7alves Junior","@id":"https:\/\/www.p31noticias.com.br\/#\/schema\/person\/95f2ece30e3b4132065b915150cd0f94"},"headline":"Uni\u00e3o e DF entram em acordo sobre regulariza\u00e7\u00e3o de bairro.","datePublished":"2022-03-26T12:03:17+00:00","mainEntityOfPage":{"@id":"https:\/\/www.p31noticias.com.br\/?p=25863"},"wordCount":551,"commentCount":0,"image":{"@id":"https:\/\/www.p31noticias.com.br\/?p=25863#primaryimage"},"thumbnailUrl":"https:\/\/www.p31noticias.com.br\/wp-content\/uploads\/2022\/03\/cerimonia_para_regularizacao_de_terras_no_df_fpzzb_abr_20220325_0411_1.jpg","articleSection":["Outros"],"inLanguage":"pt-BR","potentialAction":[{"@type":"CommentAction","name":"Comment","target":["https:\/\/www.p31noticias.com.br\/?p=25863#respond"]}],"copyrightYear":"2022","copyrightHolder":{"@id":"https:\/\/www.p31noticias.com.br\/#organization"}},{"@type":"WebPage","@id":"https:\/\/www.p31noticias.com.br\/?p=25863","url":"https:\/\/www.p31noticias.com.br\/?p=25863","name":"Uni\u00e3o e DF entram em acordo sobre regulariza\u00e7\u00e3o de bairro. - P31","isPartOf":{"@id":"https:\/\/www.p31noticias.com.br\/#website"},"primaryImageOfPage":{"@id":"https:\/\/www.p31noticias.com.br\/?p=25863#primaryimage"},"image":{"@id":"https:\/\/www.p31noticias.com.br\/?p=25863#primaryimage"},"thumbnailUrl":"https:\/\/www.p31noticias.com.br\/wp-content\/uploads\/2022\/03\/cerimonia_para_regularizacao_de_terras_no_df_fpzzb_abr_20220325_0411_1.jpg","datePublished":"2022-03-26T12:03:17+00:00","author":{"@id":"https:\/\/www.p31noticias.com.br\/#\/schema\/person\/95f2ece30e3b4132065b915150cd0f94"},"breadcrumb":{"@id":"https:\/\/www.p31noticias.com.br\/?p=25863#breadcrumb"},"inLanguage":"pt-BR","potentialAction":[{"@type":"ReadAction","target":["https:\/\/www.p31noticias.com.br\/?p=25863"]}]},{"@type":"ImageObject","inLanguage":"pt-BR","@id":"https:\/\/www.p31noticias.com.br\/?p=25863#primaryimage","url":"https:\/\/www.p31noticias.com.br\/wp-content\/uploads\/2022\/03\/cerimonia_para_regularizacao_de_terras_no_df_fpzzb_abr_20220325_0411_1.jpg","contentUrl":"https:\/\/www.p31noticias.com.br\/wp-content\/uploads\/2022\/03\/cerimonia_para_regularizacao_de_terras_no_df_fpzzb_abr_20220325_0411_1.jpg","width":1170,"height":700,"caption":"Ministro da Economia, Paulo Guedes,o governador do DF, Ibaneis Rocha, o presidente da Rep\u00fablica,Jair Bolsonaro, a ministra da Secretaria de Governo, Fl\u00e1via Arruda e o advogado-geral da Uni\u00e3o, Bruno Bianco, durante solenidade que celebra o acordo entre Uni\u00e3o e GDF para regulariza\u00e7\u00e3o fundi\u00e1ria de terras no DF"},{"@type":"BreadcrumbList","@id":"https:\/\/www.p31noticias.com.br\/?p=25863#breadcrumb","itemListElement":[{"@type":"ListItem","position":1,"name":"In\u00edcio","item":"https:\/\/www.p31noticias.com.br\/"},{"@type":"ListItem","position":2,"name":"Uni\u00e3o e DF entram em acordo sobre regulariza\u00e7\u00e3o de bairro."}]},{"@type":"WebSite","@id":"https:\/\/www.p31noticias.com.br\/#website","url":"https:\/\/www.p31noticias.com.br\/","name":"P31","description":"NOT\u00cdCIAS","potentialAction":[{"@type":"SearchAction","target":{"@type":"EntryPoint","urlTemplate":"https:\/\/www.p31noticias.com.br\/?s={search_term_string}"},"query-input":{"@type":"PropertyValueSpecification","valueRequired":true,"valueName":"search_term_string"}}],"inLanguage":"pt-BR"},{"@type":"Person","@id":"https:\/\/www.p31noticias.com.br\/#\/schema\/person\/95f2ece30e3b4132065b915150cd0f94","name":"Gon\u00e7alves Junior","image":{"@type":"ImageObject","inLanguage":"pt-BR","@id":"https:\/\/secure.gravatar.com\/avatar\/6711f350116a89762687a48d66f723c799e5438a5b7578508d4294cd7a5d0800?s=96&d=mm&r=g","url":"https:\/\/secure.gravatar.com\/avatar\/6711f350116a89762687a48d66f723c799e5438a5b7578508d4294cd7a5d0800?s=96&d=mm&r=g","contentUrl":"https:\/\/secure.gravatar.com\/avatar\/6711f350116a89762687a48d66f723c799e5438a5b7578508d4294cd7a5d0800?s=96&d=mm&r=g","caption":"Gon\u00e7alves Junior"},"url":"https:\/\/www.p31noticias.com.br\/?author=2"}]}},"amp_enabled":true,"_links":{"self":[{"href":"https:\/\/www.p31noticias.com.br\/index.php?rest_route=\/wp\/v2\/posts\/25863","targetHints":{"allow":["GET"]}}],"collection":[{"href":"https:\/\/www.p31noticias.com.br\/index.php?rest_route=\/wp\/v2\/posts"}],"about":[{"href":"https:\/\/www.p31noticias.com.br\/index.php?rest_route=\/wp\/v2\/types\/post"}],"author":[{"embeddable":true,"href":"https:\/\/www.p31noticias.com.br\/index.php?rest_route=\/wp\/v2\/users\/2"}],"replies":[{"embeddable":true,"href":"https:\/\/www.p31noticias.com.br\/index.php?rest_route=%2Fwp%2Fv2%2Fcomments&post=25863"}],"version-history":[{"count":1,"href":"https:\/\/www.p31noticias.com.br\/index.php?rest_route=\/wp\/v2\/posts\/25863\/revisions"}],"predecessor-version":[{"id":25865,"href":"https:\/\/www.p31noticias.com.br\/index.php?rest_route=\/wp\/v2\/posts\/25863\/revisions\/25865"}],"wp:featuredmedia":[{"embeddable":true,"href":"https:\/\/www.p31noticias.com.br\/index.php?rest_route=\/wp\/v2\/media\/25864"}],"wp:attachment":[{"href":"https:\/\/www.p31noticias.com.br\/index.php?rest_route=%2Fwp%2Fv2%2Fmedia&parent=25863"}],"wp:term":[{"taxonomy":"category","embeddable":true,"href":"https:\/\/www.p31noticias.com.br\/index.php?rest_route=%2Fwp%2Fv2%2Fcategories&post=25863"},{"taxonomy":"post_tag","embeddable":true,"href":"https:\/\/www.p31noticias.com.br\/index.php?rest_route=%2Fwp%2Fv2%2Ftags&post=25863"}],"curies":[{"name":"wp","href":"https:\/\/api.w.org\/{rel}","templated":true}]}}