{"id":25860,"date":"2022-03-26T09:00:12","date_gmt":"2022-03-26T12:00:12","guid":{"rendered":"https:\/\/p31noticias.com.br\/?p=25860"},"modified":"2022-03-26T09:00:12","modified_gmt":"2022-03-26T12:00:12","slug":"papa-classifica-como-guerra-de-odio-invasao-da-russia-a-ucrania","status":"publish","type":"post","link":"https:\/\/www.p31noticias.com.br\/?p=25860","title":{"rendered":"Papa classifica como \u2018guerra de \u00f3dio\u2019 invas\u00e3o da R\u00fassia \u00e0 Ucr\u00e2nia."},"content":{"rendered":"<p style=\"text-align: justify;\"><em><strong>Em cerim\u00f4nia realizada na bas\u00edlica de S\u00e3o pedro, o pont\u00edfice fez uma missa voltada para o conflito.<\/strong><\/em><\/p>\n<div class=\"meta\">\n<div class=\"row\">\n<div class=\"col-xs-12 col-md-8\" style=\"text-align: justify;\">O Papa Francisco realizou uma missa voltada para o conflito entre <strong><a href=\"https:\/\/jovempan.com.br\/tag\/russia\" target=\"_blank\" rel=\"noopener noreferrer\">R\u00fassia<\/a><\/strong>\u00a0e\u00a0<strong><a href=\"https:\/\/jovempan.com.br\/tag\/ucrania\" target=\"_blank\" rel=\"noopener noreferrer\">Ucr\u00e2nia<\/a><\/strong>\u00a0que j\u00e1 dura mais de um m\u00eas. Durante a cerim\u00f4nia, ele classificou o confronto como guerra do \u00f3dio. \u201cHoje as bombas destroem as casas de muitos dos nossos irm\u00e3os ucranianos indefesos\u201d, declarou o pont\u00edfice argentino na cerim\u00f4nia religiosa realizada na bas\u00edlica de S\u00e3o Pedro, em\u00a0<strong><a href=\"https:\/\/jovempan.com.br\/tag\/roma\" target=\"_blank\" rel=\"noopener noreferrer\">Roma<\/a><\/strong>, antes de rezar \u00e0 Virgem Maria por Ucr\u00e2nia e R\u00fassia. \u201cEsta guerra de \u00f3dio provoca em todos medo e preocupa\u00e7\u00e3o\u201d, afirmou o papa diante de 3.500 pessoas, entre elas o embaixador ucraniano e representantes do corpo diplom\u00e1tico. Segundo o servi\u00e7o de imprensa da Santa F\u00e9, cerca de 2 mil fi\u00e9is participaram da celebra\u00e7\u00e3o. Nas \u00faltimas semanas, o papa \u2013 que conversou com o presidente ucraniano\u00a0<strong><a href=\"https:\/\/jovempan.com.br\/tag\/volodymyr-zelensky\" target=\"_blank\" rel=\"noopener noreferrer\">Volodymyr Zelensky<\/a><\/strong>\u00a0e tamb\u00e9m com o patriarca ortodoxo russo Kirill \u2013 multiplicou os apelos \u00e0 paz na Ucr\u00e2nia, denunciando o \u201cmassacre\u201d em um pa\u00eds onde \u201ccorrem rios de l\u00e1grimas e sangue\u201d.<\/div>\n<div><\/div>\n<div>JP NEWS.<\/div>\n<\/div>\n<\/div>\n","protected":false},"excerpt":{"rendered":"<p>Em cerim\u00f4nia realizada na bas\u00edlica de S\u00e3o pedro, o pont\u00edfice fez uma missa voltada para o conflito. O Papa Francisco realizou uma missa voltada para o conflito entre R\u00fassia\u00a0e\u00a0Ucr\u00e2nia\u00a0que j\u00e1 dura mais de um m\u00eas. Durante a cerim\u00f4nia, ele classificou o confronto como guerra do \u00f3dio. \u201cHoje as bombas destroem as casas de muitos dos [&hellip;]<\/p>\n","protected":false},"author":2,"featured_media":25861,"comment_status":"open","ping_status":"open","sticky":false,"template":"","format":"standard","meta":{"footnotes":""},"categories":[1],"tags":[],"class_list":{"0":"post-25860","1":"post","2":"type-post","3":"status-publish","4":"format-standard","5":"has-post-thumbnail","7":"category-outros"},"yoast_head":"<!-- This site is optimized with the Yoast SEO Premium plugin v24.5 (Yoast SEO v27.5) - https:\/\/yoast.com\/product\/yoast-seo-premium-wordpress\/ -->\n<title>Papa classifica como \u2018guerra de \u00f3dio\u2019 invas\u00e3o da R\u00fassia \u00e0 Ucr\u00e2nia. - P31<\/title>\n<meta name=\"robots\" content=\"index, follow, max-snippet:-1, max-image-preview:large, max-video-preview:-1\" \/>\n<link rel=\"canonical\" href=\"https:\/\/www.p31noticias.com.br\/?p=25860\" \/>\n<meta property=\"og:locale\" content=\"pt_BR\" \/>\n<meta property=\"og:type\" content=\"article\" \/>\n<meta property=\"og:title\" content=\"Papa classifica como \u2018guerra de \u00f3dio\u2019 invas\u00e3o da R\u00fassia \u00e0 Ucr\u00e2nia.\" \/>\n<meta property=\"og:description\" content=\"Em cerim\u00f4nia realizada na bas\u00edlica de S\u00e3o pedro, o pont\u00edfice fez uma missa voltada para o conflito. O Papa Francisco realizou uma missa voltada para o conflito entre R\u00fassia\u00a0e\u00a0Ucr\u00e2nia\u00a0que j\u00e1 dura mais de um m\u00eas. Durante a cerim\u00f4nia, ele classificou o confronto como guerra do \u00f3dio. \u201cHoje as bombas destroem as casas de muitos dos [&hellip;]\" \/>\n<meta property=\"og:url\" content=\"https:\/\/www.p31noticias.com.br\/?p=25860\" \/>\n<meta property=\"og:site_name\" content=\"P31\" \/>\n<meta property=\"article:published_time\" content=\"2022-03-26T12:00:12+00:00\" \/>\n<meta property=\"og:image\" content=\"https:\/\/www.p31noticias.com.br\/wp-content\/uploads\/2022\/03\/download-2.jpg\" \/>\n\t<meta property=\"og:image:width\" content=\"275\" \/>\n\t<meta property=\"og:image:height\" content=\"183\" \/>\n\t<meta property=\"og:image:type\" content=\"image\/jpeg\" \/>\n<meta name=\"author\" content=\"Gon\u00e7alves Junior\" \/>\n<meta name=\"twitter:card\" content=\"summary_large_image\" \/>\n<meta name=\"twitter:label1\" content=\"Escrito por\" \/>\n\t<meta name=\"twitter:data1\" content=\"Gon\u00e7alves Junior\" \/>\n\t<meta name=\"twitter:label2\" content=\"Est. tempo de leitura\" \/>\n\t<meta name=\"twitter:data2\" content=\"1 minuto\" \/>\n<script type=\"application\/ld+json\" class=\"yoast-schema-graph\">{\"@context\":\"https:\\\/\\\/schema.org\",\"@graph\":[{\"@type\":\"Article\",\"@id\":\"https:\\\/\\\/www.p31noticias.com.br\\\/?p=25860#article\",\"isPartOf\":{\"@id\":\"https:\\\/\\\/www.p31noticias.com.br\\\/?p=25860\"},\"author\":{\"name\":\"Gon\u00e7alves Junior\",\"@id\":\"https:\\\/\\\/www.p31noticias.com.br\\\/#\\\/schema\\\/person\\\/95f2ece30e3b4132065b915150cd0f94\"},\"headline\":\"Papa classifica como \u2018guerra de \u00f3dio\u2019 invas\u00e3o da R\u00fassia \u00e0 Ucr\u00e2nia.\",\"datePublished\":\"2022-03-26T12:00:12+00:00\",\"mainEntityOfPage\":{\"@id\":\"https:\\\/\\\/www.p31noticias.com.br\\\/?p=25860\"},\"wordCount\":206,\"commentCount\":0,\"image\":{\"@id\":\"https:\\\/\\\/www.p31noticias.com.br\\\/?p=25860#primaryimage\"},\"thumbnailUrl\":\"https:\\\/\\\/www.p31noticias.com.br\\\/wp-content\\\/uploads\\\/2022\\\/03\\\/download-2.jpg\",\"articleSection\":[\"Outros\"],\"inLanguage\":\"pt-BR\",\"potentialAction\":[{\"@type\":\"CommentAction\",\"name\":\"Comment\",\"target\":[\"https:\\\/\\\/www.p31noticias.com.br\\\/?p=25860#respond\"]}],\"copyrightYear\":\"2022\",\"copyrightHolder\":{\"@id\":\"https:\\\/\\\/www.p31noticias.com.br\\\/#organization\"}},{\"@type\":\"WebPage\",\"@id\":\"https:\\\/\\\/www.p31noticias.com.br\\\/?p=25860\",\"url\":\"https:\\\/\\\/www.p31noticias.com.br\\\/?p=25860\",\"name\":\"Papa classifica como \u2018guerra de \u00f3dio\u2019 invas\u00e3o da R\u00fassia \u00e0 Ucr\u00e2nia. - P31\",\"isPartOf\":{\"@id\":\"https:\\\/\\\/www.p31noticias.com.br\\\/#website\"},\"primaryImageOfPage\":{\"@id\":\"https:\\\/\\\/www.p31noticias.com.br\\\/?p=25860#primaryimage\"},\"image\":{\"@id\":\"https:\\\/\\\/www.p31noticias.com.br\\\/?p=25860#primaryimage\"},\"thumbnailUrl\":\"https:\\\/\\\/www.p31noticias.com.br\\\/wp-content\\\/uploads\\\/2022\\\/03\\\/download-2.jpg\",\"datePublished\":\"2022-03-26T12:00:12+00:00\",\"author\":{\"@id\":\"https:\\\/\\\/www.p31noticias.com.br\\\/#\\\/schema\\\/person\\\/95f2ece30e3b4132065b915150cd0f94\"},\"breadcrumb\":{\"@id\":\"https:\\\/\\\/www.p31noticias.com.br\\\/?p=25860#breadcrumb\"},\"inLanguage\":\"pt-BR\",\"potentialAction\":[{\"@type\":\"ReadAction\",\"target\":[\"https:\\\/\\\/www.p31noticias.com.br\\\/?p=25860\"]}]},{\"@type\":\"ImageObject\",\"inLanguage\":\"pt-BR\",\"@id\":\"https:\\\/\\\/www.p31noticias.com.br\\\/?p=25860#primaryimage\",\"url\":\"https:\\\/\\\/www.p31noticias.com.br\\\/wp-content\\\/uploads\\\/2022\\\/03\\\/download-2.jpg\",\"contentUrl\":\"https:\\\/\\\/www.p31noticias.com.br\\\/wp-content\\\/uploads\\\/2022\\\/03\\\/download-2.jpg\",\"width\":275,\"height\":183},{\"@type\":\"BreadcrumbList\",\"@id\":\"https:\\\/\\\/www.p31noticias.com.br\\\/?p=25860#breadcrumb\",\"itemListElement\":[{\"@type\":\"ListItem\",\"position\":1,\"name\":\"In\u00edcio\",\"item\":\"https:\\\/\\\/www.p31noticias.com.br\\\/\"},{\"@type\":\"ListItem\",\"position\":2,\"name\":\"Papa classifica como \u2018guerra de \u00f3dio\u2019 invas\u00e3o da R\u00fassia \u00e0 Ucr\u00e2nia.\"}]},{\"@type\":\"WebSite\",\"@id\":\"https:\\\/\\\/www.p31noticias.com.br\\\/#website\",\"url\":\"https:\\\/\\\/www.p31noticias.com.br\\\/\",\"name\":\"P31\",\"description\":\"NOT\u00cdCIAS\",\"potentialAction\":[{\"@type\":\"SearchAction\",\"target\":{\"@type\":\"EntryPoint\",\"urlTemplate\":\"https:\\\/\\\/www.p31noticias.com.br\\\/?s={search_term_string}\"},\"query-input\":{\"@type\":\"PropertyValueSpecification\",\"valueRequired\":true,\"valueName\":\"search_term_string\"}}],\"inLanguage\":\"pt-BR\"},{\"@type\":\"Person\",\"@id\":\"https:\\\/\\\/www.p31noticias.com.br\\\/#\\\/schema\\\/person\\\/95f2ece30e3b4132065b915150cd0f94\",\"name\":\"Gon\u00e7alves Junior\",\"image\":{\"@type\":\"ImageObject\",\"inLanguage\":\"pt-BR\",\"@id\":\"https:\\\/\\\/secure.gravatar.com\\\/avatar\\\/6711f350116a89762687a48d66f723c799e5438a5b7578508d4294cd7a5d0800?s=96&d=mm&r=g\",\"url\":\"https:\\\/\\\/secure.gravatar.com\\\/avatar\\\/6711f350116a89762687a48d66f723c799e5438a5b7578508d4294cd7a5d0800?s=96&d=mm&r=g\",\"contentUrl\":\"https:\\\/\\\/secure.gravatar.com\\\/avatar\\\/6711f350116a89762687a48d66f723c799e5438a5b7578508d4294cd7a5d0800?s=96&d=mm&r=g\",\"caption\":\"Gon\u00e7alves Junior\"},\"url\":\"https:\\\/\\\/www.p31noticias.com.br\\\/?author=2\"}]}<\/script>\n<!-- \/ Yoast SEO Premium plugin. -->","yoast_head_json":{"title":"Papa classifica como \u2018guerra de \u00f3dio\u2019 invas\u00e3o da R\u00fassia \u00e0 Ucr\u00e2nia. - P31","robots":{"index":"index","follow":"follow","max-snippet":"max-snippet:-1","max-image-preview":"max-image-preview:large","max-video-preview":"max-video-preview:-1"},"canonical":"https:\/\/www.p31noticias.com.br\/?p=25860","og_locale":"pt_BR","og_type":"article","og_title":"Papa classifica como \u2018guerra de \u00f3dio\u2019 invas\u00e3o da R\u00fassia \u00e0 Ucr\u00e2nia.","og_description":"Em cerim\u00f4nia realizada na bas\u00edlica de S\u00e3o pedro, o pont\u00edfice fez uma missa voltada para o conflito. O Papa Francisco realizou uma missa voltada para o conflito entre R\u00fassia\u00a0e\u00a0Ucr\u00e2nia\u00a0que j\u00e1 dura mais de um m\u00eas. Durante a cerim\u00f4nia, ele classificou o confronto como guerra do \u00f3dio. \u201cHoje as bombas destroem as casas de muitos dos [&hellip;]","og_url":"https:\/\/www.p31noticias.com.br\/?p=25860","og_site_name":"P31","article_published_time":"2022-03-26T12:00:12+00:00","og_image":[{"width":275,"height":183,"url":"https:\/\/www.p31noticias.com.br\/wp-content\/uploads\/2022\/03\/download-2.jpg","type":"image\/jpeg"}],"author":"Gon\u00e7alves Junior","twitter_card":"summary_large_image","twitter_misc":{"Escrito por":"Gon\u00e7alves Junior","Est. tempo de leitura":"1 minuto"},"schema":{"@context":"https:\/\/schema.org","@graph":[{"@type":"Article","@id":"https:\/\/www.p31noticias.com.br\/?p=25860#article","isPartOf":{"@id":"https:\/\/www.p31noticias.com.br\/?p=25860"},"author":{"name":"Gon\u00e7alves Junior","@id":"https:\/\/www.p31noticias.com.br\/#\/schema\/person\/95f2ece30e3b4132065b915150cd0f94"},"headline":"Papa classifica como \u2018guerra de \u00f3dio\u2019 invas\u00e3o da R\u00fassia \u00e0 Ucr\u00e2nia.","datePublished":"2022-03-26T12:00:12+00:00","mainEntityOfPage":{"@id":"https:\/\/www.p31noticias.com.br\/?p=25860"},"wordCount":206,"commentCount":0,"image":{"@id":"https:\/\/www.p31noticias.com.br\/?p=25860#primaryimage"},"thumbnailUrl":"https:\/\/www.p31noticias.com.br\/wp-content\/uploads\/2022\/03\/download-2.jpg","articleSection":["Outros"],"inLanguage":"pt-BR","potentialAction":[{"@type":"CommentAction","name":"Comment","target":["https:\/\/www.p31noticias.com.br\/?p=25860#respond"]}],"copyrightYear":"2022","copyrightHolder":{"@id":"https:\/\/www.p31noticias.com.br\/#organization"}},{"@type":"WebPage","@id":"https:\/\/www.p31noticias.com.br\/?p=25860","url":"https:\/\/www.p31noticias.com.br\/?p=25860","name":"Papa classifica como \u2018guerra de \u00f3dio\u2019 invas\u00e3o da R\u00fassia \u00e0 Ucr\u00e2nia. - P31","isPartOf":{"@id":"https:\/\/www.p31noticias.com.br\/#website"},"primaryImageOfPage":{"@id":"https:\/\/www.p31noticias.com.br\/?p=25860#primaryimage"},"image":{"@id":"https:\/\/www.p31noticias.com.br\/?p=25860#primaryimage"},"thumbnailUrl":"https:\/\/www.p31noticias.com.br\/wp-content\/uploads\/2022\/03\/download-2.jpg","datePublished":"2022-03-26T12:00:12+00:00","author":{"@id":"https:\/\/www.p31noticias.com.br\/#\/schema\/person\/95f2ece30e3b4132065b915150cd0f94"},"breadcrumb":{"@id":"https:\/\/www.p31noticias.com.br\/?p=25860#breadcrumb"},"inLanguage":"pt-BR","potentialAction":[{"@type":"ReadAction","target":["https:\/\/www.p31noticias.com.br\/?p=25860"]}]},{"@type":"ImageObject","inLanguage":"pt-BR","@id":"https:\/\/www.p31noticias.com.br\/?p=25860#primaryimage","url":"https:\/\/www.p31noticias.com.br\/wp-content\/uploads\/2022\/03\/download-2.jpg","contentUrl":"https:\/\/www.p31noticias.com.br\/wp-content\/uploads\/2022\/03\/download-2.jpg","width":275,"height":183},{"@type":"BreadcrumbList","@id":"https:\/\/www.p31noticias.com.br\/?p=25860#breadcrumb","itemListElement":[{"@type":"ListItem","position":1,"name":"In\u00edcio","item":"https:\/\/www.p31noticias.com.br\/"},{"@type":"ListItem","position":2,"name":"Papa classifica como \u2018guerra de \u00f3dio\u2019 invas\u00e3o da R\u00fassia \u00e0 Ucr\u00e2nia."}]},{"@type":"WebSite","@id":"https:\/\/www.p31noticias.com.br\/#website","url":"https:\/\/www.p31noticias.com.br\/","name":"P31","description":"NOT\u00cdCIAS","potentialAction":[{"@type":"SearchAction","target":{"@type":"EntryPoint","urlTemplate":"https:\/\/www.p31noticias.com.br\/?s={search_term_string}"},"query-input":{"@type":"PropertyValueSpecification","valueRequired":true,"valueName":"search_term_string"}}],"inLanguage":"pt-BR"},{"@type":"Person","@id":"https:\/\/www.p31noticias.com.br\/#\/schema\/person\/95f2ece30e3b4132065b915150cd0f94","name":"Gon\u00e7alves Junior","image":{"@type":"ImageObject","inLanguage":"pt-BR","@id":"https:\/\/secure.gravatar.com\/avatar\/6711f350116a89762687a48d66f723c799e5438a5b7578508d4294cd7a5d0800?s=96&d=mm&r=g","url":"https:\/\/secure.gravatar.com\/avatar\/6711f350116a89762687a48d66f723c799e5438a5b7578508d4294cd7a5d0800?s=96&d=mm&r=g","contentUrl":"https:\/\/secure.gravatar.com\/avatar\/6711f350116a89762687a48d66f723c799e5438a5b7578508d4294cd7a5d0800?s=96&d=mm&r=g","caption":"Gon\u00e7alves Junior"},"url":"https:\/\/www.p31noticias.com.br\/?author=2"}]}},"amp_enabled":true,"_links":{"self":[{"href":"https:\/\/www.p31noticias.com.br\/index.php?rest_route=\/wp\/v2\/posts\/25860","targetHints":{"allow":["GET"]}}],"collection":[{"href":"https:\/\/www.p31noticias.com.br\/index.php?rest_route=\/wp\/v2\/posts"}],"about":[{"href":"https:\/\/www.p31noticias.com.br\/index.php?rest_route=\/wp\/v2\/types\/post"}],"author":[{"embeddable":true,"href":"https:\/\/www.p31noticias.com.br\/index.php?rest_route=\/wp\/v2\/users\/2"}],"replies":[{"embeddable":true,"href":"https:\/\/www.p31noticias.com.br\/index.php?rest_route=%2Fwp%2Fv2%2Fcomments&post=25860"}],"version-history":[{"count":1,"href":"https:\/\/www.p31noticias.com.br\/index.php?rest_route=\/wp\/v2\/posts\/25860\/revisions"}],"predecessor-version":[{"id":25862,"href":"https:\/\/www.p31noticias.com.br\/index.php?rest_route=\/wp\/v2\/posts\/25860\/revisions\/25862"}],"wp:featuredmedia":[{"embeddable":true,"href":"https:\/\/www.p31noticias.com.br\/index.php?rest_route=\/wp\/v2\/media\/25861"}],"wp:attachment":[{"href":"https:\/\/www.p31noticias.com.br\/index.php?rest_route=%2Fwp%2Fv2%2Fmedia&parent=25860"}],"wp:term":[{"taxonomy":"category","embeddable":true,"href":"https:\/\/www.p31noticias.com.br\/index.php?rest_route=%2Fwp%2Fv2%2Fcategories&post=25860"},{"taxonomy":"post_tag","embeddable":true,"href":"https:\/\/www.p31noticias.com.br\/index.php?rest_route=%2Fwp%2Fv2%2Ftags&post=25860"}],"curies":[{"name":"wp","href":"https:\/\/api.w.org\/{rel}","templated":true}]}}