{"id":25857,"date":"2022-03-26T08:56:29","date_gmt":"2022-03-26T11:56:29","guid":{"rendered":"https:\/\/p31noticias.com.br\/?p=25857"},"modified":"2022-03-26T08:56:29","modified_gmt":"2022-03-26T11:56:29","slug":"caixa-anuncia-reducao-da-taxa-de-juros-para-financiamento-da-casa-propria","status":"publish","type":"post","link":"https:\/\/www.p31noticias.com.br\/?p=25857","title":{"rendered":"Caixa anuncia redu\u00e7\u00e3o da taxa de juros para financiamento da casa pr\u00f3pria."},"content":{"rendered":"<p style=\"text-align: justify;\"><em><strong>Novas taxas partem de 2,80% ao ano somadas ao \u00edndice de rendimento da poupan\u00e7a; mudan\u00e7a come\u00e7a no dia 28 de mar\u00e7o.<\/strong><\/em><\/p>\n<p style=\"text-align: justify;\">A\u00a0<a href=\"https:\/\/jovempan.com.br\/tag\/caixa-economica-federal\"><strong>Caixa Econ\u00f4mica Federal<\/strong>\u00a0<\/a>anunciou nesta quinta-feira, 24, a redu\u00e7\u00e3o da taxa de\u00a0<a href=\"https:\/\/jovempan.com.br\/tag\/juros\"><strong>juros<\/strong>\u00a0<\/a>do financiamento da casa pr\u00f3pria atrelado \u00e0 poupan\u00e7a. Segundo o banco, as novas taxas partem de 2,80% ao ano somadas ao \u00edndice de rendimento da poupan\u00e7a A mudan\u00e7a come\u00e7a a partir da pr\u00f3xima segunda-feira, 28, e representa uma queda de 0,15% em rela\u00e7\u00e3o aos juros de 2,95% anunciados no ano passado. A Caixa tamb\u00e9m anunciou o lan\u00e7amento de uma linha de cr\u00e9dito para pessoas com defici\u00eancia no \u00e2mbito do Programa\u00a0<a href=\"https:\/\/jovempan.com.br\/tag\/casa-verde-e-amarela\"><strong>Casa Verde e Amarela.<\/strong><\/a>\u00a0O projeto utiliza recursos do FGTS para reforma e adapta\u00e7\u00e3o de im\u00f3veis. O financiamento \u00e9 de at\u00e9 R$ 50 mil, limitado a 80% da obra. As fam\u00edlias beneficiadas devem ter renda bruta mensal de at\u00e9 R$ 3 mil e ter\u00e3o prazo de 240 meses para pagamento.<\/p>\n<div class=\"clearfix text-center advert\" style=\"text-align: justify;\">\n<div id=\"ad-middle1\" class=\"ads-gam\"><\/div>\n<\/div>\n<p style=\"text-align: justify;\">Os dois an\u00fancios foram feitos durante o evento \u201cSummit Abrainc 2022\u201d, realizado em S\u00e3o Paulo. O banco tamb\u00e9m informou que, a partir de 12 de abril, fam\u00edlias com renda entre R$ 2 mil e R$ 2,4 mil ter\u00e3o redu\u00e7\u00e3o de juros de 0,5% no financiamento habitacional e aumento dos subs\u00eddios para aquisi\u00e7\u00e3o e constru\u00e7\u00e3o de moradias. Segundo a Caixa, em janeiro e fevereiro deste ano foram contratados R$ 21,5 bilh\u00f5es em cr\u00e9dito a pessoas f\u00edsicas e jur\u00eddicas, um crescimento de 33,7% em rela\u00e7\u00e3o a 2021. Foram 7599 empreendimentos financiados pela institui\u00e7\u00e3o e mais de 1 milh\u00e3o de novas resid\u00eancias.<\/p>\n<p>JP NEWS.<\/p>\n","protected":false},"excerpt":{"rendered":"<p>Novas taxas partem de 2,80% ao ano somadas ao \u00edndice de rendimento da poupan\u00e7a; mudan\u00e7a come\u00e7a no dia 28 de mar\u00e7o. A\u00a0Caixa Econ\u00f4mica Federal\u00a0anunciou nesta quinta-feira, 24, a redu\u00e7\u00e3o da taxa de\u00a0juros\u00a0do financiamento da casa pr\u00f3pria atrelado \u00e0 poupan\u00e7a. Segundo o banco, as novas taxas partem de 2,80% ao ano somadas ao \u00edndice de rendimento [&hellip;]<\/p>\n","protected":false},"author":2,"featured_media":25858,"comment_status":"open","ping_status":"open","sticky":false,"template":"","format":"standard","meta":{"footnotes":""},"categories":[68,637],"tags":[],"class_list":{"0":"post-25857","1":"post","2":"type-post","3":"status-publish","4":"format-standard","5":"has-post-thumbnail","7":"category-brasil","8":"category-economia"},"yoast_head":"<!-- This site is optimized with the Yoast SEO Premium plugin v24.5 (Yoast SEO v27.5) - https:\/\/yoast.com\/product\/yoast-seo-premium-wordpress\/ -->\n<title>Caixa anuncia redu\u00e7\u00e3o da taxa de juros para financiamento da casa pr\u00f3pria. - P31<\/title>\n<meta name=\"robots\" content=\"index, follow, max-snippet:-1, max-image-preview:large, max-video-preview:-1\" \/>\n<link rel=\"canonical\" href=\"https:\/\/www.p31noticias.com.br\/?p=25857\" \/>\n<meta property=\"og:locale\" content=\"pt_BR\" \/>\n<meta property=\"og:type\" content=\"article\" \/>\n<meta property=\"og:title\" content=\"Caixa anuncia redu\u00e7\u00e3o da taxa de juros para financiamento da casa pr\u00f3pria.\" \/>\n<meta property=\"og:description\" content=\"Novas taxas partem de 2,80% ao ano somadas ao \u00edndice de rendimento da poupan\u00e7a; mudan\u00e7a come\u00e7a no dia 28 de mar\u00e7o. A\u00a0Caixa Econ\u00f4mica Federal\u00a0anunciou nesta quinta-feira, 24, a redu\u00e7\u00e3o da taxa de\u00a0juros\u00a0do financiamento da casa pr\u00f3pria atrelado \u00e0 poupan\u00e7a. Segundo o banco, as novas taxas partem de 2,80% ao ano somadas ao \u00edndice de rendimento [&hellip;]\" \/>\n<meta property=\"og:url\" content=\"https:\/\/www.p31noticias.com.br\/?p=25857\" \/>\n<meta property=\"og:site_name\" content=\"P31\" \/>\n<meta property=\"article:published_time\" content=\"2022-03-26T11:56:29+00:00\" \/>\n<meta property=\"og:image\" content=\"https:\/\/www.p31noticias.com.br\/wp-content\/uploads\/2022\/03\/download-3.jpg\" \/>\n\t<meta property=\"og:image:width\" content=\"277\" \/>\n\t<meta property=\"og:image:height\" content=\"182\" \/>\n\t<meta property=\"og:image:type\" content=\"image\/jpeg\" \/>\n<meta name=\"author\" content=\"Gon\u00e7alves Junior\" \/>\n<meta name=\"twitter:card\" content=\"summary_large_image\" \/>\n<meta name=\"twitter:label1\" content=\"Escrito por\" \/>\n\t<meta name=\"twitter:data1\" content=\"Gon\u00e7alves Junior\" \/>\n\t<meta name=\"twitter:label2\" content=\"Est. tempo de leitura\" \/>\n\t<meta name=\"twitter:data2\" content=\"1 minuto\" \/>\n<script type=\"application\/ld+json\" class=\"yoast-schema-graph\">{\"@context\":\"https:\\\/\\\/schema.org\",\"@graph\":[{\"@type\":\"Article\",\"@id\":\"https:\\\/\\\/www.p31noticias.com.br\\\/?p=25857#article\",\"isPartOf\":{\"@id\":\"https:\\\/\\\/www.p31noticias.com.br\\\/?p=25857\"},\"author\":{\"name\":\"Gon\u00e7alves Junior\",\"@id\":\"https:\\\/\\\/www.p31noticias.com.br\\\/#\\\/schema\\\/person\\\/95f2ece30e3b4132065b915150cd0f94\"},\"headline\":\"Caixa anuncia redu\u00e7\u00e3o da taxa de juros para financiamento da casa pr\u00f3pria.\",\"datePublished\":\"2022-03-26T11:56:29+00:00\",\"mainEntityOfPage\":{\"@id\":\"https:\\\/\\\/www.p31noticias.com.br\\\/?p=25857\"},\"wordCount\":285,\"commentCount\":0,\"image\":{\"@id\":\"https:\\\/\\\/www.p31noticias.com.br\\\/?p=25857#primaryimage\"},\"thumbnailUrl\":\"https:\\\/\\\/www.p31noticias.com.br\\\/wp-content\\\/uploads\\\/2022\\\/03\\\/download-3.jpg\",\"articleSection\":[\"Brasil\",\"Economia\"],\"inLanguage\":\"pt-BR\",\"potentialAction\":[{\"@type\":\"CommentAction\",\"name\":\"Comment\",\"target\":[\"https:\\\/\\\/www.p31noticias.com.br\\\/?p=25857#respond\"]}],\"copyrightYear\":\"2022\",\"copyrightHolder\":{\"@id\":\"https:\\\/\\\/www.p31noticias.com.br\\\/#organization\"}},{\"@type\":\"WebPage\",\"@id\":\"https:\\\/\\\/www.p31noticias.com.br\\\/?p=25857\",\"url\":\"https:\\\/\\\/www.p31noticias.com.br\\\/?p=25857\",\"name\":\"Caixa anuncia redu\u00e7\u00e3o da taxa de juros para financiamento da casa pr\u00f3pria. - P31\",\"isPartOf\":{\"@id\":\"https:\\\/\\\/www.p31noticias.com.br\\\/#website\"},\"primaryImageOfPage\":{\"@id\":\"https:\\\/\\\/www.p31noticias.com.br\\\/?p=25857#primaryimage\"},\"image\":{\"@id\":\"https:\\\/\\\/www.p31noticias.com.br\\\/?p=25857#primaryimage\"},\"thumbnailUrl\":\"https:\\\/\\\/www.p31noticias.com.br\\\/wp-content\\\/uploads\\\/2022\\\/03\\\/download-3.jpg\",\"datePublished\":\"2022-03-26T11:56:29+00:00\",\"author\":{\"@id\":\"https:\\\/\\\/www.p31noticias.com.br\\\/#\\\/schema\\\/person\\\/95f2ece30e3b4132065b915150cd0f94\"},\"breadcrumb\":{\"@id\":\"https:\\\/\\\/www.p31noticias.com.br\\\/?p=25857#breadcrumb\"},\"inLanguage\":\"pt-BR\",\"potentialAction\":[{\"@type\":\"ReadAction\",\"target\":[\"https:\\\/\\\/www.p31noticias.com.br\\\/?p=25857\"]}]},{\"@type\":\"ImageObject\",\"inLanguage\":\"pt-BR\",\"@id\":\"https:\\\/\\\/www.p31noticias.com.br\\\/?p=25857#primaryimage\",\"url\":\"https:\\\/\\\/www.p31noticias.com.br\\\/wp-content\\\/uploads\\\/2022\\\/03\\\/download-3.jpg\",\"contentUrl\":\"https:\\\/\\\/www.p31noticias.com.br\\\/wp-content\\\/uploads\\\/2022\\\/03\\\/download-3.jpg\",\"width\":277,\"height\":182},{\"@type\":\"BreadcrumbList\",\"@id\":\"https:\\\/\\\/www.p31noticias.com.br\\\/?p=25857#breadcrumb\",\"itemListElement\":[{\"@type\":\"ListItem\",\"position\":1,\"name\":\"In\u00edcio\",\"item\":\"https:\\\/\\\/www.p31noticias.com.br\\\/\"},{\"@type\":\"ListItem\",\"position\":2,\"name\":\"Caixa anuncia redu\u00e7\u00e3o da taxa de juros para financiamento da casa pr\u00f3pria.\"}]},{\"@type\":\"WebSite\",\"@id\":\"https:\\\/\\\/www.p31noticias.com.br\\\/#website\",\"url\":\"https:\\\/\\\/www.p31noticias.com.br\\\/\",\"name\":\"P31\",\"description\":\"NOT\u00cdCIAS\",\"potentialAction\":[{\"@type\":\"SearchAction\",\"target\":{\"@type\":\"EntryPoint\",\"urlTemplate\":\"https:\\\/\\\/www.p31noticias.com.br\\\/?s={search_term_string}\"},\"query-input\":{\"@type\":\"PropertyValueSpecification\",\"valueRequired\":true,\"valueName\":\"search_term_string\"}}],\"inLanguage\":\"pt-BR\"},{\"@type\":\"Person\",\"@id\":\"https:\\\/\\\/www.p31noticias.com.br\\\/#\\\/schema\\\/person\\\/95f2ece30e3b4132065b915150cd0f94\",\"name\":\"Gon\u00e7alves Junior\",\"image\":{\"@type\":\"ImageObject\",\"inLanguage\":\"pt-BR\",\"@id\":\"https:\\\/\\\/secure.gravatar.com\\\/avatar\\\/6711f350116a89762687a48d66f723c799e5438a5b7578508d4294cd7a5d0800?s=96&d=mm&r=g\",\"url\":\"https:\\\/\\\/secure.gravatar.com\\\/avatar\\\/6711f350116a89762687a48d66f723c799e5438a5b7578508d4294cd7a5d0800?s=96&d=mm&r=g\",\"contentUrl\":\"https:\\\/\\\/secure.gravatar.com\\\/avatar\\\/6711f350116a89762687a48d66f723c799e5438a5b7578508d4294cd7a5d0800?s=96&d=mm&r=g\",\"caption\":\"Gon\u00e7alves Junior\"},\"url\":\"https:\\\/\\\/www.p31noticias.com.br\\\/?author=2\"}]}<\/script>\n<!-- \/ Yoast SEO Premium plugin. -->","yoast_head_json":{"title":"Caixa anuncia redu\u00e7\u00e3o da taxa de juros para financiamento da casa pr\u00f3pria. - P31","robots":{"index":"index","follow":"follow","max-snippet":"max-snippet:-1","max-image-preview":"max-image-preview:large","max-video-preview":"max-video-preview:-1"},"canonical":"https:\/\/www.p31noticias.com.br\/?p=25857","og_locale":"pt_BR","og_type":"article","og_title":"Caixa anuncia redu\u00e7\u00e3o da taxa de juros para financiamento da casa pr\u00f3pria.","og_description":"Novas taxas partem de 2,80% ao ano somadas ao \u00edndice de rendimento da poupan\u00e7a; mudan\u00e7a come\u00e7a no dia 28 de mar\u00e7o. A\u00a0Caixa Econ\u00f4mica Federal\u00a0anunciou nesta quinta-feira, 24, a redu\u00e7\u00e3o da taxa de\u00a0juros\u00a0do financiamento da casa pr\u00f3pria atrelado \u00e0 poupan\u00e7a. Segundo o banco, as novas taxas partem de 2,80% ao ano somadas ao \u00edndice de rendimento [&hellip;]","og_url":"https:\/\/www.p31noticias.com.br\/?p=25857","og_site_name":"P31","article_published_time":"2022-03-26T11:56:29+00:00","og_image":[{"width":277,"height":182,"url":"https:\/\/www.p31noticias.com.br\/wp-content\/uploads\/2022\/03\/download-3.jpg","type":"image\/jpeg"}],"author":"Gon\u00e7alves Junior","twitter_card":"summary_large_image","twitter_misc":{"Escrito por":"Gon\u00e7alves Junior","Est. tempo de leitura":"1 minuto"},"schema":{"@context":"https:\/\/schema.org","@graph":[{"@type":"Article","@id":"https:\/\/www.p31noticias.com.br\/?p=25857#article","isPartOf":{"@id":"https:\/\/www.p31noticias.com.br\/?p=25857"},"author":{"name":"Gon\u00e7alves Junior","@id":"https:\/\/www.p31noticias.com.br\/#\/schema\/person\/95f2ece30e3b4132065b915150cd0f94"},"headline":"Caixa anuncia redu\u00e7\u00e3o da taxa de juros para financiamento da casa pr\u00f3pria.","datePublished":"2022-03-26T11:56:29+00:00","mainEntityOfPage":{"@id":"https:\/\/www.p31noticias.com.br\/?p=25857"},"wordCount":285,"commentCount":0,"image":{"@id":"https:\/\/www.p31noticias.com.br\/?p=25857#primaryimage"},"thumbnailUrl":"https:\/\/www.p31noticias.com.br\/wp-content\/uploads\/2022\/03\/download-3.jpg","articleSection":["Brasil","Economia"],"inLanguage":"pt-BR","potentialAction":[{"@type":"CommentAction","name":"Comment","target":["https:\/\/www.p31noticias.com.br\/?p=25857#respond"]}],"copyrightYear":"2022","copyrightHolder":{"@id":"https:\/\/www.p31noticias.com.br\/#organization"}},{"@type":"WebPage","@id":"https:\/\/www.p31noticias.com.br\/?p=25857","url":"https:\/\/www.p31noticias.com.br\/?p=25857","name":"Caixa anuncia redu\u00e7\u00e3o da taxa de juros para financiamento da casa pr\u00f3pria. - P31","isPartOf":{"@id":"https:\/\/www.p31noticias.com.br\/#website"},"primaryImageOfPage":{"@id":"https:\/\/www.p31noticias.com.br\/?p=25857#primaryimage"},"image":{"@id":"https:\/\/www.p31noticias.com.br\/?p=25857#primaryimage"},"thumbnailUrl":"https:\/\/www.p31noticias.com.br\/wp-content\/uploads\/2022\/03\/download-3.jpg","datePublished":"2022-03-26T11:56:29+00:00","author":{"@id":"https:\/\/www.p31noticias.com.br\/#\/schema\/person\/95f2ece30e3b4132065b915150cd0f94"},"breadcrumb":{"@id":"https:\/\/www.p31noticias.com.br\/?p=25857#breadcrumb"},"inLanguage":"pt-BR","potentialAction":[{"@type":"ReadAction","target":["https:\/\/www.p31noticias.com.br\/?p=25857"]}]},{"@type":"ImageObject","inLanguage":"pt-BR","@id":"https:\/\/www.p31noticias.com.br\/?p=25857#primaryimage","url":"https:\/\/www.p31noticias.com.br\/wp-content\/uploads\/2022\/03\/download-3.jpg","contentUrl":"https:\/\/www.p31noticias.com.br\/wp-content\/uploads\/2022\/03\/download-3.jpg","width":277,"height":182},{"@type":"BreadcrumbList","@id":"https:\/\/www.p31noticias.com.br\/?p=25857#breadcrumb","itemListElement":[{"@type":"ListItem","position":1,"name":"In\u00edcio","item":"https:\/\/www.p31noticias.com.br\/"},{"@type":"ListItem","position":2,"name":"Caixa anuncia redu\u00e7\u00e3o da taxa de juros para financiamento da casa pr\u00f3pria."}]},{"@type":"WebSite","@id":"https:\/\/www.p31noticias.com.br\/#website","url":"https:\/\/www.p31noticias.com.br\/","name":"P31","description":"NOT\u00cdCIAS","potentialAction":[{"@type":"SearchAction","target":{"@type":"EntryPoint","urlTemplate":"https:\/\/www.p31noticias.com.br\/?s={search_term_string}"},"query-input":{"@type":"PropertyValueSpecification","valueRequired":true,"valueName":"search_term_string"}}],"inLanguage":"pt-BR"},{"@type":"Person","@id":"https:\/\/www.p31noticias.com.br\/#\/schema\/person\/95f2ece30e3b4132065b915150cd0f94","name":"Gon\u00e7alves Junior","image":{"@type":"ImageObject","inLanguage":"pt-BR","@id":"https:\/\/secure.gravatar.com\/avatar\/6711f350116a89762687a48d66f723c799e5438a5b7578508d4294cd7a5d0800?s=96&d=mm&r=g","url":"https:\/\/secure.gravatar.com\/avatar\/6711f350116a89762687a48d66f723c799e5438a5b7578508d4294cd7a5d0800?s=96&d=mm&r=g","contentUrl":"https:\/\/secure.gravatar.com\/avatar\/6711f350116a89762687a48d66f723c799e5438a5b7578508d4294cd7a5d0800?s=96&d=mm&r=g","caption":"Gon\u00e7alves Junior"},"url":"https:\/\/www.p31noticias.com.br\/?author=2"}]}},"amp_enabled":true,"_links":{"self":[{"href":"https:\/\/www.p31noticias.com.br\/index.php?rest_route=\/wp\/v2\/posts\/25857","targetHints":{"allow":["GET"]}}],"collection":[{"href":"https:\/\/www.p31noticias.com.br\/index.php?rest_route=\/wp\/v2\/posts"}],"about":[{"href":"https:\/\/www.p31noticias.com.br\/index.php?rest_route=\/wp\/v2\/types\/post"}],"author":[{"embeddable":true,"href":"https:\/\/www.p31noticias.com.br\/index.php?rest_route=\/wp\/v2\/users\/2"}],"replies":[{"embeddable":true,"href":"https:\/\/www.p31noticias.com.br\/index.php?rest_route=%2Fwp%2Fv2%2Fcomments&post=25857"}],"version-history":[{"count":1,"href":"https:\/\/www.p31noticias.com.br\/index.php?rest_route=\/wp\/v2\/posts\/25857\/revisions"}],"predecessor-version":[{"id":25859,"href":"https:\/\/www.p31noticias.com.br\/index.php?rest_route=\/wp\/v2\/posts\/25857\/revisions\/25859"}],"wp:featuredmedia":[{"embeddable":true,"href":"https:\/\/www.p31noticias.com.br\/index.php?rest_route=\/wp\/v2\/media\/25858"}],"wp:attachment":[{"href":"https:\/\/www.p31noticias.com.br\/index.php?rest_route=%2Fwp%2Fv2%2Fmedia&parent=25857"}],"wp:term":[{"taxonomy":"category","embeddable":true,"href":"https:\/\/www.p31noticias.com.br\/index.php?rest_route=%2Fwp%2Fv2%2Fcategories&post=25857"},{"taxonomy":"post_tag","embeddable":true,"href":"https:\/\/www.p31noticias.com.br\/index.php?rest_route=%2Fwp%2Fv2%2Ftags&post=25857"}],"curies":[{"name":"wp","href":"https:\/\/api.w.org\/{rel}","templated":true}]}}