{"id":25854,"date":"2022-03-26T08:54:21","date_gmt":"2022-03-26T11:54:21","guid":{"rendered":"https:\/\/p31noticias.com.br\/?p=25854"},"modified":"2022-03-26T08:54:21","modified_gmt":"2022-03-26T11:54:21","slug":"tse-recebe-sugestoes-das-forcas-armadas-sobre-urnas-eletronicas","status":"publish","type":"post","link":"https:\/\/www.p31noticias.com.br\/?p=25854","title":{"rendered":"TSE recebe sugest\u00f5es das For\u00e7as Armadas sobre urnas eletr\u00f4nicas."},"content":{"rendered":"<p style=\"text-align: justify;\"><em><strong>Documento foi encaminhado \u00e0 Comiss\u00e3o de Transpar\u00eancia das Elei\u00e7\u00f5es; an\u00e1lise deve ocorrer at\u00e9 dia 25 de abril.<\/strong><\/em><\/p>\n<p style=\"text-align: justify;\">O\u00a0<a href=\"https:\/\/www.cnnbrasil.com.br\/tudo-sobre\/tribunal-superior-eleitoral-tse\/\">Tribunal Superior Eleitoral (TSE)<\/a>\u00a0recebeu sugest\u00f5es das\u00a0<a href=\"https:\/\/www.cnnbrasil.com.br\/tudo-sobre\/forcas-armadas\/\">For\u00e7as Armadas<\/a>\u00a0para aprimorar o funcionamento das urnas eletr\u00f4nicas.<\/p>\n<p style=\"text-align: justify;\">O documento foi encaminhado \u00e0 Comiss\u00e3o de Transpar\u00eancia das Elei\u00e7\u00f5es, formada pelo TSE com representantes de diversas institui\u00e7\u00f5es e setores da sociedade.<\/p>\n<p style=\"text-align: justify;\">O representante das For\u00e7as Armadas na comiss\u00e3o \u00e9 o general Heber Garcia Portella, comandante de Defesa Cibern\u00e9tica, a quem coube apresentar as sugest\u00f5es.<\/p>\n<p style=\"text-align: justify;\">De acordo com fontes do Judici\u00e1rio ouvidas pela\u00a0<strong>CNN,<\/strong>\u00a0as For\u00e7as Armadas j\u00e1 haviam enviado sugest\u00f5es anteriormente e enviaram novas sugest\u00f5es nesta semana.<\/p>\n<p style=\"text-align: justify;\">As sugest\u00f5es ser\u00e3o unidas com as propostas das demais entidades. Tamb\u00e9m fazem parte da comiss\u00e3o representantes do TCU, da OAB, da PF e do\u00a0<a href=\"https:\/\/www.cnnbrasil.com.br\/tudo-sobre\/ministerio-publico-eleitoral\/\">Minist\u00e9rio P\u00fablico Eleitoral<\/a>.<\/p>\n<p style=\"text-align: justify;\">Todas as sugest\u00f5es ser\u00e3o analisadas at\u00e9 o dia 25 de abril, quando haver\u00e1 uma reuni\u00e3o do grupo e o plano de a\u00e7\u00e3o da comiss\u00e3o ser\u00e1 finalizado. As sugest\u00f5es j\u00e1 apresentadas s\u00e3o sigilosas e devem ser divulgadas nesta reuni\u00e3o.<\/p>\n<p>CNN Brasil.<\/p>\n","protected":false},"excerpt":{"rendered":"<p>Documento foi encaminhado \u00e0 Comiss\u00e3o de Transpar\u00eancia das Elei\u00e7\u00f5es; an\u00e1lise deve ocorrer at\u00e9 dia 25 de abril. O\u00a0Tribunal Superior Eleitoral (TSE)\u00a0recebeu sugest\u00f5es das\u00a0For\u00e7as Armadas\u00a0para aprimorar o funcionamento das urnas eletr\u00f4nicas. O documento foi encaminhado \u00e0 Comiss\u00e3o de Transpar\u00eancia das Elei\u00e7\u00f5es, formada pelo TSE com representantes de diversas institui\u00e7\u00f5es e setores da sociedade. O representante das [&hellip;]<\/p>\n","protected":false},"author":2,"featured_media":25855,"comment_status":"open","ping_status":"open","sticky":false,"template":"","format":"standard","meta":{"footnotes":""},"categories":[1],"tags":[],"class_list":{"0":"post-25854","1":"post","2":"type-post","3":"status-publish","4":"format-standard","5":"has-post-thumbnail","7":"category-outros"},"yoast_head":"<!-- This site is optimized with the Yoast SEO Premium plugin v24.5 (Yoast SEO v27.5) - https:\/\/yoast.com\/product\/yoast-seo-premium-wordpress\/ -->\n<title>TSE recebe sugest\u00f5es das For\u00e7as Armadas sobre urnas eletr\u00f4nicas. - P31<\/title>\n<meta name=\"robots\" content=\"index, follow, max-snippet:-1, max-image-preview:large, max-video-preview:-1\" \/>\n<link rel=\"canonical\" href=\"https:\/\/www.p31noticias.com.br\/?p=25854\" \/>\n<meta property=\"og:locale\" content=\"pt_BR\" \/>\n<meta property=\"og:type\" content=\"article\" \/>\n<meta property=\"og:title\" content=\"TSE recebe sugest\u00f5es das For\u00e7as Armadas sobre urnas eletr\u00f4nicas.\" \/>\n<meta property=\"og:description\" content=\"Documento foi encaminhado \u00e0 Comiss\u00e3o de Transpar\u00eancia das Elei\u00e7\u00f5es; an\u00e1lise deve ocorrer at\u00e9 dia 25 de abril. O\u00a0Tribunal Superior Eleitoral (TSE)\u00a0recebeu sugest\u00f5es das\u00a0For\u00e7as Armadas\u00a0para aprimorar o funcionamento das urnas eletr\u00f4nicas. O documento foi encaminhado \u00e0 Comiss\u00e3o de Transpar\u00eancia das Elei\u00e7\u00f5es, formada pelo TSE com representantes de diversas institui\u00e7\u00f5es e setores da sociedade. O representante das [&hellip;]\" \/>\n<meta property=\"og:url\" content=\"https:\/\/www.p31noticias.com.br\/?p=25854\" \/>\n<meta property=\"og:site_name\" content=\"P31\" \/>\n<meta property=\"article:published_time\" content=\"2022-03-26T11:54:21+00:00\" \/>\n<meta property=\"og:image\" content=\"https:\/\/www.p31noticias.com.br\/wp-content\/uploads\/2022\/03\/images-2.jpg\" \/>\n\t<meta property=\"og:image:width\" content=\"323\" \/>\n\t<meta property=\"og:image:height\" content=\"156\" \/>\n\t<meta property=\"og:image:type\" content=\"image\/jpeg\" \/>\n<meta name=\"author\" content=\"Gon\u00e7alves Junior\" \/>\n<meta name=\"twitter:card\" content=\"summary_large_image\" \/>\n<meta name=\"twitter:label1\" content=\"Escrito por\" \/>\n\t<meta name=\"twitter:data1\" content=\"Gon\u00e7alves Junior\" \/>\n\t<meta name=\"twitter:label2\" content=\"Est. tempo de leitura\" \/>\n\t<meta name=\"twitter:data2\" content=\"1 minuto\" \/>\n<script type=\"application\/ld+json\" class=\"yoast-schema-graph\">{\"@context\":\"https:\\\/\\\/schema.org\",\"@graph\":[{\"@type\":\"Article\",\"@id\":\"https:\\\/\\\/www.p31noticias.com.br\\\/?p=25854#article\",\"isPartOf\":{\"@id\":\"https:\\\/\\\/www.p31noticias.com.br\\\/?p=25854\"},\"author\":{\"name\":\"Gon\u00e7alves Junior\",\"@id\":\"https:\\\/\\\/www.p31noticias.com.br\\\/#\\\/schema\\\/person\\\/95f2ece30e3b4132065b915150cd0f94\"},\"headline\":\"TSE recebe sugest\u00f5es das For\u00e7as Armadas sobre urnas eletr\u00f4nicas.\",\"datePublished\":\"2022-03-26T11:54:21+00:00\",\"mainEntityOfPage\":{\"@id\":\"https:\\\/\\\/www.p31noticias.com.br\\\/?p=25854\"},\"wordCount\":209,\"commentCount\":0,\"image\":{\"@id\":\"https:\\\/\\\/www.p31noticias.com.br\\\/?p=25854#primaryimage\"},\"thumbnailUrl\":\"https:\\\/\\\/www.p31noticias.com.br\\\/wp-content\\\/uploads\\\/2022\\\/03\\\/images-2.jpg\",\"articleSection\":[\"Outros\"],\"inLanguage\":\"pt-BR\",\"potentialAction\":[{\"@type\":\"CommentAction\",\"name\":\"Comment\",\"target\":[\"https:\\\/\\\/www.p31noticias.com.br\\\/?p=25854#respond\"]}],\"copyrightYear\":\"2022\",\"copyrightHolder\":{\"@id\":\"https:\\\/\\\/www.p31noticias.com.br\\\/#organization\"}},{\"@type\":\"WebPage\",\"@id\":\"https:\\\/\\\/www.p31noticias.com.br\\\/?p=25854\",\"url\":\"https:\\\/\\\/www.p31noticias.com.br\\\/?p=25854\",\"name\":\"TSE recebe sugest\u00f5es das For\u00e7as Armadas sobre urnas eletr\u00f4nicas. - P31\",\"isPartOf\":{\"@id\":\"https:\\\/\\\/www.p31noticias.com.br\\\/#website\"},\"primaryImageOfPage\":{\"@id\":\"https:\\\/\\\/www.p31noticias.com.br\\\/?p=25854#primaryimage\"},\"image\":{\"@id\":\"https:\\\/\\\/www.p31noticias.com.br\\\/?p=25854#primaryimage\"},\"thumbnailUrl\":\"https:\\\/\\\/www.p31noticias.com.br\\\/wp-content\\\/uploads\\\/2022\\\/03\\\/images-2.jpg\",\"datePublished\":\"2022-03-26T11:54:21+00:00\",\"author\":{\"@id\":\"https:\\\/\\\/www.p31noticias.com.br\\\/#\\\/schema\\\/person\\\/95f2ece30e3b4132065b915150cd0f94\"},\"breadcrumb\":{\"@id\":\"https:\\\/\\\/www.p31noticias.com.br\\\/?p=25854#breadcrumb\"},\"inLanguage\":\"pt-BR\",\"potentialAction\":[{\"@type\":\"ReadAction\",\"target\":[\"https:\\\/\\\/www.p31noticias.com.br\\\/?p=25854\"]}]},{\"@type\":\"ImageObject\",\"inLanguage\":\"pt-BR\",\"@id\":\"https:\\\/\\\/www.p31noticias.com.br\\\/?p=25854#primaryimage\",\"url\":\"https:\\\/\\\/www.p31noticias.com.br\\\/wp-content\\\/uploads\\\/2022\\\/03\\\/images-2.jpg\",\"contentUrl\":\"https:\\\/\\\/www.p31noticias.com.br\\\/wp-content\\\/uploads\\\/2022\\\/03\\\/images-2.jpg\",\"width\":323,\"height\":156},{\"@type\":\"BreadcrumbList\",\"@id\":\"https:\\\/\\\/www.p31noticias.com.br\\\/?p=25854#breadcrumb\",\"itemListElement\":[{\"@type\":\"ListItem\",\"position\":1,\"name\":\"In\u00edcio\",\"item\":\"https:\\\/\\\/www.p31noticias.com.br\\\/\"},{\"@type\":\"ListItem\",\"position\":2,\"name\":\"TSE recebe sugest\u00f5es das For\u00e7as Armadas sobre urnas eletr\u00f4nicas.\"}]},{\"@type\":\"WebSite\",\"@id\":\"https:\\\/\\\/www.p31noticias.com.br\\\/#website\",\"url\":\"https:\\\/\\\/www.p31noticias.com.br\\\/\",\"name\":\"P31\",\"description\":\"NOT\u00cdCIAS\",\"potentialAction\":[{\"@type\":\"SearchAction\",\"target\":{\"@type\":\"EntryPoint\",\"urlTemplate\":\"https:\\\/\\\/www.p31noticias.com.br\\\/?s={search_term_string}\"},\"query-input\":{\"@type\":\"PropertyValueSpecification\",\"valueRequired\":true,\"valueName\":\"search_term_string\"}}],\"inLanguage\":\"pt-BR\"},{\"@type\":\"Person\",\"@id\":\"https:\\\/\\\/www.p31noticias.com.br\\\/#\\\/schema\\\/person\\\/95f2ece30e3b4132065b915150cd0f94\",\"name\":\"Gon\u00e7alves Junior\",\"image\":{\"@type\":\"ImageObject\",\"inLanguage\":\"pt-BR\",\"@id\":\"https:\\\/\\\/secure.gravatar.com\\\/avatar\\\/6711f350116a89762687a48d66f723c799e5438a5b7578508d4294cd7a5d0800?s=96&d=mm&r=g\",\"url\":\"https:\\\/\\\/secure.gravatar.com\\\/avatar\\\/6711f350116a89762687a48d66f723c799e5438a5b7578508d4294cd7a5d0800?s=96&d=mm&r=g\",\"contentUrl\":\"https:\\\/\\\/secure.gravatar.com\\\/avatar\\\/6711f350116a89762687a48d66f723c799e5438a5b7578508d4294cd7a5d0800?s=96&d=mm&r=g\",\"caption\":\"Gon\u00e7alves Junior\"},\"url\":\"https:\\\/\\\/www.p31noticias.com.br\\\/?author=2\"}]}<\/script>\n<!-- \/ Yoast SEO Premium plugin. -->","yoast_head_json":{"title":"TSE recebe sugest\u00f5es das For\u00e7as Armadas sobre urnas eletr\u00f4nicas. - P31","robots":{"index":"index","follow":"follow","max-snippet":"max-snippet:-1","max-image-preview":"max-image-preview:large","max-video-preview":"max-video-preview:-1"},"canonical":"https:\/\/www.p31noticias.com.br\/?p=25854","og_locale":"pt_BR","og_type":"article","og_title":"TSE recebe sugest\u00f5es das For\u00e7as Armadas sobre urnas eletr\u00f4nicas.","og_description":"Documento foi encaminhado \u00e0 Comiss\u00e3o de Transpar\u00eancia das Elei\u00e7\u00f5es; an\u00e1lise deve ocorrer at\u00e9 dia 25 de abril. O\u00a0Tribunal Superior Eleitoral (TSE)\u00a0recebeu sugest\u00f5es das\u00a0For\u00e7as Armadas\u00a0para aprimorar o funcionamento das urnas eletr\u00f4nicas. O documento foi encaminhado \u00e0 Comiss\u00e3o de Transpar\u00eancia das Elei\u00e7\u00f5es, formada pelo TSE com representantes de diversas institui\u00e7\u00f5es e setores da sociedade. O representante das [&hellip;]","og_url":"https:\/\/www.p31noticias.com.br\/?p=25854","og_site_name":"P31","article_published_time":"2022-03-26T11:54:21+00:00","og_image":[{"width":323,"height":156,"url":"https:\/\/www.p31noticias.com.br\/wp-content\/uploads\/2022\/03\/images-2.jpg","type":"image\/jpeg"}],"author":"Gon\u00e7alves Junior","twitter_card":"summary_large_image","twitter_misc":{"Escrito por":"Gon\u00e7alves Junior","Est. tempo de leitura":"1 minuto"},"schema":{"@context":"https:\/\/schema.org","@graph":[{"@type":"Article","@id":"https:\/\/www.p31noticias.com.br\/?p=25854#article","isPartOf":{"@id":"https:\/\/www.p31noticias.com.br\/?p=25854"},"author":{"name":"Gon\u00e7alves Junior","@id":"https:\/\/www.p31noticias.com.br\/#\/schema\/person\/95f2ece30e3b4132065b915150cd0f94"},"headline":"TSE recebe sugest\u00f5es das For\u00e7as Armadas sobre urnas eletr\u00f4nicas.","datePublished":"2022-03-26T11:54:21+00:00","mainEntityOfPage":{"@id":"https:\/\/www.p31noticias.com.br\/?p=25854"},"wordCount":209,"commentCount":0,"image":{"@id":"https:\/\/www.p31noticias.com.br\/?p=25854#primaryimage"},"thumbnailUrl":"https:\/\/www.p31noticias.com.br\/wp-content\/uploads\/2022\/03\/images-2.jpg","articleSection":["Outros"],"inLanguage":"pt-BR","potentialAction":[{"@type":"CommentAction","name":"Comment","target":["https:\/\/www.p31noticias.com.br\/?p=25854#respond"]}],"copyrightYear":"2022","copyrightHolder":{"@id":"https:\/\/www.p31noticias.com.br\/#organization"}},{"@type":"WebPage","@id":"https:\/\/www.p31noticias.com.br\/?p=25854","url":"https:\/\/www.p31noticias.com.br\/?p=25854","name":"TSE recebe sugest\u00f5es das For\u00e7as Armadas sobre urnas eletr\u00f4nicas. - P31","isPartOf":{"@id":"https:\/\/www.p31noticias.com.br\/#website"},"primaryImageOfPage":{"@id":"https:\/\/www.p31noticias.com.br\/?p=25854#primaryimage"},"image":{"@id":"https:\/\/www.p31noticias.com.br\/?p=25854#primaryimage"},"thumbnailUrl":"https:\/\/www.p31noticias.com.br\/wp-content\/uploads\/2022\/03\/images-2.jpg","datePublished":"2022-03-26T11:54:21+00:00","author":{"@id":"https:\/\/www.p31noticias.com.br\/#\/schema\/person\/95f2ece30e3b4132065b915150cd0f94"},"breadcrumb":{"@id":"https:\/\/www.p31noticias.com.br\/?p=25854#breadcrumb"},"inLanguage":"pt-BR","potentialAction":[{"@type":"ReadAction","target":["https:\/\/www.p31noticias.com.br\/?p=25854"]}]},{"@type":"ImageObject","inLanguage":"pt-BR","@id":"https:\/\/www.p31noticias.com.br\/?p=25854#primaryimage","url":"https:\/\/www.p31noticias.com.br\/wp-content\/uploads\/2022\/03\/images-2.jpg","contentUrl":"https:\/\/www.p31noticias.com.br\/wp-content\/uploads\/2022\/03\/images-2.jpg","width":323,"height":156},{"@type":"BreadcrumbList","@id":"https:\/\/www.p31noticias.com.br\/?p=25854#breadcrumb","itemListElement":[{"@type":"ListItem","position":1,"name":"In\u00edcio","item":"https:\/\/www.p31noticias.com.br\/"},{"@type":"ListItem","position":2,"name":"TSE recebe sugest\u00f5es das For\u00e7as Armadas sobre urnas eletr\u00f4nicas."}]},{"@type":"WebSite","@id":"https:\/\/www.p31noticias.com.br\/#website","url":"https:\/\/www.p31noticias.com.br\/","name":"P31","description":"NOT\u00cdCIAS","potentialAction":[{"@type":"SearchAction","target":{"@type":"EntryPoint","urlTemplate":"https:\/\/www.p31noticias.com.br\/?s={search_term_string}"},"query-input":{"@type":"PropertyValueSpecification","valueRequired":true,"valueName":"search_term_string"}}],"inLanguage":"pt-BR"},{"@type":"Person","@id":"https:\/\/www.p31noticias.com.br\/#\/schema\/person\/95f2ece30e3b4132065b915150cd0f94","name":"Gon\u00e7alves Junior","image":{"@type":"ImageObject","inLanguage":"pt-BR","@id":"https:\/\/secure.gravatar.com\/avatar\/6711f350116a89762687a48d66f723c799e5438a5b7578508d4294cd7a5d0800?s=96&d=mm&r=g","url":"https:\/\/secure.gravatar.com\/avatar\/6711f350116a89762687a48d66f723c799e5438a5b7578508d4294cd7a5d0800?s=96&d=mm&r=g","contentUrl":"https:\/\/secure.gravatar.com\/avatar\/6711f350116a89762687a48d66f723c799e5438a5b7578508d4294cd7a5d0800?s=96&d=mm&r=g","caption":"Gon\u00e7alves Junior"},"url":"https:\/\/www.p31noticias.com.br\/?author=2"}]}},"amp_enabled":true,"_links":{"self":[{"href":"https:\/\/www.p31noticias.com.br\/index.php?rest_route=\/wp\/v2\/posts\/25854","targetHints":{"allow":["GET"]}}],"collection":[{"href":"https:\/\/www.p31noticias.com.br\/index.php?rest_route=\/wp\/v2\/posts"}],"about":[{"href":"https:\/\/www.p31noticias.com.br\/index.php?rest_route=\/wp\/v2\/types\/post"}],"author":[{"embeddable":true,"href":"https:\/\/www.p31noticias.com.br\/index.php?rest_route=\/wp\/v2\/users\/2"}],"replies":[{"embeddable":true,"href":"https:\/\/www.p31noticias.com.br\/index.php?rest_route=%2Fwp%2Fv2%2Fcomments&post=25854"}],"version-history":[{"count":1,"href":"https:\/\/www.p31noticias.com.br\/index.php?rest_route=\/wp\/v2\/posts\/25854\/revisions"}],"predecessor-version":[{"id":25856,"href":"https:\/\/www.p31noticias.com.br\/index.php?rest_route=\/wp\/v2\/posts\/25854\/revisions\/25856"}],"wp:featuredmedia":[{"embeddable":true,"href":"https:\/\/www.p31noticias.com.br\/index.php?rest_route=\/wp\/v2\/media\/25855"}],"wp:attachment":[{"href":"https:\/\/www.p31noticias.com.br\/index.php?rest_route=%2Fwp%2Fv2%2Fmedia&parent=25854"}],"wp:term":[{"taxonomy":"category","embeddable":true,"href":"https:\/\/www.p31noticias.com.br\/index.php?rest_route=%2Fwp%2Fv2%2Fcategories&post=25854"},{"taxonomy":"post_tag","embeddable":true,"href":"https:\/\/www.p31noticias.com.br\/index.php?rest_route=%2Fwp%2Fv2%2Ftags&post=25854"}],"curies":[{"name":"wp","href":"https:\/\/api.w.org\/{rel}","templated":true}]}}