{"id":25846,"date":"2022-03-18T21:31:47","date_gmt":"2022-03-19T00:31:47","guid":{"rendered":"https:\/\/p31noticias.com.br\/?p=25846"},"modified":"2022-03-18T21:31:47","modified_gmt":"2022-03-19T00:31:47","slug":"familias-do-gama-recebem-acoes-de-eficiencia-energetica","status":"publish","type":"post","link":"https:\/\/www.p31noticias.com.br\/?p=25846","title":{"rendered":"FAM\u00cdLIAS DO GAMA RECEBEM A\u00c7\u00d5ES DE EFICI\u00caNCIA ENERG\u00c9TICA."},"content":{"rendered":"<p style=\"text-align: justify;\"><em><strong>Projeto Energia mais Eficiente contribui na redu\u00e7\u00e3o da conta de luz.<\/strong><\/em><\/p>\n<p style=\"text-align: justify;\">Na busca por diminuir o desperd\u00edcio e promover o uso eficiente e racional de energia el\u00e9trica, a regi\u00e3o administrativa do Gama recebe, desde a \u00faltima segunda-feira (14) at\u00e9 o pr\u00f3ximo dia 15 de abril, o projeto Energia Mais Eficiente, uma iniciativa da Neoenergia Bras\u00edlia para promover a\u00e7\u00f5es de efici\u00eancia energ\u00e9tica nas comunidades de baixo poder aquisitivo do Distrito Federal. Unidades m\u00f3veis da distribuidora percorrem a comunidade e trocam l\u00e2mpadas convencionais por modelos LED, al\u00e9m de orientar a popula\u00e7\u00e3o da regi\u00e3o sobre como utilizar racionalmente os equipamentos el\u00e9tricos e, assim, economizar energia.<\/p>\n<p style=\"text-align: justify;\">A a\u00e7\u00e3o \u00e9 voltada aos clientes residenciais, que podem trocar at\u00e9 cinco l\u00e2mpadas incandescentes ou fluorescentes por l\u00e2mpadas de LED, 40% mais econ\u00f4micas. Para receber o kit de l\u00e2mpadas novas, os moradores residenciais ou rurais-residenciais devem residir na comunidade ou estarem cadastrados na Tarifa Social de Energia El\u00e9trica (TSEE), n\u00e3o possuir d\u00e9bitos com a concession\u00e1ria, levar a conta de energia junto com a documenta\u00e7\u00e3o de identifica\u00e7\u00e3o do titular e at\u00e9 cinco l\u00e2mpadas incandescentes ou fluorescentes usadas (pot\u00eancia igual ou superior a 15W).<\/p>\n<p style=\"text-align: justify;\">At\u00e9 o momento o projeto j\u00e1 atendeu 15 regi\u00f5es administrativas e trocou mais de 102 mil l\u00e2mpadas ineficientes, beneficiando mais de 71 mil pessoas.<\/p>\n<p style=\"text-align: justify;\">A Neoenergia Bras\u00edlia acredita na educa\u00e7\u00e3o como principal vetor para a forma\u00e7\u00e3o de h\u00e1bitos relacionados ao uso eficiente e seguro de energia el\u00e9trica, assim como para o desenvolvimento de uma consci\u00eancia cidad\u00e3 que pensa na preserva\u00e7\u00e3o ambiental e na economia familiar.<\/p>\n<p style=\"text-align: justify;\">Essas iniciativas fazem parte do Programa de Efici\u00eancia Energ\u00e9tica da Neoenergia Bras\u00edlia, regulado pela Ag\u00eancia Nacional de Energia El\u00e9trica (Aneel). As a\u00e7\u00f5es s\u00e3o viabilizadas em parceria com as regi\u00f5es administrativas e entidades locais, e s\u00e3o voltadas aos clientes residenciais baixa renda.<\/p>\n<p style=\"text-align: justify;\">*P\u00cdLULA DE SEGURAN\u00c7A NEOENERGIA BRAS\u00cdLIA \u2013* A aproxima\u00e7\u00e3o de obras de constru\u00e7\u00e3o civil da rede el\u00e9trica, somadas \u00e0 falta de aten\u00e7\u00e3o, o desconhecimento dos perigos e o manuseio inadequado das ferramentas podem ser fatais, caso haja contato do trabalhador com a rede energizada.<\/p>\n<p style=\"text-align: justify;\">ASCON Neoenergia<\/p>\n","protected":false},"excerpt":{"rendered":"<p>Projeto Energia mais Eficiente contribui na redu\u00e7\u00e3o da conta de luz. Na busca por diminuir o desperd\u00edcio e promover o uso eficiente e racional de energia el\u00e9trica, a regi\u00e3o administrativa do Gama recebe, desde a \u00faltima segunda-feira (14) at\u00e9 o pr\u00f3ximo dia 15 de abril, o projeto Energia Mais Eficiente, uma iniciativa da Neoenergia Bras\u00edlia [&hellip;]<\/p>\n","protected":false},"author":2,"featured_media":25847,"comment_status":"open","ping_status":"open","sticky":false,"template":"","format":"standard","meta":{"footnotes":""},"categories":[21],"tags":[],"class_list":{"0":"post-25846","1":"post","2":"type-post","3":"status-publish","4":"format-standard","5":"has-post-thumbnail","7":"category-brasilia"},"yoast_head":"<!-- This site is optimized with the Yoast SEO Premium plugin v24.5 (Yoast SEO v27.5) - https:\/\/yoast.com\/product\/yoast-seo-premium-wordpress\/ -->\n<title>FAM\u00cdLIAS DO GAMA RECEBEM A\u00c7\u00d5ES DE EFICI\u00caNCIA ENERG\u00c9TICA. - P31<\/title>\n<meta name=\"robots\" content=\"index, follow, max-snippet:-1, max-image-preview:large, max-video-preview:-1\" \/>\n<link rel=\"canonical\" href=\"https:\/\/www.p31noticias.com.br\/?p=25846\" \/>\n<meta property=\"og:locale\" content=\"pt_BR\" \/>\n<meta property=\"og:type\" content=\"article\" \/>\n<meta property=\"og:title\" content=\"FAM\u00cdLIAS DO GAMA RECEBEM A\u00c7\u00d5ES DE EFICI\u00caNCIA ENERG\u00c9TICA.\" \/>\n<meta property=\"og:description\" content=\"Projeto Energia mais Eficiente contribui na redu\u00e7\u00e3o da conta de luz. Na busca por diminuir o desperd\u00edcio e promover o uso eficiente e racional de energia el\u00e9trica, a regi\u00e3o administrativa do Gama recebe, desde a \u00faltima segunda-feira (14) at\u00e9 o pr\u00f3ximo dia 15 de abril, o projeto Energia Mais Eficiente, uma iniciativa da Neoenergia Bras\u00edlia [&hellip;]\" \/>\n<meta property=\"og:url\" content=\"https:\/\/www.p31noticias.com.br\/?p=25846\" \/>\n<meta property=\"og:site_name\" content=\"P31\" \/>\n<meta property=\"article:published_time\" content=\"2022-03-19T00:31:47+00:00\" \/>\n<meta property=\"og:image\" content=\"https:\/\/www.p31noticias.com.br\/wp-content\/uploads\/2022\/03\/unnamed-6.jpg\" \/>\n\t<meta property=\"og:image:width\" content=\"960\" \/>\n\t<meta property=\"og:image:height\" content=\"1280\" \/>\n\t<meta property=\"og:image:type\" content=\"image\/jpeg\" \/>\n<meta name=\"author\" content=\"Gon\u00e7alves Junior\" \/>\n<meta name=\"twitter:card\" content=\"summary_large_image\" \/>\n<meta name=\"twitter:label1\" content=\"Escrito por\" \/>\n\t<meta name=\"twitter:data1\" content=\"Gon\u00e7alves Junior\" \/>\n\t<meta name=\"twitter:label2\" content=\"Est. tempo de leitura\" \/>\n\t<meta name=\"twitter:data2\" content=\"2 minutos\" \/>\n<script type=\"application\/ld+json\" class=\"yoast-schema-graph\">{\"@context\":\"https:\\\/\\\/schema.org\",\"@graph\":[{\"@type\":\"Article\",\"@id\":\"https:\\\/\\\/www.p31noticias.com.br\\\/?p=25846#article\",\"isPartOf\":{\"@id\":\"https:\\\/\\\/www.p31noticias.com.br\\\/?p=25846\"},\"author\":{\"name\":\"Gon\u00e7alves Junior\",\"@id\":\"https:\\\/\\\/www.p31noticias.com.br\\\/#\\\/schema\\\/person\\\/95f2ece30e3b4132065b915150cd0f94\"},\"headline\":\"FAM\u00cdLIAS DO GAMA RECEBEM A\u00c7\u00d5ES DE EFICI\u00caNCIA ENERG\u00c9TICA.\",\"datePublished\":\"2022-03-19T00:31:47+00:00\",\"mainEntityOfPage\":{\"@id\":\"https:\\\/\\\/www.p31noticias.com.br\\\/?p=25846\"},\"wordCount\":391,\"commentCount\":0,\"image\":{\"@id\":\"https:\\\/\\\/www.p31noticias.com.br\\\/?p=25846#primaryimage\"},\"thumbnailUrl\":\"https:\\\/\\\/www.p31noticias.com.br\\\/wp-content\\\/uploads\\\/2022\\\/03\\\/unnamed-6.jpg\",\"articleSection\":[\"Bras\u00edlia\"],\"inLanguage\":\"pt-BR\",\"potentialAction\":[{\"@type\":\"CommentAction\",\"name\":\"Comment\",\"target\":[\"https:\\\/\\\/www.p31noticias.com.br\\\/?p=25846#respond\"]}],\"copyrightYear\":\"2022\",\"copyrightHolder\":{\"@id\":\"https:\\\/\\\/www.p31noticias.com.br\\\/#organization\"}},{\"@type\":\"WebPage\",\"@id\":\"https:\\\/\\\/www.p31noticias.com.br\\\/?p=25846\",\"url\":\"https:\\\/\\\/www.p31noticias.com.br\\\/?p=25846\",\"name\":\"FAM\u00cdLIAS DO GAMA RECEBEM A\u00c7\u00d5ES DE EFICI\u00caNCIA ENERG\u00c9TICA. - P31\",\"isPartOf\":{\"@id\":\"https:\\\/\\\/www.p31noticias.com.br\\\/#website\"},\"primaryImageOfPage\":{\"@id\":\"https:\\\/\\\/www.p31noticias.com.br\\\/?p=25846#primaryimage\"},\"image\":{\"@id\":\"https:\\\/\\\/www.p31noticias.com.br\\\/?p=25846#primaryimage\"},\"thumbnailUrl\":\"https:\\\/\\\/www.p31noticias.com.br\\\/wp-content\\\/uploads\\\/2022\\\/03\\\/unnamed-6.jpg\",\"datePublished\":\"2022-03-19T00:31:47+00:00\",\"author\":{\"@id\":\"https:\\\/\\\/www.p31noticias.com.br\\\/#\\\/schema\\\/person\\\/95f2ece30e3b4132065b915150cd0f94\"},\"breadcrumb\":{\"@id\":\"https:\\\/\\\/www.p31noticias.com.br\\\/?p=25846#breadcrumb\"},\"inLanguage\":\"pt-BR\",\"potentialAction\":[{\"@type\":\"ReadAction\",\"target\":[\"https:\\\/\\\/www.p31noticias.com.br\\\/?p=25846\"]}]},{\"@type\":\"ImageObject\",\"inLanguage\":\"pt-BR\",\"@id\":\"https:\\\/\\\/www.p31noticias.com.br\\\/?p=25846#primaryimage\",\"url\":\"https:\\\/\\\/www.p31noticias.com.br\\\/wp-content\\\/uploads\\\/2022\\\/03\\\/unnamed-6.jpg\",\"contentUrl\":\"https:\\\/\\\/www.p31noticias.com.br\\\/wp-content\\\/uploads\\\/2022\\\/03\\\/unnamed-6.jpg\",\"width\":960,\"height\":1280},{\"@type\":\"BreadcrumbList\",\"@id\":\"https:\\\/\\\/www.p31noticias.com.br\\\/?p=25846#breadcrumb\",\"itemListElement\":[{\"@type\":\"ListItem\",\"position\":1,\"name\":\"In\u00edcio\",\"item\":\"https:\\\/\\\/www.p31noticias.com.br\\\/\"},{\"@type\":\"ListItem\",\"position\":2,\"name\":\"FAM\u00cdLIAS DO GAMA RECEBEM A\u00c7\u00d5ES DE EFICI\u00caNCIA ENERG\u00c9TICA.\"}]},{\"@type\":\"WebSite\",\"@id\":\"https:\\\/\\\/www.p31noticias.com.br\\\/#website\",\"url\":\"https:\\\/\\\/www.p31noticias.com.br\\\/\",\"name\":\"P31\",\"description\":\"NOT\u00cdCIAS\",\"potentialAction\":[{\"@type\":\"SearchAction\",\"target\":{\"@type\":\"EntryPoint\",\"urlTemplate\":\"https:\\\/\\\/www.p31noticias.com.br\\\/?s={search_term_string}\"},\"query-input\":{\"@type\":\"PropertyValueSpecification\",\"valueRequired\":true,\"valueName\":\"search_term_string\"}}],\"inLanguage\":\"pt-BR\"},{\"@type\":\"Person\",\"@id\":\"https:\\\/\\\/www.p31noticias.com.br\\\/#\\\/schema\\\/person\\\/95f2ece30e3b4132065b915150cd0f94\",\"name\":\"Gon\u00e7alves Junior\",\"image\":{\"@type\":\"ImageObject\",\"inLanguage\":\"pt-BR\",\"@id\":\"https:\\\/\\\/secure.gravatar.com\\\/avatar\\\/6711f350116a89762687a48d66f723c799e5438a5b7578508d4294cd7a5d0800?s=96&d=mm&r=g\",\"url\":\"https:\\\/\\\/secure.gravatar.com\\\/avatar\\\/6711f350116a89762687a48d66f723c799e5438a5b7578508d4294cd7a5d0800?s=96&d=mm&r=g\",\"contentUrl\":\"https:\\\/\\\/secure.gravatar.com\\\/avatar\\\/6711f350116a89762687a48d66f723c799e5438a5b7578508d4294cd7a5d0800?s=96&d=mm&r=g\",\"caption\":\"Gon\u00e7alves Junior\"},\"url\":\"https:\\\/\\\/www.p31noticias.com.br\\\/?author=2\"}]}<\/script>\n<!-- \/ Yoast SEO Premium plugin. -->","yoast_head_json":{"title":"FAM\u00cdLIAS DO GAMA RECEBEM A\u00c7\u00d5ES DE EFICI\u00caNCIA ENERG\u00c9TICA. - P31","robots":{"index":"index","follow":"follow","max-snippet":"max-snippet:-1","max-image-preview":"max-image-preview:large","max-video-preview":"max-video-preview:-1"},"canonical":"https:\/\/www.p31noticias.com.br\/?p=25846","og_locale":"pt_BR","og_type":"article","og_title":"FAM\u00cdLIAS DO GAMA RECEBEM A\u00c7\u00d5ES DE EFICI\u00caNCIA ENERG\u00c9TICA.","og_description":"Projeto Energia mais Eficiente contribui na redu\u00e7\u00e3o da conta de luz. Na busca por diminuir o desperd\u00edcio e promover o uso eficiente e racional de energia el\u00e9trica, a regi\u00e3o administrativa do Gama recebe, desde a \u00faltima segunda-feira (14) at\u00e9 o pr\u00f3ximo dia 15 de abril, o projeto Energia Mais Eficiente, uma iniciativa da Neoenergia Bras\u00edlia [&hellip;]","og_url":"https:\/\/www.p31noticias.com.br\/?p=25846","og_site_name":"P31","article_published_time":"2022-03-19T00:31:47+00:00","og_image":[{"width":960,"height":1280,"url":"https:\/\/www.p31noticias.com.br\/wp-content\/uploads\/2022\/03\/unnamed-6.jpg","type":"image\/jpeg"}],"author":"Gon\u00e7alves Junior","twitter_card":"summary_large_image","twitter_misc":{"Escrito por":"Gon\u00e7alves Junior","Est. tempo de leitura":"2 minutos"},"schema":{"@context":"https:\/\/schema.org","@graph":[{"@type":"Article","@id":"https:\/\/www.p31noticias.com.br\/?p=25846#article","isPartOf":{"@id":"https:\/\/www.p31noticias.com.br\/?p=25846"},"author":{"name":"Gon\u00e7alves Junior","@id":"https:\/\/www.p31noticias.com.br\/#\/schema\/person\/95f2ece30e3b4132065b915150cd0f94"},"headline":"FAM\u00cdLIAS DO GAMA RECEBEM A\u00c7\u00d5ES DE EFICI\u00caNCIA ENERG\u00c9TICA.","datePublished":"2022-03-19T00:31:47+00:00","mainEntityOfPage":{"@id":"https:\/\/www.p31noticias.com.br\/?p=25846"},"wordCount":391,"commentCount":0,"image":{"@id":"https:\/\/www.p31noticias.com.br\/?p=25846#primaryimage"},"thumbnailUrl":"https:\/\/www.p31noticias.com.br\/wp-content\/uploads\/2022\/03\/unnamed-6.jpg","articleSection":["Bras\u00edlia"],"inLanguage":"pt-BR","potentialAction":[{"@type":"CommentAction","name":"Comment","target":["https:\/\/www.p31noticias.com.br\/?p=25846#respond"]}],"copyrightYear":"2022","copyrightHolder":{"@id":"https:\/\/www.p31noticias.com.br\/#organization"}},{"@type":"WebPage","@id":"https:\/\/www.p31noticias.com.br\/?p=25846","url":"https:\/\/www.p31noticias.com.br\/?p=25846","name":"FAM\u00cdLIAS DO GAMA RECEBEM A\u00c7\u00d5ES DE EFICI\u00caNCIA ENERG\u00c9TICA. - P31","isPartOf":{"@id":"https:\/\/www.p31noticias.com.br\/#website"},"primaryImageOfPage":{"@id":"https:\/\/www.p31noticias.com.br\/?p=25846#primaryimage"},"image":{"@id":"https:\/\/www.p31noticias.com.br\/?p=25846#primaryimage"},"thumbnailUrl":"https:\/\/www.p31noticias.com.br\/wp-content\/uploads\/2022\/03\/unnamed-6.jpg","datePublished":"2022-03-19T00:31:47+00:00","author":{"@id":"https:\/\/www.p31noticias.com.br\/#\/schema\/person\/95f2ece30e3b4132065b915150cd0f94"},"breadcrumb":{"@id":"https:\/\/www.p31noticias.com.br\/?p=25846#breadcrumb"},"inLanguage":"pt-BR","potentialAction":[{"@type":"ReadAction","target":["https:\/\/www.p31noticias.com.br\/?p=25846"]}]},{"@type":"ImageObject","inLanguage":"pt-BR","@id":"https:\/\/www.p31noticias.com.br\/?p=25846#primaryimage","url":"https:\/\/www.p31noticias.com.br\/wp-content\/uploads\/2022\/03\/unnamed-6.jpg","contentUrl":"https:\/\/www.p31noticias.com.br\/wp-content\/uploads\/2022\/03\/unnamed-6.jpg","width":960,"height":1280},{"@type":"BreadcrumbList","@id":"https:\/\/www.p31noticias.com.br\/?p=25846#breadcrumb","itemListElement":[{"@type":"ListItem","position":1,"name":"In\u00edcio","item":"https:\/\/www.p31noticias.com.br\/"},{"@type":"ListItem","position":2,"name":"FAM\u00cdLIAS DO GAMA RECEBEM A\u00c7\u00d5ES DE EFICI\u00caNCIA ENERG\u00c9TICA."}]},{"@type":"WebSite","@id":"https:\/\/www.p31noticias.com.br\/#website","url":"https:\/\/www.p31noticias.com.br\/","name":"P31","description":"NOT\u00cdCIAS","potentialAction":[{"@type":"SearchAction","target":{"@type":"EntryPoint","urlTemplate":"https:\/\/www.p31noticias.com.br\/?s={search_term_string}"},"query-input":{"@type":"PropertyValueSpecification","valueRequired":true,"valueName":"search_term_string"}}],"inLanguage":"pt-BR"},{"@type":"Person","@id":"https:\/\/www.p31noticias.com.br\/#\/schema\/person\/95f2ece30e3b4132065b915150cd0f94","name":"Gon\u00e7alves Junior","image":{"@type":"ImageObject","inLanguage":"pt-BR","@id":"https:\/\/secure.gravatar.com\/avatar\/6711f350116a89762687a48d66f723c799e5438a5b7578508d4294cd7a5d0800?s=96&d=mm&r=g","url":"https:\/\/secure.gravatar.com\/avatar\/6711f350116a89762687a48d66f723c799e5438a5b7578508d4294cd7a5d0800?s=96&d=mm&r=g","contentUrl":"https:\/\/secure.gravatar.com\/avatar\/6711f350116a89762687a48d66f723c799e5438a5b7578508d4294cd7a5d0800?s=96&d=mm&r=g","caption":"Gon\u00e7alves Junior"},"url":"https:\/\/www.p31noticias.com.br\/?author=2"}]}},"amp_enabled":true,"_links":{"self":[{"href":"https:\/\/www.p31noticias.com.br\/index.php?rest_route=\/wp\/v2\/posts\/25846","targetHints":{"allow":["GET"]}}],"collection":[{"href":"https:\/\/www.p31noticias.com.br\/index.php?rest_route=\/wp\/v2\/posts"}],"about":[{"href":"https:\/\/www.p31noticias.com.br\/index.php?rest_route=\/wp\/v2\/types\/post"}],"author":[{"embeddable":true,"href":"https:\/\/www.p31noticias.com.br\/index.php?rest_route=\/wp\/v2\/users\/2"}],"replies":[{"embeddable":true,"href":"https:\/\/www.p31noticias.com.br\/index.php?rest_route=%2Fwp%2Fv2%2Fcomments&post=25846"}],"version-history":[{"count":1,"href":"https:\/\/www.p31noticias.com.br\/index.php?rest_route=\/wp\/v2\/posts\/25846\/revisions"}],"predecessor-version":[{"id":25848,"href":"https:\/\/www.p31noticias.com.br\/index.php?rest_route=\/wp\/v2\/posts\/25846\/revisions\/25848"}],"wp:featuredmedia":[{"embeddable":true,"href":"https:\/\/www.p31noticias.com.br\/index.php?rest_route=\/wp\/v2\/media\/25847"}],"wp:attachment":[{"href":"https:\/\/www.p31noticias.com.br\/index.php?rest_route=%2Fwp%2Fv2%2Fmedia&parent=25846"}],"wp:term":[{"taxonomy":"category","embeddable":true,"href":"https:\/\/www.p31noticias.com.br\/index.php?rest_route=%2Fwp%2Fv2%2Fcategories&post=25846"},{"taxonomy":"post_tag","embeddable":true,"href":"https:\/\/www.p31noticias.com.br\/index.php?rest_route=%2Fwp%2Fv2%2Ftags&post=25846"}],"curies":[{"name":"wp","href":"https:\/\/api.w.org\/{rel}","templated":true}]}}