{"id":25840,"date":"2022-03-18T21:22:37","date_gmt":"2022-03-19T00:22:37","guid":{"rendered":"https:\/\/p31noticias.com.br\/?p=25840"},"modified":"2022-03-18T21:22:37","modified_gmt":"2022-03-19T00:22:37","slug":"sindico-e-agredido-ao-reclamar-de-barulho-em-academia-e-vai-parar-na-uti","status":"publish","type":"post","link":"https:\/\/www.p31noticias.com.br\/?p=25840","title":{"rendered":"S\u00edndico \u00e9 agredido ao reclamar de barulho em academia e vai parar na UTI;"},"content":{"rendered":"<p style=\"text-align: justify;\"><em><strong>Wahby Abdel Karim Khalil, de 42 anos, teve hemorragia cerebral depois de levar um soco.<\/strong><\/em><\/p>\n<p style=\"text-align: justify;\">ornalista da Empresa Brasil de Comunica\u00e7\u00e3o (EBC), Wahby Abdel Karim Khalil, de 42 anos, est\u00e1 na\u00a0<a href=\"https:\/\/jovempan.com.br\/tag\/uti\"><strong>UTI<\/strong>\u00a0<\/a>do Hospital Santa Lucia Sul, em \u00c1guas Claras, no\u00a0<a href=\"https:\/\/jovempan.com.br\/tag\/distrito-federal\"><strong>Distrito Federal<\/strong><\/a>, ap\u00f3s ser agredido por um professor de educa\u00e7\u00e3o f\u00edsico na academia do condom\u00ednio onde mora. Khalil \u00e9 o s\u00edndico do pr\u00e9dio Luna Park e foi reclamar do barulho causado por um saco de pancadas. Em um v\u00eddeo postado nas redes sociais, \u00e9 poss\u00edvel ver Khalil conversando com o professor e est\u00e1 acompanhado de mais uma pessoa. Em certo momento da discuss\u00e3o, ele leva um soco e cai no ch\u00e3o. No Boletim M\u00e9dico, o hospital informou que Khalil teve\u00a0<strong>hemorragia cerebral<\/strong>\u00a0e est\u00e1 est\u00e1vel, mas com risco de agravamento. Ele est\u00e1 consciente e respira espontaneamente. O caso est\u00e1 sendo investigado pela Pol\u00edcia Civil do Distrito Federal, na 21\u00aa Delegacia de Pol\u00edcia em Taguatinga Sul. O professor pode ser indiciado por les\u00e3o corporal.<\/p>\n<p>&nbsp;<\/p>\n<p><img decoding=\"async\" src=\"https:\/\/uploads.metropoles.com\/wp-content\/uploads\/2022\/03\/17155354\/sindico-soco-aguasclaras5-600x400.jpg\" alt=\"S\u00edndico que levou soco \u00e9 internado em UTI com hemorragia cerebral\" \/><\/p>\n<p>&nbsp;<\/p>\n<p>JP News.<\/p>\n","protected":false},"excerpt":{"rendered":"<p>Wahby Abdel Karim Khalil, de 42 anos, teve hemorragia cerebral depois de levar um soco. ornalista da Empresa Brasil de Comunica\u00e7\u00e3o (EBC), Wahby Abdel Karim Khalil, de 42 anos, est\u00e1 na\u00a0UTI\u00a0do Hospital Santa Lucia Sul, em \u00c1guas Claras, no\u00a0Distrito Federal, ap\u00f3s ser agredido por um professor de educa\u00e7\u00e3o f\u00edsico na academia do condom\u00ednio onde mora. [&hellip;]<\/p>\n","protected":false},"author":2,"featured_media":25841,"comment_status":"open","ping_status":"open","sticky":false,"template":"","format":"standard","meta":{"footnotes":""},"categories":[21],"tags":[],"class_list":{"0":"post-25840","1":"post","2":"type-post","3":"status-publish","4":"format-standard","5":"has-post-thumbnail","7":"category-brasilia"},"yoast_head":"<!-- This site is optimized with the Yoast SEO Premium plugin v24.5 (Yoast SEO v27.5) - https:\/\/yoast.com\/product\/yoast-seo-premium-wordpress\/ -->\n<title>S\u00edndico \u00e9 agredido ao reclamar de barulho em academia e vai parar na UTI; - P31<\/title>\n<meta name=\"robots\" content=\"index, follow, max-snippet:-1, max-image-preview:large, max-video-preview:-1\" \/>\n<link rel=\"canonical\" href=\"https:\/\/www.p31noticias.com.br\/?p=25840\" \/>\n<meta property=\"og:locale\" content=\"pt_BR\" \/>\n<meta property=\"og:type\" content=\"article\" \/>\n<meta property=\"og:title\" content=\"S\u00edndico \u00e9 agredido ao reclamar de barulho em academia e vai parar na UTI;\" \/>\n<meta property=\"og:description\" content=\"Wahby Abdel Karim Khalil, de 42 anos, teve hemorragia cerebral depois de levar um soco. ornalista da Empresa Brasil de Comunica\u00e7\u00e3o (EBC), Wahby Abdel Karim Khalil, de 42 anos, est\u00e1 na\u00a0UTI\u00a0do Hospital Santa Lucia Sul, em \u00c1guas Claras, no\u00a0Distrito Federal, ap\u00f3s ser agredido por um professor de educa\u00e7\u00e3o f\u00edsico na academia do condom\u00ednio onde mora. [&hellip;]\" \/>\n<meta property=\"og:url\" content=\"https:\/\/www.p31noticias.com.br\/?p=25840\" \/>\n<meta property=\"og:site_name\" content=\"P31\" \/>\n<meta property=\"article:published_time\" content=\"2022-03-19T00:22:37+00:00\" \/>\n<meta property=\"og:image\" content=\"https:\/\/www.p31noticias.com.br\/wp-content\/uploads\/2022\/03\/sindico.webp\" \/>\n\t<meta property=\"og:image:width\" content=\"670\" \/>\n\t<meta property=\"og:image:height\" content=\"449\" \/>\n\t<meta property=\"og:image:type\" content=\"image\/webp\" \/>\n<meta name=\"author\" content=\"Gon\u00e7alves Junior\" \/>\n<meta name=\"twitter:card\" content=\"summary_large_image\" \/>\n<meta name=\"twitter:label1\" content=\"Escrito por\" \/>\n\t<meta name=\"twitter:data1\" content=\"Gon\u00e7alves Junior\" \/>\n\t<meta name=\"twitter:label2\" content=\"Est. tempo de leitura\" \/>\n\t<meta name=\"twitter:data2\" content=\"1 minuto\" \/>\n<script type=\"application\/ld+json\" class=\"yoast-schema-graph\">{\"@context\":\"https:\\\/\\\/schema.org\",\"@graph\":[{\"@type\":\"Article\",\"@id\":\"https:\\\/\\\/www.p31noticias.com.br\\\/?p=25840#article\",\"isPartOf\":{\"@id\":\"https:\\\/\\\/www.p31noticias.com.br\\\/?p=25840\"},\"author\":{\"name\":\"Gon\u00e7alves Junior\",\"@id\":\"https:\\\/\\\/www.p31noticias.com.br\\\/#\\\/schema\\\/person\\\/95f2ece30e3b4132065b915150cd0f94\"},\"headline\":\"S\u00edndico \u00e9 agredido ao reclamar de barulho em academia e vai parar na UTI;\",\"datePublished\":\"2022-03-19T00:22:37+00:00\",\"mainEntityOfPage\":{\"@id\":\"https:\\\/\\\/www.p31noticias.com.br\\\/?p=25840\"},\"wordCount\":193,\"commentCount\":0,\"image\":{\"@id\":\"https:\\\/\\\/www.p31noticias.com.br\\\/?p=25840#primaryimage\"},\"thumbnailUrl\":\"https:\\\/\\\/www.p31noticias.com.br\\\/wp-content\\\/uploads\\\/2022\\\/03\\\/sindico.webp\",\"articleSection\":[\"Bras\u00edlia\"],\"inLanguage\":\"pt-BR\",\"potentialAction\":[{\"@type\":\"CommentAction\",\"name\":\"Comment\",\"target\":[\"https:\\\/\\\/www.p31noticias.com.br\\\/?p=25840#respond\"]}],\"copyrightYear\":\"2022\",\"copyrightHolder\":{\"@id\":\"https:\\\/\\\/www.p31noticias.com.br\\\/#organization\"}},{\"@type\":\"WebPage\",\"@id\":\"https:\\\/\\\/www.p31noticias.com.br\\\/?p=25840\",\"url\":\"https:\\\/\\\/www.p31noticias.com.br\\\/?p=25840\",\"name\":\"S\u00edndico \u00e9 agredido ao reclamar de barulho em academia e vai parar na UTI; - P31\",\"isPartOf\":{\"@id\":\"https:\\\/\\\/www.p31noticias.com.br\\\/#website\"},\"primaryImageOfPage\":{\"@id\":\"https:\\\/\\\/www.p31noticias.com.br\\\/?p=25840#primaryimage\"},\"image\":{\"@id\":\"https:\\\/\\\/www.p31noticias.com.br\\\/?p=25840#primaryimage\"},\"thumbnailUrl\":\"https:\\\/\\\/www.p31noticias.com.br\\\/wp-content\\\/uploads\\\/2022\\\/03\\\/sindico.webp\",\"datePublished\":\"2022-03-19T00:22:37+00:00\",\"author\":{\"@id\":\"https:\\\/\\\/www.p31noticias.com.br\\\/#\\\/schema\\\/person\\\/95f2ece30e3b4132065b915150cd0f94\"},\"breadcrumb\":{\"@id\":\"https:\\\/\\\/www.p31noticias.com.br\\\/?p=25840#breadcrumb\"},\"inLanguage\":\"pt-BR\",\"potentialAction\":[{\"@type\":\"ReadAction\",\"target\":[\"https:\\\/\\\/www.p31noticias.com.br\\\/?p=25840\"]}]},{\"@type\":\"ImageObject\",\"inLanguage\":\"pt-BR\",\"@id\":\"https:\\\/\\\/www.p31noticias.com.br\\\/?p=25840#primaryimage\",\"url\":\"https:\\\/\\\/www.p31noticias.com.br\\\/wp-content\\\/uploads\\\/2022\\\/03\\\/sindico.webp\",\"contentUrl\":\"https:\\\/\\\/www.p31noticias.com.br\\\/wp-content\\\/uploads\\\/2022\\\/03\\\/sindico.webp\",\"width\":670,\"height\":449},{\"@type\":\"BreadcrumbList\",\"@id\":\"https:\\\/\\\/www.p31noticias.com.br\\\/?p=25840#breadcrumb\",\"itemListElement\":[{\"@type\":\"ListItem\",\"position\":1,\"name\":\"In\u00edcio\",\"item\":\"https:\\\/\\\/www.p31noticias.com.br\\\/\"},{\"@type\":\"ListItem\",\"position\":2,\"name\":\"S\u00edndico \u00e9 agredido ao reclamar de barulho em academia e vai parar na UTI;\"}]},{\"@type\":\"WebSite\",\"@id\":\"https:\\\/\\\/www.p31noticias.com.br\\\/#website\",\"url\":\"https:\\\/\\\/www.p31noticias.com.br\\\/\",\"name\":\"P31\",\"description\":\"NOT\u00cdCIAS\",\"potentialAction\":[{\"@type\":\"SearchAction\",\"target\":{\"@type\":\"EntryPoint\",\"urlTemplate\":\"https:\\\/\\\/www.p31noticias.com.br\\\/?s={search_term_string}\"},\"query-input\":{\"@type\":\"PropertyValueSpecification\",\"valueRequired\":true,\"valueName\":\"search_term_string\"}}],\"inLanguage\":\"pt-BR\"},{\"@type\":\"Person\",\"@id\":\"https:\\\/\\\/www.p31noticias.com.br\\\/#\\\/schema\\\/person\\\/95f2ece30e3b4132065b915150cd0f94\",\"name\":\"Gon\u00e7alves Junior\",\"image\":{\"@type\":\"ImageObject\",\"inLanguage\":\"pt-BR\",\"@id\":\"https:\\\/\\\/secure.gravatar.com\\\/avatar\\\/6711f350116a89762687a48d66f723c799e5438a5b7578508d4294cd7a5d0800?s=96&d=mm&r=g\",\"url\":\"https:\\\/\\\/secure.gravatar.com\\\/avatar\\\/6711f350116a89762687a48d66f723c799e5438a5b7578508d4294cd7a5d0800?s=96&d=mm&r=g\",\"contentUrl\":\"https:\\\/\\\/secure.gravatar.com\\\/avatar\\\/6711f350116a89762687a48d66f723c799e5438a5b7578508d4294cd7a5d0800?s=96&d=mm&r=g\",\"caption\":\"Gon\u00e7alves Junior\"},\"url\":\"https:\\\/\\\/www.p31noticias.com.br\\\/?author=2\"}]}<\/script>\n<!-- \/ Yoast SEO Premium plugin. -->","yoast_head_json":{"title":"S\u00edndico \u00e9 agredido ao reclamar de barulho em academia e vai parar na UTI; - P31","robots":{"index":"index","follow":"follow","max-snippet":"max-snippet:-1","max-image-preview":"max-image-preview:large","max-video-preview":"max-video-preview:-1"},"canonical":"https:\/\/www.p31noticias.com.br\/?p=25840","og_locale":"pt_BR","og_type":"article","og_title":"S\u00edndico \u00e9 agredido ao reclamar de barulho em academia e vai parar na UTI;","og_description":"Wahby Abdel Karim Khalil, de 42 anos, teve hemorragia cerebral depois de levar um soco. ornalista da Empresa Brasil de Comunica\u00e7\u00e3o (EBC), Wahby Abdel Karim Khalil, de 42 anos, est\u00e1 na\u00a0UTI\u00a0do Hospital Santa Lucia Sul, em \u00c1guas Claras, no\u00a0Distrito Federal, ap\u00f3s ser agredido por um professor de educa\u00e7\u00e3o f\u00edsico na academia do condom\u00ednio onde mora. [&hellip;]","og_url":"https:\/\/www.p31noticias.com.br\/?p=25840","og_site_name":"P31","article_published_time":"2022-03-19T00:22:37+00:00","og_image":[{"width":670,"height":449,"url":"https:\/\/www.p31noticias.com.br\/wp-content\/uploads\/2022\/03\/sindico.webp","type":"image\/webp"}],"author":"Gon\u00e7alves Junior","twitter_card":"summary_large_image","twitter_misc":{"Escrito por":"Gon\u00e7alves Junior","Est. tempo de leitura":"1 minuto"},"schema":{"@context":"https:\/\/schema.org","@graph":[{"@type":"Article","@id":"https:\/\/www.p31noticias.com.br\/?p=25840#article","isPartOf":{"@id":"https:\/\/www.p31noticias.com.br\/?p=25840"},"author":{"name":"Gon\u00e7alves Junior","@id":"https:\/\/www.p31noticias.com.br\/#\/schema\/person\/95f2ece30e3b4132065b915150cd0f94"},"headline":"S\u00edndico \u00e9 agredido ao reclamar de barulho em academia e vai parar na UTI;","datePublished":"2022-03-19T00:22:37+00:00","mainEntityOfPage":{"@id":"https:\/\/www.p31noticias.com.br\/?p=25840"},"wordCount":193,"commentCount":0,"image":{"@id":"https:\/\/www.p31noticias.com.br\/?p=25840#primaryimage"},"thumbnailUrl":"https:\/\/www.p31noticias.com.br\/wp-content\/uploads\/2022\/03\/sindico.webp","articleSection":["Bras\u00edlia"],"inLanguage":"pt-BR","potentialAction":[{"@type":"CommentAction","name":"Comment","target":["https:\/\/www.p31noticias.com.br\/?p=25840#respond"]}],"copyrightYear":"2022","copyrightHolder":{"@id":"https:\/\/www.p31noticias.com.br\/#organization"}},{"@type":"WebPage","@id":"https:\/\/www.p31noticias.com.br\/?p=25840","url":"https:\/\/www.p31noticias.com.br\/?p=25840","name":"S\u00edndico \u00e9 agredido ao reclamar de barulho em academia e vai parar na UTI; - P31","isPartOf":{"@id":"https:\/\/www.p31noticias.com.br\/#website"},"primaryImageOfPage":{"@id":"https:\/\/www.p31noticias.com.br\/?p=25840#primaryimage"},"image":{"@id":"https:\/\/www.p31noticias.com.br\/?p=25840#primaryimage"},"thumbnailUrl":"https:\/\/www.p31noticias.com.br\/wp-content\/uploads\/2022\/03\/sindico.webp","datePublished":"2022-03-19T00:22:37+00:00","author":{"@id":"https:\/\/www.p31noticias.com.br\/#\/schema\/person\/95f2ece30e3b4132065b915150cd0f94"},"breadcrumb":{"@id":"https:\/\/www.p31noticias.com.br\/?p=25840#breadcrumb"},"inLanguage":"pt-BR","potentialAction":[{"@type":"ReadAction","target":["https:\/\/www.p31noticias.com.br\/?p=25840"]}]},{"@type":"ImageObject","inLanguage":"pt-BR","@id":"https:\/\/www.p31noticias.com.br\/?p=25840#primaryimage","url":"https:\/\/www.p31noticias.com.br\/wp-content\/uploads\/2022\/03\/sindico.webp","contentUrl":"https:\/\/www.p31noticias.com.br\/wp-content\/uploads\/2022\/03\/sindico.webp","width":670,"height":449},{"@type":"BreadcrumbList","@id":"https:\/\/www.p31noticias.com.br\/?p=25840#breadcrumb","itemListElement":[{"@type":"ListItem","position":1,"name":"In\u00edcio","item":"https:\/\/www.p31noticias.com.br\/"},{"@type":"ListItem","position":2,"name":"S\u00edndico \u00e9 agredido ao reclamar de barulho em academia e vai parar na UTI;"}]},{"@type":"WebSite","@id":"https:\/\/www.p31noticias.com.br\/#website","url":"https:\/\/www.p31noticias.com.br\/","name":"P31","description":"NOT\u00cdCIAS","potentialAction":[{"@type":"SearchAction","target":{"@type":"EntryPoint","urlTemplate":"https:\/\/www.p31noticias.com.br\/?s={search_term_string}"},"query-input":{"@type":"PropertyValueSpecification","valueRequired":true,"valueName":"search_term_string"}}],"inLanguage":"pt-BR"},{"@type":"Person","@id":"https:\/\/www.p31noticias.com.br\/#\/schema\/person\/95f2ece30e3b4132065b915150cd0f94","name":"Gon\u00e7alves Junior","image":{"@type":"ImageObject","inLanguage":"pt-BR","@id":"https:\/\/secure.gravatar.com\/avatar\/6711f350116a89762687a48d66f723c799e5438a5b7578508d4294cd7a5d0800?s=96&d=mm&r=g","url":"https:\/\/secure.gravatar.com\/avatar\/6711f350116a89762687a48d66f723c799e5438a5b7578508d4294cd7a5d0800?s=96&d=mm&r=g","contentUrl":"https:\/\/secure.gravatar.com\/avatar\/6711f350116a89762687a48d66f723c799e5438a5b7578508d4294cd7a5d0800?s=96&d=mm&r=g","caption":"Gon\u00e7alves Junior"},"url":"https:\/\/www.p31noticias.com.br\/?author=2"}]}},"amp_enabled":true,"_links":{"self":[{"href":"https:\/\/www.p31noticias.com.br\/index.php?rest_route=\/wp\/v2\/posts\/25840","targetHints":{"allow":["GET"]}}],"collection":[{"href":"https:\/\/www.p31noticias.com.br\/index.php?rest_route=\/wp\/v2\/posts"}],"about":[{"href":"https:\/\/www.p31noticias.com.br\/index.php?rest_route=\/wp\/v2\/types\/post"}],"author":[{"embeddable":true,"href":"https:\/\/www.p31noticias.com.br\/index.php?rest_route=\/wp\/v2\/users\/2"}],"replies":[{"embeddable":true,"href":"https:\/\/www.p31noticias.com.br\/index.php?rest_route=%2Fwp%2Fv2%2Fcomments&post=25840"}],"version-history":[{"count":1,"href":"https:\/\/www.p31noticias.com.br\/index.php?rest_route=\/wp\/v2\/posts\/25840\/revisions"}],"predecessor-version":[{"id":25842,"href":"https:\/\/www.p31noticias.com.br\/index.php?rest_route=\/wp\/v2\/posts\/25840\/revisions\/25842"}],"wp:featuredmedia":[{"embeddable":true,"href":"https:\/\/www.p31noticias.com.br\/index.php?rest_route=\/wp\/v2\/media\/25841"}],"wp:attachment":[{"href":"https:\/\/www.p31noticias.com.br\/index.php?rest_route=%2Fwp%2Fv2%2Fmedia&parent=25840"}],"wp:term":[{"taxonomy":"category","embeddable":true,"href":"https:\/\/www.p31noticias.com.br\/index.php?rest_route=%2Fwp%2Fv2%2Fcategories&post=25840"},{"taxonomy":"post_tag","embeddable":true,"href":"https:\/\/www.p31noticias.com.br\/index.php?rest_route=%2Fwp%2Fv2%2Ftags&post=25840"}],"curies":[{"name":"wp","href":"https:\/\/api.w.org\/{rel}","templated":true}]}}