{"id":25830,"date":"2022-03-13T10:20:00","date_gmt":"2022-03-13T13:20:00","guid":{"rendered":"https:\/\/p31noticias.com.br\/?p=25830"},"modified":"2022-03-13T10:20:00","modified_gmt":"2022-03-13T13:20:00","slug":"governadores-vao-acionar-o-stf-contra-mudanca-no-icms-dos-combustiveis","status":"publish","type":"post","link":"https:\/\/www.p31noticias.com.br\/?p=25830","title":{"rendered":"Governadores v\u00e3o acionar o STF contra mudan\u00e7a no ICMS dos combust\u00edveis."},"content":{"rendered":"<p style=\"text-align: justify;\"><em><strong>Coordenador do F\u00f3rum dos Governadores, Wellington Dias (PT) afirma que proposta aprovada pelo Congresso \u00e9 inconstitucional e ir\u00e1 \u2018implodir\u2019 contas de Estados e munic\u00edpios.<\/strong><\/em><\/p>\n<p style=\"text-align: justify;\">Os governadores pretendem acionar o\u00a0<strong><a href=\"https:\/\/jovempan.com.br\/tag\/stf\">Supremo Tribunal Federal<\/a><\/strong>\u00a0(STF) para barrar o Projeto de Lei Complementar (PLC) 11\/2020. O texto prev\u00ea uma altera\u00e7\u00e3o na incid\u00eancia do\u00a0<strong><a href=\"https:\/\/jovempan.com.br\/tag\/icms\">ICMS<\/a><\/strong>\u00a0(Imposto sobre Circula\u00e7\u00e3o de Mercadorias e Servi\u00e7os) sobre os combust\u00edveis, uma medida que impacta diretamente os or\u00e7amentos estaduais.\u00a0<strong><a href=\"https:\/\/jovempan.com.br\/tag\/wellington-dias\">Wellington Dias<\/a><\/strong>\u00a0(PT), governador do\u00a0<strong><a href=\"https:\/\/jovempan.com.br\/tag\/piaui\">Piau\u00ed<\/a><\/strong> e coordenador no F\u00f3rum Nacional de Governadores, afirmou em nota divulgada \u00e0 imprensa, que a iniciativa ir\u00e1 \u201cimplodir as contas p\u00fablicas dos Estados e munic\u00edpios\u201d.<\/p>\n<p style=\"text-align: justify;\">O petista alega que os gestores estaduais apresentaram uma alternativa, o Fundo de Estabiliza\u00e7\u00e3o dos pre\u00e7os, que solucionaria o problema da alta nos postos de gasolina \u201csem grandes efeitos colaterais\u201d. De acordo com Dias, o PLC aprovado pelo Congresso \u201cinsiste de forma equivocada na tese de atacar de forma ilegal e inconstitucional\u201d no ICMS. A ida \u00e0 Suprema Corte visa, segundo o pol\u00edtico, cumprir a Constitui\u00e7\u00e3o de modo a evitar que seu Estado, o Piau\u00ed, perca cerca de R$ 250 milh\u00f5es anuais \u201cprejudicando o custeio de servi\u00e7os\u201d e na \u201cprograma\u00e7\u00e3o de investimentos\u201d.<\/p>\n<p style=\"text-align: justify;\">A proposta foi aprovada pelo Congresso Nacional e segue para a san\u00e7\u00e3o do presidente <strong><a href=\"https:\/\/jovempan.com.br\/tag\/jair-bolsonaro\">Jair Bolsonaro<\/a><\/strong>\u00a0(PL). Caso o chefe do Executivo federal sancione o projeto de lei complementar, os Estados n\u00e3o mais poder\u00e3o calcular uma porcentagem sobre o pre\u00e7o final dos combust\u00edveis, mas ter\u00e3o at\u00e9 o fim de 2022 para estabelecer um pre\u00e7o fixo de imposto, em reais, por litro.<\/p>\n<p>JP NEWS<\/p>\n","protected":false},"excerpt":{"rendered":"<p>Coordenador do F\u00f3rum dos Governadores, Wellington Dias (PT) afirma que proposta aprovada pelo Congresso \u00e9 inconstitucional e ir\u00e1 \u2018implodir\u2019 contas de Estados e munic\u00edpios. Os governadores pretendem acionar o\u00a0Supremo Tribunal Federal\u00a0(STF) para barrar o Projeto de Lei Complementar (PLC) 11\/2020. O texto prev\u00ea uma altera\u00e7\u00e3o na incid\u00eancia do\u00a0ICMS\u00a0(Imposto sobre Circula\u00e7\u00e3o de Mercadorias e Servi\u00e7os) sobre [&hellip;]<\/p>\n","protected":false},"author":2,"featured_media":25831,"comment_status":"open","ping_status":"open","sticky":false,"template":"","format":"standard","meta":{"footnotes":""},"categories":[57],"tags":[],"class_list":{"0":"post-25830","1":"post","2":"type-post","3":"status-publish","4":"format-standard","5":"has-post-thumbnail","7":"category-politica"},"yoast_head":"<!-- This site is optimized with the Yoast SEO Premium plugin v24.5 (Yoast SEO v27.5) - https:\/\/yoast.com\/product\/yoast-seo-premium-wordpress\/ -->\n<title>Governadores v\u00e3o acionar o STF contra mudan\u00e7a no ICMS dos combust\u00edveis. - P31<\/title>\n<meta name=\"robots\" content=\"index, follow, max-snippet:-1, max-image-preview:large, max-video-preview:-1\" \/>\n<link rel=\"canonical\" href=\"https:\/\/www.p31noticias.com.br\/?p=25830\" \/>\n<meta property=\"og:locale\" content=\"pt_BR\" \/>\n<meta property=\"og:type\" content=\"article\" \/>\n<meta property=\"og:title\" content=\"Governadores v\u00e3o acionar o STF contra mudan\u00e7a no ICMS dos combust\u00edveis.\" \/>\n<meta property=\"og:description\" content=\"Coordenador do F\u00f3rum dos Governadores, Wellington Dias (PT) afirma que proposta aprovada pelo Congresso \u00e9 inconstitucional e ir\u00e1 \u2018implodir\u2019 contas de Estados e munic\u00edpios. Os governadores pretendem acionar o\u00a0Supremo Tribunal Federal\u00a0(STF) para barrar o Projeto de Lei Complementar (PLC) 11\/2020. O texto prev\u00ea uma altera\u00e7\u00e3o na incid\u00eancia do\u00a0ICMS\u00a0(Imposto sobre Circula\u00e7\u00e3o de Mercadorias e Servi\u00e7os) sobre [&hellip;]\" \/>\n<meta property=\"og:url\" content=\"https:\/\/www.p31noticias.com.br\/?p=25830\" \/>\n<meta property=\"og:site_name\" content=\"P31\" \/>\n<meta property=\"article:published_time\" content=\"2022-03-13T13:20:00+00:00\" \/>\n<meta property=\"og:image\" content=\"https:\/\/www.p31noticias.com.br\/wp-content\/uploads\/2022\/03\/wellington-dias-1024x682-1.webp\" \/>\n\t<meta property=\"og:image:width\" content=\"1024\" \/>\n\t<meta property=\"og:image:height\" content=\"682\" \/>\n\t<meta property=\"og:image:type\" content=\"image\/webp\" \/>\n<meta name=\"author\" content=\"Gon\u00e7alves Junior\" \/>\n<meta name=\"twitter:card\" content=\"summary_large_image\" \/>\n<meta name=\"twitter:label1\" content=\"Escrito por\" \/>\n\t<meta name=\"twitter:data1\" content=\"Gon\u00e7alves Junior\" \/>\n\t<meta name=\"twitter:label2\" content=\"Est. tempo de leitura\" \/>\n\t<meta name=\"twitter:data2\" content=\"1 minuto\" \/>\n<script type=\"application\/ld+json\" class=\"yoast-schema-graph\">{\"@context\":\"https:\\\/\\\/schema.org\",\"@graph\":[{\"@type\":\"Article\",\"@id\":\"https:\\\/\\\/www.p31noticias.com.br\\\/?p=25830#article\",\"isPartOf\":{\"@id\":\"https:\\\/\\\/www.p31noticias.com.br\\\/?p=25830\"},\"author\":{\"name\":\"Gon\u00e7alves Junior\",\"@id\":\"https:\\\/\\\/www.p31noticias.com.br\\\/#\\\/schema\\\/person\\\/95f2ece30e3b4132065b915150cd0f94\"},\"headline\":\"Governadores v\u00e3o acionar o STF contra mudan\u00e7a no ICMS dos combust\u00edveis.\",\"datePublished\":\"2022-03-13T13:20:00+00:00\",\"mainEntityOfPage\":{\"@id\":\"https:\\\/\\\/www.p31noticias.com.br\\\/?p=25830\"},\"wordCount\":288,\"commentCount\":0,\"image\":{\"@id\":\"https:\\\/\\\/www.p31noticias.com.br\\\/?p=25830#primaryimage\"},\"thumbnailUrl\":\"https:\\\/\\\/www.p31noticias.com.br\\\/wp-content\\\/uploads\\\/2022\\\/03\\\/wellington-dias-1024x682-1.webp\",\"articleSection\":[\"Pol\u00edtica\"],\"inLanguage\":\"pt-BR\",\"potentialAction\":[{\"@type\":\"CommentAction\",\"name\":\"Comment\",\"target\":[\"https:\\\/\\\/www.p31noticias.com.br\\\/?p=25830#respond\"]}],\"copyrightYear\":\"2022\",\"copyrightHolder\":{\"@id\":\"https:\\\/\\\/www.p31noticias.com.br\\\/#organization\"}},{\"@type\":\"WebPage\",\"@id\":\"https:\\\/\\\/www.p31noticias.com.br\\\/?p=25830\",\"url\":\"https:\\\/\\\/www.p31noticias.com.br\\\/?p=25830\",\"name\":\"Governadores v\u00e3o acionar o STF contra mudan\u00e7a no ICMS dos combust\u00edveis. - P31\",\"isPartOf\":{\"@id\":\"https:\\\/\\\/www.p31noticias.com.br\\\/#website\"},\"primaryImageOfPage\":{\"@id\":\"https:\\\/\\\/www.p31noticias.com.br\\\/?p=25830#primaryimage\"},\"image\":{\"@id\":\"https:\\\/\\\/www.p31noticias.com.br\\\/?p=25830#primaryimage\"},\"thumbnailUrl\":\"https:\\\/\\\/www.p31noticias.com.br\\\/wp-content\\\/uploads\\\/2022\\\/03\\\/wellington-dias-1024x682-1.webp\",\"datePublished\":\"2022-03-13T13:20:00+00:00\",\"author\":{\"@id\":\"https:\\\/\\\/www.p31noticias.com.br\\\/#\\\/schema\\\/person\\\/95f2ece30e3b4132065b915150cd0f94\"},\"breadcrumb\":{\"@id\":\"https:\\\/\\\/www.p31noticias.com.br\\\/?p=25830#breadcrumb\"},\"inLanguage\":\"pt-BR\",\"potentialAction\":[{\"@type\":\"ReadAction\",\"target\":[\"https:\\\/\\\/www.p31noticias.com.br\\\/?p=25830\"]}]},{\"@type\":\"ImageObject\",\"inLanguage\":\"pt-BR\",\"@id\":\"https:\\\/\\\/www.p31noticias.com.br\\\/?p=25830#primaryimage\",\"url\":\"https:\\\/\\\/www.p31noticias.com.br\\\/wp-content\\\/uploads\\\/2022\\\/03\\\/wellington-dias-1024x682-1.webp\",\"contentUrl\":\"https:\\\/\\\/www.p31noticias.com.br\\\/wp-content\\\/uploads\\\/2022\\\/03\\\/wellington-dias-1024x682-1.webp\",\"width\":1024,\"height\":682},{\"@type\":\"BreadcrumbList\",\"@id\":\"https:\\\/\\\/www.p31noticias.com.br\\\/?p=25830#breadcrumb\",\"itemListElement\":[{\"@type\":\"ListItem\",\"position\":1,\"name\":\"In\u00edcio\",\"item\":\"https:\\\/\\\/www.p31noticias.com.br\\\/\"},{\"@type\":\"ListItem\",\"position\":2,\"name\":\"Governadores v\u00e3o acionar o STF contra mudan\u00e7a no ICMS dos combust\u00edveis.\"}]},{\"@type\":\"WebSite\",\"@id\":\"https:\\\/\\\/www.p31noticias.com.br\\\/#website\",\"url\":\"https:\\\/\\\/www.p31noticias.com.br\\\/\",\"name\":\"P31\",\"description\":\"NOT\u00cdCIAS\",\"potentialAction\":[{\"@type\":\"SearchAction\",\"target\":{\"@type\":\"EntryPoint\",\"urlTemplate\":\"https:\\\/\\\/www.p31noticias.com.br\\\/?s={search_term_string}\"},\"query-input\":{\"@type\":\"PropertyValueSpecification\",\"valueRequired\":true,\"valueName\":\"search_term_string\"}}],\"inLanguage\":\"pt-BR\"},{\"@type\":\"Person\",\"@id\":\"https:\\\/\\\/www.p31noticias.com.br\\\/#\\\/schema\\\/person\\\/95f2ece30e3b4132065b915150cd0f94\",\"name\":\"Gon\u00e7alves Junior\",\"image\":{\"@type\":\"ImageObject\",\"inLanguage\":\"pt-BR\",\"@id\":\"https:\\\/\\\/secure.gravatar.com\\\/avatar\\\/6711f350116a89762687a48d66f723c799e5438a5b7578508d4294cd7a5d0800?s=96&d=mm&r=g\",\"url\":\"https:\\\/\\\/secure.gravatar.com\\\/avatar\\\/6711f350116a89762687a48d66f723c799e5438a5b7578508d4294cd7a5d0800?s=96&d=mm&r=g\",\"contentUrl\":\"https:\\\/\\\/secure.gravatar.com\\\/avatar\\\/6711f350116a89762687a48d66f723c799e5438a5b7578508d4294cd7a5d0800?s=96&d=mm&r=g\",\"caption\":\"Gon\u00e7alves Junior\"},\"url\":\"https:\\\/\\\/www.p31noticias.com.br\\\/?author=2\"}]}<\/script>\n<!-- \/ Yoast SEO Premium plugin. -->","yoast_head_json":{"title":"Governadores v\u00e3o acionar o STF contra mudan\u00e7a no ICMS dos combust\u00edveis. - P31","robots":{"index":"index","follow":"follow","max-snippet":"max-snippet:-1","max-image-preview":"max-image-preview:large","max-video-preview":"max-video-preview:-1"},"canonical":"https:\/\/www.p31noticias.com.br\/?p=25830","og_locale":"pt_BR","og_type":"article","og_title":"Governadores v\u00e3o acionar o STF contra mudan\u00e7a no ICMS dos combust\u00edveis.","og_description":"Coordenador do F\u00f3rum dos Governadores, Wellington Dias (PT) afirma que proposta aprovada pelo Congresso \u00e9 inconstitucional e ir\u00e1 \u2018implodir\u2019 contas de Estados e munic\u00edpios. Os governadores pretendem acionar o\u00a0Supremo Tribunal Federal\u00a0(STF) para barrar o Projeto de Lei Complementar (PLC) 11\/2020. O texto prev\u00ea uma altera\u00e7\u00e3o na incid\u00eancia do\u00a0ICMS\u00a0(Imposto sobre Circula\u00e7\u00e3o de Mercadorias e Servi\u00e7os) sobre [&hellip;]","og_url":"https:\/\/www.p31noticias.com.br\/?p=25830","og_site_name":"P31","article_published_time":"2022-03-13T13:20:00+00:00","og_image":[{"width":1024,"height":682,"url":"https:\/\/www.p31noticias.com.br\/wp-content\/uploads\/2022\/03\/wellington-dias-1024x682-1.webp","type":"image\/webp"}],"author":"Gon\u00e7alves Junior","twitter_card":"summary_large_image","twitter_misc":{"Escrito por":"Gon\u00e7alves Junior","Est. tempo de leitura":"1 minuto"},"schema":{"@context":"https:\/\/schema.org","@graph":[{"@type":"Article","@id":"https:\/\/www.p31noticias.com.br\/?p=25830#article","isPartOf":{"@id":"https:\/\/www.p31noticias.com.br\/?p=25830"},"author":{"name":"Gon\u00e7alves Junior","@id":"https:\/\/www.p31noticias.com.br\/#\/schema\/person\/95f2ece30e3b4132065b915150cd0f94"},"headline":"Governadores v\u00e3o acionar o STF contra mudan\u00e7a no ICMS dos combust\u00edveis.","datePublished":"2022-03-13T13:20:00+00:00","mainEntityOfPage":{"@id":"https:\/\/www.p31noticias.com.br\/?p=25830"},"wordCount":288,"commentCount":0,"image":{"@id":"https:\/\/www.p31noticias.com.br\/?p=25830#primaryimage"},"thumbnailUrl":"https:\/\/www.p31noticias.com.br\/wp-content\/uploads\/2022\/03\/wellington-dias-1024x682-1.webp","articleSection":["Pol\u00edtica"],"inLanguage":"pt-BR","potentialAction":[{"@type":"CommentAction","name":"Comment","target":["https:\/\/www.p31noticias.com.br\/?p=25830#respond"]}],"copyrightYear":"2022","copyrightHolder":{"@id":"https:\/\/www.p31noticias.com.br\/#organization"}},{"@type":"WebPage","@id":"https:\/\/www.p31noticias.com.br\/?p=25830","url":"https:\/\/www.p31noticias.com.br\/?p=25830","name":"Governadores v\u00e3o acionar o STF contra mudan\u00e7a no ICMS dos combust\u00edveis. - P31","isPartOf":{"@id":"https:\/\/www.p31noticias.com.br\/#website"},"primaryImageOfPage":{"@id":"https:\/\/www.p31noticias.com.br\/?p=25830#primaryimage"},"image":{"@id":"https:\/\/www.p31noticias.com.br\/?p=25830#primaryimage"},"thumbnailUrl":"https:\/\/www.p31noticias.com.br\/wp-content\/uploads\/2022\/03\/wellington-dias-1024x682-1.webp","datePublished":"2022-03-13T13:20:00+00:00","author":{"@id":"https:\/\/www.p31noticias.com.br\/#\/schema\/person\/95f2ece30e3b4132065b915150cd0f94"},"breadcrumb":{"@id":"https:\/\/www.p31noticias.com.br\/?p=25830#breadcrumb"},"inLanguage":"pt-BR","potentialAction":[{"@type":"ReadAction","target":["https:\/\/www.p31noticias.com.br\/?p=25830"]}]},{"@type":"ImageObject","inLanguage":"pt-BR","@id":"https:\/\/www.p31noticias.com.br\/?p=25830#primaryimage","url":"https:\/\/www.p31noticias.com.br\/wp-content\/uploads\/2022\/03\/wellington-dias-1024x682-1.webp","contentUrl":"https:\/\/www.p31noticias.com.br\/wp-content\/uploads\/2022\/03\/wellington-dias-1024x682-1.webp","width":1024,"height":682},{"@type":"BreadcrumbList","@id":"https:\/\/www.p31noticias.com.br\/?p=25830#breadcrumb","itemListElement":[{"@type":"ListItem","position":1,"name":"In\u00edcio","item":"https:\/\/www.p31noticias.com.br\/"},{"@type":"ListItem","position":2,"name":"Governadores v\u00e3o acionar o STF contra mudan\u00e7a no ICMS dos combust\u00edveis."}]},{"@type":"WebSite","@id":"https:\/\/www.p31noticias.com.br\/#website","url":"https:\/\/www.p31noticias.com.br\/","name":"P31","description":"NOT\u00cdCIAS","potentialAction":[{"@type":"SearchAction","target":{"@type":"EntryPoint","urlTemplate":"https:\/\/www.p31noticias.com.br\/?s={search_term_string}"},"query-input":{"@type":"PropertyValueSpecification","valueRequired":true,"valueName":"search_term_string"}}],"inLanguage":"pt-BR"},{"@type":"Person","@id":"https:\/\/www.p31noticias.com.br\/#\/schema\/person\/95f2ece30e3b4132065b915150cd0f94","name":"Gon\u00e7alves Junior","image":{"@type":"ImageObject","inLanguage":"pt-BR","@id":"https:\/\/secure.gravatar.com\/avatar\/6711f350116a89762687a48d66f723c799e5438a5b7578508d4294cd7a5d0800?s=96&d=mm&r=g","url":"https:\/\/secure.gravatar.com\/avatar\/6711f350116a89762687a48d66f723c799e5438a5b7578508d4294cd7a5d0800?s=96&d=mm&r=g","contentUrl":"https:\/\/secure.gravatar.com\/avatar\/6711f350116a89762687a48d66f723c799e5438a5b7578508d4294cd7a5d0800?s=96&d=mm&r=g","caption":"Gon\u00e7alves Junior"},"url":"https:\/\/www.p31noticias.com.br\/?author=2"}]}},"amp_enabled":true,"_links":{"self":[{"href":"https:\/\/www.p31noticias.com.br\/index.php?rest_route=\/wp\/v2\/posts\/25830","targetHints":{"allow":["GET"]}}],"collection":[{"href":"https:\/\/www.p31noticias.com.br\/index.php?rest_route=\/wp\/v2\/posts"}],"about":[{"href":"https:\/\/www.p31noticias.com.br\/index.php?rest_route=\/wp\/v2\/types\/post"}],"author":[{"embeddable":true,"href":"https:\/\/www.p31noticias.com.br\/index.php?rest_route=\/wp\/v2\/users\/2"}],"replies":[{"embeddable":true,"href":"https:\/\/www.p31noticias.com.br\/index.php?rest_route=%2Fwp%2Fv2%2Fcomments&post=25830"}],"version-history":[{"count":1,"href":"https:\/\/www.p31noticias.com.br\/index.php?rest_route=\/wp\/v2\/posts\/25830\/revisions"}],"predecessor-version":[{"id":25832,"href":"https:\/\/www.p31noticias.com.br\/index.php?rest_route=\/wp\/v2\/posts\/25830\/revisions\/25832"}],"wp:featuredmedia":[{"embeddable":true,"href":"https:\/\/www.p31noticias.com.br\/index.php?rest_route=\/wp\/v2\/media\/25831"}],"wp:attachment":[{"href":"https:\/\/www.p31noticias.com.br\/index.php?rest_route=%2Fwp%2Fv2%2Fmedia&parent=25830"}],"wp:term":[{"taxonomy":"category","embeddable":true,"href":"https:\/\/www.p31noticias.com.br\/index.php?rest_route=%2Fwp%2Fv2%2Fcategories&post=25830"},{"taxonomy":"post_tag","embeddable":true,"href":"https:\/\/www.p31noticias.com.br\/index.php?rest_route=%2Fwp%2Fv2%2Ftags&post=25830"}],"curies":[{"name":"wp","href":"https:\/\/api.w.org\/{rel}","templated":true}]}}