{"id":25823,"date":"2022-03-13T10:10:07","date_gmt":"2022-03-13T13:10:07","guid":{"rendered":"https:\/\/p31noticias.com.br\/?p=25823"},"modified":"2022-03-13T10:12:16","modified_gmt":"2022-03-13T13:12:16","slug":"25823-2","status":"publish","type":"post","link":"https:\/\/www.p31noticias.com.br\/?p=25823","title":{"rendered":"Entenda as novas regras para o retorno de gestantes ao trabalho."},"content":{"rendered":"<h3 class=\"col-10 offset-1 animated fadeInDown dealy-900 display-8 display-md-8 alt-font font-italic my-1 text-center\" style=\"text-align: justify;\"><em><strong>Lei prev\u00ea a volta ao regime presencial ap\u00f3s vacina\u00e7\u00e3o.<\/strong><\/em><\/h3>\n<p style=\"text-align: justify;\">As novas regras para o retorno de gestantes ao trabalho durante a pandemia j\u00e1 est\u00e3o em vigor.\u00a0<a href=\"https:\/\/agenciabrasil.ebc.com.br\/politica\/noticia\/2022-03\/presidente-sanciona-lei-que-preve-retorno-de-gravidas-ao-presencial\" target=\"_blank\" rel=\"noopener\">Sancionada pelo presidente Jair Bolsonaro<\/a>, a lei prev\u00ea a volta ao regime presencial ap\u00f3s vacina\u00e7\u00e3o.<img decoding=\"async\" src=\"https:\/\/agenciabrasil.ebc.com.br\/ebc.png?id=1447792&amp;o=node\" \/><img decoding=\"async\" src=\"https:\/\/agenciabrasil.ebc.com.br\/ebc.gif?id=1447792&amp;o=node\" \/><\/p>\n<p style=\"text-align: justify;\">O afastamento do trabalho presencial s\u00f3 continua mantido para a mulher que ainda n\u00e3o tenha completado o ciclo vacinal.<\/p>\n<p style=\"text-align: justify;\">A nova norma prev\u00ea que a gestante dever\u00e1 retornar \u00e0 atividade presencial nas seguintes hip\u00f3teses:<\/p>\n<p style=\"text-align: justify;\">&#8211; ap\u00f3s o encerramento do estado de emerg\u00eancia de sa\u00fade p\u00fablica decorrente do coronav\u00edrus;<\/p>\n<p style=\"text-align: justify;\">&#8211; ap\u00f3s sua vacina\u00e7\u00e3o contra o coronav\u00edrus, a partir do dia em que o Minist\u00e9rio da Sa\u00fade considerar completa a imuniza\u00e7\u00e3o;<\/p>\n<p style=\"text-align: justify;\">&#8211; se a gestante optar pela n\u00e3o vacina\u00e7\u00e3o, mediante assinatura de termo de responsabilidade, comprometendo-se a cumprir as medidas preventivas adotadas pelo empregador.<\/p>\n<p style=\"text-align: justify;\">Apesar da nova regra, o empregador tem autonomia para optar em manter a funcion\u00e1ria no trabalho remoto com a remunera\u00e7\u00e3o integral.<\/p>\n<h2 style=\"text-align: justify;\">Liberdade para vacinar<\/h2>\n<p style=\"text-align: justify;\">A nova lei considera que a op\u00e7\u00e3o por n\u00e3o se vacinar \u00e9 uma \u201cexpress\u00e3o do direito fundamental da liberdade de autodetermina\u00e7\u00e3o individual\u201d. Segundo a medida, caso decida por n\u00e3o se imunizar, a gestante deve assinar um termo de responsabilidade e livre consentimento para o exerc\u00edcio do trabalho presencial.<\/p>\n<h2 style=\"text-align: justify;\">Gravidez de risco<\/h2>\n<p style=\"text-align: justify;\">Para os casos em que as atividades presenciais da trabalhadora n\u00e3o possam ser exercidas remotamente, ainda que se altere suas fun\u00e7\u00f5es, respeitadas suas compet\u00eancias e condi\u00e7\u00f5es pessoais, a situa\u00e7\u00e3o deve ser considerada como gravidez de risco at\u00e9 a gestante completar a imuniza\u00e7\u00e3o e poder retornar ao trabalho presencial.<\/p>\n<p style=\"text-align: justify;\">Durante esse per\u00edodo, ela deve receber o sal\u00e1rio-maternidade desde o in\u00edcio do afastamento at\u00e9 120 dias ap\u00f3s o parto ou, se a empresa fizer parte do programa Empresa Cidad\u00e3 de extens\u00e3o da licen\u00e7a, por 180 dias. Entretanto, n\u00e3o poder\u00e1 haver pagamento retroativo \u00e0 data de publica\u00e7\u00e3o da lei.<\/p>\n<h2 style=\"text-align: justify;\">Vetos<\/h2>\n<p style=\"text-align: justify;\">O presidente Jair Bolsonaro vetou o trecho que previa, no caso de retorno ap\u00f3s aborto espont\u00e2neo, o recebimento de sal\u00e1rio-maternidade nas duas semanas de afastamento garantidas pela Consolida\u00e7\u00e3o das Leis do Trabalho (CLT).<\/p>\n<p style=\"text-align: justify;\">Tamb\u00e9m foi vetada a previs\u00e3o de considerar gravidez de risco no caso de o trabalho ser incompat\u00edvel com sua realiza\u00e7\u00e3o em domic\u00edlio por meio de teletrabalho, trabalho remoto ou outra forma a dist\u00e2ncia. Nesse caso, o projeto previa a substitui\u00e7\u00e3o da remunera\u00e7\u00e3o pelo sal\u00e1rio-maternidade.<\/p>\n<p style=\"text-align: justify;\">Segundo Bolsonaro, a proposi\u00e7\u00e3o contraria o interesse p\u00fablico, ao instituir concess\u00e3o de benef\u00edcio previdenci\u00e1rio destinado \u00e0 situa\u00e7\u00e3o de maternidade de forma diversa ao previsto para o aux\u00edlio-materninade.<\/p>\n<p style=\"text-align: justify;\"><em>* Com informa\u00e7\u00f5es da Ag\u00eancia Senado<\/em><\/p>\n","protected":false},"excerpt":{"rendered":"<p>Lei prev\u00ea a volta ao regime presencial ap\u00f3s vacina\u00e7\u00e3o. As novas regras para o retorno de gestantes ao trabalho durante a pandemia j\u00e1 est\u00e3o em vigor.\u00a0Sancionada pelo presidente Jair Bolsonaro, a lei prev\u00ea a volta ao regime presencial ap\u00f3s vacina\u00e7\u00e3o. O afastamento do trabalho presencial s\u00f3 continua mantido para a mulher que ainda n\u00e3o tenha [&hellip;]<\/p>\n","protected":false},"author":2,"featured_media":25824,"comment_status":"open","ping_status":"open","sticky":false,"template":"","format":"standard","meta":{"footnotes":""},"categories":[57],"tags":[],"class_list":{"0":"post-25823","1":"post","2":"type-post","3":"status-publish","4":"format-standard","5":"has-post-thumbnail","7":"category-politica"},"yoast_head":"<!-- This site is optimized with the Yoast SEO Premium plugin v24.5 (Yoast SEO v27.5) - https:\/\/yoast.com\/product\/yoast-seo-premium-wordpress\/ -->\n<title>Entenda as novas regras para o retorno de gestantes ao trabalho. - P31<\/title>\n<meta name=\"robots\" content=\"index, follow, max-snippet:-1, max-image-preview:large, max-video-preview:-1\" \/>\n<link rel=\"canonical\" href=\"https:\/\/www.p31noticias.com.br\/?p=25823\" \/>\n<meta property=\"og:locale\" content=\"pt_BR\" \/>\n<meta property=\"og:type\" content=\"article\" \/>\n<meta property=\"og:title\" content=\"Entenda as novas regras para o retorno de gestantes ao trabalho.\" \/>\n<meta property=\"og:description\" content=\"Lei prev\u00ea a volta ao regime presencial ap\u00f3s vacina\u00e7\u00e3o. As novas regras para o retorno de gestantes ao trabalho durante a pandemia j\u00e1 est\u00e3o em vigor.\u00a0Sancionada pelo presidente Jair Bolsonaro, a lei prev\u00ea a volta ao regime presencial ap\u00f3s vacina\u00e7\u00e3o. O afastamento do trabalho presencial s\u00f3 continua mantido para a mulher que ainda n\u00e3o tenha [&hellip;]\" \/>\n<meta property=\"og:url\" content=\"https:\/\/www.p31noticias.com.br\/?p=25823\" \/>\n<meta property=\"og:site_name\" content=\"P31\" \/>\n<meta property=\"article:published_time\" content=\"2022-03-13T13:10:07+00:00\" \/>\n<meta property=\"article:modified_time\" content=\"2022-03-13T13:12:16+00:00\" \/>\n<meta property=\"og:image\" content=\"https:\/\/www.p31noticias.com.br\/wp-content\/uploads\/2022\/03\/2021-06-07t171343z_94187012_rc2kvn9jf4q9_rtrmadp_3_health-coronavirus-brazil-1.jpg\" \/>\n\t<meta property=\"og:image:width\" content=\"1170\" \/>\n\t<meta property=\"og:image:height\" content=\"700\" \/>\n\t<meta property=\"og:image:type\" content=\"image\/jpeg\" \/>\n<meta name=\"author\" content=\"Gon\u00e7alves Junior\" \/>\n<meta name=\"twitter:card\" content=\"summary_large_image\" \/>\n<meta name=\"twitter:label1\" content=\"Escrito por\" \/>\n\t<meta name=\"twitter:data1\" content=\"Gon\u00e7alves Junior\" \/>\n\t<meta name=\"twitter:label2\" content=\"Est. tempo de leitura\" \/>\n\t<meta name=\"twitter:data2\" content=\"2 minutos\" \/>\n<script type=\"application\/ld+json\" class=\"yoast-schema-graph\">{\"@context\":\"https:\\\/\\\/schema.org\",\"@graph\":[{\"@type\":\"Article\",\"@id\":\"https:\\\/\\\/www.p31noticias.com.br\\\/?p=25823#article\",\"isPartOf\":{\"@id\":\"https:\\\/\\\/www.p31noticias.com.br\\\/?p=25823\"},\"author\":{\"name\":\"Gon\u00e7alves Junior\",\"@id\":\"https:\\\/\\\/www.p31noticias.com.br\\\/#\\\/schema\\\/person\\\/95f2ece30e3b4132065b915150cd0f94\"},\"headline\":\"Entenda as novas regras para o retorno de gestantes ao trabalho.\",\"datePublished\":\"2022-03-13T13:10:07+00:00\",\"dateModified\":\"2022-03-13T13:12:16+00:00\",\"mainEntityOfPage\":{\"@id\":\"https:\\\/\\\/www.p31noticias.com.br\\\/?p=25823\"},\"wordCount\":483,\"commentCount\":0,\"image\":{\"@id\":\"https:\\\/\\\/www.p31noticias.com.br\\\/?p=25823#primaryimage\"},\"thumbnailUrl\":\"https:\\\/\\\/www.p31noticias.com.br\\\/wp-content\\\/uploads\\\/2022\\\/03\\\/2021-06-07t171343z_94187012_rc2kvn9jf4q9_rtrmadp_3_health-coronavirus-brazil-1.jpg\",\"articleSection\":[\"Pol\u00edtica\"],\"inLanguage\":\"pt-BR\",\"potentialAction\":[{\"@type\":\"CommentAction\",\"name\":\"Comment\",\"target\":[\"https:\\\/\\\/www.p31noticias.com.br\\\/?p=25823#respond\"]}],\"copyrightYear\":\"2022\",\"copyrightHolder\":{\"@id\":\"https:\\\/\\\/www.p31noticias.com.br\\\/#organization\"}},{\"@type\":\"WebPage\",\"@id\":\"https:\\\/\\\/www.p31noticias.com.br\\\/?p=25823\",\"url\":\"https:\\\/\\\/www.p31noticias.com.br\\\/?p=25823\",\"name\":\"Entenda as novas regras para o retorno de gestantes ao trabalho. - P31\",\"isPartOf\":{\"@id\":\"https:\\\/\\\/www.p31noticias.com.br\\\/#website\"},\"primaryImageOfPage\":{\"@id\":\"https:\\\/\\\/www.p31noticias.com.br\\\/?p=25823#primaryimage\"},\"image\":{\"@id\":\"https:\\\/\\\/www.p31noticias.com.br\\\/?p=25823#primaryimage\"},\"thumbnailUrl\":\"https:\\\/\\\/www.p31noticias.com.br\\\/wp-content\\\/uploads\\\/2022\\\/03\\\/2021-06-07t171343z_94187012_rc2kvn9jf4q9_rtrmadp_3_health-coronavirus-brazil-1.jpg\",\"datePublished\":\"2022-03-13T13:10:07+00:00\",\"dateModified\":\"2022-03-13T13:12:16+00:00\",\"author\":{\"@id\":\"https:\\\/\\\/www.p31noticias.com.br\\\/#\\\/schema\\\/person\\\/95f2ece30e3b4132065b915150cd0f94\"},\"breadcrumb\":{\"@id\":\"https:\\\/\\\/www.p31noticias.com.br\\\/?p=25823#breadcrumb\"},\"inLanguage\":\"pt-BR\",\"potentialAction\":[{\"@type\":\"ReadAction\",\"target\":[\"https:\\\/\\\/www.p31noticias.com.br\\\/?p=25823\"]}]},{\"@type\":\"ImageObject\",\"inLanguage\":\"pt-BR\",\"@id\":\"https:\\\/\\\/www.p31noticias.com.br\\\/?p=25823#primaryimage\",\"url\":\"https:\\\/\\\/www.p31noticias.com.br\\\/wp-content\\\/uploads\\\/2022\\\/03\\\/2021-06-07t171343z_94187012_rc2kvn9jf4q9_rtrmadp_3_health-coronavirus-brazil-1.jpg\",\"contentUrl\":\"https:\\\/\\\/www.p31noticias.com.br\\\/wp-content\\\/uploads\\\/2022\\\/03\\\/2021-06-07t171343z_94187012_rc2kvn9jf4q9_rtrmadp_3_health-coronavirus-brazil-1.jpg\",\"width\":1170,\"height\":700},{\"@type\":\"BreadcrumbList\",\"@id\":\"https:\\\/\\\/www.p31noticias.com.br\\\/?p=25823#breadcrumb\",\"itemListElement\":[{\"@type\":\"ListItem\",\"position\":1,\"name\":\"In\u00edcio\",\"item\":\"https:\\\/\\\/www.p31noticias.com.br\\\/\"},{\"@type\":\"ListItem\",\"position\":2,\"name\":\"Entenda as novas regras para o retorno de gestantes ao trabalho.\"}]},{\"@type\":\"WebSite\",\"@id\":\"https:\\\/\\\/www.p31noticias.com.br\\\/#website\",\"url\":\"https:\\\/\\\/www.p31noticias.com.br\\\/\",\"name\":\"P31\",\"description\":\"NOT\u00cdCIAS\",\"potentialAction\":[{\"@type\":\"SearchAction\",\"target\":{\"@type\":\"EntryPoint\",\"urlTemplate\":\"https:\\\/\\\/www.p31noticias.com.br\\\/?s={search_term_string}\"},\"query-input\":{\"@type\":\"PropertyValueSpecification\",\"valueRequired\":true,\"valueName\":\"search_term_string\"}}],\"inLanguage\":\"pt-BR\"},{\"@type\":\"Person\",\"@id\":\"https:\\\/\\\/www.p31noticias.com.br\\\/#\\\/schema\\\/person\\\/95f2ece30e3b4132065b915150cd0f94\",\"name\":\"Gon\u00e7alves Junior\",\"image\":{\"@type\":\"ImageObject\",\"inLanguage\":\"pt-BR\",\"@id\":\"https:\\\/\\\/secure.gravatar.com\\\/avatar\\\/6711f350116a89762687a48d66f723c799e5438a5b7578508d4294cd7a5d0800?s=96&d=mm&r=g\",\"url\":\"https:\\\/\\\/secure.gravatar.com\\\/avatar\\\/6711f350116a89762687a48d66f723c799e5438a5b7578508d4294cd7a5d0800?s=96&d=mm&r=g\",\"contentUrl\":\"https:\\\/\\\/secure.gravatar.com\\\/avatar\\\/6711f350116a89762687a48d66f723c799e5438a5b7578508d4294cd7a5d0800?s=96&d=mm&r=g\",\"caption\":\"Gon\u00e7alves Junior\"},\"url\":\"https:\\\/\\\/www.p31noticias.com.br\\\/?author=2\"}]}<\/script>\n<!-- \/ Yoast SEO Premium plugin. -->","yoast_head_json":{"title":"Entenda as novas regras para o retorno de gestantes ao trabalho. - P31","robots":{"index":"index","follow":"follow","max-snippet":"max-snippet:-1","max-image-preview":"max-image-preview:large","max-video-preview":"max-video-preview:-1"},"canonical":"https:\/\/www.p31noticias.com.br\/?p=25823","og_locale":"pt_BR","og_type":"article","og_title":"Entenda as novas regras para o retorno de gestantes ao trabalho.","og_description":"Lei prev\u00ea a volta ao regime presencial ap\u00f3s vacina\u00e7\u00e3o. As novas regras para o retorno de gestantes ao trabalho durante a pandemia j\u00e1 est\u00e3o em vigor.\u00a0Sancionada pelo presidente Jair Bolsonaro, a lei prev\u00ea a volta ao regime presencial ap\u00f3s vacina\u00e7\u00e3o. O afastamento do trabalho presencial s\u00f3 continua mantido para a mulher que ainda n\u00e3o tenha [&hellip;]","og_url":"https:\/\/www.p31noticias.com.br\/?p=25823","og_site_name":"P31","article_published_time":"2022-03-13T13:10:07+00:00","article_modified_time":"2022-03-13T13:12:16+00:00","og_image":[{"width":1170,"height":700,"url":"https:\/\/www.p31noticias.com.br\/wp-content\/uploads\/2022\/03\/2021-06-07t171343z_94187012_rc2kvn9jf4q9_rtrmadp_3_health-coronavirus-brazil-1.jpg","type":"image\/jpeg"}],"author":"Gon\u00e7alves Junior","twitter_card":"summary_large_image","twitter_misc":{"Escrito por":"Gon\u00e7alves Junior","Est. tempo de leitura":"2 minutos"},"schema":{"@context":"https:\/\/schema.org","@graph":[{"@type":"Article","@id":"https:\/\/www.p31noticias.com.br\/?p=25823#article","isPartOf":{"@id":"https:\/\/www.p31noticias.com.br\/?p=25823"},"author":{"name":"Gon\u00e7alves Junior","@id":"https:\/\/www.p31noticias.com.br\/#\/schema\/person\/95f2ece30e3b4132065b915150cd0f94"},"headline":"Entenda as novas regras para o retorno de gestantes ao trabalho.","datePublished":"2022-03-13T13:10:07+00:00","dateModified":"2022-03-13T13:12:16+00:00","mainEntityOfPage":{"@id":"https:\/\/www.p31noticias.com.br\/?p=25823"},"wordCount":483,"commentCount":0,"image":{"@id":"https:\/\/www.p31noticias.com.br\/?p=25823#primaryimage"},"thumbnailUrl":"https:\/\/www.p31noticias.com.br\/wp-content\/uploads\/2022\/03\/2021-06-07t171343z_94187012_rc2kvn9jf4q9_rtrmadp_3_health-coronavirus-brazil-1.jpg","articleSection":["Pol\u00edtica"],"inLanguage":"pt-BR","potentialAction":[{"@type":"CommentAction","name":"Comment","target":["https:\/\/www.p31noticias.com.br\/?p=25823#respond"]}],"copyrightYear":"2022","copyrightHolder":{"@id":"https:\/\/www.p31noticias.com.br\/#organization"}},{"@type":"WebPage","@id":"https:\/\/www.p31noticias.com.br\/?p=25823","url":"https:\/\/www.p31noticias.com.br\/?p=25823","name":"Entenda as novas regras para o retorno de gestantes ao trabalho. - P31","isPartOf":{"@id":"https:\/\/www.p31noticias.com.br\/#website"},"primaryImageOfPage":{"@id":"https:\/\/www.p31noticias.com.br\/?p=25823#primaryimage"},"image":{"@id":"https:\/\/www.p31noticias.com.br\/?p=25823#primaryimage"},"thumbnailUrl":"https:\/\/www.p31noticias.com.br\/wp-content\/uploads\/2022\/03\/2021-06-07t171343z_94187012_rc2kvn9jf4q9_rtrmadp_3_health-coronavirus-brazil-1.jpg","datePublished":"2022-03-13T13:10:07+00:00","dateModified":"2022-03-13T13:12:16+00:00","author":{"@id":"https:\/\/www.p31noticias.com.br\/#\/schema\/person\/95f2ece30e3b4132065b915150cd0f94"},"breadcrumb":{"@id":"https:\/\/www.p31noticias.com.br\/?p=25823#breadcrumb"},"inLanguage":"pt-BR","potentialAction":[{"@type":"ReadAction","target":["https:\/\/www.p31noticias.com.br\/?p=25823"]}]},{"@type":"ImageObject","inLanguage":"pt-BR","@id":"https:\/\/www.p31noticias.com.br\/?p=25823#primaryimage","url":"https:\/\/www.p31noticias.com.br\/wp-content\/uploads\/2022\/03\/2021-06-07t171343z_94187012_rc2kvn9jf4q9_rtrmadp_3_health-coronavirus-brazil-1.jpg","contentUrl":"https:\/\/www.p31noticias.com.br\/wp-content\/uploads\/2022\/03\/2021-06-07t171343z_94187012_rc2kvn9jf4q9_rtrmadp_3_health-coronavirus-brazil-1.jpg","width":1170,"height":700},{"@type":"BreadcrumbList","@id":"https:\/\/www.p31noticias.com.br\/?p=25823#breadcrumb","itemListElement":[{"@type":"ListItem","position":1,"name":"In\u00edcio","item":"https:\/\/www.p31noticias.com.br\/"},{"@type":"ListItem","position":2,"name":"Entenda as novas regras para o retorno de gestantes ao trabalho."}]},{"@type":"WebSite","@id":"https:\/\/www.p31noticias.com.br\/#website","url":"https:\/\/www.p31noticias.com.br\/","name":"P31","description":"NOT\u00cdCIAS","potentialAction":[{"@type":"SearchAction","target":{"@type":"EntryPoint","urlTemplate":"https:\/\/www.p31noticias.com.br\/?s={search_term_string}"},"query-input":{"@type":"PropertyValueSpecification","valueRequired":true,"valueName":"search_term_string"}}],"inLanguage":"pt-BR"},{"@type":"Person","@id":"https:\/\/www.p31noticias.com.br\/#\/schema\/person\/95f2ece30e3b4132065b915150cd0f94","name":"Gon\u00e7alves Junior","image":{"@type":"ImageObject","inLanguage":"pt-BR","@id":"https:\/\/secure.gravatar.com\/avatar\/6711f350116a89762687a48d66f723c799e5438a5b7578508d4294cd7a5d0800?s=96&d=mm&r=g","url":"https:\/\/secure.gravatar.com\/avatar\/6711f350116a89762687a48d66f723c799e5438a5b7578508d4294cd7a5d0800?s=96&d=mm&r=g","contentUrl":"https:\/\/secure.gravatar.com\/avatar\/6711f350116a89762687a48d66f723c799e5438a5b7578508d4294cd7a5d0800?s=96&d=mm&r=g","caption":"Gon\u00e7alves Junior"},"url":"https:\/\/www.p31noticias.com.br\/?author=2"}]}},"amp_enabled":true,"_links":{"self":[{"href":"https:\/\/www.p31noticias.com.br\/index.php?rest_route=\/wp\/v2\/posts\/25823","targetHints":{"allow":["GET"]}}],"collection":[{"href":"https:\/\/www.p31noticias.com.br\/index.php?rest_route=\/wp\/v2\/posts"}],"about":[{"href":"https:\/\/www.p31noticias.com.br\/index.php?rest_route=\/wp\/v2\/types\/post"}],"author":[{"embeddable":true,"href":"https:\/\/www.p31noticias.com.br\/index.php?rest_route=\/wp\/v2\/users\/2"}],"replies":[{"embeddable":true,"href":"https:\/\/www.p31noticias.com.br\/index.php?rest_route=%2Fwp%2Fv2%2Fcomments&post=25823"}],"version-history":[{"count":2,"href":"https:\/\/www.p31noticias.com.br\/index.php?rest_route=\/wp\/v2\/posts\/25823\/revisions"}],"predecessor-version":[{"id":25826,"href":"https:\/\/www.p31noticias.com.br\/index.php?rest_route=\/wp\/v2\/posts\/25823\/revisions\/25826"}],"wp:featuredmedia":[{"embeddable":true,"href":"https:\/\/www.p31noticias.com.br\/index.php?rest_route=\/wp\/v2\/media\/25824"}],"wp:attachment":[{"href":"https:\/\/www.p31noticias.com.br\/index.php?rest_route=%2Fwp%2Fv2%2Fmedia&parent=25823"}],"wp:term":[{"taxonomy":"category","embeddable":true,"href":"https:\/\/www.p31noticias.com.br\/index.php?rest_route=%2Fwp%2Fv2%2Fcategories&post=25823"},{"taxonomy":"post_tag","embeddable":true,"href":"https:\/\/www.p31noticias.com.br\/index.php?rest_route=%2Fwp%2Fv2%2Ftags&post=25823"}],"curies":[{"name":"wp","href":"https:\/\/api.w.org\/{rel}","templated":true}]}}