{"id":25812,"date":"2022-02-26T20:44:00","date_gmt":"2022-02-26T23:44:00","guid":{"rendered":"https:\/\/p31noticias.com.br\/?p=25812"},"modified":"2022-02-26T20:45:14","modified_gmt":"2022-02-26T23:45:14","slug":"forca-tarefa-do-gdf-fiscaliza-cumprimento-de-protocolos-no-carnaval","status":"publish","type":"post","link":"https:\/\/www.p31noticias.com.br\/?p=25812","title":{"rendered":"For\u00e7a-tarefa do GDF fiscaliza cumprimento de protocolos no Carnaval."},"content":{"rendered":"<p style=\"text-align: justify;\"><em><strong>GDF teve apoio do Minist\u00e9rio P\u00fablico local nas a\u00e7\u00f5es fiscais de rua. Estabelecimentos foram autuados por descumprimento de regras e aglomera\u00e7\u00e3o.<\/strong><\/em><\/p>\n<blockquote class=\"olho esquerda\"><p><span class=\"olho__texto h2 clearfix\">\u201cJ\u00e1 no primeiro dia de atua\u00e7\u00e3o da for\u00e7a-tarefa, vamos verificar de forma mais robusta se a popula\u00e7\u00e3o do Distrito Federal est\u00e1 colaborando e observando as restri\u00e7\u00f5es previstas no decreto. O objetivo \u00e9 evitar o \u00edndice de contamina\u00e7\u00e3o pela covid-19. \u00c9 preciso que todos tenham consci\u00eancia de que n\u00e3o devemos nos aglomerar para n\u00e3o propiciar a pr\u00f3pria contamina\u00e7\u00e3o e de outras pessoas\u201d, frisou o secret\u00e1rio de Seguran\u00e7a P\u00fablica, J\u00falio Danilo<\/span><\/p><\/blockquote>\n<p style=\"text-align: justify;\">Um bar localizado no Setor de Armazenamento e Abastecimento Norte (SAAN) foi interditado por 24 horas e multado em R$ 4 mil no primeiro dia de fiscaliza\u00e7\u00e3o da for\u00e7a-tarefa montada pelo Governo do Distrito Federal (GDF) com apoio do Minist\u00e9rio P\u00fablico do Distrito Federal e Territ\u00f3rios (MPDFT). A a\u00e7\u00e3o foi organizada para garantir as medidas restritivas estabelecidas pelo Decreto n\u00ba42.898, que pro\u00edbe a realiza\u00e7\u00e3o de festas e eventos carnavalescos. A opera\u00e7\u00e3o iniciou \u00e0s 18h com previs\u00e3o de seguir at\u00e9 as 2h da madrugada.<\/p>\n<p style=\"text-align: justify;\">De acordo com os auditores da Secretaria de Prote\u00e7\u00e3o da Ordem Urban\u00edstica do Distrito Federal (DF Legal), embora n\u00e3o houvesse show no local, existiam pessoas al\u00e9m da capacidade, o que configurava aglomera\u00e7\u00e3o. O p\u00fablico do estabelecimento era, em sua maioria, de jovens.<\/p>\n<p style=\"text-align: justify;\">Neste primeiro dia de fiscaliza\u00e7\u00e3o, a for\u00e7a-tarefa teve a participa\u00e7\u00e3o dos secret\u00e1rios de Seguran\u00e7a P\u00fablica, J\u00falio Danilo, e da DF Legal, Cristiano Mangueira; do comandante da Pol\u00edcia Militar do DF, M\u00e1rcio Vasconcelos, e do procurador do Minist\u00e9rio P\u00fablico do Distrito Federal, Jos\u00e9 Eduardo Sabo, al\u00e9m de fiscais, policiais militares, servidores da Vigil\u00e2ncia Sanit\u00e1ria e militares do Corpo de Bombeiros.<\/p>\n<figure id=\"attachment_381467\" class=\"wp-caption aligncenter\" aria-describedby=\"caption-attachment-381467\"><img loading=\"lazy\" decoding=\"async\" class=\"wp-image-381467 size-full\" src=\"http:\/\/agenciabrasilia.df.gov.br\/wp-conteudo\/uploads\/2022\/02\/WhatsApp-Image-2022-02-25-at-22.26.42.jpeg\" sizes=\"auto, (max-width: 1280px) 100vw, 1280px\" srcset=\"https:\/\/www.agenciabrasilia.df.gov.br\/wp-conteudo\/uploads\/2022\/02\/WhatsApp-Image-2022-02-25-at-22.26.42.jpeg 1280w, https:\/\/www.agenciabrasilia.df.gov.br\/wp-conteudo\/uploads\/2022\/02\/WhatsApp-Image-2022-02-25-at-22.26.42-300x199.jpeg 300w, https:\/\/www.agenciabrasilia.df.gov.br\/wp-conteudo\/uploads\/2022\/02\/WhatsApp-Image-2022-02-25-at-22.26.42-768x511.jpeg 768w, https:\/\/www.agenciabrasilia.df.gov.br\/wp-conteudo\/uploads\/2022\/02\/WhatsApp-Image-2022-02-25-at-22.26.42-1024x681.jpeg 1024w\" alt=\"\" width=\"1280\" height=\"851\" \/><figcaption id=\"caption-attachment-381467\" class=\"wp-caption-text\">Com um p\u00fablico predominantemente de jovens, o bar interditado por 24 horas pela for\u00e7a-tarefa do GDF, com apoio do MPDFT, estava com lota\u00e7\u00e3o acima da capacidade, configurando aglomera\u00e7\u00e3o | Fotos: Renato Ara\u00fajo \/ Ag\u00eancia Bras\u00edlia<\/figcaption><\/figure>\n<p style=\"text-align: justify;\">Coordenador da opera\u00e7\u00e3o, J\u00falio Danilo destacou a import\u00e2ncia da a\u00e7\u00e3o integrada entre os diversos \u00f3rg\u00e3os do GDF. \u201cVamos verificar de forma mais robusta se a popula\u00e7\u00e3o do Distrito Federal est\u00e1 colaborando e observando as restri\u00e7\u00f5es previstas no decreto. O objetivo \u00e9 evitar o \u00edndice de contamina\u00e7\u00e3o pela covid-19. \u00c9 preciso que todos tenham consci\u00eancia de que n\u00e3o devemos nos aglomerar para n\u00e3o propiciar a pr\u00f3pria contamina\u00e7\u00e3o e de outras pessoas\u201d, frisou o secret\u00e1rio.<\/p>\n<blockquote class=\"olho esquerda\"><p><span class=\"olho__texto h2 clearfix\">\u201cA preocupa\u00e7\u00e3o do Minist\u00e9rio P\u00fablico \u00e9 fazer com que haja uma conscientiza\u00e7\u00e3o da sociedade acerca do atual momento que se vive\u201d, concluiu o coordenador da for\u00e7a-tarefa do MPDFT, procurador Jos\u00e9 Eduardo Sabo<\/span><\/p><\/blockquote>\n<p style=\"text-align: justify;\">Antes de chegar ao estabelecimento que sofreu interdi\u00e7\u00e3o, a for\u00e7a-tarefa passou por tr\u00eas outros locais, no Sudoeste e no Setor Gr\u00e1fico. Em um deles, o Quintal da Tia Sandra, o DF Legal detectou uma irregularidade, que era a invas\u00e3o de \u00e1rea p\u00fablica. Os respons\u00e1veis pelo local foram obrigados a retirar a grade que ocupava a cal\u00e7ada.<\/p>\n<p style=\"text-align: justify;\">O comandante da Pol\u00edcia Militar disse que a opera\u00e7\u00e3o foi montada tendo como foco o cuidado com a popula\u00e7\u00e3o. \u201cEsta a\u00e7\u00e3o est\u00e1 acontecendo simultaneamente nos seis comandos da Pol\u00edcia Militar com a mesma integra\u00e7\u00e3o dos \u00f3rg\u00e3os envolvidos. Balizada no decreto e com acompanhamento do Minist\u00e9rio P\u00fablico vamos, em primeiro lugar, orientar e conscientizar a popula\u00e7\u00e3o, assim como os comerciantes. A Pol\u00edcia Militar fez um monitoramento pr\u00e9vio de \u00e1reas que, de alguma forma, comunicaram que iam fazer algum tipo de evento\u201d, disse o coronel Vasconcelos.<\/p>\n<p style=\"text-align: justify;\">O procurador Jos\u00e9 Eduardo Sabo, coordenador da for\u00e7a-tarefa do Minist\u00e9rio P\u00fablico do Distrito Federal e Territ\u00f3rios para cumprimento das medidas protetivas contra a covid-19, enfatizou a integra\u00e7\u00e3o dos \u00f3rg\u00e3os de governo com o Minist\u00e9rio P\u00fablico que, segundo ele, t\u00eam a responsabilidade de acompanhar, pela Procuradoria do Cidad\u00e3o, as condi\u00e7\u00f5es n\u00e3o s\u00f3 da realiza\u00e7\u00e3o de eventos, mas tamb\u00e9m de sa\u00fade p\u00fablica e coletiva. \u201cA preocupa\u00e7\u00e3o do Minist\u00e9rio P\u00fablico \u00e9 fazer com que haja uma conscientiza\u00e7\u00e3o da sociedade acerca do atual momento que se vive\u201d, concluiu.<\/p>\n<p><img decoding=\"async\" src=\"https:\/\/uploads.metropoles.com\/wp-content\/uploads\/2022\/02\/26083737\/Festa-clandestina-2-1-600x400.jpeg\" alt=\"Carnaval no DF: 17 estabelecimentos j\u00e1 foram interditados s\u00f3 nessa 6\u00aa\" \/><\/p>\n<p class=\"by\"><strong>Catarina Lima, da Ag\u00eancia Bras\u00edlia | Edi\u00e7\u00e3o: Saulo Moreno<\/strong><\/p>\n","protected":false},"excerpt":{"rendered":"<p>GDF teve apoio do Minist\u00e9rio P\u00fablico local nas a\u00e7\u00f5es fiscais de rua. Estabelecimentos foram autuados por descumprimento de regras e aglomera\u00e7\u00e3o. \u201cJ\u00e1 no primeiro dia de atua\u00e7\u00e3o da for\u00e7a-tarefa, vamos verificar de forma mais robusta se a popula\u00e7\u00e3o do Distrito Federal est\u00e1 colaborando e observando as restri\u00e7\u00f5es previstas no decreto. O objetivo \u00e9 evitar o [&hellip;]<\/p>\n","protected":false},"author":2,"featured_media":25813,"comment_status":"open","ping_status":"open","sticky":false,"template":"","format":"standard","meta":{"footnotes":""},"categories":[1],"tags":[],"class_list":{"0":"post-25812","1":"post","2":"type-post","3":"status-publish","4":"format-standard","5":"has-post-thumbnail","7":"category-outros"},"yoast_head":"<!-- This site is optimized with the Yoast SEO Premium plugin v24.5 (Yoast SEO v27.5) - https:\/\/yoast.com\/product\/yoast-seo-premium-wordpress\/ -->\n<title>For\u00e7a-tarefa do GDF fiscaliza cumprimento de protocolos no Carnaval. - P31<\/title>\n<meta name=\"robots\" content=\"index, follow, max-snippet:-1, max-image-preview:large, max-video-preview:-1\" \/>\n<link rel=\"canonical\" href=\"https:\/\/www.p31noticias.com.br\/?p=25812\" \/>\n<meta property=\"og:locale\" content=\"pt_BR\" \/>\n<meta property=\"og:type\" content=\"article\" \/>\n<meta property=\"og:title\" content=\"For\u00e7a-tarefa do GDF fiscaliza cumprimento de protocolos no Carnaval.\" \/>\n<meta property=\"og:description\" content=\"GDF teve apoio do Minist\u00e9rio P\u00fablico local nas a\u00e7\u00f5es fiscais de rua. Estabelecimentos foram autuados por descumprimento de regras e aglomera\u00e7\u00e3o. \u201cJ\u00e1 no primeiro dia de atua\u00e7\u00e3o da for\u00e7a-tarefa, vamos verificar de forma mais robusta se a popula\u00e7\u00e3o do Distrito Federal est\u00e1 colaborando e observando as restri\u00e7\u00f5es previstas no decreto. O objetivo \u00e9 evitar o [&hellip;]\" \/>\n<meta property=\"og:url\" content=\"https:\/\/www.p31noticias.com.br\/?p=25812\" \/>\n<meta property=\"og:site_name\" content=\"P31\" \/>\n<meta property=\"article:published_time\" content=\"2022-02-26T23:44:00+00:00\" \/>\n<meta property=\"article:modified_time\" content=\"2022-02-26T23:45:14+00:00\" \/>\n<meta property=\"og:image\" content=\"https:\/\/www.p31noticias.com.br\/wp-content\/uploads\/2022\/02\/WhatsApp-Image-2022-02-25-at-22.26.42-1024x681-1.jpeg\" \/>\n\t<meta property=\"og:image:width\" content=\"1024\" \/>\n\t<meta property=\"og:image:height\" content=\"681\" \/>\n\t<meta property=\"og:image:type\" content=\"image\/jpeg\" \/>\n<meta name=\"author\" content=\"Gon\u00e7alves Junior\" \/>\n<meta name=\"twitter:card\" content=\"summary_large_image\" \/>\n<meta name=\"twitter:label1\" content=\"Escrito por\" \/>\n\t<meta name=\"twitter:data1\" content=\"Gon\u00e7alves Junior\" \/>\n\t<meta name=\"twitter:label2\" content=\"Est. tempo de leitura\" \/>\n\t<meta name=\"twitter:data2\" content=\"4 minutos\" \/>\n<script type=\"application\/ld+json\" class=\"yoast-schema-graph\">{\"@context\":\"https:\\\/\\\/schema.org\",\"@graph\":[{\"@type\":\"Article\",\"@id\":\"https:\\\/\\\/www.p31noticias.com.br\\\/?p=25812#article\",\"isPartOf\":{\"@id\":\"https:\\\/\\\/www.p31noticias.com.br\\\/?p=25812\"},\"author\":{\"name\":\"Gon\u00e7alves Junior\",\"@id\":\"https:\\\/\\\/www.p31noticias.com.br\\\/#\\\/schema\\\/person\\\/95f2ece30e3b4132065b915150cd0f94\"},\"headline\":\"For\u00e7a-tarefa do GDF fiscaliza cumprimento de protocolos no Carnaval.\",\"datePublished\":\"2022-02-26T23:44:00+00:00\",\"dateModified\":\"2022-02-26T23:45:14+00:00\",\"mainEntityOfPage\":{\"@id\":\"https:\\\/\\\/www.p31noticias.com.br\\\/?p=25812\"},\"wordCount\":762,\"commentCount\":0,\"image\":{\"@id\":\"https:\\\/\\\/www.p31noticias.com.br\\\/?p=25812#primaryimage\"},\"thumbnailUrl\":\"https:\\\/\\\/www.p31noticias.com.br\\\/wp-content\\\/uploads\\\/2022\\\/02\\\/WhatsApp-Image-2022-02-25-at-22.26.42-1024x681-1.jpeg\",\"articleSection\":[\"Outros\"],\"inLanguage\":\"pt-BR\",\"potentialAction\":[{\"@type\":\"CommentAction\",\"name\":\"Comment\",\"target\":[\"https:\\\/\\\/www.p31noticias.com.br\\\/?p=25812#respond\"]}],\"copyrightYear\":\"2022\",\"copyrightHolder\":{\"@id\":\"https:\\\/\\\/www.p31noticias.com.br\\\/#organization\"}},{\"@type\":\"WebPage\",\"@id\":\"https:\\\/\\\/www.p31noticias.com.br\\\/?p=25812\",\"url\":\"https:\\\/\\\/www.p31noticias.com.br\\\/?p=25812\",\"name\":\"For\u00e7a-tarefa do GDF fiscaliza cumprimento de protocolos no Carnaval. - P31\",\"isPartOf\":{\"@id\":\"https:\\\/\\\/www.p31noticias.com.br\\\/#website\"},\"primaryImageOfPage\":{\"@id\":\"https:\\\/\\\/www.p31noticias.com.br\\\/?p=25812#primaryimage\"},\"image\":{\"@id\":\"https:\\\/\\\/www.p31noticias.com.br\\\/?p=25812#primaryimage\"},\"thumbnailUrl\":\"https:\\\/\\\/www.p31noticias.com.br\\\/wp-content\\\/uploads\\\/2022\\\/02\\\/WhatsApp-Image-2022-02-25-at-22.26.42-1024x681-1.jpeg\",\"datePublished\":\"2022-02-26T23:44:00+00:00\",\"dateModified\":\"2022-02-26T23:45:14+00:00\",\"author\":{\"@id\":\"https:\\\/\\\/www.p31noticias.com.br\\\/#\\\/schema\\\/person\\\/95f2ece30e3b4132065b915150cd0f94\"},\"breadcrumb\":{\"@id\":\"https:\\\/\\\/www.p31noticias.com.br\\\/?p=25812#breadcrumb\"},\"inLanguage\":\"pt-BR\",\"potentialAction\":[{\"@type\":\"ReadAction\",\"target\":[\"https:\\\/\\\/www.p31noticias.com.br\\\/?p=25812\"]}]},{\"@type\":\"ImageObject\",\"inLanguage\":\"pt-BR\",\"@id\":\"https:\\\/\\\/www.p31noticias.com.br\\\/?p=25812#primaryimage\",\"url\":\"https:\\\/\\\/www.p31noticias.com.br\\\/wp-content\\\/uploads\\\/2022\\\/02\\\/WhatsApp-Image-2022-02-25-at-22.26.42-1024x681-1.jpeg\",\"contentUrl\":\"https:\\\/\\\/www.p31noticias.com.br\\\/wp-content\\\/uploads\\\/2022\\\/02\\\/WhatsApp-Image-2022-02-25-at-22.26.42-1024x681-1.jpeg\",\"width\":1024,\"height\":681},{\"@type\":\"BreadcrumbList\",\"@id\":\"https:\\\/\\\/www.p31noticias.com.br\\\/?p=25812#breadcrumb\",\"itemListElement\":[{\"@type\":\"ListItem\",\"position\":1,\"name\":\"In\u00edcio\",\"item\":\"https:\\\/\\\/www.p31noticias.com.br\\\/\"},{\"@type\":\"ListItem\",\"position\":2,\"name\":\"For\u00e7a-tarefa do GDF fiscaliza cumprimento de protocolos no Carnaval.\"}]},{\"@type\":\"WebSite\",\"@id\":\"https:\\\/\\\/www.p31noticias.com.br\\\/#website\",\"url\":\"https:\\\/\\\/www.p31noticias.com.br\\\/\",\"name\":\"P31\",\"description\":\"NOT\u00cdCIAS\",\"potentialAction\":[{\"@type\":\"SearchAction\",\"target\":{\"@type\":\"EntryPoint\",\"urlTemplate\":\"https:\\\/\\\/www.p31noticias.com.br\\\/?s={search_term_string}\"},\"query-input\":{\"@type\":\"PropertyValueSpecification\",\"valueRequired\":true,\"valueName\":\"search_term_string\"}}],\"inLanguage\":\"pt-BR\"},{\"@type\":\"Person\",\"@id\":\"https:\\\/\\\/www.p31noticias.com.br\\\/#\\\/schema\\\/person\\\/95f2ece30e3b4132065b915150cd0f94\",\"name\":\"Gon\u00e7alves Junior\",\"image\":{\"@type\":\"ImageObject\",\"inLanguage\":\"pt-BR\",\"@id\":\"https:\\\/\\\/secure.gravatar.com\\\/avatar\\\/6711f350116a89762687a48d66f723c799e5438a5b7578508d4294cd7a5d0800?s=96&d=mm&r=g\",\"url\":\"https:\\\/\\\/secure.gravatar.com\\\/avatar\\\/6711f350116a89762687a48d66f723c799e5438a5b7578508d4294cd7a5d0800?s=96&d=mm&r=g\",\"contentUrl\":\"https:\\\/\\\/secure.gravatar.com\\\/avatar\\\/6711f350116a89762687a48d66f723c799e5438a5b7578508d4294cd7a5d0800?s=96&d=mm&r=g\",\"caption\":\"Gon\u00e7alves Junior\"},\"url\":\"https:\\\/\\\/www.p31noticias.com.br\\\/?author=2\"}]}<\/script>\n<!-- \/ Yoast SEO Premium plugin. -->","yoast_head_json":{"title":"For\u00e7a-tarefa do GDF fiscaliza cumprimento de protocolos no Carnaval. - P31","robots":{"index":"index","follow":"follow","max-snippet":"max-snippet:-1","max-image-preview":"max-image-preview:large","max-video-preview":"max-video-preview:-1"},"canonical":"https:\/\/www.p31noticias.com.br\/?p=25812","og_locale":"pt_BR","og_type":"article","og_title":"For\u00e7a-tarefa do GDF fiscaliza cumprimento de protocolos no Carnaval.","og_description":"GDF teve apoio do Minist\u00e9rio P\u00fablico local nas a\u00e7\u00f5es fiscais de rua. Estabelecimentos foram autuados por descumprimento de regras e aglomera\u00e7\u00e3o. \u201cJ\u00e1 no primeiro dia de atua\u00e7\u00e3o da for\u00e7a-tarefa, vamos verificar de forma mais robusta se a popula\u00e7\u00e3o do Distrito Federal est\u00e1 colaborando e observando as restri\u00e7\u00f5es previstas no decreto. O objetivo \u00e9 evitar o [&hellip;]","og_url":"https:\/\/www.p31noticias.com.br\/?p=25812","og_site_name":"P31","article_published_time":"2022-02-26T23:44:00+00:00","article_modified_time":"2022-02-26T23:45:14+00:00","og_image":[{"width":1024,"height":681,"url":"https:\/\/www.p31noticias.com.br\/wp-content\/uploads\/2022\/02\/WhatsApp-Image-2022-02-25-at-22.26.42-1024x681-1.jpeg","type":"image\/jpeg"}],"author":"Gon\u00e7alves Junior","twitter_card":"summary_large_image","twitter_misc":{"Escrito por":"Gon\u00e7alves Junior","Est. tempo de leitura":"4 minutos"},"schema":{"@context":"https:\/\/schema.org","@graph":[{"@type":"Article","@id":"https:\/\/www.p31noticias.com.br\/?p=25812#article","isPartOf":{"@id":"https:\/\/www.p31noticias.com.br\/?p=25812"},"author":{"name":"Gon\u00e7alves Junior","@id":"https:\/\/www.p31noticias.com.br\/#\/schema\/person\/95f2ece30e3b4132065b915150cd0f94"},"headline":"For\u00e7a-tarefa do GDF fiscaliza cumprimento de protocolos no Carnaval.","datePublished":"2022-02-26T23:44:00+00:00","dateModified":"2022-02-26T23:45:14+00:00","mainEntityOfPage":{"@id":"https:\/\/www.p31noticias.com.br\/?p=25812"},"wordCount":762,"commentCount":0,"image":{"@id":"https:\/\/www.p31noticias.com.br\/?p=25812#primaryimage"},"thumbnailUrl":"https:\/\/www.p31noticias.com.br\/wp-content\/uploads\/2022\/02\/WhatsApp-Image-2022-02-25-at-22.26.42-1024x681-1.jpeg","articleSection":["Outros"],"inLanguage":"pt-BR","potentialAction":[{"@type":"CommentAction","name":"Comment","target":["https:\/\/www.p31noticias.com.br\/?p=25812#respond"]}],"copyrightYear":"2022","copyrightHolder":{"@id":"https:\/\/www.p31noticias.com.br\/#organization"}},{"@type":"WebPage","@id":"https:\/\/www.p31noticias.com.br\/?p=25812","url":"https:\/\/www.p31noticias.com.br\/?p=25812","name":"For\u00e7a-tarefa do GDF fiscaliza cumprimento de protocolos no Carnaval. - P31","isPartOf":{"@id":"https:\/\/www.p31noticias.com.br\/#website"},"primaryImageOfPage":{"@id":"https:\/\/www.p31noticias.com.br\/?p=25812#primaryimage"},"image":{"@id":"https:\/\/www.p31noticias.com.br\/?p=25812#primaryimage"},"thumbnailUrl":"https:\/\/www.p31noticias.com.br\/wp-content\/uploads\/2022\/02\/WhatsApp-Image-2022-02-25-at-22.26.42-1024x681-1.jpeg","datePublished":"2022-02-26T23:44:00+00:00","dateModified":"2022-02-26T23:45:14+00:00","author":{"@id":"https:\/\/www.p31noticias.com.br\/#\/schema\/person\/95f2ece30e3b4132065b915150cd0f94"},"breadcrumb":{"@id":"https:\/\/www.p31noticias.com.br\/?p=25812#breadcrumb"},"inLanguage":"pt-BR","potentialAction":[{"@type":"ReadAction","target":["https:\/\/www.p31noticias.com.br\/?p=25812"]}]},{"@type":"ImageObject","inLanguage":"pt-BR","@id":"https:\/\/www.p31noticias.com.br\/?p=25812#primaryimage","url":"https:\/\/www.p31noticias.com.br\/wp-content\/uploads\/2022\/02\/WhatsApp-Image-2022-02-25-at-22.26.42-1024x681-1.jpeg","contentUrl":"https:\/\/www.p31noticias.com.br\/wp-content\/uploads\/2022\/02\/WhatsApp-Image-2022-02-25-at-22.26.42-1024x681-1.jpeg","width":1024,"height":681},{"@type":"BreadcrumbList","@id":"https:\/\/www.p31noticias.com.br\/?p=25812#breadcrumb","itemListElement":[{"@type":"ListItem","position":1,"name":"In\u00edcio","item":"https:\/\/www.p31noticias.com.br\/"},{"@type":"ListItem","position":2,"name":"For\u00e7a-tarefa do GDF fiscaliza cumprimento de protocolos no Carnaval."}]},{"@type":"WebSite","@id":"https:\/\/www.p31noticias.com.br\/#website","url":"https:\/\/www.p31noticias.com.br\/","name":"P31","description":"NOT\u00cdCIAS","potentialAction":[{"@type":"SearchAction","target":{"@type":"EntryPoint","urlTemplate":"https:\/\/www.p31noticias.com.br\/?s={search_term_string}"},"query-input":{"@type":"PropertyValueSpecification","valueRequired":true,"valueName":"search_term_string"}}],"inLanguage":"pt-BR"},{"@type":"Person","@id":"https:\/\/www.p31noticias.com.br\/#\/schema\/person\/95f2ece30e3b4132065b915150cd0f94","name":"Gon\u00e7alves Junior","image":{"@type":"ImageObject","inLanguage":"pt-BR","@id":"https:\/\/secure.gravatar.com\/avatar\/6711f350116a89762687a48d66f723c799e5438a5b7578508d4294cd7a5d0800?s=96&d=mm&r=g","url":"https:\/\/secure.gravatar.com\/avatar\/6711f350116a89762687a48d66f723c799e5438a5b7578508d4294cd7a5d0800?s=96&d=mm&r=g","contentUrl":"https:\/\/secure.gravatar.com\/avatar\/6711f350116a89762687a48d66f723c799e5438a5b7578508d4294cd7a5d0800?s=96&d=mm&r=g","caption":"Gon\u00e7alves Junior"},"url":"https:\/\/www.p31noticias.com.br\/?author=2"}]}},"amp_enabled":true,"_links":{"self":[{"href":"https:\/\/www.p31noticias.com.br\/index.php?rest_route=\/wp\/v2\/posts\/25812","targetHints":{"allow":["GET"]}}],"collection":[{"href":"https:\/\/www.p31noticias.com.br\/index.php?rest_route=\/wp\/v2\/posts"}],"about":[{"href":"https:\/\/www.p31noticias.com.br\/index.php?rest_route=\/wp\/v2\/types\/post"}],"author":[{"embeddable":true,"href":"https:\/\/www.p31noticias.com.br\/index.php?rest_route=\/wp\/v2\/users\/2"}],"replies":[{"embeddable":true,"href":"https:\/\/www.p31noticias.com.br\/index.php?rest_route=%2Fwp%2Fv2%2Fcomments&post=25812"}],"version-history":[{"count":1,"href":"https:\/\/www.p31noticias.com.br\/index.php?rest_route=\/wp\/v2\/posts\/25812\/revisions"}],"predecessor-version":[{"id":25814,"href":"https:\/\/www.p31noticias.com.br\/index.php?rest_route=\/wp\/v2\/posts\/25812\/revisions\/25814"}],"wp:featuredmedia":[{"embeddable":true,"href":"https:\/\/www.p31noticias.com.br\/index.php?rest_route=\/wp\/v2\/media\/25813"}],"wp:attachment":[{"href":"https:\/\/www.p31noticias.com.br\/index.php?rest_route=%2Fwp%2Fv2%2Fmedia&parent=25812"}],"wp:term":[{"taxonomy":"category","embeddable":true,"href":"https:\/\/www.p31noticias.com.br\/index.php?rest_route=%2Fwp%2Fv2%2Fcategories&post=25812"},{"taxonomy":"post_tag","embeddable":true,"href":"https:\/\/www.p31noticias.com.br\/index.php?rest_route=%2Fwp%2Fv2%2Ftags&post=25812"}],"curies":[{"name":"wp","href":"https:\/\/api.w.org\/{rel}","templated":true}]}}