{"id":25809,"date":"2022-02-26T20:41:08","date_gmt":"2022-02-26T23:41:08","guid":{"rendered":"https:\/\/p31noticias.com.br\/?p=25809"},"modified":"2022-02-26T20:41:08","modified_gmt":"2022-02-26T23:41:08","slug":"confira-o-que-abre-e-o-que-fecha-durante-o-feriadao","status":"publish","type":"post","link":"https:\/\/www.p31noticias.com.br\/?p=25809","title":{"rendered":"Confira o que abre e o que fecha durante o feriad\u00e3o."},"content":{"rendered":"<p style=\"text-align: justify;\"><em><strong>\u00d3rg\u00e3os do GDF estar\u00e3o fechados entre s\u00e1bado (26) e ter\u00e7a (1\u00ba\/3). A Ag\u00eancia Bras\u00edlia traz o detalhamento.<\/strong><\/em><\/p>\n<p style=\"text-align: justify;\">Apesar da suspens\u00e3o das festas p\u00fablicas e privadas de Carnaval \u2013 determinada pelo Governo do Distrito Federal (GDF) em decreto e refor\u00e7ada em coletiva de imprensa por representantes do Executivo \u2013 os pontos facultativos entre 26 de fevereiro e 2 de mar\u00e7o (este \u00faltimo at\u00e9 as 14h) foram mantidos no calend\u00e1rio oficial do DF. Com isso, diversos servi\u00e7os p\u00fablicos ter\u00e3o seus hor\u00e1rios de atendimento alterados.<\/p>\n<figure id=\"attachment_380744\" class=\"wp-caption aligncenter\" style=\"text-align: justify;\" aria-describedby=\"caption-attachment-380744\"><img loading=\"lazy\" decoding=\"async\" class=\"wp-image-380744 size-full\" src=\"http:\/\/www.agenciabrasilia.df.gov.br\/wp-conteudo\/uploads\/2022\/02\/WhatsApp-Image-2022-02-24-at-13.55.58.jpeg\" sizes=\"auto, (max-width: 1280px) 100vw, 1280px\" srcset=\"https:\/\/www.agenciabrasilia.df.gov.br\/wp-conteudo\/uploads\/2022\/02\/WhatsApp-Image-2022-02-24-at-13.55.58.jpeg 1280w, https:\/\/www.agenciabrasilia.df.gov.br\/wp-conteudo\/uploads\/2022\/02\/WhatsApp-Image-2022-02-24-at-13.55.58-300x199.jpeg 300w, https:\/\/www.agenciabrasilia.df.gov.br\/wp-conteudo\/uploads\/2022\/02\/WhatsApp-Image-2022-02-24-at-13.55.58-768x510.jpeg 768w, https:\/\/www.agenciabrasilia.df.gov.br\/wp-conteudo\/uploads\/2022\/02\/WhatsApp-Image-2022-02-24-at-13.55.58-1024x680.jpeg 1024w\" alt=\"\" width=\"1280\" height=\"850\" \/><figcaption id=\"caption-attachment-380744\" class=\"wp-caption-text\">O Museu de Arte de Bras\u00edlia abre s\u00e1bado, domingo e ter\u00e7a-feira, das 10h \u00e0s 19h. Na segunda, estar\u00e1 fechado | Foto: Joel Rodrigues\/Ag\u00eancia Bras\u00edlia<\/figcaption><\/figure>\n<p><strong>Confira o que abre e o que fecha neste feriad\u00e3o de Carnaval<\/strong><\/p>\n<p><strong>Metr\u00f4<\/strong><br \/>\nS\u00e1bado: 5h30 \u00e0s 23h<br \/>\nDomingo: fechado (manuten\u00e7\u00e3o preventiva)<br \/>\nSegunda: 5h30 \u00e0s 23h30<br \/>\nTer\u00e7a: 7h \u00e0s 19h<br \/>\nQuarta: 5h30 \u00e0s 23h30<\/p>\n<p><strong>\u00d4nibus<\/strong><br \/>\nS\u00e1bado: tabela de hor\u00e1rios do s\u00e1bado<br \/>\nDomingo: tabela de hor\u00e1rios de domingo, com refor\u00e7o nas linhas das regi\u00f5es atendidas pelo metr\u00f4<br \/>\nSegunda: tabela de dias \u00fateis<br \/>\nTer\u00e7a: quadro de hor\u00e1rios de domingos e feriados<br \/>\nQuarta: dia \u00fatil, com flexibiliza\u00e7\u00e3o do hor\u00e1rio de pico da manh\u00e3 para refor\u00e7o entre 11h e 13h<\/p>\n<p><strong>Parques<\/strong><\/p>\n<p><strong>Abertos todos os dias, das 6h \u00e0s 18h<\/strong><br \/>\nParque Recreativo do Gama<br \/>\nParque Ecol\u00f3gico do Parano\u00e1<br \/>\nParque Ecol\u00f3gico do Lago Norte<br \/>\nParque Ecol\u00f3gico do Riacho Fundo<br \/>\nParque Ecol\u00f3gico Areal<br \/>\nParque Ecol\u00f3gico do Anfiteatro Natural do Lago Sul<br \/>\nParque Ecol\u00f3gico Cortado<\/p>\n<p><strong>Abertos todos os dias, das 6h \u00e0s 20h<\/strong><br \/>\nMonumento Natural Dom Bosco<br \/>\nParque Ecol\u00f3gico Sucupira<br \/>\nParque Ecol\u00f3gico da Asa Sul<\/p>\n<p><strong>Aberto todos os dias, das 6h \u00e0s 22h<\/strong><br \/>\nParque Ecol\u00f3gico Ezechias Heringer<br \/>\nParque Ecol\u00f3gico Veredinha<br \/>\nParque Ecol\u00f3gico Pen\u00ednsula Sul<\/p>\n<p><strong>Parque Distrital das Copa\u00edbas<\/strong><br \/>\nAberto todos os dias, das 8h \u00e0s 18h<\/p>\n<p><strong>Parque Ecol\u00f3gico de \u00c1guas Claras<\/strong><br \/>\nAberto todos os dias, das 5h \u00e0s 22h<\/p>\n<p><strong>Parque Ecol\u00f3gico Tr\u00eas Meninas<\/strong><br \/>\nAberto todos os dias, das 7h \u00e0s 18h<\/p>\n<p><strong>Parque Ecol\u00f3gico Olhos d\u2019\u00c1gua<\/strong><br \/>\nAberto todos os dias. Port\u00e3o principal: 5h30 \u2013 20h; port\u00f5es laterais: 6h \u2013 18h<\/p>\n<p><strong>Jardim Bot\u00e2nico de Bras\u00edlia<\/strong><br \/>\nDe ter\u00e7a-feira a domingo, inclusive feriados, das 9h \u00e0s 17h, com entrada permitida at\u00e9 as 16h40. Entrada gratuita para pedestres e ciclistas entre 7h30 e 8h50<\/p>\n<p><strong>Corpo de Bombeiros<\/strong><br \/>\nRegime de escalas de 24 horas, sem interrup\u00e7\u00e3o, atendendo a emerg\u00eancias. O expediente administrativo retorna na quarta (2), a partir das 14h<\/p>\n<p><strong>Pol\u00edcia Militar<\/strong><br \/>\nTodos os batalh\u00f5es da Pol\u00edcia Militar do DF trabalham em regime de plant\u00e3o ininterrupto de 24h<\/p>\n<p><strong>Pol\u00edcia Civil<\/strong><br \/>\nTodas as delegacias circunscricionais da Pol\u00edcia Civil do DF, al\u00e9m das duas delegacias de Atendimento \u00e0 Mulher e as duas delegacias da Crian\u00e7a e do Adolescente, funcionam no feriado em regime de plant\u00e3o ininterrupto de 24h. A<a href=\"https:\/\/www.pcdf.df.gov.br\/servicos\/delegacia-eletronica\" target=\"_blank\" rel=\"noopener noreferrer\">\u00a0Delegacia Eletr\u00f4nica<\/a>\u00a0 tamb\u00e9m funciona todos os dias, 24h por dia.<\/p>\n<p><strong>Na Hora<\/strong><br \/>\nDe s\u00e1bado a ter\u00e7a-feira: fechado<br \/>\nQuarta-feira (2): das 14h \u00e0s 19h, com distribui\u00e7\u00e3o de senhas at\u00e9 as 18h30.<\/p>\n<p><strong>Ag\u00eancias de atendimento da Receita<br \/>\n<\/strong>Segunda (28\/2) e ter\u00e7a-feira (1\u00ba\/3): fechadas<br \/>\nAs atividades ser\u00e3o retomadas na quarta-feira (2), a partir das 14h. Para atendimentos presenciais, \u00e9 necess\u00e1rio agendamento pr\u00e9vio pelo site agenda.df.gov.br ou pela Central 156, op\u00e7\u00e3o 3.<br \/>\n* Todos os servi\u00e7os da Secretaria de Economia estar\u00e3o dispon\u00edveis online, pelo portal economia.df.gov.br.<\/p>\n<p><strong>Procon<\/strong><br \/>\nDe s\u00e1bado a ter\u00e7a-feira: fechado<br \/>\nQuarta-feira (2): das 14h \u00e0s 17h<\/p>\n<p><strong>Conselhos Tutelares<\/strong><br \/>\nOs Conselhos Tutelares n\u00e3o funcionar\u00e3o presencialmente na segunda (28\/2) e na ter\u00e7a-feira ( 1\u00ba\/3) atender\u00e3o somente as demandas urgentes, registradas pela Cisdeca, por meio dos telefones 125 (n\u00famero gratuito)<br \/>\nQuarta: atendimento presencial das 14h \u00e0s 18h<\/p>\n<p><strong>Pr\u00f3-V\u00edtima<\/strong><br \/>\nOs n\u00facleos do Programa Pr\u00f3-V\u00edtima funcionar\u00e3o em regime de plant\u00e3o pelos telefones (61) 9 8314 0620 e (61) 9 8314 0622. As atividades presenciais ser\u00e3o retomadas na quarta-feira (2), \u00e0s 13h.<\/p>\n<p><strong>BRB<\/strong><br \/>\nSegunda e ter\u00e7a-feira: fechado<br \/>\nQuarta: aberto ap\u00f3s as 12h<\/p>\n<p><strong>Centro Integrado 18 de Maio<\/strong><br \/>\nSegunda e ter\u00e7a-feira: fechado<br \/>\nQuarta: presencial ap\u00f3s as 14h<br \/>\nEntre 28\/2 e 2\/3, o atendimento ser\u00e1 prestado em regime de plant\u00e3o por meio do telefone (61) 98314-0636<\/p>\n<figure id=\"attachment_380746\" class=\"wp-caption aligncenter\" aria-describedby=\"caption-attachment-380746\"><img loading=\"lazy\" decoding=\"async\" class=\"wp-image-380746 size-full\" src=\"http:\/\/www.agenciabrasilia.df.gov.br\/wp-conteudo\/uploads\/2022\/02\/WhatsApp-Image-2022-02-24-at-13.55.42.jpeg\" sizes=\"auto, (max-width: 1280px) 100vw, 1280px\" srcset=\"https:\/\/www.agenciabrasilia.df.gov.br\/wp-conteudo\/uploads\/2022\/02\/WhatsApp-Image-2022-02-24-at-13.55.42.jpeg 1280w, https:\/\/www.agenciabrasilia.df.gov.br\/wp-conteudo\/uploads\/2022\/02\/WhatsApp-Image-2022-02-24-at-13.55.42-300x199.jpeg 300w, https:\/\/www.agenciabrasilia.df.gov.br\/wp-conteudo\/uploads\/2022\/02\/WhatsApp-Image-2022-02-24-at-13.55.42-768x510.jpeg 768w, https:\/\/www.agenciabrasilia.df.gov.br\/wp-conteudo\/uploads\/2022\/02\/WhatsApp-Image-2022-02-24-at-13.55.42-1024x680.jpeg 1024w\" alt=\"\" width=\"1280\" height=\"850\" \/><figcaption id=\"caption-attachment-380746\" class=\"wp-caption-text\">O Zoo estar\u00e1 aberto, das 9 \u00e0s 17h, no s\u00e1bado, domingo, ter\u00e7a e quarta, com entrada permitida at\u00e9 as 16h, e fecha na segunda-feira | Foto: L\u00facio Bernardo Jr.\/Ag\u00eancia Bras\u00edlia<\/figcaption><\/figure>\n<p><strong>Cultura<\/strong><br \/>\nCentro Cultural Tr\u00eas Poderes, Memorial dos Povos Ind\u00edgenas e Museu Nacional da Rep\u00fablica<br \/>\nS\u00e1bado, domingo e ter\u00e7a-feira: abertos das 9h \u00e0s 17h<br \/>\nSegunda: fechado<\/p>\n<p><strong>Museu de Arte de Bras\u00edlia<\/strong><br \/>\nS\u00e1bado, domingo e ter\u00e7a-feira: aberto das 10h \u00e0s 19h<br \/>\nSegunda: fechado<\/p>\n<p><strong>Museu Vivo da Mem\u00f3ria Candanga<\/strong><br \/>\nS\u00e1bado, segunda, ter\u00e7a e quarta-feira: aberto das 9h \u00e0s 17h<br \/>\nDomingo: fechado<\/p>\n<p><strong>Cine Bras\u00edlia<\/strong>\u00a0\u2013 bilheteria aberta todos os dias, a partir das 18h, seguindo a programa\u00e7\u00e3o (<a href=\"https:\/\/www.cultura.df.gov.br\/cinebrasilia\/\">https:\/\/www.cultura.df.gov.br\/cinebrasilia\/<\/a>)<\/p>\n<p><strong>Biblioteca Nacional<\/strong><br \/>\nS\u00e1bado e domingo: aberto das 8h \u00e0s 14h<br \/>\nSegunda: fecha<br \/>\nQuarta: das 14h \u00e0s 20h<\/p>\n<p><strong>Planet\u00e1rio<\/strong><br \/>\nS\u00e1bado, domingo, ter\u00e7a e quarta: das 9h \u00e0s 21h<br \/>\nSegunda: fechado<\/p>\n<p><strong>Jardim Zool\u00f3gico de Bras\u00edlia<\/strong><br \/>\nS\u00e1bado, domingo, ter\u00e7a e quarta: aberto das 9h \u00e0s 17h, com entrada permitida at\u00e9 as 16h<br \/>\nSegunda: fechado<\/p>\n<p><strong>Pra\u00e7a dos direitos<\/strong><br \/>\nAs pra\u00e7as dos direitos da Sejus ter\u00e3o funcionamento de 8 \u00e0s 23h durante o carnaval, mediante pr\u00e9via reserva. Endere\u00e7os:<br \/>\n1. Pra\u00e7a dos Direitos do Itapo\u00e3<br \/>\nTelefone: 3467-1833<br \/>\nE-mail:\u00a0<a href=\"mailto:pracaitapoa@sejus.df.gov.br\" target=\"_blank\" rel=\"noopener noreferrer\">pracaitapoa@sejus.df.gov.br<\/a><br \/>\nEndere\u00e7o: Quadra 203, Del Lago II, do Itapo\u00e3. Pr\u00f3ximo ao conselho tutelar do Itapo\u00e3.<br \/>\nLocaliza\u00e7\u00e3o GPS:\u00a0<a href=\"https:\/\/goo.gl\/maps\/RYuhB1C9zADsJEEd8\" target=\"_blank\" rel=\"noopener noreferrer\" data-saferedirecturl=\"https:\/\/www.google.com\/url?q=https:\/\/goo.gl\/maps\/RYuhB1C9zADsJEEd8&amp;source=gmail&amp;ust=1645826460274000&amp;usg=AOvVaw2ccZWrFxVNwf4_8k_jtqaV\">https:\/\/goo.gl\/maps\/RYuhB1C9zA<wbr \/>DsJEEd8<\/a><\/p>\n<p>2. Esta\u00e7\u00e3o da Cidadania da QNM 28<br \/>\nTelefone: 3371-5073<br \/>\nE-mail:\u00a0<a href=\"mailto:gecidqnm@sejus.df.gov.br\" target=\"_blank\" rel=\"noopener noreferrer\">gecidqnm@sejus.df.gov.br<\/a><br \/>\nEndere\u00e7o: QNM 28, \u00e1rea especial, lote B, Ceil\u00e2ndia Norte. Pr\u00f3ximo ao 8\u00ba Grupamento de Bombeiro Militar.<br \/>\nLocaliza\u00e7\u00e3o GPS:\u00a0<a href=\"https:\/\/goo.gl\/maps\/Po6J6BprD1JNKFSJA\" target=\"_blank\" rel=\"noopener noreferrer\" data-saferedirecturl=\"https:\/\/www.google.com\/url?q=https:\/\/goo.gl\/maps\/Po6J6BprD1JNKFSJA&amp;source=gmail&amp;ust=1645826460274000&amp;usg=AOvVaw0Y5_fkVhNRVBIeuja_DsOP\">https:\/\/goo.gl\/maps\/Po6J6BprD1<wbr \/>JNKFSJA<\/a><\/p>\n<p>3. Pra\u00e7a dos Direitos da Ceil\u00e2ndia<br \/>\nTelefone: 3371-0579<br \/>\nE-mail:\u00a0<a href=\"mailto:pracacei@sejus.df.gov.br\" target=\"_blank\" rel=\"noopener noreferrer\">pracacei@sejus.df.gov.br<\/a><br \/>\nEndere\u00e7o: St. N QNN 13 \u2013 Ceil\u00e2ndia. Pr\u00f3ximo \u00e0 Biblioteca P\u00fablica da Ceil\u00e2ndia.<br \/>\nLocaliza\u00e7\u00e3o GPS:\u00a0<a href=\"https:\/\/goo.gl\/maps\/i8vahjNvj56DttGQ8\" target=\"_blank\" rel=\"noopener noreferrer\" data-saferedirecturl=\"https:\/\/www.google.com\/url?q=https:\/\/goo.gl\/maps\/i8vahjNvj56DttGQ8&amp;source=gmail&amp;ust=1645826460274000&amp;usg=AOvVaw15Cgljmosw6XDyFi3YPIjl\">https:\/\/goo.gl\/maps\/i8vahjNvj5<wbr \/>6DttGQ8<\/a><\/p>\n<p>4. Esta\u00e7\u00e3o da Cidadania da QNR 02<br \/>\nTelefone: 3585-6113<br \/>\nE-mail:\u00a0<a href=\"mailto:gecidqnr@sejus.df.gov.br\" target=\"_blank\" rel=\"noopener noreferrer\">gecidqnr@sejus.df.gov.br<\/a><br \/>\nEndere\u00e7o: QNR 02, \u00e1rea especial, lote 2b, Ceil\u00e2ndia Norte.<br \/>\nLocaliza\u00e7\u00e3o GPS:\u00a0<a href=\"https:\/\/goo.gl\/maps\/V279S9DR6cfhxp8J7\" target=\"_blank\" rel=\"noopener noreferrer\" data-saferedirecturl=\"https:\/\/www.google.com\/url?q=https:\/\/goo.gl\/maps\/V279S9DR6cfhxp8J7&amp;source=gmail&amp;ust=1645826460274000&amp;usg=AOvVaw052ABzG5nVf5PPblKwJ8vu\">https:\/\/goo.gl\/maps\/V279S9DR6c<wbr \/>fhxp8J7<\/a><\/p>\n<p>5. Esta\u00e7\u00e3o da Cidadania do Recanto das Emas<br \/>\nTelefone: 3331-2770<br \/>\nE-mail:\u00a0<a href=\"mailto:gecidrec@sejus.df.gov.br\" target=\"_blank\" rel=\"noopener noreferrer\">gecidrec@sejus.df.gov.br<\/a><br \/>\nEndere\u00e7o: Avenida Recanto das Emas, Quadra 113, lote 9, Recanto das Emas. Pr\u00f3ximo \u00e0 Unidade B\u00e1sica de Sa\u00fade n\u00ba 1 do Recanto das Emas.<br \/>\nLocaliza\u00e7\u00e3o GPS:\u00a0<a href=\"https:\/\/goo.gl\/maps\/gpRmk1dvJHtDx6hC7\" target=\"_blank\" rel=\"noopener noreferrer\" data-saferedirecturl=\"https:\/\/www.google.com\/url?q=https:\/\/goo.gl\/maps\/gpRmk1dvJHtDx6hC7&amp;source=gmail&amp;ust=1645826460274000&amp;usg=AOvVaw0YYqKB3YdCotVZ-Qoq0inJ\">https:\/\/goo.gl\/maps\/gpRmk1dvJH<wbr \/>tDx6hC7<\/a><\/p>\n<p><em>*Com informa\u00e7\u00f5es da Sejus e da Secretaria de Economia<\/em><\/p>\n<p class=\"by\"><strong>H\u00e9dio Ferreira J\u00fanior, da Ag\u00eancia Bras\u00edlia* | Edi\u00e7\u00e3o: Renata Lu<\/strong><\/p>\n","protected":false},"excerpt":{"rendered":"<p>\u00d3rg\u00e3os do GDF estar\u00e3o fechados entre s\u00e1bado (26) e ter\u00e7a (1\u00ba\/3). A Ag\u00eancia Bras\u00edlia traz o detalhamento. Apesar da suspens\u00e3o das festas p\u00fablicas e privadas de Carnaval \u2013 determinada pelo Governo do Distrito Federal (GDF) em decreto e refor\u00e7ada em coletiva de imprensa por representantes do Executivo \u2013 os pontos facultativos entre 26 de fevereiro [&hellip;]<\/p>\n","protected":false},"author":2,"featured_media":25810,"comment_status":"open","ping_status":"open","sticky":false,"template":"","format":"standard","meta":{"footnotes":""},"categories":[1],"tags":[],"class_list":{"0":"post-25809","1":"post","2":"type-post","3":"status-publish","4":"format-standard","5":"has-post-thumbnail","7":"category-outros"},"yoast_head":"<!-- This site is optimized with the Yoast SEO Premium plugin v24.5 (Yoast SEO v27.5) - https:\/\/yoast.com\/product\/yoast-seo-premium-wordpress\/ -->\n<title>Confira o que abre e o que fecha durante o feriad\u00e3o. - P31<\/title>\n<meta name=\"robots\" content=\"index, follow, max-snippet:-1, max-image-preview:large, max-video-preview:-1\" \/>\n<link rel=\"canonical\" href=\"https:\/\/www.p31noticias.com.br\/?p=25809\" \/>\n<meta property=\"og:locale\" content=\"pt_BR\" \/>\n<meta property=\"og:type\" content=\"article\" \/>\n<meta property=\"og:title\" content=\"Confira o que abre e o que fecha durante o feriad\u00e3o.\" \/>\n<meta property=\"og:description\" content=\"\u00d3rg\u00e3os do GDF estar\u00e3o fechados entre s\u00e1bado (26) e ter\u00e7a (1\u00ba\/3). A Ag\u00eancia Bras\u00edlia traz o detalhamento. Apesar da suspens\u00e3o das festas p\u00fablicas e privadas de Carnaval \u2013 determinada pelo Governo do Distrito Federal (GDF) em decreto e refor\u00e7ada em coletiva de imprensa por representantes do Executivo \u2013 os pontos facultativos entre 26 de fevereiro [&hellip;]\" \/>\n<meta property=\"og:url\" content=\"https:\/\/www.p31noticias.com.br\/?p=25809\" \/>\n<meta property=\"og:site_name\" content=\"P31\" \/>\n<meta property=\"article:published_time\" content=\"2022-02-26T23:41:08+00:00\" \/>\n<meta property=\"og:image\" content=\"https:\/\/www.p31noticias.com.br\/wp-content\/uploads\/2022\/02\/WhatsApp-Image-2022-02-24-at-13.55.58.jpeg\" \/>\n\t<meta property=\"og:image:width\" content=\"1280\" \/>\n\t<meta property=\"og:image:height\" content=\"850\" \/>\n\t<meta property=\"og:image:type\" content=\"image\/jpeg\" \/>\n<meta name=\"author\" content=\"Gon\u00e7alves Junior\" \/>\n<meta name=\"twitter:card\" content=\"summary_large_image\" \/>\n<meta name=\"twitter:label1\" content=\"Escrito por\" \/>\n\t<meta name=\"twitter:data1\" content=\"Gon\u00e7alves Junior\" \/>\n\t<meta name=\"twitter:label2\" content=\"Est. tempo de leitura\" \/>\n\t<meta name=\"twitter:data2\" content=\"6 minutos\" \/>\n<script type=\"application\/ld+json\" class=\"yoast-schema-graph\">{\"@context\":\"https:\\\/\\\/schema.org\",\"@graph\":[{\"@type\":\"Article\",\"@id\":\"https:\\\/\\\/www.p31noticias.com.br\\\/?p=25809#article\",\"isPartOf\":{\"@id\":\"https:\\\/\\\/www.p31noticias.com.br\\\/?p=25809\"},\"author\":{\"name\":\"Gon\u00e7alves Junior\",\"@id\":\"https:\\\/\\\/www.p31noticias.com.br\\\/#\\\/schema\\\/person\\\/95f2ece30e3b4132065b915150cd0f94\"},\"headline\":\"Confira o que abre e o que fecha durante o feriad\u00e3o.\",\"datePublished\":\"2022-02-26T23:41:08+00:00\",\"mainEntityOfPage\":{\"@id\":\"https:\\\/\\\/www.p31noticias.com.br\\\/?p=25809\"},\"wordCount\":1170,\"commentCount\":0,\"image\":{\"@id\":\"https:\\\/\\\/www.p31noticias.com.br\\\/?p=25809#primaryimage\"},\"thumbnailUrl\":\"https:\\\/\\\/www.p31noticias.com.br\\\/wp-content\\\/uploads\\\/2022\\\/02\\\/WhatsApp-Image-2022-02-24-at-13.55.58.jpeg\",\"articleSection\":[\"Outros\"],\"inLanguage\":\"pt-BR\",\"potentialAction\":[{\"@type\":\"CommentAction\",\"name\":\"Comment\",\"target\":[\"https:\\\/\\\/www.p31noticias.com.br\\\/?p=25809#respond\"]}],\"copyrightYear\":\"2022\",\"copyrightHolder\":{\"@id\":\"https:\\\/\\\/www.p31noticias.com.br\\\/#organization\"}},{\"@type\":\"WebPage\",\"@id\":\"https:\\\/\\\/www.p31noticias.com.br\\\/?p=25809\",\"url\":\"https:\\\/\\\/www.p31noticias.com.br\\\/?p=25809\",\"name\":\"Confira o que abre e o que fecha durante o feriad\u00e3o. - P31\",\"isPartOf\":{\"@id\":\"https:\\\/\\\/www.p31noticias.com.br\\\/#website\"},\"primaryImageOfPage\":{\"@id\":\"https:\\\/\\\/www.p31noticias.com.br\\\/?p=25809#primaryimage\"},\"image\":{\"@id\":\"https:\\\/\\\/www.p31noticias.com.br\\\/?p=25809#primaryimage\"},\"thumbnailUrl\":\"https:\\\/\\\/www.p31noticias.com.br\\\/wp-content\\\/uploads\\\/2022\\\/02\\\/WhatsApp-Image-2022-02-24-at-13.55.58.jpeg\",\"datePublished\":\"2022-02-26T23:41:08+00:00\",\"author\":{\"@id\":\"https:\\\/\\\/www.p31noticias.com.br\\\/#\\\/schema\\\/person\\\/95f2ece30e3b4132065b915150cd0f94\"},\"breadcrumb\":{\"@id\":\"https:\\\/\\\/www.p31noticias.com.br\\\/?p=25809#breadcrumb\"},\"inLanguage\":\"pt-BR\",\"potentialAction\":[{\"@type\":\"ReadAction\",\"target\":[\"https:\\\/\\\/www.p31noticias.com.br\\\/?p=25809\"]}]},{\"@type\":\"ImageObject\",\"inLanguage\":\"pt-BR\",\"@id\":\"https:\\\/\\\/www.p31noticias.com.br\\\/?p=25809#primaryimage\",\"url\":\"https:\\\/\\\/www.p31noticias.com.br\\\/wp-content\\\/uploads\\\/2022\\\/02\\\/WhatsApp-Image-2022-02-24-at-13.55.58.jpeg\",\"contentUrl\":\"https:\\\/\\\/www.p31noticias.com.br\\\/wp-content\\\/uploads\\\/2022\\\/02\\\/WhatsApp-Image-2022-02-24-at-13.55.58.jpeg\",\"width\":1280,\"height\":850},{\"@type\":\"BreadcrumbList\",\"@id\":\"https:\\\/\\\/www.p31noticias.com.br\\\/?p=25809#breadcrumb\",\"itemListElement\":[{\"@type\":\"ListItem\",\"position\":1,\"name\":\"In\u00edcio\",\"item\":\"https:\\\/\\\/www.p31noticias.com.br\\\/\"},{\"@type\":\"ListItem\",\"position\":2,\"name\":\"Confira o que abre e o que fecha durante o feriad\u00e3o.\"}]},{\"@type\":\"WebSite\",\"@id\":\"https:\\\/\\\/www.p31noticias.com.br\\\/#website\",\"url\":\"https:\\\/\\\/www.p31noticias.com.br\\\/\",\"name\":\"P31\",\"description\":\"NOT\u00cdCIAS\",\"potentialAction\":[{\"@type\":\"SearchAction\",\"target\":{\"@type\":\"EntryPoint\",\"urlTemplate\":\"https:\\\/\\\/www.p31noticias.com.br\\\/?s={search_term_string}\"},\"query-input\":{\"@type\":\"PropertyValueSpecification\",\"valueRequired\":true,\"valueName\":\"search_term_string\"}}],\"inLanguage\":\"pt-BR\"},{\"@type\":\"Person\",\"@id\":\"https:\\\/\\\/www.p31noticias.com.br\\\/#\\\/schema\\\/person\\\/95f2ece30e3b4132065b915150cd0f94\",\"name\":\"Gon\u00e7alves Junior\",\"image\":{\"@type\":\"ImageObject\",\"inLanguage\":\"pt-BR\",\"@id\":\"https:\\\/\\\/secure.gravatar.com\\\/avatar\\\/6711f350116a89762687a48d66f723c799e5438a5b7578508d4294cd7a5d0800?s=96&d=mm&r=g\",\"url\":\"https:\\\/\\\/secure.gravatar.com\\\/avatar\\\/6711f350116a89762687a48d66f723c799e5438a5b7578508d4294cd7a5d0800?s=96&d=mm&r=g\",\"contentUrl\":\"https:\\\/\\\/secure.gravatar.com\\\/avatar\\\/6711f350116a89762687a48d66f723c799e5438a5b7578508d4294cd7a5d0800?s=96&d=mm&r=g\",\"caption\":\"Gon\u00e7alves Junior\"},\"url\":\"https:\\\/\\\/www.p31noticias.com.br\\\/?author=2\"}]}<\/script>\n<!-- \/ Yoast SEO Premium plugin. -->","yoast_head_json":{"title":"Confira o que abre e o que fecha durante o feriad\u00e3o. - P31","robots":{"index":"index","follow":"follow","max-snippet":"max-snippet:-1","max-image-preview":"max-image-preview:large","max-video-preview":"max-video-preview:-1"},"canonical":"https:\/\/www.p31noticias.com.br\/?p=25809","og_locale":"pt_BR","og_type":"article","og_title":"Confira o que abre e o que fecha durante o feriad\u00e3o.","og_description":"\u00d3rg\u00e3os do GDF estar\u00e3o fechados entre s\u00e1bado (26) e ter\u00e7a (1\u00ba\/3). A Ag\u00eancia Bras\u00edlia traz o detalhamento. Apesar da suspens\u00e3o das festas p\u00fablicas e privadas de Carnaval \u2013 determinada pelo Governo do Distrito Federal (GDF) em decreto e refor\u00e7ada em coletiva de imprensa por representantes do Executivo \u2013 os pontos facultativos entre 26 de fevereiro [&hellip;]","og_url":"https:\/\/www.p31noticias.com.br\/?p=25809","og_site_name":"P31","article_published_time":"2022-02-26T23:41:08+00:00","og_image":[{"width":1280,"height":850,"url":"https:\/\/www.p31noticias.com.br\/wp-content\/uploads\/2022\/02\/WhatsApp-Image-2022-02-24-at-13.55.58.jpeg","type":"image\/jpeg"}],"author":"Gon\u00e7alves Junior","twitter_card":"summary_large_image","twitter_misc":{"Escrito por":"Gon\u00e7alves Junior","Est. tempo de leitura":"6 minutos"},"schema":{"@context":"https:\/\/schema.org","@graph":[{"@type":"Article","@id":"https:\/\/www.p31noticias.com.br\/?p=25809#article","isPartOf":{"@id":"https:\/\/www.p31noticias.com.br\/?p=25809"},"author":{"name":"Gon\u00e7alves Junior","@id":"https:\/\/www.p31noticias.com.br\/#\/schema\/person\/95f2ece30e3b4132065b915150cd0f94"},"headline":"Confira o que abre e o que fecha durante o feriad\u00e3o.","datePublished":"2022-02-26T23:41:08+00:00","mainEntityOfPage":{"@id":"https:\/\/www.p31noticias.com.br\/?p=25809"},"wordCount":1170,"commentCount":0,"image":{"@id":"https:\/\/www.p31noticias.com.br\/?p=25809#primaryimage"},"thumbnailUrl":"https:\/\/www.p31noticias.com.br\/wp-content\/uploads\/2022\/02\/WhatsApp-Image-2022-02-24-at-13.55.58.jpeg","articleSection":["Outros"],"inLanguage":"pt-BR","potentialAction":[{"@type":"CommentAction","name":"Comment","target":["https:\/\/www.p31noticias.com.br\/?p=25809#respond"]}],"copyrightYear":"2022","copyrightHolder":{"@id":"https:\/\/www.p31noticias.com.br\/#organization"}},{"@type":"WebPage","@id":"https:\/\/www.p31noticias.com.br\/?p=25809","url":"https:\/\/www.p31noticias.com.br\/?p=25809","name":"Confira o que abre e o que fecha durante o feriad\u00e3o. - P31","isPartOf":{"@id":"https:\/\/www.p31noticias.com.br\/#website"},"primaryImageOfPage":{"@id":"https:\/\/www.p31noticias.com.br\/?p=25809#primaryimage"},"image":{"@id":"https:\/\/www.p31noticias.com.br\/?p=25809#primaryimage"},"thumbnailUrl":"https:\/\/www.p31noticias.com.br\/wp-content\/uploads\/2022\/02\/WhatsApp-Image-2022-02-24-at-13.55.58.jpeg","datePublished":"2022-02-26T23:41:08+00:00","author":{"@id":"https:\/\/www.p31noticias.com.br\/#\/schema\/person\/95f2ece30e3b4132065b915150cd0f94"},"breadcrumb":{"@id":"https:\/\/www.p31noticias.com.br\/?p=25809#breadcrumb"},"inLanguage":"pt-BR","potentialAction":[{"@type":"ReadAction","target":["https:\/\/www.p31noticias.com.br\/?p=25809"]}]},{"@type":"ImageObject","inLanguage":"pt-BR","@id":"https:\/\/www.p31noticias.com.br\/?p=25809#primaryimage","url":"https:\/\/www.p31noticias.com.br\/wp-content\/uploads\/2022\/02\/WhatsApp-Image-2022-02-24-at-13.55.58.jpeg","contentUrl":"https:\/\/www.p31noticias.com.br\/wp-content\/uploads\/2022\/02\/WhatsApp-Image-2022-02-24-at-13.55.58.jpeg","width":1280,"height":850},{"@type":"BreadcrumbList","@id":"https:\/\/www.p31noticias.com.br\/?p=25809#breadcrumb","itemListElement":[{"@type":"ListItem","position":1,"name":"In\u00edcio","item":"https:\/\/www.p31noticias.com.br\/"},{"@type":"ListItem","position":2,"name":"Confira o que abre e o que fecha durante o feriad\u00e3o."}]},{"@type":"WebSite","@id":"https:\/\/www.p31noticias.com.br\/#website","url":"https:\/\/www.p31noticias.com.br\/","name":"P31","description":"NOT\u00cdCIAS","potentialAction":[{"@type":"SearchAction","target":{"@type":"EntryPoint","urlTemplate":"https:\/\/www.p31noticias.com.br\/?s={search_term_string}"},"query-input":{"@type":"PropertyValueSpecification","valueRequired":true,"valueName":"search_term_string"}}],"inLanguage":"pt-BR"},{"@type":"Person","@id":"https:\/\/www.p31noticias.com.br\/#\/schema\/person\/95f2ece30e3b4132065b915150cd0f94","name":"Gon\u00e7alves Junior","image":{"@type":"ImageObject","inLanguage":"pt-BR","@id":"https:\/\/secure.gravatar.com\/avatar\/6711f350116a89762687a48d66f723c799e5438a5b7578508d4294cd7a5d0800?s=96&d=mm&r=g","url":"https:\/\/secure.gravatar.com\/avatar\/6711f350116a89762687a48d66f723c799e5438a5b7578508d4294cd7a5d0800?s=96&d=mm&r=g","contentUrl":"https:\/\/secure.gravatar.com\/avatar\/6711f350116a89762687a48d66f723c799e5438a5b7578508d4294cd7a5d0800?s=96&d=mm&r=g","caption":"Gon\u00e7alves Junior"},"url":"https:\/\/www.p31noticias.com.br\/?author=2"}]}},"amp_enabled":true,"_links":{"self":[{"href":"https:\/\/www.p31noticias.com.br\/index.php?rest_route=\/wp\/v2\/posts\/25809","targetHints":{"allow":["GET"]}}],"collection":[{"href":"https:\/\/www.p31noticias.com.br\/index.php?rest_route=\/wp\/v2\/posts"}],"about":[{"href":"https:\/\/www.p31noticias.com.br\/index.php?rest_route=\/wp\/v2\/types\/post"}],"author":[{"embeddable":true,"href":"https:\/\/www.p31noticias.com.br\/index.php?rest_route=\/wp\/v2\/users\/2"}],"replies":[{"embeddable":true,"href":"https:\/\/www.p31noticias.com.br\/index.php?rest_route=%2Fwp%2Fv2%2Fcomments&post=25809"}],"version-history":[{"count":1,"href":"https:\/\/www.p31noticias.com.br\/index.php?rest_route=\/wp\/v2\/posts\/25809\/revisions"}],"predecessor-version":[{"id":25811,"href":"https:\/\/www.p31noticias.com.br\/index.php?rest_route=\/wp\/v2\/posts\/25809\/revisions\/25811"}],"wp:featuredmedia":[{"embeddable":true,"href":"https:\/\/www.p31noticias.com.br\/index.php?rest_route=\/wp\/v2\/media\/25810"}],"wp:attachment":[{"href":"https:\/\/www.p31noticias.com.br\/index.php?rest_route=%2Fwp%2Fv2%2Fmedia&parent=25809"}],"wp:term":[{"taxonomy":"category","embeddable":true,"href":"https:\/\/www.p31noticias.com.br\/index.php?rest_route=%2Fwp%2Fv2%2Fcategories&post=25809"},{"taxonomy":"post_tag","embeddable":true,"href":"https:\/\/www.p31noticias.com.br\/index.php?rest_route=%2Fwp%2Fv2%2Ftags&post=25809"}],"curies":[{"name":"wp","href":"https:\/\/api.w.org\/{rel}","templated":true}]}}