{"id":25796,"date":"2022-02-06T22:59:16","date_gmt":"2022-02-07T01:59:16","guid":{"rendered":"https:\/\/p31noticias.com.br\/?p=25796"},"modified":"2022-02-17T15:17:35","modified_gmt":"2022-02-17T18:17:35","slug":"em-um-ano-594-ocupacoes-irregulares-sao-removidas-em-todo-o-df","status":"publish","type":"post","link":"https:\/\/www.p31noticias.com.br\/?p=25796","title":{"rendered":"Em um ano, 594 ocupa\u00e7\u00f5es irregulares s\u00e3o removidas em todo o DF.."},"content":{"rendered":"<p style=\"text-align: justify;\"><em><strong>Opera\u00e7\u00e3o da DF Legal devolveram \u00e0 popula\u00e7\u00e3o mais de 2 milh\u00f5es de metros quadrados de \u00e1reas ocupadas.<\/strong><\/em><\/p>\n<p><img decoding=\"async\" src=\"https:\/\/www.agenciabrasilia.df.gov.br\/wp-conteudo\/uploads\/2022\/02\/WhatsApp-Image-2022-02-04-at-16.05.29-1.jpeg\" \/><\/p>\n<p style=\"text-align: justify;\">Desde agosto de 2020, a Secretaria da DF Legal desenvolve a Opera\u00e7\u00e3o Pronto-Emprego, que tem por objetivo remover edifica\u00e7\u00f5es ainda em fase inicial, antes que elas se estabele\u00e7am de forma a serem irrevers\u00edveis. O diferencial dessa opera\u00e7\u00e3o \u00e9 a resposta em um prazo de at\u00e9 72 horas ap\u00f3s o conhecimento do fato por parte da DF Legal.<\/p>\n<p style=\"text-align: justify;\">\u201cEssa a\u00e7\u00e3o em at\u00e9 72 horas gera menor impacto financeiro para todas as partes envolvidas, tanto para o infrator quanto ao pr\u00f3prio governo, pois a irregularidade \u00e9 tratada no in\u00edcio, diminuindo os custos de opera\u00e7\u00e3o para ambos\u201d, exp\u00f5e o subsecret\u00e1rio de Opera\u00e7\u00f5es, Alexandre Bittencourt, sobre os benef\u00edcios das opera\u00e7\u00f5es.<\/p>\n<p style=\"text-align: justify;\">De janeiro de 2021 a janeiro de 2022 foram realizadas 594 opera\u00e7\u00f5es de remo\u00e7\u00e3o de constru\u00e7\u00f5es irregulares, que devolveram \u00e0 popula\u00e7\u00e3o mais de 2 milh\u00f5es de metros quadrados de \u00e1reas ocupadas de forma irregular. Desse total, 111 foram de Pronto-Emprego. Esses e outros dados de opera\u00e7\u00f5es podem ser consultados no site da DF Legal, na aba \u201cPain\u00e9is de Resultados\u201d.<\/p>\n<p><img decoding=\"async\" src=\"http:\/\/www.agenciabrasilia.df.gov.br\/wp-conteudo\/uploads\/2022\/02\/WhatsApp-Image-2022-02-04-at-16.05.28.jpeg\" \/><\/p>\n<p style=\"text-align: justify;\">Nas a\u00e7\u00f5es s\u00e3o realizadas remo\u00e7\u00f5es de edifica\u00e7\u00f5es irregulares em fase inicial de constru\u00e7\u00e3o, como:<br \/>\n\u2022 Remo\u00e7\u00e3o de casas desabitadas;<br \/>\n\u2022 Bases para constru\u00e7\u00f5es;<br \/>\n\u2022 Muros;<br \/>\n\u2022 Cercamentos;<br \/>\n\u2022 Cisternas;<br \/>\n\u2022 Po\u00e7os artesianos;<br \/>\n\u2022 Liga\u00e7\u00f5es irregulares de energia;<br \/>\n\u2022 Barracos desabitados e<br \/>\n\u2022 Caixas-d\u2019\u00e1gua irregulares, entre outras edifica\u00e7\u00f5es ilegais.<\/p>\n<p style=\"text-align: justify;\">Os trabalhos da Pronto-Emprego tamb\u00e9m se estendem a examinar e agir em obras irregulares, parcelamento irregular de solo, disposi\u00e7\u00e3o ilegal de res\u00edduos e atividades econ\u00f4micas sem autoriza\u00e7\u00e3o. Outro prop\u00f3sito das a\u00e7\u00f5es \u00e9 reduzir os impactos pol\u00edticos, ambientais, sociais e financeiros, tanto para o Estado quanto para aqueles que buscam invadir terras p\u00fablicas, desestimulando e coibindo, logo no come\u00e7o, que grileiros invadam solo do Distrito Federal, prejudicando o patrim\u00f4nio que \u00e9 de todos.<\/p>\n<p style=\"text-align: justify;\">Todas as a\u00e7\u00f5es da Pronto-Emprego partem de v\u00e1rias formas de solicita\u00e7\u00e3o, assim como do monitoramento que \u00e9 realizado constantemente nas regi\u00f5es com o objetivo de impedir novas invas\u00f5es. Ap\u00f3s esse acompanhamento, \u00e9 realizada uma reuni\u00e3o com as for\u00e7as de seguran\u00e7a para que a opera\u00e7\u00e3o possa ser realizada.<\/p>\n<p style=\"text-align: justify;\">Sobre a uni\u00e3o de informa\u00e7\u00f5es, o Subsecret\u00e1rio Bittencourt explica: \u201cA Pronto-Emprego trabalha a partir de informa\u00e7\u00f5es prim\u00e1rias, que partem das nossas subsecretarias especializadas, como a Subsecretaria de Obras (Suob), a Subsecretaria de Fiscaliza\u00e7\u00e3o de Res\u00edduos (Sufir) e a Subsecretaria de Fiscaliza\u00e7\u00e3o de Atividades Econ\u00f4micas (Sufae), que possuem o conhecimento e estudo mais aprofundado sobre as irregularidades nas \u00e1reas em estudo\u201d.<\/p>\n<p style=\"text-align: justify;\">As a\u00e7\u00f5es imediatas de combate \u00e0 grilagem e opera\u00e7\u00f5es s\u00e3o di\u00e1rias (de domingo a domingo), com a\u00e7\u00f5es e\/ou fiscaliza\u00e7\u00f5es, inclusive aos feriados, seja de remo\u00e7\u00f5es ou de fiscaliza\u00e7\u00e3o.<\/p>\n<p style=\"text-align: justify;\"><em>*Com informa\u00e7\u00f5es da DF Legal<\/em><\/p>\n<figure id=\"attachment_374866\" class=\"wp-caption aligncenter\" aria-describedby=\"caption-attachment-374866\"><figcaption id=\"caption-attachment-374866\" class=\"wp-caption-text\">\n<\/figcaption><\/figure>\n","protected":false},"excerpt":{"rendered":"<p>Opera\u00e7\u00e3o da DF Legal devolveram \u00e0 popula\u00e7\u00e3o mais de 2 milh\u00f5es de metros quadrados de \u00e1reas ocupadas. Desde agosto de 2020, a Secretaria da DF Legal desenvolve a Opera\u00e7\u00e3o Pronto-Emprego, que tem por objetivo remover edifica\u00e7\u00f5es ainda em fase inicial, antes que elas se estabele\u00e7am de forma a serem irrevers\u00edveis. O diferencial dessa opera\u00e7\u00e3o \u00e9 [&hellip;]<\/p>\n","protected":false},"author":2,"featured_media":25797,"comment_status":"open","ping_status":"open","sticky":false,"template":"","format":"standard","meta":{"footnotes":""},"categories":[21],"tags":[],"class_list":{"0":"post-25796","1":"post","2":"type-post","3":"status-publish","4":"format-standard","5":"has-post-thumbnail","7":"category-brasilia"},"yoast_head":"<!-- This site is optimized with the Yoast SEO Premium plugin v24.5 (Yoast SEO v27.5) - https:\/\/yoast.com\/product\/yoast-seo-premium-wordpress\/ -->\n<title>Em um ano, 594 ocupa\u00e7\u00f5es irregulares s\u00e3o removidas em todo o DF.. - P31<\/title>\n<meta name=\"robots\" content=\"index, follow, max-snippet:-1, max-image-preview:large, max-video-preview:-1\" \/>\n<link rel=\"canonical\" href=\"https:\/\/www.p31noticias.com.br\/?p=25796\" \/>\n<meta property=\"og:locale\" content=\"pt_BR\" \/>\n<meta property=\"og:type\" content=\"article\" \/>\n<meta property=\"og:title\" content=\"Em um ano, 594 ocupa\u00e7\u00f5es irregulares s\u00e3o removidas em todo o DF..\" \/>\n<meta property=\"og:description\" content=\"Opera\u00e7\u00e3o da DF Legal devolveram \u00e0 popula\u00e7\u00e3o mais de 2 milh\u00f5es de metros quadrados de \u00e1reas ocupadas. Desde agosto de 2020, a Secretaria da DF Legal desenvolve a Opera\u00e7\u00e3o Pronto-Emprego, que tem por objetivo remover edifica\u00e7\u00f5es ainda em fase inicial, antes que elas se estabele\u00e7am de forma a serem irrevers\u00edveis. O diferencial dessa opera\u00e7\u00e3o \u00e9 [&hellip;]\" \/>\n<meta property=\"og:url\" content=\"https:\/\/www.p31noticias.com.br\/?p=25796\" \/>\n<meta property=\"og:site_name\" content=\"P31\" \/>\n<meta property=\"article:published_time\" content=\"2022-02-07T01:59:16+00:00\" \/>\n<meta property=\"article:modified_time\" content=\"2022-02-17T18:17:35+00:00\" \/>\n<meta property=\"og:image\" content=\"https:\/\/www.p31noticias.com.br\/wp-content\/uploads\/2022\/02\/WhatsApp-Image-2022-02-04-at-16.05.29-1.jpeg\" \/>\n\t<meta property=\"og:image:width\" content=\"1280\" \/>\n\t<meta property=\"og:image:height\" content=\"720\" \/>\n\t<meta property=\"og:image:type\" content=\"image\/jpeg\" \/>\n<meta name=\"author\" content=\"Gon\u00e7alves Junior\" \/>\n<meta name=\"twitter:card\" content=\"summary_large_image\" \/>\n<meta name=\"twitter:label1\" content=\"Escrito por\" \/>\n\t<meta name=\"twitter:data1\" content=\"Gon\u00e7alves Junior\" \/>\n\t<meta name=\"twitter:label2\" content=\"Est. tempo de leitura\" \/>\n\t<meta name=\"twitter:data2\" content=\"2 minutos\" \/>\n<script type=\"application\/ld+json\" class=\"yoast-schema-graph\">{\"@context\":\"https:\\\/\\\/schema.org\",\"@graph\":[{\"@type\":\"Article\",\"@id\":\"https:\\\/\\\/www.p31noticias.com.br\\\/?p=25796#article\",\"isPartOf\":{\"@id\":\"https:\\\/\\\/www.p31noticias.com.br\\\/?p=25796\"},\"author\":{\"name\":\"Gon\u00e7alves Junior\",\"@id\":\"https:\\\/\\\/www.p31noticias.com.br\\\/#\\\/schema\\\/person\\\/95f2ece30e3b4132065b915150cd0f94\"},\"headline\":\"Em um ano, 594 ocupa\u00e7\u00f5es irregulares s\u00e3o removidas em todo o DF..\",\"datePublished\":\"2022-02-07T01:59:16+00:00\",\"dateModified\":\"2022-02-17T18:17:35+00:00\",\"mainEntityOfPage\":{\"@id\":\"https:\\\/\\\/www.p31noticias.com.br\\\/?p=25796\"},\"wordCount\":504,\"commentCount\":0,\"image\":{\"@id\":\"https:\\\/\\\/www.p31noticias.com.br\\\/?p=25796#primaryimage\"},\"thumbnailUrl\":\"https:\\\/\\\/www.p31noticias.com.br\\\/wp-content\\\/uploads\\\/2022\\\/02\\\/WhatsApp-Image-2022-02-04-at-16.05.29-1.jpeg\",\"articleSection\":[\"Bras\u00edlia\"],\"inLanguage\":\"pt-BR\",\"potentialAction\":[{\"@type\":\"CommentAction\",\"name\":\"Comment\",\"target\":[\"https:\\\/\\\/www.p31noticias.com.br\\\/?p=25796#respond\"]}],\"copyrightYear\":\"2022\",\"copyrightHolder\":{\"@id\":\"https:\\\/\\\/www.p31noticias.com.br\\\/#organization\"}},{\"@type\":\"WebPage\",\"@id\":\"https:\\\/\\\/www.p31noticias.com.br\\\/?p=25796\",\"url\":\"https:\\\/\\\/www.p31noticias.com.br\\\/?p=25796\",\"name\":\"Em um ano, 594 ocupa\u00e7\u00f5es irregulares s\u00e3o removidas em todo o DF.. - P31\",\"isPartOf\":{\"@id\":\"https:\\\/\\\/www.p31noticias.com.br\\\/#website\"},\"primaryImageOfPage\":{\"@id\":\"https:\\\/\\\/www.p31noticias.com.br\\\/?p=25796#primaryimage\"},\"image\":{\"@id\":\"https:\\\/\\\/www.p31noticias.com.br\\\/?p=25796#primaryimage\"},\"thumbnailUrl\":\"https:\\\/\\\/www.p31noticias.com.br\\\/wp-content\\\/uploads\\\/2022\\\/02\\\/WhatsApp-Image-2022-02-04-at-16.05.29-1.jpeg\",\"datePublished\":\"2022-02-07T01:59:16+00:00\",\"dateModified\":\"2022-02-17T18:17:35+00:00\",\"author\":{\"@id\":\"https:\\\/\\\/www.p31noticias.com.br\\\/#\\\/schema\\\/person\\\/95f2ece30e3b4132065b915150cd0f94\"},\"breadcrumb\":{\"@id\":\"https:\\\/\\\/www.p31noticias.com.br\\\/?p=25796#breadcrumb\"},\"inLanguage\":\"pt-BR\",\"potentialAction\":[{\"@type\":\"ReadAction\",\"target\":[\"https:\\\/\\\/www.p31noticias.com.br\\\/?p=25796\"]}]},{\"@type\":\"ImageObject\",\"inLanguage\":\"pt-BR\",\"@id\":\"https:\\\/\\\/www.p31noticias.com.br\\\/?p=25796#primaryimage\",\"url\":\"https:\\\/\\\/www.p31noticias.com.br\\\/wp-content\\\/uploads\\\/2022\\\/02\\\/WhatsApp-Image-2022-02-04-at-16.05.29-1.jpeg\",\"contentUrl\":\"https:\\\/\\\/www.p31noticias.com.br\\\/wp-content\\\/uploads\\\/2022\\\/02\\\/WhatsApp-Image-2022-02-04-at-16.05.29-1.jpeg\",\"width\":1280,\"height\":720},{\"@type\":\"BreadcrumbList\",\"@id\":\"https:\\\/\\\/www.p31noticias.com.br\\\/?p=25796#breadcrumb\",\"itemListElement\":[{\"@type\":\"ListItem\",\"position\":1,\"name\":\"In\u00edcio\",\"item\":\"https:\\\/\\\/www.p31noticias.com.br\\\/\"},{\"@type\":\"ListItem\",\"position\":2,\"name\":\"Em um ano, 594 ocupa\u00e7\u00f5es irregulares s\u00e3o removidas em todo o DF..\"}]},{\"@type\":\"WebSite\",\"@id\":\"https:\\\/\\\/www.p31noticias.com.br\\\/#website\",\"url\":\"https:\\\/\\\/www.p31noticias.com.br\\\/\",\"name\":\"P31\",\"description\":\"NOT\u00cdCIAS\",\"potentialAction\":[{\"@type\":\"SearchAction\",\"target\":{\"@type\":\"EntryPoint\",\"urlTemplate\":\"https:\\\/\\\/www.p31noticias.com.br\\\/?s={search_term_string}\"},\"query-input\":{\"@type\":\"PropertyValueSpecification\",\"valueRequired\":true,\"valueName\":\"search_term_string\"}}],\"inLanguage\":\"pt-BR\"},{\"@type\":\"Person\",\"@id\":\"https:\\\/\\\/www.p31noticias.com.br\\\/#\\\/schema\\\/person\\\/95f2ece30e3b4132065b915150cd0f94\",\"name\":\"Gon\u00e7alves Junior\",\"image\":{\"@type\":\"ImageObject\",\"inLanguage\":\"pt-BR\",\"@id\":\"https:\\\/\\\/secure.gravatar.com\\\/avatar\\\/6711f350116a89762687a48d66f723c799e5438a5b7578508d4294cd7a5d0800?s=96&d=mm&r=g\",\"url\":\"https:\\\/\\\/secure.gravatar.com\\\/avatar\\\/6711f350116a89762687a48d66f723c799e5438a5b7578508d4294cd7a5d0800?s=96&d=mm&r=g\",\"contentUrl\":\"https:\\\/\\\/secure.gravatar.com\\\/avatar\\\/6711f350116a89762687a48d66f723c799e5438a5b7578508d4294cd7a5d0800?s=96&d=mm&r=g\",\"caption\":\"Gon\u00e7alves Junior\"},\"url\":\"https:\\\/\\\/www.p31noticias.com.br\\\/?author=2\"}]}<\/script>\n<!-- \/ Yoast SEO Premium plugin. -->","yoast_head_json":{"title":"Em um ano, 594 ocupa\u00e7\u00f5es irregulares s\u00e3o removidas em todo o DF.. - P31","robots":{"index":"index","follow":"follow","max-snippet":"max-snippet:-1","max-image-preview":"max-image-preview:large","max-video-preview":"max-video-preview:-1"},"canonical":"https:\/\/www.p31noticias.com.br\/?p=25796","og_locale":"pt_BR","og_type":"article","og_title":"Em um ano, 594 ocupa\u00e7\u00f5es irregulares s\u00e3o removidas em todo o DF..","og_description":"Opera\u00e7\u00e3o da DF Legal devolveram \u00e0 popula\u00e7\u00e3o mais de 2 milh\u00f5es de metros quadrados de \u00e1reas ocupadas. Desde agosto de 2020, a Secretaria da DF Legal desenvolve a Opera\u00e7\u00e3o Pronto-Emprego, que tem por objetivo remover edifica\u00e7\u00f5es ainda em fase inicial, antes que elas se estabele\u00e7am de forma a serem irrevers\u00edveis. O diferencial dessa opera\u00e7\u00e3o \u00e9 [&hellip;]","og_url":"https:\/\/www.p31noticias.com.br\/?p=25796","og_site_name":"P31","article_published_time":"2022-02-07T01:59:16+00:00","article_modified_time":"2022-02-17T18:17:35+00:00","og_image":[{"width":1280,"height":720,"url":"https:\/\/www.p31noticias.com.br\/wp-content\/uploads\/2022\/02\/WhatsApp-Image-2022-02-04-at-16.05.29-1.jpeg","type":"image\/jpeg"}],"author":"Gon\u00e7alves Junior","twitter_card":"summary_large_image","twitter_misc":{"Escrito por":"Gon\u00e7alves Junior","Est. tempo de leitura":"2 minutos"},"schema":{"@context":"https:\/\/schema.org","@graph":[{"@type":"Article","@id":"https:\/\/www.p31noticias.com.br\/?p=25796#article","isPartOf":{"@id":"https:\/\/www.p31noticias.com.br\/?p=25796"},"author":{"name":"Gon\u00e7alves Junior","@id":"https:\/\/www.p31noticias.com.br\/#\/schema\/person\/95f2ece30e3b4132065b915150cd0f94"},"headline":"Em um ano, 594 ocupa\u00e7\u00f5es irregulares s\u00e3o removidas em todo o DF..","datePublished":"2022-02-07T01:59:16+00:00","dateModified":"2022-02-17T18:17:35+00:00","mainEntityOfPage":{"@id":"https:\/\/www.p31noticias.com.br\/?p=25796"},"wordCount":504,"commentCount":0,"image":{"@id":"https:\/\/www.p31noticias.com.br\/?p=25796#primaryimage"},"thumbnailUrl":"https:\/\/www.p31noticias.com.br\/wp-content\/uploads\/2022\/02\/WhatsApp-Image-2022-02-04-at-16.05.29-1.jpeg","articleSection":["Bras\u00edlia"],"inLanguage":"pt-BR","potentialAction":[{"@type":"CommentAction","name":"Comment","target":["https:\/\/www.p31noticias.com.br\/?p=25796#respond"]}],"copyrightYear":"2022","copyrightHolder":{"@id":"https:\/\/www.p31noticias.com.br\/#organization"}},{"@type":"WebPage","@id":"https:\/\/www.p31noticias.com.br\/?p=25796","url":"https:\/\/www.p31noticias.com.br\/?p=25796","name":"Em um ano, 594 ocupa\u00e7\u00f5es irregulares s\u00e3o removidas em todo o DF.. - P31","isPartOf":{"@id":"https:\/\/www.p31noticias.com.br\/#website"},"primaryImageOfPage":{"@id":"https:\/\/www.p31noticias.com.br\/?p=25796#primaryimage"},"image":{"@id":"https:\/\/www.p31noticias.com.br\/?p=25796#primaryimage"},"thumbnailUrl":"https:\/\/www.p31noticias.com.br\/wp-content\/uploads\/2022\/02\/WhatsApp-Image-2022-02-04-at-16.05.29-1.jpeg","datePublished":"2022-02-07T01:59:16+00:00","dateModified":"2022-02-17T18:17:35+00:00","author":{"@id":"https:\/\/www.p31noticias.com.br\/#\/schema\/person\/95f2ece30e3b4132065b915150cd0f94"},"breadcrumb":{"@id":"https:\/\/www.p31noticias.com.br\/?p=25796#breadcrumb"},"inLanguage":"pt-BR","potentialAction":[{"@type":"ReadAction","target":["https:\/\/www.p31noticias.com.br\/?p=25796"]}]},{"@type":"ImageObject","inLanguage":"pt-BR","@id":"https:\/\/www.p31noticias.com.br\/?p=25796#primaryimage","url":"https:\/\/www.p31noticias.com.br\/wp-content\/uploads\/2022\/02\/WhatsApp-Image-2022-02-04-at-16.05.29-1.jpeg","contentUrl":"https:\/\/www.p31noticias.com.br\/wp-content\/uploads\/2022\/02\/WhatsApp-Image-2022-02-04-at-16.05.29-1.jpeg","width":1280,"height":720},{"@type":"BreadcrumbList","@id":"https:\/\/www.p31noticias.com.br\/?p=25796#breadcrumb","itemListElement":[{"@type":"ListItem","position":1,"name":"In\u00edcio","item":"https:\/\/www.p31noticias.com.br\/"},{"@type":"ListItem","position":2,"name":"Em um ano, 594 ocupa\u00e7\u00f5es irregulares s\u00e3o removidas em todo o DF.."}]},{"@type":"WebSite","@id":"https:\/\/www.p31noticias.com.br\/#website","url":"https:\/\/www.p31noticias.com.br\/","name":"P31","description":"NOT\u00cdCIAS","potentialAction":[{"@type":"SearchAction","target":{"@type":"EntryPoint","urlTemplate":"https:\/\/www.p31noticias.com.br\/?s={search_term_string}"},"query-input":{"@type":"PropertyValueSpecification","valueRequired":true,"valueName":"search_term_string"}}],"inLanguage":"pt-BR"},{"@type":"Person","@id":"https:\/\/www.p31noticias.com.br\/#\/schema\/person\/95f2ece30e3b4132065b915150cd0f94","name":"Gon\u00e7alves Junior","image":{"@type":"ImageObject","inLanguage":"pt-BR","@id":"https:\/\/secure.gravatar.com\/avatar\/6711f350116a89762687a48d66f723c799e5438a5b7578508d4294cd7a5d0800?s=96&d=mm&r=g","url":"https:\/\/secure.gravatar.com\/avatar\/6711f350116a89762687a48d66f723c799e5438a5b7578508d4294cd7a5d0800?s=96&d=mm&r=g","contentUrl":"https:\/\/secure.gravatar.com\/avatar\/6711f350116a89762687a48d66f723c799e5438a5b7578508d4294cd7a5d0800?s=96&d=mm&r=g","caption":"Gon\u00e7alves Junior"},"url":"https:\/\/www.p31noticias.com.br\/?author=2"}]}},"amp_enabled":true,"_links":{"self":[{"href":"https:\/\/www.p31noticias.com.br\/index.php?rest_route=\/wp\/v2\/posts\/25796","targetHints":{"allow":["GET"]}}],"collection":[{"href":"https:\/\/www.p31noticias.com.br\/index.php?rest_route=\/wp\/v2\/posts"}],"about":[{"href":"https:\/\/www.p31noticias.com.br\/index.php?rest_route=\/wp\/v2\/types\/post"}],"author":[{"embeddable":true,"href":"https:\/\/www.p31noticias.com.br\/index.php?rest_route=\/wp\/v2\/users\/2"}],"replies":[{"embeddable":true,"href":"https:\/\/www.p31noticias.com.br\/index.php?rest_route=%2Fwp%2Fv2%2Fcomments&post=25796"}],"version-history":[{"count":1,"href":"https:\/\/www.p31noticias.com.br\/index.php?rest_route=\/wp\/v2\/posts\/25796\/revisions"}],"predecessor-version":[{"id":25798,"href":"https:\/\/www.p31noticias.com.br\/index.php?rest_route=\/wp\/v2\/posts\/25796\/revisions\/25798"}],"wp:featuredmedia":[{"embeddable":true,"href":"https:\/\/www.p31noticias.com.br\/index.php?rest_route=\/wp\/v2\/media\/25797"}],"wp:attachment":[{"href":"https:\/\/www.p31noticias.com.br\/index.php?rest_route=%2Fwp%2Fv2%2Fmedia&parent=25796"}],"wp:term":[{"taxonomy":"category","embeddable":true,"href":"https:\/\/www.p31noticias.com.br\/index.php?rest_route=%2Fwp%2Fv2%2Fcategories&post=25796"},{"taxonomy":"post_tag","embeddable":true,"href":"https:\/\/www.p31noticias.com.br\/index.php?rest_route=%2Fwp%2Fv2%2Ftags&post=25796"}],"curies":[{"name":"wp","href":"https:\/\/api.w.org\/{rel}","templated":true}]}}