{"id":25793,"date":"2022-02-06T22:38:30","date_gmt":"2022-02-07T01:38:30","guid":{"rendered":"https:\/\/p31noticias.com.br\/?p=25793"},"modified":"2022-02-17T15:17:35","modified_gmt":"2022-02-17T18:17:35","slug":"ministro-da-saude-alerta-que-pais-nao-atingiu-pico-da-variante-omicron","status":"publish","type":"post","link":"https:\/\/www.p31noticias.com.br\/?p=25793","title":{"rendered":"Ministro da Sa\u00fade alerta que pa\u00eds n\u00e3o atingiu pico da variante \u00d4micron."},"content":{"rendered":"<h3 class=\"col-10 offset-1 animated fadeInDown dealy-900 display-8 display-md-8 alt-font font-italic my-1 text-center\" style=\"text-align: justify;\"><em><strong>Marcelo Queiroga enfatizou import\u00e2ncia do esquema vacinal completo.<\/strong><\/em><\/h3>\n<p style=\"text-align: justify;\">O ministro da Sa\u00fade, Marcelo Queiroga, afirmou que o Brasil ainda n\u00e3o chegou ao pico da nova onda da covid-19 causada pela variante \u00d4micron. No Brasil h\u00e1 cerca de dois meses, a nova cepa registrou, no fim<span id=\"OBJ_PREFIX_DWT1652_com_zimbra_date\" role=\"link\">\u00a0de janeiro<\/span>, 300 mil casos di\u00e1rios de infec\u00e7\u00f5es do coronav\u00edrus. &#8220;Analisando a \u00faltima semana epidemiol\u00f3gica do pa\u00eds, tivemos aumento de casos causado pela covid-19 e ainda n\u00e3o chegamos no pico da onda causada pela \u00d4micron. O enfrentamento contra a doen\u00e7a continua&#8221;, avaliou Queiroga nesse\u00a0<span id=\"OBJ_PREFIX_DWT1653_com_zimbra_date\" role=\"link\">s\u00e1bado<\/span>\u00a0(5), pelo\u00a0<a href=\"https:\/\/twitter.com\/mqueiroga2\/status\/1489963291170512896\" target=\"_blank\" rel=\"noopener\">Twitter<\/a><em>.<\/em><img decoding=\"async\" src=\"https:\/\/agenciabrasil.ebc.com.br\/ebc.png?id=1440683&amp;o=node\" \/><img decoding=\"async\" src=\"https:\/\/agenciabrasil.ebc.com.br\/ebc.gif?id=1440683&amp;o=node\" \/><\/p>\n<p style=\"text-align: justify;\">Ainda segundo o ministro da Sa\u00fade, a pasta monitora a press\u00e3o sobre o sistema de sa\u00fade e a ocupa\u00e7\u00e3o de leitos de unidade de terapia intensiva (UTI). &#8220;H\u00e1 espa\u00e7o para abertura de novos leitos e estamos apoiando os Estados sempre que necess\u00e1rio. A aten\u00e7\u00e3o prim\u00e1ria tamb\u00e9m tem sido refor\u00e7ada&#8221;, ressaltou.<\/p>\n<p style=\"text-align: justify;\">Na mesma postagem, Marcelo Queiroga enfatizou a import\u00e2ncia da vacina\u00e7\u00e3o para que os casos tenham sintomas mais leves. &#8220;Se voc\u00ea ainda n\u00e3o tomou a\u00a0<span id=\"OBJ_PREFIX_DWT1655_com_zimbra_date\" role=\"link\">segunda<\/span>\u00a0dose e a dose de refor\u00e7o, n\u00e3o esque\u00e7a de completar seu esquema vacinal\u201d, alertou.<\/p>\n<p style=\"text-align: justify;\">Ministerio da Saude\u00a0 Agencia Brasil.<\/p>\n<p>&nbsp;<\/p>\n","protected":false},"excerpt":{"rendered":"<p>Marcelo Queiroga enfatizou import\u00e2ncia do esquema vacinal completo. O ministro da Sa\u00fade, Marcelo Queiroga, afirmou que o Brasil ainda n\u00e3o chegou ao pico da nova onda da covid-19 causada pela variante \u00d4micron. No Brasil h\u00e1 cerca de dois meses, a nova cepa registrou, no fim\u00a0de janeiro, 300 mil casos di\u00e1rios de infec\u00e7\u00f5es do coronav\u00edrus. &#8220;Analisando [&hellip;]<\/p>\n","protected":false},"author":2,"featured_media":25794,"comment_status":"open","ping_status":"open","sticky":false,"template":"","format":"standard","meta":{"footnotes":""},"categories":[1],"tags":[],"class_list":{"0":"post-25793","1":"post","2":"type-post","3":"status-publish","4":"format-standard","5":"has-post-thumbnail","7":"category-outros"},"yoast_head":"<!-- This site is optimized with the Yoast SEO Premium plugin v24.5 (Yoast SEO v27.5) - https:\/\/yoast.com\/product\/yoast-seo-premium-wordpress\/ -->\n<title>Ministro da Sa\u00fade alerta que pa\u00eds n\u00e3o atingiu pico da variante \u00d4micron. - P31<\/title>\n<meta name=\"robots\" content=\"index, follow, max-snippet:-1, max-image-preview:large, max-video-preview:-1\" \/>\n<link rel=\"canonical\" href=\"https:\/\/www.p31noticias.com.br\/?p=25793\" \/>\n<meta property=\"og:locale\" content=\"pt_BR\" \/>\n<meta property=\"og:type\" content=\"article\" \/>\n<meta property=\"og:title\" content=\"Ministro da Sa\u00fade alerta que pa\u00eds n\u00e3o atingiu pico da variante \u00d4micron.\" \/>\n<meta property=\"og:description\" content=\"Marcelo Queiroga enfatizou import\u00e2ncia do esquema vacinal completo. O ministro da Sa\u00fade, Marcelo Queiroga, afirmou que o Brasil ainda n\u00e3o chegou ao pico da nova onda da covid-19 causada pela variante \u00d4micron. No Brasil h\u00e1 cerca de dois meses, a nova cepa registrou, no fim\u00a0de janeiro, 300 mil casos di\u00e1rios de infec\u00e7\u00f5es do coronav\u00edrus. &#8220;Analisando [&hellip;]\" \/>\n<meta property=\"og:url\" content=\"https:\/\/www.p31noticias.com.br\/?p=25793\" \/>\n<meta property=\"og:site_name\" content=\"P31\" \/>\n<meta property=\"article:published_time\" content=\"2022-02-07T01:38:30+00:00\" \/>\n<meta property=\"article:modified_time\" content=\"2022-02-17T18:17:35+00:00\" \/>\n<meta property=\"og:image\" content=\"https:\/\/www.p31noticias.com.br\/wp-content\/uploads\/2022\/02\/saude_assinatura_portaria_bahia_fcpzzb_abr_1901220179-1.jpg\" \/>\n\t<meta property=\"og:image:width\" content=\"1170\" \/>\n\t<meta property=\"og:image:height\" content=\"700\" \/>\n\t<meta property=\"og:image:type\" content=\"image\/jpeg\" \/>\n<meta name=\"author\" content=\"Gon\u00e7alves Junior\" \/>\n<meta name=\"twitter:card\" content=\"summary_large_image\" \/>\n<meta name=\"twitter:label1\" content=\"Escrito por\" \/>\n\t<meta name=\"twitter:data1\" content=\"Gon\u00e7alves Junior\" \/>\n\t<meta name=\"twitter:label2\" content=\"Est. tempo de leitura\" \/>\n\t<meta name=\"twitter:data2\" content=\"1 minuto\" \/>\n<script type=\"application\/ld+json\" class=\"yoast-schema-graph\">{\"@context\":\"https:\\\/\\\/schema.org\",\"@graph\":[{\"@type\":\"Article\",\"@id\":\"https:\\\/\\\/www.p31noticias.com.br\\\/?p=25793#article\",\"isPartOf\":{\"@id\":\"https:\\\/\\\/www.p31noticias.com.br\\\/?p=25793\"},\"author\":{\"name\":\"Gon\u00e7alves Junior\",\"@id\":\"https:\\\/\\\/www.p31noticias.com.br\\\/#\\\/schema\\\/person\\\/95f2ece30e3b4132065b915150cd0f94\"},\"headline\":\"Ministro da Sa\u00fade alerta que pa\u00eds n\u00e3o atingiu pico da variante \u00d4micron.\",\"datePublished\":\"2022-02-07T01:38:30+00:00\",\"dateModified\":\"2022-02-17T18:17:35+00:00\",\"mainEntityOfPage\":{\"@id\":\"https:\\\/\\\/www.p31noticias.com.br\\\/?p=25793\"},\"wordCount\":228,\"commentCount\":0,\"image\":{\"@id\":\"https:\\\/\\\/www.p31noticias.com.br\\\/?p=25793#primaryimage\"},\"thumbnailUrl\":\"https:\\\/\\\/www.p31noticias.com.br\\\/wp-content\\\/uploads\\\/2022\\\/02\\\/saude_assinatura_portaria_bahia_fcpzzb_abr_1901220179-1.jpg\",\"articleSection\":[\"Outros\"],\"inLanguage\":\"pt-BR\",\"potentialAction\":[{\"@type\":\"CommentAction\",\"name\":\"Comment\",\"target\":[\"https:\\\/\\\/www.p31noticias.com.br\\\/?p=25793#respond\"]}],\"copyrightYear\":\"2022\",\"copyrightHolder\":{\"@id\":\"https:\\\/\\\/www.p31noticias.com.br\\\/#organization\"}},{\"@type\":\"WebPage\",\"@id\":\"https:\\\/\\\/www.p31noticias.com.br\\\/?p=25793\",\"url\":\"https:\\\/\\\/www.p31noticias.com.br\\\/?p=25793\",\"name\":\"Ministro da Sa\u00fade alerta que pa\u00eds n\u00e3o atingiu pico da variante \u00d4micron. - P31\",\"isPartOf\":{\"@id\":\"https:\\\/\\\/www.p31noticias.com.br\\\/#website\"},\"primaryImageOfPage\":{\"@id\":\"https:\\\/\\\/www.p31noticias.com.br\\\/?p=25793#primaryimage\"},\"image\":{\"@id\":\"https:\\\/\\\/www.p31noticias.com.br\\\/?p=25793#primaryimage\"},\"thumbnailUrl\":\"https:\\\/\\\/www.p31noticias.com.br\\\/wp-content\\\/uploads\\\/2022\\\/02\\\/saude_assinatura_portaria_bahia_fcpzzb_abr_1901220179-1.jpg\",\"datePublished\":\"2022-02-07T01:38:30+00:00\",\"dateModified\":\"2022-02-17T18:17:35+00:00\",\"author\":{\"@id\":\"https:\\\/\\\/www.p31noticias.com.br\\\/#\\\/schema\\\/person\\\/95f2ece30e3b4132065b915150cd0f94\"},\"breadcrumb\":{\"@id\":\"https:\\\/\\\/www.p31noticias.com.br\\\/?p=25793#breadcrumb\"},\"inLanguage\":\"pt-BR\",\"potentialAction\":[{\"@type\":\"ReadAction\",\"target\":[\"https:\\\/\\\/www.p31noticias.com.br\\\/?p=25793\"]}]},{\"@type\":\"ImageObject\",\"inLanguage\":\"pt-BR\",\"@id\":\"https:\\\/\\\/www.p31noticias.com.br\\\/?p=25793#primaryimage\",\"url\":\"https:\\\/\\\/www.p31noticias.com.br\\\/wp-content\\\/uploads\\\/2022\\\/02\\\/saude_assinatura_portaria_bahia_fcpzzb_abr_1901220179-1.jpg\",\"contentUrl\":\"https:\\\/\\\/www.p31noticias.com.br\\\/wp-content\\\/uploads\\\/2022\\\/02\\\/saude_assinatura_portaria_bahia_fcpzzb_abr_1901220179-1.jpg\",\"width\":1170,\"height\":700,\"caption\":\"Assinatura portaria Bahia\"},{\"@type\":\"BreadcrumbList\",\"@id\":\"https:\\\/\\\/www.p31noticias.com.br\\\/?p=25793#breadcrumb\",\"itemListElement\":[{\"@type\":\"ListItem\",\"position\":1,\"name\":\"In\u00edcio\",\"item\":\"https:\\\/\\\/www.p31noticias.com.br\\\/\"},{\"@type\":\"ListItem\",\"position\":2,\"name\":\"Ministro da Sa\u00fade alerta que pa\u00eds n\u00e3o atingiu pico da variante \u00d4micron.\"}]},{\"@type\":\"WebSite\",\"@id\":\"https:\\\/\\\/www.p31noticias.com.br\\\/#website\",\"url\":\"https:\\\/\\\/www.p31noticias.com.br\\\/\",\"name\":\"P31\",\"description\":\"NOT\u00cdCIAS\",\"potentialAction\":[{\"@type\":\"SearchAction\",\"target\":{\"@type\":\"EntryPoint\",\"urlTemplate\":\"https:\\\/\\\/www.p31noticias.com.br\\\/?s={search_term_string}\"},\"query-input\":{\"@type\":\"PropertyValueSpecification\",\"valueRequired\":true,\"valueName\":\"search_term_string\"}}],\"inLanguage\":\"pt-BR\"},{\"@type\":\"Person\",\"@id\":\"https:\\\/\\\/www.p31noticias.com.br\\\/#\\\/schema\\\/person\\\/95f2ece30e3b4132065b915150cd0f94\",\"name\":\"Gon\u00e7alves Junior\",\"image\":{\"@type\":\"ImageObject\",\"inLanguage\":\"pt-BR\",\"@id\":\"https:\\\/\\\/secure.gravatar.com\\\/avatar\\\/6711f350116a89762687a48d66f723c799e5438a5b7578508d4294cd7a5d0800?s=96&d=mm&r=g\",\"url\":\"https:\\\/\\\/secure.gravatar.com\\\/avatar\\\/6711f350116a89762687a48d66f723c799e5438a5b7578508d4294cd7a5d0800?s=96&d=mm&r=g\",\"contentUrl\":\"https:\\\/\\\/secure.gravatar.com\\\/avatar\\\/6711f350116a89762687a48d66f723c799e5438a5b7578508d4294cd7a5d0800?s=96&d=mm&r=g\",\"caption\":\"Gon\u00e7alves Junior\"},\"url\":\"https:\\\/\\\/www.p31noticias.com.br\\\/?author=2\"}]}<\/script>\n<!-- \/ Yoast SEO Premium plugin. -->","yoast_head_json":{"title":"Ministro da Sa\u00fade alerta que pa\u00eds n\u00e3o atingiu pico da variante \u00d4micron. - P31","robots":{"index":"index","follow":"follow","max-snippet":"max-snippet:-1","max-image-preview":"max-image-preview:large","max-video-preview":"max-video-preview:-1"},"canonical":"https:\/\/www.p31noticias.com.br\/?p=25793","og_locale":"pt_BR","og_type":"article","og_title":"Ministro da Sa\u00fade alerta que pa\u00eds n\u00e3o atingiu pico da variante \u00d4micron.","og_description":"Marcelo Queiroga enfatizou import\u00e2ncia do esquema vacinal completo. O ministro da Sa\u00fade, Marcelo Queiroga, afirmou que o Brasil ainda n\u00e3o chegou ao pico da nova onda da covid-19 causada pela variante \u00d4micron. No Brasil h\u00e1 cerca de dois meses, a nova cepa registrou, no fim\u00a0de janeiro, 300 mil casos di\u00e1rios de infec\u00e7\u00f5es do coronav\u00edrus. &#8220;Analisando [&hellip;]","og_url":"https:\/\/www.p31noticias.com.br\/?p=25793","og_site_name":"P31","article_published_time":"2022-02-07T01:38:30+00:00","article_modified_time":"2022-02-17T18:17:35+00:00","og_image":[{"width":1170,"height":700,"url":"https:\/\/www.p31noticias.com.br\/wp-content\/uploads\/2022\/02\/saude_assinatura_portaria_bahia_fcpzzb_abr_1901220179-1.jpg","type":"image\/jpeg"}],"author":"Gon\u00e7alves Junior","twitter_card":"summary_large_image","twitter_misc":{"Escrito por":"Gon\u00e7alves Junior","Est. tempo de leitura":"1 minuto"},"schema":{"@context":"https:\/\/schema.org","@graph":[{"@type":"Article","@id":"https:\/\/www.p31noticias.com.br\/?p=25793#article","isPartOf":{"@id":"https:\/\/www.p31noticias.com.br\/?p=25793"},"author":{"name":"Gon\u00e7alves Junior","@id":"https:\/\/www.p31noticias.com.br\/#\/schema\/person\/95f2ece30e3b4132065b915150cd0f94"},"headline":"Ministro da Sa\u00fade alerta que pa\u00eds n\u00e3o atingiu pico da variante \u00d4micron.","datePublished":"2022-02-07T01:38:30+00:00","dateModified":"2022-02-17T18:17:35+00:00","mainEntityOfPage":{"@id":"https:\/\/www.p31noticias.com.br\/?p=25793"},"wordCount":228,"commentCount":0,"image":{"@id":"https:\/\/www.p31noticias.com.br\/?p=25793#primaryimage"},"thumbnailUrl":"https:\/\/www.p31noticias.com.br\/wp-content\/uploads\/2022\/02\/saude_assinatura_portaria_bahia_fcpzzb_abr_1901220179-1.jpg","articleSection":["Outros"],"inLanguage":"pt-BR","potentialAction":[{"@type":"CommentAction","name":"Comment","target":["https:\/\/www.p31noticias.com.br\/?p=25793#respond"]}],"copyrightYear":"2022","copyrightHolder":{"@id":"https:\/\/www.p31noticias.com.br\/#organization"}},{"@type":"WebPage","@id":"https:\/\/www.p31noticias.com.br\/?p=25793","url":"https:\/\/www.p31noticias.com.br\/?p=25793","name":"Ministro da Sa\u00fade alerta que pa\u00eds n\u00e3o atingiu pico da variante \u00d4micron. - P31","isPartOf":{"@id":"https:\/\/www.p31noticias.com.br\/#website"},"primaryImageOfPage":{"@id":"https:\/\/www.p31noticias.com.br\/?p=25793#primaryimage"},"image":{"@id":"https:\/\/www.p31noticias.com.br\/?p=25793#primaryimage"},"thumbnailUrl":"https:\/\/www.p31noticias.com.br\/wp-content\/uploads\/2022\/02\/saude_assinatura_portaria_bahia_fcpzzb_abr_1901220179-1.jpg","datePublished":"2022-02-07T01:38:30+00:00","dateModified":"2022-02-17T18:17:35+00:00","author":{"@id":"https:\/\/www.p31noticias.com.br\/#\/schema\/person\/95f2ece30e3b4132065b915150cd0f94"},"breadcrumb":{"@id":"https:\/\/www.p31noticias.com.br\/?p=25793#breadcrumb"},"inLanguage":"pt-BR","potentialAction":[{"@type":"ReadAction","target":["https:\/\/www.p31noticias.com.br\/?p=25793"]}]},{"@type":"ImageObject","inLanguage":"pt-BR","@id":"https:\/\/www.p31noticias.com.br\/?p=25793#primaryimage","url":"https:\/\/www.p31noticias.com.br\/wp-content\/uploads\/2022\/02\/saude_assinatura_portaria_bahia_fcpzzb_abr_1901220179-1.jpg","contentUrl":"https:\/\/www.p31noticias.com.br\/wp-content\/uploads\/2022\/02\/saude_assinatura_portaria_bahia_fcpzzb_abr_1901220179-1.jpg","width":1170,"height":700,"caption":"Assinatura portaria Bahia"},{"@type":"BreadcrumbList","@id":"https:\/\/www.p31noticias.com.br\/?p=25793#breadcrumb","itemListElement":[{"@type":"ListItem","position":1,"name":"In\u00edcio","item":"https:\/\/www.p31noticias.com.br\/"},{"@type":"ListItem","position":2,"name":"Ministro da Sa\u00fade alerta que pa\u00eds n\u00e3o atingiu pico da variante \u00d4micron."}]},{"@type":"WebSite","@id":"https:\/\/www.p31noticias.com.br\/#website","url":"https:\/\/www.p31noticias.com.br\/","name":"P31","description":"NOT\u00cdCIAS","potentialAction":[{"@type":"SearchAction","target":{"@type":"EntryPoint","urlTemplate":"https:\/\/www.p31noticias.com.br\/?s={search_term_string}"},"query-input":{"@type":"PropertyValueSpecification","valueRequired":true,"valueName":"search_term_string"}}],"inLanguage":"pt-BR"},{"@type":"Person","@id":"https:\/\/www.p31noticias.com.br\/#\/schema\/person\/95f2ece30e3b4132065b915150cd0f94","name":"Gon\u00e7alves Junior","image":{"@type":"ImageObject","inLanguage":"pt-BR","@id":"https:\/\/secure.gravatar.com\/avatar\/6711f350116a89762687a48d66f723c799e5438a5b7578508d4294cd7a5d0800?s=96&d=mm&r=g","url":"https:\/\/secure.gravatar.com\/avatar\/6711f350116a89762687a48d66f723c799e5438a5b7578508d4294cd7a5d0800?s=96&d=mm&r=g","contentUrl":"https:\/\/secure.gravatar.com\/avatar\/6711f350116a89762687a48d66f723c799e5438a5b7578508d4294cd7a5d0800?s=96&d=mm&r=g","caption":"Gon\u00e7alves Junior"},"url":"https:\/\/www.p31noticias.com.br\/?author=2"}]}},"amp_enabled":true,"_links":{"self":[{"href":"https:\/\/www.p31noticias.com.br\/index.php?rest_route=\/wp\/v2\/posts\/25793","targetHints":{"allow":["GET"]}}],"collection":[{"href":"https:\/\/www.p31noticias.com.br\/index.php?rest_route=\/wp\/v2\/posts"}],"about":[{"href":"https:\/\/www.p31noticias.com.br\/index.php?rest_route=\/wp\/v2\/types\/post"}],"author":[{"embeddable":true,"href":"https:\/\/www.p31noticias.com.br\/index.php?rest_route=\/wp\/v2\/users\/2"}],"replies":[{"embeddable":true,"href":"https:\/\/www.p31noticias.com.br\/index.php?rest_route=%2Fwp%2Fv2%2Fcomments&post=25793"}],"version-history":[{"count":1,"href":"https:\/\/www.p31noticias.com.br\/index.php?rest_route=\/wp\/v2\/posts\/25793\/revisions"}],"predecessor-version":[{"id":25795,"href":"https:\/\/www.p31noticias.com.br\/index.php?rest_route=\/wp\/v2\/posts\/25793\/revisions\/25795"}],"wp:featuredmedia":[{"embeddable":true,"href":"https:\/\/www.p31noticias.com.br\/index.php?rest_route=\/wp\/v2\/media\/25794"}],"wp:attachment":[{"href":"https:\/\/www.p31noticias.com.br\/index.php?rest_route=%2Fwp%2Fv2%2Fmedia&parent=25793"}],"wp:term":[{"taxonomy":"category","embeddable":true,"href":"https:\/\/www.p31noticias.com.br\/index.php?rest_route=%2Fwp%2Fv2%2Fcategories&post=25793"},{"taxonomy":"post_tag","embeddable":true,"href":"https:\/\/www.p31noticias.com.br\/index.php?rest_route=%2Fwp%2Fv2%2Ftags&post=25793"}],"curies":[{"name":"wp","href":"https:\/\/api.w.org\/{rel}","templated":true}]}}