{"id":24916,"date":"2021-12-22T07:22:18","date_gmt":"2021-12-22T10:22:18","guid":{"rendered":"https:\/\/p31noticias.com.br\/?p=24916"},"modified":"2022-02-17T15:17:35","modified_gmt":"2022-02-17T18:17:35","slug":"abertura-de-empresa-fica-mais-facil-no-distrito-federal","status":"publish","type":"post","link":"https:\/\/www.p31noticias.com.br\/?p=24916","title":{"rendered":"Abertura de empresa fica mais f\u00e1cil no Distrito Federal."},"content":{"rendered":"<h3 class=\"col-10 offset-1 animated fadeInDown dealy-900 display-8 display-md-8 alt-font font-italic my-1 text-center\" style=\"text-align: justify;\"><em><strong>Balc\u00e3o \u00danico na Junta Comercial simplifica processo.<\/strong><\/em><\/h3>\n<div class=\"post-item-wrap\">\n<p style=\"text-align: justify;\">Abrir uma empresa fica mais f\u00e1cil no Distrito Federal. Entrou em \u201cpleno funcionamento\u201d o Balc\u00e3o \u00danico na Junta Comercial. Por meio deste instrumento, &#8220;qualquer cidad\u00e3o pode abrir uma empresa de forma simplificada e autom\u00e1tica, reduzindo o tempo e os custos para abrir um neg\u00f3cio\u201d, conforme foi anunciado pelo Minist\u00e9rio da Economia.<\/p>\n<p>De acordo com a pasta, o\u00a0<a href=\"https:\/\/www.agenciabrasilia.df.gov.br\/2021\/11\/05\/novo-sistema-permite-abrir-uma-empresa-em-ate-2-horas\/\">Balc\u00e3o \u00danico<\/a>\u00a0j\u00e1 funciona em cinco estados, al\u00e9m do DF: S\u00e3o Paulo, Pernambuco, Bahia, Par\u00e1 e Rio Grande do Sul.<\/p>\n<p>\u201cCom o Balc\u00e3o \u00danico, tudo \u00e9 realizado em um s\u00f3 local. O empreendedor efetua o registro do neg\u00f3cio e j\u00e1 obt\u00e9m o n\u00famero do Cadastro Nacional de Pessoa Jur\u00eddica (CNPJ) para iniciar seu neg\u00f3cio, nos casos em que licen\u00e7as e alvar\u00e1s sejam dispensados e nos casos que permitem autodeclara\u00e7\u00e3o do usu\u00e1rio no cumprimento dos requisitos necess\u00e1rios para emiss\u00e3o autom\u00e1tica do alvar\u00e1\u201d, detalhou, em nota, o minist\u00e9rio.<img decoding=\"async\" src=\"https:\/\/agenciabrasil.ebc.com.br\/ebc.png?id=1433283&amp;o=node\" \/><img decoding=\"async\" src=\"https:\/\/agenciabrasil.ebc.com.br\/ebc.gif?id=1433283&amp;o=node\" \/><\/p>\n<h2 style=\"text-align: justify;\">Formul\u00e1rio \u00fanico<\/h2>\n<p style=\"text-align: justify;\">Os procedimentos s\u00e3o mais simples, se comparados aos processos burocr\u00e1ticos necess\u00e1rios para abertura de empresas, com os empreendedores tendo de entrar no portal da Junta Comercial e em diversas plataformas do governo federal e dos munic\u00edpios para fazer o registro e dar in\u00edcio ao funcionamento do pr\u00f3prio neg\u00f3cio.<\/p>\n<p>Segundo o Minist\u00e9rio da Economia, o Balc\u00e3o \u00danico integra os dados entre \u00f3rg\u00e3os de cada esfera do governo. \u201cA coleta de todos os dados necess\u00e1rios para a abertura e funcionamento de uma empresa \u00e9 feita atrav\u00e9s de formul\u00e1rio eletr\u00f4nico \u00fanico, pela internet. Assim, n\u00e3o \u00e9 preciso que o cidad\u00e3o fa\u00e7a deslocamentos ou enfrente filas, pois \u00e9 tudo on-line, com agilidade e sem burocracia\u201d.<\/p>\n<p>A nova tecnologia abrange nove juntas comerciais que integram o projeto Empreendedor Digital: Acre, Amap\u00e1, Amazonas, Cear\u00e1, Distrito Federal, Mato Grosso, Mato Grosso do Sul, Roraima e Rio Grande do Sul.<\/p>\n<h2 style=\"text-align: justify;\">Desburocratiza\u00e7\u00e3o<\/h2>\n<p style=\"text-align: justify;\">Ao anunciar a inten\u00e7\u00e3o de implementar o Balc\u00e3o \u00danico no DF, no in\u00edcio de novembro, o secret\u00e1rio-geral da Junta Comercial, Industrial e de Servi\u00e7os do Distrito Federal (Jucis-DF), Maxmiliam Patriota, disse que, com a desburocratiza\u00e7\u00e3o proporcionada pelo novo sistema, os empres\u00e1rios poder\u00e3o iniciar as atividades de forma autom\u00e1tica, \u201caumentando as chances de ser competitivo, de gerar renda e oportunidades. A rapidez \u00e9 essencial\u201d.<\/p>\n<p>Na \u00e9poca, a Jucis-DF informou que, com os procedimentos anal\u00f3gicos, o tempo m\u00e9dio de abertura de uma empresa era estimado entre 15 e 30 dias, e que, com a automatiza\u00e7\u00e3o dos procedimentos, os investimentos em sistemas digitais e a iminente chegada do Balc\u00e3o \u00danico, a estimativa era de que o mesmo processo passe a demorar entre uma e duas horas.<\/p>\n<p style=\"text-align: justify;\">Para abrir uma empresa no DF, o interessado deve acessar os servi\u00e7os da<a href=\"https:\/\/portalservicos.jucis.df.gov.br\/Portal\/pages\/principal.jsf\" target=\"_blank\" rel=\"noopener noreferrer\">\u00a0Junta Comercial<\/a>\u00a0da capital federal. O acesso ao servi\u00e7o \u00e9 poss\u00edvel por meio de uma\u00a0<a href=\"http:\/\/conta%20gov.br\/\">conta gov.br<\/a>.<\/p>\n<p style=\"text-align: justify;\">Edi\u00e7\u00e3o: N\u00e1dia Franco<\/p>\n<\/div>\n","protected":false},"excerpt":{"rendered":"<p>Balc\u00e3o \u00danico na Junta Comercial simplifica processo. Abrir uma empresa fica mais f\u00e1cil no Distrito Federal. Entrou em \u201cpleno funcionamento\u201d o Balc\u00e3o \u00danico na Junta Comercial. Por meio deste instrumento, &#8220;qualquer cidad\u00e3o pode abrir uma empresa de forma simplificada e autom\u00e1tica, reduzindo o tempo e os custos para abrir um neg\u00f3cio\u201d, conforme foi anunciado pelo [&hellip;]<\/p>\n","protected":false},"author":2,"featured_media":24917,"comment_status":"open","ping_status":"open","sticky":false,"template":"","format":"standard","meta":{"footnotes":""},"categories":[1],"tags":[],"class_list":{"0":"post-24916","1":"post","2":"type-post","3":"status-publish","4":"format-standard","5":"has-post-thumbnail","7":"category-outros"},"yoast_head":"<!-- This site is optimized with the Yoast SEO Premium plugin v24.5 (Yoast SEO v27.5) - https:\/\/yoast.com\/product\/yoast-seo-premium-wordpress\/ -->\n<title>Abertura de empresa fica mais f\u00e1cil no Distrito Federal. - P31<\/title>\n<meta name=\"robots\" content=\"index, follow, max-snippet:-1, max-image-preview:large, max-video-preview:-1\" \/>\n<link rel=\"canonical\" href=\"https:\/\/www.p31noticias.com.br\/?p=24916\" \/>\n<meta property=\"og:locale\" content=\"pt_BR\" \/>\n<meta property=\"og:type\" content=\"article\" \/>\n<meta property=\"og:title\" content=\"Abertura de empresa fica mais f\u00e1cil no Distrito Federal.\" \/>\n<meta property=\"og:description\" content=\"Balc\u00e3o \u00danico na Junta Comercial simplifica processo. Abrir uma empresa fica mais f\u00e1cil no Distrito Federal. Entrou em \u201cpleno funcionamento\u201d o Balc\u00e3o \u00danico na Junta Comercial. Por meio deste instrumento, &#8220;qualquer cidad\u00e3o pode abrir uma empresa de forma simplificada e autom\u00e1tica, reduzindo o tempo e os custos para abrir um neg\u00f3cio\u201d, conforme foi anunciado pelo [&hellip;]\" \/>\n<meta property=\"og:url\" content=\"https:\/\/www.p31noticias.com.br\/?p=24916\" \/>\n<meta property=\"og:site_name\" content=\"P31\" \/>\n<meta property=\"article:published_time\" content=\"2021-12-22T10:22:18+00:00\" \/>\n<meta property=\"article:modified_time\" content=\"2022-02-17T18:17:35+00:00\" \/>\n<meta property=\"og:image\" content=\"https:\/\/www.p31noticias.com.br\/wp-content\/uploads\/2021\/12\/download-13.jpg\" \/>\n\t<meta property=\"og:image:width\" content=\"260\" \/>\n\t<meta property=\"og:image:height\" content=\"194\" \/>\n\t<meta property=\"og:image:type\" content=\"image\/jpeg\" \/>\n<meta name=\"author\" content=\"Gon\u00e7alves Junior\" \/>\n<meta name=\"twitter:card\" content=\"summary_large_image\" \/>\n<meta name=\"twitter:label1\" content=\"Escrito por\" \/>\n\t<meta name=\"twitter:data1\" content=\"Gon\u00e7alves Junior\" \/>\n\t<meta name=\"twitter:label2\" content=\"Est. tempo de leitura\" \/>\n\t<meta name=\"twitter:data2\" content=\"3 minutos\" \/>\n<script type=\"application\/ld+json\" class=\"yoast-schema-graph\">{\"@context\":\"https:\\\/\\\/schema.org\",\"@graph\":[{\"@type\":\"Article\",\"@id\":\"https:\\\/\\\/www.p31noticias.com.br\\\/?p=24916#article\",\"isPartOf\":{\"@id\":\"https:\\\/\\\/www.p31noticias.com.br\\\/?p=24916\"},\"author\":{\"name\":\"Gon\u00e7alves Junior\",\"@id\":\"https:\\\/\\\/www.p31noticias.com.br\\\/#\\\/schema\\\/person\\\/95f2ece30e3b4132065b915150cd0f94\"},\"headline\":\"Abertura de empresa fica mais f\u00e1cil no Distrito Federal.\",\"datePublished\":\"2021-12-22T10:22:18+00:00\",\"dateModified\":\"2022-02-17T18:17:35+00:00\",\"mainEntityOfPage\":{\"@id\":\"https:\\\/\\\/www.p31noticias.com.br\\\/?p=24916\"},\"wordCount\":515,\"commentCount\":0,\"image\":{\"@id\":\"https:\\\/\\\/www.p31noticias.com.br\\\/?p=24916#primaryimage\"},\"thumbnailUrl\":\"https:\\\/\\\/www.p31noticias.com.br\\\/wp-content\\\/uploads\\\/2021\\\/12\\\/download-13.jpg\",\"articleSection\":[\"Outros\"],\"inLanguage\":\"pt-BR\",\"potentialAction\":[{\"@type\":\"CommentAction\",\"name\":\"Comment\",\"target\":[\"https:\\\/\\\/www.p31noticias.com.br\\\/?p=24916#respond\"]}],\"copyrightYear\":\"2021\",\"copyrightHolder\":{\"@id\":\"https:\\\/\\\/www.p31noticias.com.br\\\/#organization\"}},{\"@type\":\"WebPage\",\"@id\":\"https:\\\/\\\/www.p31noticias.com.br\\\/?p=24916\",\"url\":\"https:\\\/\\\/www.p31noticias.com.br\\\/?p=24916\",\"name\":\"Abertura de empresa fica mais f\u00e1cil no Distrito Federal. - P31\",\"isPartOf\":{\"@id\":\"https:\\\/\\\/www.p31noticias.com.br\\\/#website\"},\"primaryImageOfPage\":{\"@id\":\"https:\\\/\\\/www.p31noticias.com.br\\\/?p=24916#primaryimage\"},\"image\":{\"@id\":\"https:\\\/\\\/www.p31noticias.com.br\\\/?p=24916#primaryimage\"},\"thumbnailUrl\":\"https:\\\/\\\/www.p31noticias.com.br\\\/wp-content\\\/uploads\\\/2021\\\/12\\\/download-13.jpg\",\"datePublished\":\"2021-12-22T10:22:18+00:00\",\"dateModified\":\"2022-02-17T18:17:35+00:00\",\"author\":{\"@id\":\"https:\\\/\\\/www.p31noticias.com.br\\\/#\\\/schema\\\/person\\\/95f2ece30e3b4132065b915150cd0f94\"},\"breadcrumb\":{\"@id\":\"https:\\\/\\\/www.p31noticias.com.br\\\/?p=24916#breadcrumb\"},\"inLanguage\":\"pt-BR\",\"potentialAction\":[{\"@type\":\"ReadAction\",\"target\":[\"https:\\\/\\\/www.p31noticias.com.br\\\/?p=24916\"]}]},{\"@type\":\"ImageObject\",\"inLanguage\":\"pt-BR\",\"@id\":\"https:\\\/\\\/www.p31noticias.com.br\\\/?p=24916#primaryimage\",\"url\":\"https:\\\/\\\/www.p31noticias.com.br\\\/wp-content\\\/uploads\\\/2021\\\/12\\\/download-13.jpg\",\"contentUrl\":\"https:\\\/\\\/www.p31noticias.com.br\\\/wp-content\\\/uploads\\\/2021\\\/12\\\/download-13.jpg\",\"width\":260,\"height\":194},{\"@type\":\"BreadcrumbList\",\"@id\":\"https:\\\/\\\/www.p31noticias.com.br\\\/?p=24916#breadcrumb\",\"itemListElement\":[{\"@type\":\"ListItem\",\"position\":1,\"name\":\"In\u00edcio\",\"item\":\"https:\\\/\\\/www.p31noticias.com.br\\\/\"},{\"@type\":\"ListItem\",\"position\":2,\"name\":\"Abertura de empresa fica mais f\u00e1cil no Distrito Federal.\"}]},{\"@type\":\"WebSite\",\"@id\":\"https:\\\/\\\/www.p31noticias.com.br\\\/#website\",\"url\":\"https:\\\/\\\/www.p31noticias.com.br\\\/\",\"name\":\"P31\",\"description\":\"NOT\u00cdCIAS\",\"potentialAction\":[{\"@type\":\"SearchAction\",\"target\":{\"@type\":\"EntryPoint\",\"urlTemplate\":\"https:\\\/\\\/www.p31noticias.com.br\\\/?s={search_term_string}\"},\"query-input\":{\"@type\":\"PropertyValueSpecification\",\"valueRequired\":true,\"valueName\":\"search_term_string\"}}],\"inLanguage\":\"pt-BR\"},{\"@type\":\"Person\",\"@id\":\"https:\\\/\\\/www.p31noticias.com.br\\\/#\\\/schema\\\/person\\\/95f2ece30e3b4132065b915150cd0f94\",\"name\":\"Gon\u00e7alves Junior\",\"image\":{\"@type\":\"ImageObject\",\"inLanguage\":\"pt-BR\",\"@id\":\"https:\\\/\\\/secure.gravatar.com\\\/avatar\\\/6711f350116a89762687a48d66f723c799e5438a5b7578508d4294cd7a5d0800?s=96&d=mm&r=g\",\"url\":\"https:\\\/\\\/secure.gravatar.com\\\/avatar\\\/6711f350116a89762687a48d66f723c799e5438a5b7578508d4294cd7a5d0800?s=96&d=mm&r=g\",\"contentUrl\":\"https:\\\/\\\/secure.gravatar.com\\\/avatar\\\/6711f350116a89762687a48d66f723c799e5438a5b7578508d4294cd7a5d0800?s=96&d=mm&r=g\",\"caption\":\"Gon\u00e7alves Junior\"},\"url\":\"https:\\\/\\\/www.p31noticias.com.br\\\/?author=2\"}]}<\/script>\n<!-- \/ Yoast SEO Premium plugin. -->","yoast_head_json":{"title":"Abertura de empresa fica mais f\u00e1cil no Distrito Federal. - P31","robots":{"index":"index","follow":"follow","max-snippet":"max-snippet:-1","max-image-preview":"max-image-preview:large","max-video-preview":"max-video-preview:-1"},"canonical":"https:\/\/www.p31noticias.com.br\/?p=24916","og_locale":"pt_BR","og_type":"article","og_title":"Abertura de empresa fica mais f\u00e1cil no Distrito Federal.","og_description":"Balc\u00e3o \u00danico na Junta Comercial simplifica processo. Abrir uma empresa fica mais f\u00e1cil no Distrito Federal. Entrou em \u201cpleno funcionamento\u201d o Balc\u00e3o \u00danico na Junta Comercial. Por meio deste instrumento, &#8220;qualquer cidad\u00e3o pode abrir uma empresa de forma simplificada e autom\u00e1tica, reduzindo o tempo e os custos para abrir um neg\u00f3cio\u201d, conforme foi anunciado pelo [&hellip;]","og_url":"https:\/\/www.p31noticias.com.br\/?p=24916","og_site_name":"P31","article_published_time":"2021-12-22T10:22:18+00:00","article_modified_time":"2022-02-17T18:17:35+00:00","og_image":[{"width":260,"height":194,"url":"https:\/\/www.p31noticias.com.br\/wp-content\/uploads\/2021\/12\/download-13.jpg","type":"image\/jpeg"}],"author":"Gon\u00e7alves Junior","twitter_card":"summary_large_image","twitter_misc":{"Escrito por":"Gon\u00e7alves Junior","Est. tempo de leitura":"3 minutos"},"schema":{"@context":"https:\/\/schema.org","@graph":[{"@type":"Article","@id":"https:\/\/www.p31noticias.com.br\/?p=24916#article","isPartOf":{"@id":"https:\/\/www.p31noticias.com.br\/?p=24916"},"author":{"name":"Gon\u00e7alves Junior","@id":"https:\/\/www.p31noticias.com.br\/#\/schema\/person\/95f2ece30e3b4132065b915150cd0f94"},"headline":"Abertura de empresa fica mais f\u00e1cil no Distrito Federal.","datePublished":"2021-12-22T10:22:18+00:00","dateModified":"2022-02-17T18:17:35+00:00","mainEntityOfPage":{"@id":"https:\/\/www.p31noticias.com.br\/?p=24916"},"wordCount":515,"commentCount":0,"image":{"@id":"https:\/\/www.p31noticias.com.br\/?p=24916#primaryimage"},"thumbnailUrl":"https:\/\/www.p31noticias.com.br\/wp-content\/uploads\/2021\/12\/download-13.jpg","articleSection":["Outros"],"inLanguage":"pt-BR","potentialAction":[{"@type":"CommentAction","name":"Comment","target":["https:\/\/www.p31noticias.com.br\/?p=24916#respond"]}],"copyrightYear":"2021","copyrightHolder":{"@id":"https:\/\/www.p31noticias.com.br\/#organization"}},{"@type":"WebPage","@id":"https:\/\/www.p31noticias.com.br\/?p=24916","url":"https:\/\/www.p31noticias.com.br\/?p=24916","name":"Abertura de empresa fica mais f\u00e1cil no Distrito Federal. - P31","isPartOf":{"@id":"https:\/\/www.p31noticias.com.br\/#website"},"primaryImageOfPage":{"@id":"https:\/\/www.p31noticias.com.br\/?p=24916#primaryimage"},"image":{"@id":"https:\/\/www.p31noticias.com.br\/?p=24916#primaryimage"},"thumbnailUrl":"https:\/\/www.p31noticias.com.br\/wp-content\/uploads\/2021\/12\/download-13.jpg","datePublished":"2021-12-22T10:22:18+00:00","dateModified":"2022-02-17T18:17:35+00:00","author":{"@id":"https:\/\/www.p31noticias.com.br\/#\/schema\/person\/95f2ece30e3b4132065b915150cd0f94"},"breadcrumb":{"@id":"https:\/\/www.p31noticias.com.br\/?p=24916#breadcrumb"},"inLanguage":"pt-BR","potentialAction":[{"@type":"ReadAction","target":["https:\/\/www.p31noticias.com.br\/?p=24916"]}]},{"@type":"ImageObject","inLanguage":"pt-BR","@id":"https:\/\/www.p31noticias.com.br\/?p=24916#primaryimage","url":"https:\/\/www.p31noticias.com.br\/wp-content\/uploads\/2021\/12\/download-13.jpg","contentUrl":"https:\/\/www.p31noticias.com.br\/wp-content\/uploads\/2021\/12\/download-13.jpg","width":260,"height":194},{"@type":"BreadcrumbList","@id":"https:\/\/www.p31noticias.com.br\/?p=24916#breadcrumb","itemListElement":[{"@type":"ListItem","position":1,"name":"In\u00edcio","item":"https:\/\/www.p31noticias.com.br\/"},{"@type":"ListItem","position":2,"name":"Abertura de empresa fica mais f\u00e1cil no Distrito Federal."}]},{"@type":"WebSite","@id":"https:\/\/www.p31noticias.com.br\/#website","url":"https:\/\/www.p31noticias.com.br\/","name":"P31","description":"NOT\u00cdCIAS","potentialAction":[{"@type":"SearchAction","target":{"@type":"EntryPoint","urlTemplate":"https:\/\/www.p31noticias.com.br\/?s={search_term_string}"},"query-input":{"@type":"PropertyValueSpecification","valueRequired":true,"valueName":"search_term_string"}}],"inLanguage":"pt-BR"},{"@type":"Person","@id":"https:\/\/www.p31noticias.com.br\/#\/schema\/person\/95f2ece30e3b4132065b915150cd0f94","name":"Gon\u00e7alves Junior","image":{"@type":"ImageObject","inLanguage":"pt-BR","@id":"https:\/\/secure.gravatar.com\/avatar\/6711f350116a89762687a48d66f723c799e5438a5b7578508d4294cd7a5d0800?s=96&d=mm&r=g","url":"https:\/\/secure.gravatar.com\/avatar\/6711f350116a89762687a48d66f723c799e5438a5b7578508d4294cd7a5d0800?s=96&d=mm&r=g","contentUrl":"https:\/\/secure.gravatar.com\/avatar\/6711f350116a89762687a48d66f723c799e5438a5b7578508d4294cd7a5d0800?s=96&d=mm&r=g","caption":"Gon\u00e7alves Junior"},"url":"https:\/\/www.p31noticias.com.br\/?author=2"}]}},"amp_enabled":true,"_links":{"self":[{"href":"https:\/\/www.p31noticias.com.br\/index.php?rest_route=\/wp\/v2\/posts\/24916","targetHints":{"allow":["GET"]}}],"collection":[{"href":"https:\/\/www.p31noticias.com.br\/index.php?rest_route=\/wp\/v2\/posts"}],"about":[{"href":"https:\/\/www.p31noticias.com.br\/index.php?rest_route=\/wp\/v2\/types\/post"}],"author":[{"embeddable":true,"href":"https:\/\/www.p31noticias.com.br\/index.php?rest_route=\/wp\/v2\/users\/2"}],"replies":[{"embeddable":true,"href":"https:\/\/www.p31noticias.com.br\/index.php?rest_route=%2Fwp%2Fv2%2Fcomments&post=24916"}],"version-history":[{"count":1,"href":"https:\/\/www.p31noticias.com.br\/index.php?rest_route=\/wp\/v2\/posts\/24916\/revisions"}],"predecessor-version":[{"id":24918,"href":"https:\/\/www.p31noticias.com.br\/index.php?rest_route=\/wp\/v2\/posts\/24916\/revisions\/24918"}],"wp:featuredmedia":[{"embeddable":true,"href":"https:\/\/www.p31noticias.com.br\/index.php?rest_route=\/wp\/v2\/media\/24917"}],"wp:attachment":[{"href":"https:\/\/www.p31noticias.com.br\/index.php?rest_route=%2Fwp%2Fv2%2Fmedia&parent=24916"}],"wp:term":[{"taxonomy":"category","embeddable":true,"href":"https:\/\/www.p31noticias.com.br\/index.php?rest_route=%2Fwp%2Fv2%2Fcategories&post=24916"},{"taxonomy":"post_tag","embeddable":true,"href":"https:\/\/www.p31noticias.com.br\/index.php?rest_route=%2Fwp%2Fv2%2Ftags&post=24916"}],"curies":[{"name":"wp","href":"https:\/\/api.w.org\/{rel}","templated":true}]}}