{"id":24913,"date":"2021-12-22T07:13:19","date_gmt":"2021-12-22T10:13:19","guid":{"rendered":"https:\/\/p31noticias.com.br\/?p=24913"},"modified":"2022-02-17T15:17:35","modified_gmt":"2022-02-17T18:17:35","slug":"orcamento-de-2022-e-aprovado-pelo-congresso-nacional","status":"publish","type":"post","link":"https:\/\/www.p31noticias.com.br\/?p=24913","title":{"rendered":"Or\u00e7amento de 2022 \u00e9 aprovado pelo Congresso Nacional."},"content":{"rendered":"<h3 class=\"col-10 offset-1 animated fadeInDown dealy-900 display-8 display-md-8 alt-font font-italic my-1 text-center\"><em><strong>Texto segue para san\u00e7\u00e3o presidencial.<\/strong><\/em><\/h3>\n<p style=\"text-align: justify;\">O Congresso Nacional aprovou na noite desta ter\u00e7a-feira (21) o relat\u00f3rio final do projeto de lei or\u00e7ament\u00e1ria de 2022. A mat\u00e9ria segue para san\u00e7\u00e3o presidencial.<img decoding=\"async\" src=\"https:\/\/agenciabrasil.ebc.com.br\/ebc.png?id=1433406&amp;o=node\" \/><img decoding=\"async\" src=\"https:\/\/agenciabrasil.ebc.com.br\/ebc.gif?id=1433406&amp;o=node\" \/><\/p>\n<p style=\"text-align: justify;\">O Or\u00e7amento do ano que vem prev\u00ea valor total da despesa para 2022 de R$ 4,82 trilh\u00f5es, dos quais R$ 1,88 trilh\u00e3o refere-se ao refinanciamento da d\u00edvida p\u00fablica.<\/p>\n<p style=\"text-align: justify;\">O texto foi aprovado em sess\u00e3o separada do Congresso Nacional, como tem acontecido em virtude da pandemia de Covid-19.\u00a0<a href=\"https:\/\/agenciabrasil.ebc.com.br\/politica\/noticia\/2021-12\/camara-aprova-orcamento-para-2022\" target=\"_blank\" rel=\"noopener noreferrer\">Entre os deputados<\/a>, a proposta foi aprovada por 358 votos favor\u00e1veis e 97 contr\u00e1rios. No Senado, o texto passou por 51 votos a 20.<\/p>\n<p style=\"text-align: justify;\">O Or\u00e7amento para 2022 concede de mais R$ 2 bilh\u00f5es para reajuste de servidores do Poder Executivo, destina R$ 800 milh\u00f5es para o reajuste de agentes comunit\u00e1rios de sa\u00fade e fixa o Fundo Eleitoral em R$ 4,934 bilh\u00f5es. O aumento para os servidores j\u00e1 havia sido rejeitado pelo relator, deputado Hugo Leal (PSD-RJ), mas foi viabilizado ap\u00f3s acordo entre os parlamentares e cortes no Or\u00e7amento.<\/p>\n<p style=\"text-align: justify;\">O texto tamb\u00e9m prev\u00ea tem aumento para os recursos para educa\u00e7\u00e3o. O Or\u00e7amento prev\u00ea R$ 113,4 bilh\u00f5es na manuten\u00e7\u00e3o e no desenvolvimento do ensino em 2022. A complementa\u00e7\u00e3o da Uni\u00e3o ao Fundo Nacional da Educa\u00e7\u00e3o B\u00e1sica (Fundeb) ser\u00e1 de R$ 30,1 bilh\u00f5es.<\/p>\n<p style=\"text-align: justify;\">A proposta de Or\u00e7amento para 2022 estabelece o sal\u00e1rio m\u00ednimo no valor de R$ 1.210 para o pr\u00f3ximo ano. Esse montante representa aumento de 10,04% em rela\u00e7\u00e3o ao sal\u00e1rio m\u00ednimo atual de R$ 1,1 mil. A varia\u00e7\u00e3o corresponde \u00e0 proje\u00e7\u00e3o oficial da Secretaria de Pol\u00edtica Econ\u00f4mica (SPE) do Minist\u00e9rio da Economia para o \u00cdndice Nacional de Pre\u00e7os ao Consumidor (INPC) para este ano. O que indicaria mais um ano sem ganhos reais (reajuste acima da infla\u00e7\u00e3o).<\/p>\n<p style=\"text-align: justify;\">No projeto original do Poder Executivo, o financiamento de campanhas eleitorais teria R$ 2,1 bilh\u00f5es no ano que vem. O valor foi reajustado pelos parlamentares e, na primeira vers\u00e3o do relat\u00f3rio, seriam destinados R$ 5,1 bilh\u00f5es. O montante final que foi aprovado no Or\u00e7amento para o financiamento p\u00fablico para o pleito de 2022 foi R$ 4,9 bilh\u00f5es. Durante a vota\u00e7\u00e3o no Senado, parlamentares tentaram diminuir esse valor, mas foram derrotados.<\/p>\n<p style=\"text-align: justify;\">O Or\u00e7amento 2022 destina R$ 89 bilh\u00f5es para o pagamento do Aux\u00edlio Brasil, no valor de R$ 400 mensais por fam\u00edlia. No projeto original, enviado pelo Poder Executivo, destinava R$ 34,7 bilh\u00f5es. J\u00e1 as despesas com Sa\u00fade tiveram um crescimento de R$ 15 bilh\u00f5es em rela\u00e7\u00e3o \u00e0 proposta original encaminhada pelo Poder Executivo, chegando a mais de R$ 160 bilh\u00f5es.<\/p>\n<p style=\"text-align: justify;\">No relat\u00f3rio final, as emendas de relator somam R$ 16,5 bilh\u00f5es e v\u00e3o atender 30 programa\u00e7\u00f5es diferentes. As principais s\u00e3o custeio dos servi\u00e7os de aten\u00e7\u00e3o prim\u00e1ria \u00e0 sa\u00fade (R$ 4,68 bilh\u00f5es) e servi\u00e7os de assist\u00eancia hospitalar e ambulatorial (R$ 2,6 bilh\u00f5es).<\/p>\n<p>Agencia Brasil.<\/p>\n","protected":false},"excerpt":{"rendered":"<p>Texto segue para san\u00e7\u00e3o presidencial. O Congresso Nacional aprovou na noite desta ter\u00e7a-feira (21) o relat\u00f3rio final do projeto de lei or\u00e7ament\u00e1ria de 2022. A mat\u00e9ria segue para san\u00e7\u00e3o presidencial. O Or\u00e7amento do ano que vem prev\u00ea valor total da despesa para 2022 de R$ 4,82 trilh\u00f5es, dos quais R$ 1,88 trilh\u00e3o refere-se ao refinanciamento [&hellip;]<\/p>\n","protected":false},"author":2,"featured_media":24914,"comment_status":"open","ping_status":"open","sticky":false,"template":"","format":"standard","meta":{"footnotes":""},"categories":[1],"tags":[],"class_list":{"0":"post-24913","1":"post","2":"type-post","3":"status-publish","4":"format-standard","5":"has-post-thumbnail","7":"category-outros"},"yoast_head":"<!-- This site is optimized with the Yoast SEO Premium plugin v24.5 (Yoast SEO v27.5) - https:\/\/yoast.com\/product\/yoast-seo-premium-wordpress\/ -->\n<title>Or\u00e7amento de 2022 \u00e9 aprovado pelo Congresso Nacional. - P31<\/title>\n<meta name=\"robots\" content=\"index, follow, max-snippet:-1, max-image-preview:large, max-video-preview:-1\" \/>\n<link rel=\"canonical\" href=\"https:\/\/www.p31noticias.com.br\/?p=24913\" \/>\n<meta property=\"og:locale\" content=\"pt_BR\" \/>\n<meta property=\"og:type\" content=\"article\" \/>\n<meta property=\"og:title\" content=\"Or\u00e7amento de 2022 \u00e9 aprovado pelo Congresso Nacional.\" \/>\n<meta property=\"og:description\" content=\"Texto segue para san\u00e7\u00e3o presidencial. O Congresso Nacional aprovou na noite desta ter\u00e7a-feira (21) o relat\u00f3rio final do projeto de lei or\u00e7ament\u00e1ria de 2022. A mat\u00e9ria segue para san\u00e7\u00e3o presidencial. O Or\u00e7amento do ano que vem prev\u00ea valor total da despesa para 2022 de R$ 4,82 trilh\u00f5es, dos quais R$ 1,88 trilh\u00e3o refere-se ao refinanciamento [&hellip;]\" \/>\n<meta property=\"og:url\" content=\"https:\/\/www.p31noticias.com.br\/?p=24913\" \/>\n<meta property=\"og:site_name\" content=\"P31\" \/>\n<meta property=\"article:published_time\" content=\"2021-12-22T10:13:19+00:00\" \/>\n<meta property=\"article:modified_time\" content=\"2022-02-17T18:17:35+00:00\" \/>\n<meta property=\"og:image\" content=\"https:\/\/www.p31noticias.com.br\/wp-content\/uploads\/2021\/12\/51720347128_c31a721ed4_4k.jpg\" \/>\n\t<meta property=\"og:image:width\" content=\"1170\" \/>\n\t<meta property=\"og:image:height\" content=\"700\" \/>\n\t<meta property=\"og:image:type\" content=\"image\/jpeg\" \/>\n<meta name=\"author\" content=\"Gon\u00e7alves Junior\" \/>\n<meta name=\"twitter:card\" content=\"summary_large_image\" \/>\n<meta name=\"twitter:label1\" content=\"Escrito por\" \/>\n\t<meta name=\"twitter:data1\" content=\"Gon\u00e7alves Junior\" \/>\n\t<meta name=\"twitter:label2\" content=\"Est. tempo de leitura\" \/>\n\t<meta name=\"twitter:data2\" content=\"2 minutos\" \/>\n<script type=\"application\/ld+json\" class=\"yoast-schema-graph\">{\"@context\":\"https:\\\/\\\/schema.org\",\"@graph\":[{\"@type\":\"Article\",\"@id\":\"https:\\\/\\\/www.p31noticias.com.br\\\/?p=24913#article\",\"isPartOf\":{\"@id\":\"https:\\\/\\\/www.p31noticias.com.br\\\/?p=24913\"},\"author\":{\"name\":\"Gon\u00e7alves Junior\",\"@id\":\"https:\\\/\\\/www.p31noticias.com.br\\\/#\\\/schema\\\/person\\\/95f2ece30e3b4132065b915150cd0f94\"},\"headline\":\"Or\u00e7amento de 2022 \u00e9 aprovado pelo Congresso Nacional.\",\"datePublished\":\"2021-12-22T10:13:19+00:00\",\"dateModified\":\"2022-02-17T18:17:35+00:00\",\"mainEntityOfPage\":{\"@id\":\"https:\\\/\\\/www.p31noticias.com.br\\\/?p=24913\"},\"wordCount\":504,\"commentCount\":0,\"image\":{\"@id\":\"https:\\\/\\\/www.p31noticias.com.br\\\/?p=24913#primaryimage\"},\"thumbnailUrl\":\"https:\\\/\\\/www.p31noticias.com.br\\\/wp-content\\\/uploads\\\/2021\\\/12\\\/51720347128_c31a721ed4_4k.jpg\",\"articleSection\":[\"Outros\"],\"inLanguage\":\"pt-BR\",\"potentialAction\":[{\"@type\":\"CommentAction\",\"name\":\"Comment\",\"target\":[\"https:\\\/\\\/www.p31noticias.com.br\\\/?p=24913#respond\"]}],\"copyrightYear\":\"2021\",\"copyrightHolder\":{\"@id\":\"https:\\\/\\\/www.p31noticias.com.br\\\/#organization\"}},{\"@type\":\"WebPage\",\"@id\":\"https:\\\/\\\/www.p31noticias.com.br\\\/?p=24913\",\"url\":\"https:\\\/\\\/www.p31noticias.com.br\\\/?p=24913\",\"name\":\"Or\u00e7amento de 2022 \u00e9 aprovado pelo Congresso Nacional. - P31\",\"isPartOf\":{\"@id\":\"https:\\\/\\\/www.p31noticias.com.br\\\/#website\"},\"primaryImageOfPage\":{\"@id\":\"https:\\\/\\\/www.p31noticias.com.br\\\/?p=24913#primaryimage\"},\"image\":{\"@id\":\"https:\\\/\\\/www.p31noticias.com.br\\\/?p=24913#primaryimage\"},\"thumbnailUrl\":\"https:\\\/\\\/www.p31noticias.com.br\\\/wp-content\\\/uploads\\\/2021\\\/12\\\/51720347128_c31a721ed4_4k.jpg\",\"datePublished\":\"2021-12-22T10:13:19+00:00\",\"dateModified\":\"2022-02-17T18:17:35+00:00\",\"author\":{\"@id\":\"https:\\\/\\\/www.p31noticias.com.br\\\/#\\\/schema\\\/person\\\/95f2ece30e3b4132065b915150cd0f94\"},\"breadcrumb\":{\"@id\":\"https:\\\/\\\/www.p31noticias.com.br\\\/?p=24913#breadcrumb\"},\"inLanguage\":\"pt-BR\",\"potentialAction\":[{\"@type\":\"ReadAction\",\"target\":[\"https:\\\/\\\/www.p31noticias.com.br\\\/?p=24913\"]}]},{\"@type\":\"ImageObject\",\"inLanguage\":\"pt-BR\",\"@id\":\"https:\\\/\\\/www.p31noticias.com.br\\\/?p=24913#primaryimage\",\"url\":\"https:\\\/\\\/www.p31noticias.com.br\\\/wp-content\\\/uploads\\\/2021\\\/12\\\/51720347128_c31a721ed4_4k.jpg\",\"contentUrl\":\"https:\\\/\\\/www.p31noticias.com.br\\\/wp-content\\\/uploads\\\/2021\\\/12\\\/51720347128_c31a721ed4_4k.jpg\",\"width\":1170,\"height\":700},{\"@type\":\"BreadcrumbList\",\"@id\":\"https:\\\/\\\/www.p31noticias.com.br\\\/?p=24913#breadcrumb\",\"itemListElement\":[{\"@type\":\"ListItem\",\"position\":1,\"name\":\"In\u00edcio\",\"item\":\"https:\\\/\\\/www.p31noticias.com.br\\\/\"},{\"@type\":\"ListItem\",\"position\":2,\"name\":\"Or\u00e7amento de 2022 \u00e9 aprovado pelo Congresso Nacional.\"}]},{\"@type\":\"WebSite\",\"@id\":\"https:\\\/\\\/www.p31noticias.com.br\\\/#website\",\"url\":\"https:\\\/\\\/www.p31noticias.com.br\\\/\",\"name\":\"P31\",\"description\":\"NOT\u00cdCIAS\",\"potentialAction\":[{\"@type\":\"SearchAction\",\"target\":{\"@type\":\"EntryPoint\",\"urlTemplate\":\"https:\\\/\\\/www.p31noticias.com.br\\\/?s={search_term_string}\"},\"query-input\":{\"@type\":\"PropertyValueSpecification\",\"valueRequired\":true,\"valueName\":\"search_term_string\"}}],\"inLanguage\":\"pt-BR\"},{\"@type\":\"Person\",\"@id\":\"https:\\\/\\\/www.p31noticias.com.br\\\/#\\\/schema\\\/person\\\/95f2ece30e3b4132065b915150cd0f94\",\"name\":\"Gon\u00e7alves Junior\",\"image\":{\"@type\":\"ImageObject\",\"inLanguage\":\"pt-BR\",\"@id\":\"https:\\\/\\\/secure.gravatar.com\\\/avatar\\\/6711f350116a89762687a48d66f723c799e5438a5b7578508d4294cd7a5d0800?s=96&d=mm&r=g\",\"url\":\"https:\\\/\\\/secure.gravatar.com\\\/avatar\\\/6711f350116a89762687a48d66f723c799e5438a5b7578508d4294cd7a5d0800?s=96&d=mm&r=g\",\"contentUrl\":\"https:\\\/\\\/secure.gravatar.com\\\/avatar\\\/6711f350116a89762687a48d66f723c799e5438a5b7578508d4294cd7a5d0800?s=96&d=mm&r=g\",\"caption\":\"Gon\u00e7alves Junior\"},\"url\":\"https:\\\/\\\/www.p31noticias.com.br\\\/?author=2\"}]}<\/script>\n<!-- \/ Yoast SEO Premium plugin. -->","yoast_head_json":{"title":"Or\u00e7amento de 2022 \u00e9 aprovado pelo Congresso Nacional. - P31","robots":{"index":"index","follow":"follow","max-snippet":"max-snippet:-1","max-image-preview":"max-image-preview:large","max-video-preview":"max-video-preview:-1"},"canonical":"https:\/\/www.p31noticias.com.br\/?p=24913","og_locale":"pt_BR","og_type":"article","og_title":"Or\u00e7amento de 2022 \u00e9 aprovado pelo Congresso Nacional.","og_description":"Texto segue para san\u00e7\u00e3o presidencial. O Congresso Nacional aprovou na noite desta ter\u00e7a-feira (21) o relat\u00f3rio final do projeto de lei or\u00e7ament\u00e1ria de 2022. A mat\u00e9ria segue para san\u00e7\u00e3o presidencial. O Or\u00e7amento do ano que vem prev\u00ea valor total da despesa para 2022 de R$ 4,82 trilh\u00f5es, dos quais R$ 1,88 trilh\u00e3o refere-se ao refinanciamento [&hellip;]","og_url":"https:\/\/www.p31noticias.com.br\/?p=24913","og_site_name":"P31","article_published_time":"2021-12-22T10:13:19+00:00","article_modified_time":"2022-02-17T18:17:35+00:00","og_image":[{"width":1170,"height":700,"url":"https:\/\/www.p31noticias.com.br\/wp-content\/uploads\/2021\/12\/51720347128_c31a721ed4_4k.jpg","type":"image\/jpeg"}],"author":"Gon\u00e7alves Junior","twitter_card":"summary_large_image","twitter_misc":{"Escrito por":"Gon\u00e7alves Junior","Est. tempo de leitura":"2 minutos"},"schema":{"@context":"https:\/\/schema.org","@graph":[{"@type":"Article","@id":"https:\/\/www.p31noticias.com.br\/?p=24913#article","isPartOf":{"@id":"https:\/\/www.p31noticias.com.br\/?p=24913"},"author":{"name":"Gon\u00e7alves Junior","@id":"https:\/\/www.p31noticias.com.br\/#\/schema\/person\/95f2ece30e3b4132065b915150cd0f94"},"headline":"Or\u00e7amento de 2022 \u00e9 aprovado pelo Congresso Nacional.","datePublished":"2021-12-22T10:13:19+00:00","dateModified":"2022-02-17T18:17:35+00:00","mainEntityOfPage":{"@id":"https:\/\/www.p31noticias.com.br\/?p=24913"},"wordCount":504,"commentCount":0,"image":{"@id":"https:\/\/www.p31noticias.com.br\/?p=24913#primaryimage"},"thumbnailUrl":"https:\/\/www.p31noticias.com.br\/wp-content\/uploads\/2021\/12\/51720347128_c31a721ed4_4k.jpg","articleSection":["Outros"],"inLanguage":"pt-BR","potentialAction":[{"@type":"CommentAction","name":"Comment","target":["https:\/\/www.p31noticias.com.br\/?p=24913#respond"]}],"copyrightYear":"2021","copyrightHolder":{"@id":"https:\/\/www.p31noticias.com.br\/#organization"}},{"@type":"WebPage","@id":"https:\/\/www.p31noticias.com.br\/?p=24913","url":"https:\/\/www.p31noticias.com.br\/?p=24913","name":"Or\u00e7amento de 2022 \u00e9 aprovado pelo Congresso Nacional. - P31","isPartOf":{"@id":"https:\/\/www.p31noticias.com.br\/#website"},"primaryImageOfPage":{"@id":"https:\/\/www.p31noticias.com.br\/?p=24913#primaryimage"},"image":{"@id":"https:\/\/www.p31noticias.com.br\/?p=24913#primaryimage"},"thumbnailUrl":"https:\/\/www.p31noticias.com.br\/wp-content\/uploads\/2021\/12\/51720347128_c31a721ed4_4k.jpg","datePublished":"2021-12-22T10:13:19+00:00","dateModified":"2022-02-17T18:17:35+00:00","author":{"@id":"https:\/\/www.p31noticias.com.br\/#\/schema\/person\/95f2ece30e3b4132065b915150cd0f94"},"breadcrumb":{"@id":"https:\/\/www.p31noticias.com.br\/?p=24913#breadcrumb"},"inLanguage":"pt-BR","potentialAction":[{"@type":"ReadAction","target":["https:\/\/www.p31noticias.com.br\/?p=24913"]}]},{"@type":"ImageObject","inLanguage":"pt-BR","@id":"https:\/\/www.p31noticias.com.br\/?p=24913#primaryimage","url":"https:\/\/www.p31noticias.com.br\/wp-content\/uploads\/2021\/12\/51720347128_c31a721ed4_4k.jpg","contentUrl":"https:\/\/www.p31noticias.com.br\/wp-content\/uploads\/2021\/12\/51720347128_c31a721ed4_4k.jpg","width":1170,"height":700},{"@type":"BreadcrumbList","@id":"https:\/\/www.p31noticias.com.br\/?p=24913#breadcrumb","itemListElement":[{"@type":"ListItem","position":1,"name":"In\u00edcio","item":"https:\/\/www.p31noticias.com.br\/"},{"@type":"ListItem","position":2,"name":"Or\u00e7amento de 2022 \u00e9 aprovado pelo Congresso Nacional."}]},{"@type":"WebSite","@id":"https:\/\/www.p31noticias.com.br\/#website","url":"https:\/\/www.p31noticias.com.br\/","name":"P31","description":"NOT\u00cdCIAS","potentialAction":[{"@type":"SearchAction","target":{"@type":"EntryPoint","urlTemplate":"https:\/\/www.p31noticias.com.br\/?s={search_term_string}"},"query-input":{"@type":"PropertyValueSpecification","valueRequired":true,"valueName":"search_term_string"}}],"inLanguage":"pt-BR"},{"@type":"Person","@id":"https:\/\/www.p31noticias.com.br\/#\/schema\/person\/95f2ece30e3b4132065b915150cd0f94","name":"Gon\u00e7alves Junior","image":{"@type":"ImageObject","inLanguage":"pt-BR","@id":"https:\/\/secure.gravatar.com\/avatar\/6711f350116a89762687a48d66f723c799e5438a5b7578508d4294cd7a5d0800?s=96&d=mm&r=g","url":"https:\/\/secure.gravatar.com\/avatar\/6711f350116a89762687a48d66f723c799e5438a5b7578508d4294cd7a5d0800?s=96&d=mm&r=g","contentUrl":"https:\/\/secure.gravatar.com\/avatar\/6711f350116a89762687a48d66f723c799e5438a5b7578508d4294cd7a5d0800?s=96&d=mm&r=g","caption":"Gon\u00e7alves Junior"},"url":"https:\/\/www.p31noticias.com.br\/?author=2"}]}},"amp_enabled":true,"_links":{"self":[{"href":"https:\/\/www.p31noticias.com.br\/index.php?rest_route=\/wp\/v2\/posts\/24913","targetHints":{"allow":["GET"]}}],"collection":[{"href":"https:\/\/www.p31noticias.com.br\/index.php?rest_route=\/wp\/v2\/posts"}],"about":[{"href":"https:\/\/www.p31noticias.com.br\/index.php?rest_route=\/wp\/v2\/types\/post"}],"author":[{"embeddable":true,"href":"https:\/\/www.p31noticias.com.br\/index.php?rest_route=\/wp\/v2\/users\/2"}],"replies":[{"embeddable":true,"href":"https:\/\/www.p31noticias.com.br\/index.php?rest_route=%2Fwp%2Fv2%2Fcomments&post=24913"}],"version-history":[{"count":1,"href":"https:\/\/www.p31noticias.com.br\/index.php?rest_route=\/wp\/v2\/posts\/24913\/revisions"}],"predecessor-version":[{"id":24915,"href":"https:\/\/www.p31noticias.com.br\/index.php?rest_route=\/wp\/v2\/posts\/24913\/revisions\/24915"}],"wp:featuredmedia":[{"embeddable":true,"href":"https:\/\/www.p31noticias.com.br\/index.php?rest_route=\/wp\/v2\/media\/24914"}],"wp:attachment":[{"href":"https:\/\/www.p31noticias.com.br\/index.php?rest_route=%2Fwp%2Fv2%2Fmedia&parent=24913"}],"wp:term":[{"taxonomy":"category","embeddable":true,"href":"https:\/\/www.p31noticias.com.br\/index.php?rest_route=%2Fwp%2Fv2%2Fcategories&post=24913"},{"taxonomy":"post_tag","embeddable":true,"href":"https:\/\/www.p31noticias.com.br\/index.php?rest_route=%2Fwp%2Fv2%2Ftags&post=24913"}],"curies":[{"name":"wp","href":"https:\/\/api.w.org\/{rel}","templated":true}]}}