{"id":24908,"date":"2021-12-20T16:33:38","date_gmt":"2021-12-20T19:33:38","guid":{"rendered":"https:\/\/p31noticias.com.br\/?p=24908"},"modified":"2022-02-17T15:17:35","modified_gmt":"2022-02-17T18:17:35","slug":"campanha-natal-feliz-acao-liderada-por-zelio-maia-alegra-o-natal-de-familias-em-planaltina","status":"publish","type":"post","link":"https:\/\/www.p31noticias.com.br\/?p=24908","title":{"rendered":"CAMPANHA NATAL FELIZ &#8211; A\u00e7\u00e3o liderada por Z\u00e9lio Maia alegra o Natal de fam\u00edlias em Planaltina."},"content":{"rendered":"<p><em><b>Cerca de 500 crian\u00e7as de Planaltina receberam presentes de Natal em a\u00e7\u00e3o solid\u00e1ria liderada pelo Diretor-Geral do Detran-DF, Z\u00e9lio Maia.<\/b><\/em><\/p>\n<div>A atividade, realizada em parceria com a\u00a0<b>Administra\u00e7\u00e3o Regional de Planaltina\u00a0<\/b>e a\u00a0<b>Central \u00danica de Favelas<\/b>, contou com a presen\u00e7a de mais de mil pessoas. Para Z\u00e9lio Maia, o momento foi de recupera\u00e7\u00e3o do verdadeiro esp\u00edrito do Natal.<br \/>\n<b><i><\/i><\/b><\/p>\n<blockquote><p><b><i>&#8220;Quando estamos presentes na vida das pessoas, especialmente das que mais precisam, propagamos o verdadeiro sentido do Natal.<br \/>\n<\/i><\/b><b><i>Mais do que entregar brinquedos, estamos dizendo \u00e0s crian\u00e7as: acreditamos no seu sonho<\/i><\/b>.&#8221;<\/p><\/blockquote>\n<p><b>Z\u00c9LIO MAIA<br \/>\n<\/b>Diretor-Geral do Detran-DF<\/p>\n<p>Enquanto as m\u00e3es eram recepcionadas com mesa de caf\u00e9 da manh\u00e3, as crian\u00e7as receberam lanches e ganharam kit com jogos educativos para o tr\u00e2nsito. A programa\u00e7\u00e3o contou tamb\u00e9m com a\u00e7\u00f5es de educa\u00e7\u00e3o para o tr\u00e2nsito, atrav\u00e9s da apresenta\u00e7\u00e3o do teatro infantil e repentistas, al\u00e9m de brinquedos como pula-pula, cama el\u00e1stica e tobog\u00e3.<br \/>\nAl\u00e9m disso, foram distribu\u00eddas cestas b\u00e1sicas para as fam\u00edlias em situa\u00e7\u00e3o de vulnerabilidade social cadastradas pela CUFA\/Planaltina.<\/p>\n<p><b>PAPAI NOEL<br \/>\n<\/b><b>Ao final, a chegada do Papai Noel fez a alegria da crian\u00e7ada<\/b>.<\/p>\n<div class=\"separator\"><a href=\"https:\/\/blogger.googleusercontent.com\/img\/a\/AVvXsEhsSm6Xta-Wpj1CMK9WJVQdGWi9uRWncW1GeBpwrNkU4jxKIKVfw_X7TsBaty5RqOH8TuPn1vdpbnmBZVOh-zd6Fh-mg7iqnXYLzhnL2_0d-KrJXgY_93fvRLLWIQzkManCKdIdoyF1JFl_SjaqlOcOYDxJJEoOEDl45hhiPfchpcuPGX-8xB3372GMww=s1515\"><img decoding=\"async\" src=\"https:\/\/blogger.googleusercontent.com\/img\/a\/AVvXsEhsSm6Xta-Wpj1CMK9WJVQdGWi9uRWncW1GeBpwrNkU4jxKIKVfw_X7TsBaty5RqOH8TuPn1vdpbnmBZVOh-zd6Fh-mg7iqnXYLzhnL2_0d-KrJXgY_93fvRLLWIQzkManCKdIdoyF1JFl_SjaqlOcOYDxJJEoOEDl45hhiPfchpcuPGX-8xB3372GMww=s16000\" border=\"0\" data-original-height=\"858\" data-original-width=\"1515\" \/><\/a><\/div>\n<p>O Bom Velhinho chegou trazendo brinquedos e p\u00f4s fim \u00e0 ansiedade de meninos e meninas que come\u00e7am a viver agora a melhor \u00e9poca do ano. Centenas de crian\u00e7as fizeram fila para tirar fotos e ficar perto dele.<br \/>\n<b>Juliana Silva, coordenadora da CUFA\/Planaltina<\/b>, destacou a parceria da entidade com o Detran-DF.<\/div>\n<div><b><i><\/i><\/b><\/p>\n<blockquote><p><b><i>&#8220;Desde o in\u00edcio da pandemia, estamos atuando aqui na cidade e esta j\u00e1 \u00e9 a segunda vez que somos parceiros do Detran-DF em a\u00e7\u00f5es que trazem alento e esperan\u00e7a para as fam\u00edlias da cidade.<br \/>\n<\/i><\/b><b><i>Em nome da equipe, sinto-me muito feliz pelo trabalho incr\u00edvel que realizamos juntos.&#8221;<\/i><\/b><\/p><\/blockquote>\n<p><b>JULIANA SILVA<br \/>\n<\/b>Coordenadora da CUFA\/Planaltina<\/div>\n<div>\n<blockquote><p>&#8220;Esta campanha \u00e9 uma das mais bonitas que realizamos. \u00c9 muito gratificante ver o sorriso das crian\u00e7as e o carinho das suas m\u00e3es. Agrade\u00e7o ao apoio dos servidores do Detran-DF, empresas e cidad\u00e3os que tornaram isso poss\u00edvel.&#8221;<\/p><\/blockquote>\n<p><b>Z\u00c9LIO MAIA<br \/>\n<\/b>Diretor-Geral do Detran-DF<br \/>\n<b><i>\u00a0<\/i><\/b><\/div>\n<div>\n<div class=\"separator\"><a href=\"https:\/\/blogger.googleusercontent.com\/img\/a\/AVvXsEgsvBRru3jWzWoM6VEMmRnR9mYsgBLg9YL4INC_-2hn-H88GAcnXgKyqi_9nVjGpNj7BTtfR5_oeckjoHzqRnsHdUiQ61EJtyeTo8pGPGKJ1m_KDK3dq7MXMaKYae0_T4IHsSOH91YISh8ynU7kIuOMrHORKTAYw6I6jO_km8XPFyLNQk5J3_V1DYeviA=s1515\"><img decoding=\"async\" src=\"https:\/\/blogger.googleusercontent.com\/img\/a\/AVvXsEgsvBRru3jWzWoM6VEMmRnR9mYsgBLg9YL4INC_-2hn-H88GAcnXgKyqi_9nVjGpNj7BTtfR5_oeckjoHzqRnsHdUiQ61EJtyeTo8pGPGKJ1m_KDK3dq7MXMaKYae0_T4IHsSOH91YISh8ynU7kIuOMrHORKTAYw6I6jO_km8XPFyLNQk5J3_V1DYeviA=s16000\" border=\"0\" data-original-height=\"1515\" data-original-width=\"1515\" \/><\/a><\/div>\n<p><b><i><br \/>\n<\/i><\/b><b><i>Com informa\u00e7\u00f5es\/fotos das redes sociais do Detran-DF e Z\u00e9lio Maia.<\/i><\/b><\/div>\n","protected":false},"excerpt":{"rendered":"<p>Cerca de 500 crian\u00e7as de Planaltina receberam presentes de Natal em a\u00e7\u00e3o solid\u00e1ria liderada pelo Diretor-Geral do Detran-DF, Z\u00e9lio Maia. A atividade, realizada em parceria com a\u00a0Administra\u00e7\u00e3o Regional de Planaltina\u00a0e a\u00a0Central \u00danica de Favelas, contou com a presen\u00e7a de mais de mil pessoas. Para Z\u00e9lio Maia, o momento foi de recupera\u00e7\u00e3o do verdadeiro esp\u00edrito do [&hellip;]<\/p>\n","protected":false},"author":2,"featured_media":24910,"comment_status":"open","ping_status":"open","sticky":false,"template":"","format":"standard","meta":{"footnotes":""},"categories":[1],"tags":[],"class_list":{"0":"post-24908","1":"post","2":"type-post","3":"status-publish","4":"format-standard","5":"has-post-thumbnail","7":"category-outros"},"yoast_head":"<!-- This site is optimized with the Yoast SEO Premium plugin v24.5 (Yoast SEO v27.5) - https:\/\/yoast.com\/product\/yoast-seo-premium-wordpress\/ -->\n<title>CAMPANHA NATAL FELIZ - A\u00e7\u00e3o liderada por Z\u00e9lio Maia alegra o Natal de fam\u00edlias em Planaltina. - P31<\/title>\n<meta name=\"robots\" content=\"index, follow, max-snippet:-1, max-image-preview:large, max-video-preview:-1\" \/>\n<link rel=\"canonical\" href=\"https:\/\/www.p31noticias.com.br\/?p=24908\" \/>\n<meta property=\"og:locale\" content=\"pt_BR\" \/>\n<meta property=\"og:type\" content=\"article\" \/>\n<meta property=\"og:title\" content=\"CAMPANHA NATAL FELIZ - A\u00e7\u00e3o liderada por Z\u00e9lio Maia alegra o Natal de fam\u00edlias em Planaltina.\" \/>\n<meta property=\"og:description\" content=\"Cerca de 500 crian\u00e7as de Planaltina receberam presentes de Natal em a\u00e7\u00e3o solid\u00e1ria liderada pelo Diretor-Geral do Detran-DF, Z\u00e9lio Maia. A atividade, realizada em parceria com a\u00a0Administra\u00e7\u00e3o Regional de Planaltina\u00a0e a\u00a0Central \u00danica de Favelas, contou com a presen\u00e7a de mais de mil pessoas. Para Z\u00e9lio Maia, o momento foi de recupera\u00e7\u00e3o do verdadeiro esp\u00edrito do [&hellip;]\" \/>\n<meta property=\"og:url\" content=\"https:\/\/www.p31noticias.com.br\/?p=24908\" \/>\n<meta property=\"og:site_name\" content=\"P31\" \/>\n<meta property=\"article:published_time\" content=\"2021-12-20T19:33:38+00:00\" \/>\n<meta property=\"article:modified_time\" content=\"2022-02-17T18:17:35+00:00\" \/>\n<meta property=\"og:image\" content=\"https:\/\/www.p31noticias.com.br\/wp-content\/uploads\/2021\/12\/Z\u00c9LIO-MAIA-3.jpg\" \/>\n\t<meta property=\"og:image:width\" content=\"757\" \/>\n\t<meta property=\"og:image:height\" content=\"429\" \/>\n\t<meta property=\"og:image:type\" content=\"image\/jpeg\" \/>\n<meta name=\"author\" content=\"Gon\u00e7alves Junior\" \/>\n<meta name=\"twitter:card\" content=\"summary_large_image\" \/>\n<meta name=\"twitter:label1\" content=\"Escrito por\" \/>\n\t<meta name=\"twitter:data1\" content=\"Gon\u00e7alves Junior\" \/>\n\t<meta name=\"twitter:label2\" content=\"Est. tempo de leitura\" \/>\n\t<meta name=\"twitter:data2\" content=\"2 minutos\" \/>\n<script type=\"application\/ld+json\" class=\"yoast-schema-graph\">{\"@context\":\"https:\\\/\\\/schema.org\",\"@graph\":[{\"@type\":\"Article\",\"@id\":\"https:\\\/\\\/www.p31noticias.com.br\\\/?p=24908#article\",\"isPartOf\":{\"@id\":\"https:\\\/\\\/www.p31noticias.com.br\\\/?p=24908\"},\"author\":{\"name\":\"Gon\u00e7alves Junior\",\"@id\":\"https:\\\/\\\/www.p31noticias.com.br\\\/#\\\/schema\\\/person\\\/95f2ece30e3b4132065b915150cd0f94\"},\"headline\":\"CAMPANHA NATAL FELIZ &#8211; A\u00e7\u00e3o liderada por Z\u00e9lio Maia alegra o Natal de fam\u00edlias em Planaltina.\",\"datePublished\":\"2021-12-20T19:33:38+00:00\",\"dateModified\":\"2022-02-17T18:17:35+00:00\",\"mainEntityOfPage\":{\"@id\":\"https:\\\/\\\/www.p31noticias.com.br\\\/?p=24908\"},\"wordCount\":395,\"commentCount\":0,\"image\":{\"@id\":\"https:\\\/\\\/www.p31noticias.com.br\\\/?p=24908#primaryimage\"},\"thumbnailUrl\":\"https:\\\/\\\/www.p31noticias.com.br\\\/wp-content\\\/uploads\\\/2021\\\/12\\\/Z\u00c9LIO-MAIA-3.jpg\",\"articleSection\":[\"Outros\"],\"inLanguage\":\"pt-BR\",\"potentialAction\":[{\"@type\":\"CommentAction\",\"name\":\"Comment\",\"target\":[\"https:\\\/\\\/www.p31noticias.com.br\\\/?p=24908#respond\"]}],\"copyrightYear\":\"2021\",\"copyrightHolder\":{\"@id\":\"https:\\\/\\\/www.p31noticias.com.br\\\/#organization\"}},{\"@type\":\"WebPage\",\"@id\":\"https:\\\/\\\/www.p31noticias.com.br\\\/?p=24908\",\"url\":\"https:\\\/\\\/www.p31noticias.com.br\\\/?p=24908\",\"name\":\"CAMPANHA NATAL FELIZ - A\u00e7\u00e3o liderada por Z\u00e9lio Maia alegra o Natal de fam\u00edlias em Planaltina. - P31\",\"isPartOf\":{\"@id\":\"https:\\\/\\\/www.p31noticias.com.br\\\/#website\"},\"primaryImageOfPage\":{\"@id\":\"https:\\\/\\\/www.p31noticias.com.br\\\/?p=24908#primaryimage\"},\"image\":{\"@id\":\"https:\\\/\\\/www.p31noticias.com.br\\\/?p=24908#primaryimage\"},\"thumbnailUrl\":\"https:\\\/\\\/www.p31noticias.com.br\\\/wp-content\\\/uploads\\\/2021\\\/12\\\/Z\u00c9LIO-MAIA-3.jpg\",\"datePublished\":\"2021-12-20T19:33:38+00:00\",\"dateModified\":\"2022-02-17T18:17:35+00:00\",\"author\":{\"@id\":\"https:\\\/\\\/www.p31noticias.com.br\\\/#\\\/schema\\\/person\\\/95f2ece30e3b4132065b915150cd0f94\"},\"breadcrumb\":{\"@id\":\"https:\\\/\\\/www.p31noticias.com.br\\\/?p=24908#breadcrumb\"},\"inLanguage\":\"pt-BR\",\"potentialAction\":[{\"@type\":\"ReadAction\",\"target\":[\"https:\\\/\\\/www.p31noticias.com.br\\\/?p=24908\"]}]},{\"@type\":\"ImageObject\",\"inLanguage\":\"pt-BR\",\"@id\":\"https:\\\/\\\/www.p31noticias.com.br\\\/?p=24908#primaryimage\",\"url\":\"https:\\\/\\\/www.p31noticias.com.br\\\/wp-content\\\/uploads\\\/2021\\\/12\\\/Z\u00c9LIO-MAIA-3.jpg\",\"contentUrl\":\"https:\\\/\\\/www.p31noticias.com.br\\\/wp-content\\\/uploads\\\/2021\\\/12\\\/Z\u00c9LIO-MAIA-3.jpg\",\"width\":757,\"height\":429},{\"@type\":\"BreadcrumbList\",\"@id\":\"https:\\\/\\\/www.p31noticias.com.br\\\/?p=24908#breadcrumb\",\"itemListElement\":[{\"@type\":\"ListItem\",\"position\":1,\"name\":\"In\u00edcio\",\"item\":\"https:\\\/\\\/www.p31noticias.com.br\\\/\"},{\"@type\":\"ListItem\",\"position\":2,\"name\":\"CAMPANHA NATAL FELIZ &#8211; A\u00e7\u00e3o liderada por Z\u00e9lio Maia alegra o Natal de fam\u00edlias em Planaltina.\"}]},{\"@type\":\"WebSite\",\"@id\":\"https:\\\/\\\/www.p31noticias.com.br\\\/#website\",\"url\":\"https:\\\/\\\/www.p31noticias.com.br\\\/\",\"name\":\"P31\",\"description\":\"NOT\u00cdCIAS\",\"potentialAction\":[{\"@type\":\"SearchAction\",\"target\":{\"@type\":\"EntryPoint\",\"urlTemplate\":\"https:\\\/\\\/www.p31noticias.com.br\\\/?s={search_term_string}\"},\"query-input\":{\"@type\":\"PropertyValueSpecification\",\"valueRequired\":true,\"valueName\":\"search_term_string\"}}],\"inLanguage\":\"pt-BR\"},{\"@type\":\"Person\",\"@id\":\"https:\\\/\\\/www.p31noticias.com.br\\\/#\\\/schema\\\/person\\\/95f2ece30e3b4132065b915150cd0f94\",\"name\":\"Gon\u00e7alves Junior\",\"image\":{\"@type\":\"ImageObject\",\"inLanguage\":\"pt-BR\",\"@id\":\"https:\\\/\\\/secure.gravatar.com\\\/avatar\\\/6711f350116a89762687a48d66f723c799e5438a5b7578508d4294cd7a5d0800?s=96&d=mm&r=g\",\"url\":\"https:\\\/\\\/secure.gravatar.com\\\/avatar\\\/6711f350116a89762687a48d66f723c799e5438a5b7578508d4294cd7a5d0800?s=96&d=mm&r=g\",\"contentUrl\":\"https:\\\/\\\/secure.gravatar.com\\\/avatar\\\/6711f350116a89762687a48d66f723c799e5438a5b7578508d4294cd7a5d0800?s=96&d=mm&r=g\",\"caption\":\"Gon\u00e7alves Junior\"},\"url\":\"https:\\\/\\\/www.p31noticias.com.br\\\/?author=2\"}]}<\/script>\n<!-- \/ Yoast SEO Premium plugin. -->","yoast_head_json":{"title":"CAMPANHA NATAL FELIZ - A\u00e7\u00e3o liderada por Z\u00e9lio Maia alegra o Natal de fam\u00edlias em Planaltina. - P31","robots":{"index":"index","follow":"follow","max-snippet":"max-snippet:-1","max-image-preview":"max-image-preview:large","max-video-preview":"max-video-preview:-1"},"canonical":"https:\/\/www.p31noticias.com.br\/?p=24908","og_locale":"pt_BR","og_type":"article","og_title":"CAMPANHA NATAL FELIZ - A\u00e7\u00e3o liderada por Z\u00e9lio Maia alegra o Natal de fam\u00edlias em Planaltina.","og_description":"Cerca de 500 crian\u00e7as de Planaltina receberam presentes de Natal em a\u00e7\u00e3o solid\u00e1ria liderada pelo Diretor-Geral do Detran-DF, Z\u00e9lio Maia. A atividade, realizada em parceria com a\u00a0Administra\u00e7\u00e3o Regional de Planaltina\u00a0e a\u00a0Central \u00danica de Favelas, contou com a presen\u00e7a de mais de mil pessoas. Para Z\u00e9lio Maia, o momento foi de recupera\u00e7\u00e3o do verdadeiro esp\u00edrito do [&hellip;]","og_url":"https:\/\/www.p31noticias.com.br\/?p=24908","og_site_name":"P31","article_published_time":"2021-12-20T19:33:38+00:00","article_modified_time":"2022-02-17T18:17:35+00:00","og_image":[{"width":757,"height":429,"url":"https:\/\/www.p31noticias.com.br\/wp-content\/uploads\/2021\/12\/Z\u00c9LIO-MAIA-3.jpg","type":"image\/jpeg"}],"author":"Gon\u00e7alves Junior","twitter_card":"summary_large_image","twitter_misc":{"Escrito por":"Gon\u00e7alves Junior","Est. tempo de leitura":"2 minutos"},"schema":{"@context":"https:\/\/schema.org","@graph":[{"@type":"Article","@id":"https:\/\/www.p31noticias.com.br\/?p=24908#article","isPartOf":{"@id":"https:\/\/www.p31noticias.com.br\/?p=24908"},"author":{"name":"Gon\u00e7alves Junior","@id":"https:\/\/www.p31noticias.com.br\/#\/schema\/person\/95f2ece30e3b4132065b915150cd0f94"},"headline":"CAMPANHA NATAL FELIZ &#8211; A\u00e7\u00e3o liderada por Z\u00e9lio Maia alegra o Natal de fam\u00edlias em Planaltina.","datePublished":"2021-12-20T19:33:38+00:00","dateModified":"2022-02-17T18:17:35+00:00","mainEntityOfPage":{"@id":"https:\/\/www.p31noticias.com.br\/?p=24908"},"wordCount":395,"commentCount":0,"image":{"@id":"https:\/\/www.p31noticias.com.br\/?p=24908#primaryimage"},"thumbnailUrl":"https:\/\/www.p31noticias.com.br\/wp-content\/uploads\/2021\/12\/Z\u00c9LIO-MAIA-3.jpg","articleSection":["Outros"],"inLanguage":"pt-BR","potentialAction":[{"@type":"CommentAction","name":"Comment","target":["https:\/\/www.p31noticias.com.br\/?p=24908#respond"]}],"copyrightYear":"2021","copyrightHolder":{"@id":"https:\/\/www.p31noticias.com.br\/#organization"}},{"@type":"WebPage","@id":"https:\/\/www.p31noticias.com.br\/?p=24908","url":"https:\/\/www.p31noticias.com.br\/?p=24908","name":"CAMPANHA NATAL FELIZ - A\u00e7\u00e3o liderada por Z\u00e9lio Maia alegra o Natal de fam\u00edlias em Planaltina. - P31","isPartOf":{"@id":"https:\/\/www.p31noticias.com.br\/#website"},"primaryImageOfPage":{"@id":"https:\/\/www.p31noticias.com.br\/?p=24908#primaryimage"},"image":{"@id":"https:\/\/www.p31noticias.com.br\/?p=24908#primaryimage"},"thumbnailUrl":"https:\/\/www.p31noticias.com.br\/wp-content\/uploads\/2021\/12\/Z\u00c9LIO-MAIA-3.jpg","datePublished":"2021-12-20T19:33:38+00:00","dateModified":"2022-02-17T18:17:35+00:00","author":{"@id":"https:\/\/www.p31noticias.com.br\/#\/schema\/person\/95f2ece30e3b4132065b915150cd0f94"},"breadcrumb":{"@id":"https:\/\/www.p31noticias.com.br\/?p=24908#breadcrumb"},"inLanguage":"pt-BR","potentialAction":[{"@type":"ReadAction","target":["https:\/\/www.p31noticias.com.br\/?p=24908"]}]},{"@type":"ImageObject","inLanguage":"pt-BR","@id":"https:\/\/www.p31noticias.com.br\/?p=24908#primaryimage","url":"https:\/\/www.p31noticias.com.br\/wp-content\/uploads\/2021\/12\/Z\u00c9LIO-MAIA-3.jpg","contentUrl":"https:\/\/www.p31noticias.com.br\/wp-content\/uploads\/2021\/12\/Z\u00c9LIO-MAIA-3.jpg","width":757,"height":429},{"@type":"BreadcrumbList","@id":"https:\/\/www.p31noticias.com.br\/?p=24908#breadcrumb","itemListElement":[{"@type":"ListItem","position":1,"name":"In\u00edcio","item":"https:\/\/www.p31noticias.com.br\/"},{"@type":"ListItem","position":2,"name":"CAMPANHA NATAL FELIZ &#8211; A\u00e7\u00e3o liderada por Z\u00e9lio Maia alegra o Natal de fam\u00edlias em Planaltina."}]},{"@type":"WebSite","@id":"https:\/\/www.p31noticias.com.br\/#website","url":"https:\/\/www.p31noticias.com.br\/","name":"P31","description":"NOT\u00cdCIAS","potentialAction":[{"@type":"SearchAction","target":{"@type":"EntryPoint","urlTemplate":"https:\/\/www.p31noticias.com.br\/?s={search_term_string}"},"query-input":{"@type":"PropertyValueSpecification","valueRequired":true,"valueName":"search_term_string"}}],"inLanguage":"pt-BR"},{"@type":"Person","@id":"https:\/\/www.p31noticias.com.br\/#\/schema\/person\/95f2ece30e3b4132065b915150cd0f94","name":"Gon\u00e7alves Junior","image":{"@type":"ImageObject","inLanguage":"pt-BR","@id":"https:\/\/secure.gravatar.com\/avatar\/6711f350116a89762687a48d66f723c799e5438a5b7578508d4294cd7a5d0800?s=96&d=mm&r=g","url":"https:\/\/secure.gravatar.com\/avatar\/6711f350116a89762687a48d66f723c799e5438a5b7578508d4294cd7a5d0800?s=96&d=mm&r=g","contentUrl":"https:\/\/secure.gravatar.com\/avatar\/6711f350116a89762687a48d66f723c799e5438a5b7578508d4294cd7a5d0800?s=96&d=mm&r=g","caption":"Gon\u00e7alves Junior"},"url":"https:\/\/www.p31noticias.com.br\/?author=2"}]}},"amp_enabled":true,"_links":{"self":[{"href":"https:\/\/www.p31noticias.com.br\/index.php?rest_route=\/wp\/v2\/posts\/24908","targetHints":{"allow":["GET"]}}],"collection":[{"href":"https:\/\/www.p31noticias.com.br\/index.php?rest_route=\/wp\/v2\/posts"}],"about":[{"href":"https:\/\/www.p31noticias.com.br\/index.php?rest_route=\/wp\/v2\/types\/post"}],"author":[{"embeddable":true,"href":"https:\/\/www.p31noticias.com.br\/index.php?rest_route=\/wp\/v2\/users\/2"}],"replies":[{"embeddable":true,"href":"https:\/\/www.p31noticias.com.br\/index.php?rest_route=%2Fwp%2Fv2%2Fcomments&post=24908"}],"version-history":[{"count":2,"href":"https:\/\/www.p31noticias.com.br\/index.php?rest_route=\/wp\/v2\/posts\/24908\/revisions"}],"predecessor-version":[{"id":24911,"href":"https:\/\/www.p31noticias.com.br\/index.php?rest_route=\/wp\/v2\/posts\/24908\/revisions\/24911"}],"wp:featuredmedia":[{"embeddable":true,"href":"https:\/\/www.p31noticias.com.br\/index.php?rest_route=\/wp\/v2\/media\/24910"}],"wp:attachment":[{"href":"https:\/\/www.p31noticias.com.br\/index.php?rest_route=%2Fwp%2Fv2%2Fmedia&parent=24908"}],"wp:term":[{"taxonomy":"category","embeddable":true,"href":"https:\/\/www.p31noticias.com.br\/index.php?rest_route=%2Fwp%2Fv2%2Fcategories&post=24908"},{"taxonomy":"post_tag","embeddable":true,"href":"https:\/\/www.p31noticias.com.br\/index.php?rest_route=%2Fwp%2Fv2%2Ftags&post=24908"}],"curies":[{"name":"wp","href":"https:\/\/api.w.org\/{rel}","templated":true}]}}