{"id":24905,"date":"2021-12-17T12:52:27","date_gmt":"2021-12-17T15:52:27","guid":{"rendered":"https:\/\/p31noticias.com.br\/?p=24905"},"modified":"2022-02-17T15:17:35","modified_gmt":"2022-02-17T18:17:35","slug":"campanha-de-bolsonaro-busca-instituto-de-pesquisas-proprio","status":"publish","type":"post","link":"https:\/\/www.p31noticias.com.br\/?p=24905","title":{"rendered":"Campanha de Bolsonaro busca instituto de pesquisas pr\u00f3prio."},"content":{"rendered":"<p style=\"text-align: justify;\"><em><strong>\u00daltimos levantamentos divulgados colocam o presidente em desvantagem ante o ex-presidente Luiz In\u00e1cio Lula da Silva (PT).<\/strong><\/em><\/p>\n<p style=\"text-align: justify;\">Diante da sequ\u00eancia de pesquisas eleitorais que colocam\u00a0<a href=\"https:\/\/www.cnnbrasil.com.br\/tudo-sobre\/jair-bolsonaro\/\" target=\"_blank\" rel=\"noopener noreferrer\">Jair Bolsonaro (PL)<\/a>\u00a0em posi\u00e7\u00e3o muito distante do ex-presidente\u00a0<a href=\"https:\/\/www.cnnbrasil.com.br\/tudo-sobre\/luiz-inacio-lula-da-silva\/\" target=\"_blank\" rel=\"noopener noreferrer\">Luiz In\u00e1cio Lula da Silva (PT)<\/a>, aliados do presidente defenderam com ele a contrata\u00e7\u00e3o de um instituto pr\u00f3prio para as sondagens.<\/p>\n<p style=\"text-align: justify;\">O tema j\u00e1 foi tratado inclusive com\u00a0<a href=\"https:\/\/www.cnnbrasil.com.br\/tudo-sobre\/valdemar-costa-neto\/\" target=\"_blank\" rel=\"noopener noreferrer\">Valdemar da Costa Neto<\/a>, presidente do PL, partido ao qual Bolsonaro se filiou. Isso porque os recursos para pagar as pesquisas de inten\u00e7\u00e3o de voto n\u00e3o podem ser p\u00fablicos.<\/p>\n<p style=\"text-align: justify;\">O Paran\u00e1 Pesquisas \u00e9 um dos institutos que foram sondados. Em conversas com integrantes do governo, a avalia\u00e7\u00e3o dos pesquisadores do instituto \u00e9 a de que a diferen\u00e7a de Bolsonaro para Lula fica entre 6 e 10 pontos e que o presidente n\u00e3o tem menos de 25% das inten\u00e7\u00f5es de voto.<\/p>\n<p style=\"text-align: justify;\"><a href=\"https:\/\/www.cnnbrasil.com.br\/politica\/datafolha-lula-tem-48-das-intencoes-de-votos-bolsonaro-22-e-moro-9\/\" target=\"_blank\" rel=\"noopener noreferrer\">Pesquisa Datafolha publicada nesta quinta-feira coloca Lula com chances reais de vit\u00f3ria no primeiro turno<\/a>, com 48% das inten\u00e7\u00f5es de voto contra 21% de Bolsonaro.<\/p>\n<p style=\"text-align: justify;\">Integrantes do governo disseram \u00e0\u00a0<strong>CNN Brasil<\/strong> que a posi\u00e7\u00e3o do petista na sondagem est\u00e1 muito acima das que eles t\u00eam realizado, apostam que a elei\u00e7\u00e3o de 2022 ser\u00e1 em dois turnos e que n\u00e3o existe a possibilidade de Lula vencer no primeiro turno. A avalia\u00e7\u00e3o parte do princ\u00edpio que o petista n\u00e3o est\u00e1 se expondo e n\u00e3o tem sido alvo de ataques como os que Bolsonaro enfrenta diariamente.<\/p>\n<p style=\"text-align: justify;\">CNN Brasil.<\/p>\n","protected":false},"excerpt":{"rendered":"<p>\u00daltimos levantamentos divulgados colocam o presidente em desvantagem ante o ex-presidente Luiz In\u00e1cio Lula da Silva (PT). Diante da sequ\u00eancia de pesquisas eleitorais que colocam\u00a0Jair Bolsonaro (PL)\u00a0em posi\u00e7\u00e3o muito distante do ex-presidente\u00a0Luiz In\u00e1cio Lula da Silva (PT), aliados do presidente defenderam com ele a contrata\u00e7\u00e3o de um instituto pr\u00f3prio para as sondagens. O tema j\u00e1 [&hellip;]<\/p>\n","protected":false},"author":2,"featured_media":24906,"comment_status":"open","ping_status":"open","sticky":false,"template":"","format":"standard","meta":{"footnotes":""},"categories":[57],"tags":[],"class_list":{"0":"post-24905","1":"post","2":"type-post","3":"status-publish","4":"format-standard","5":"has-post-thumbnail","7":"category-politica"},"yoast_head":"<!-- This site is optimized with the Yoast SEO Premium plugin v24.5 (Yoast SEO v27.5) - https:\/\/yoast.com\/product\/yoast-seo-premium-wordpress\/ -->\n<title>Campanha de Bolsonaro busca instituto de pesquisas pr\u00f3prio. - P31<\/title>\n<meta name=\"robots\" content=\"index, follow, max-snippet:-1, max-image-preview:large, max-video-preview:-1\" \/>\n<link rel=\"canonical\" href=\"https:\/\/www.p31noticias.com.br\/?p=24905\" \/>\n<meta property=\"og:locale\" content=\"pt_BR\" \/>\n<meta property=\"og:type\" content=\"article\" \/>\n<meta property=\"og:title\" content=\"Campanha de Bolsonaro busca instituto de pesquisas pr\u00f3prio.\" \/>\n<meta property=\"og:description\" content=\"\u00daltimos levantamentos divulgados colocam o presidente em desvantagem ante o ex-presidente Luiz In\u00e1cio Lula da Silva (PT). Diante da sequ\u00eancia de pesquisas eleitorais que colocam\u00a0Jair Bolsonaro (PL)\u00a0em posi\u00e7\u00e3o muito distante do ex-presidente\u00a0Luiz In\u00e1cio Lula da Silva (PT), aliados do presidente defenderam com ele a contrata\u00e7\u00e3o de um instituto pr\u00f3prio para as sondagens. O tema j\u00e1 [&hellip;]\" \/>\n<meta property=\"og:url\" content=\"https:\/\/www.p31noticias.com.br\/?p=24905\" \/>\n<meta property=\"og:site_name\" content=\"P31\" \/>\n<meta property=\"article:published_time\" content=\"2021-12-17T15:52:27+00:00\" \/>\n<meta property=\"article:modified_time\" content=\"2022-02-17T18:17:35+00:00\" \/>\n<meta property=\"og:image\" content=\"https:\/\/www.p31noticias.com.br\/wp-content\/uploads\/2021\/12\/9VPdGJJz_400x400.jpg\" \/>\n\t<meta property=\"og:image:width\" content=\"399\" \/>\n\t<meta property=\"og:image:height\" content=\"399\" \/>\n\t<meta property=\"og:image:type\" content=\"image\/jpeg\" \/>\n<meta name=\"author\" content=\"Gon\u00e7alves Junior\" \/>\n<meta name=\"twitter:card\" content=\"summary_large_image\" \/>\n<meta name=\"twitter:label1\" content=\"Escrito por\" \/>\n\t<meta name=\"twitter:data1\" content=\"Gon\u00e7alves Junior\" \/>\n\t<meta name=\"twitter:label2\" content=\"Est. tempo de leitura\" \/>\n\t<meta name=\"twitter:data2\" content=\"1 minuto\" \/>\n<script type=\"application\/ld+json\" class=\"yoast-schema-graph\">{\"@context\":\"https:\\\/\\\/schema.org\",\"@graph\":[{\"@type\":\"Article\",\"@id\":\"https:\\\/\\\/www.p31noticias.com.br\\\/?p=24905#article\",\"isPartOf\":{\"@id\":\"https:\\\/\\\/www.p31noticias.com.br\\\/?p=24905\"},\"author\":{\"name\":\"Gon\u00e7alves Junior\",\"@id\":\"https:\\\/\\\/www.p31noticias.com.br\\\/#\\\/schema\\\/person\\\/95f2ece30e3b4132065b915150cd0f94\"},\"headline\":\"Campanha de Bolsonaro busca instituto de pesquisas pr\u00f3prio.\",\"datePublished\":\"2021-12-17T15:52:27+00:00\",\"dateModified\":\"2022-02-17T18:17:35+00:00\",\"mainEntityOfPage\":{\"@id\":\"https:\\\/\\\/www.p31noticias.com.br\\\/?p=24905\"},\"wordCount\":261,\"commentCount\":0,\"image\":{\"@id\":\"https:\\\/\\\/www.p31noticias.com.br\\\/?p=24905#primaryimage\"},\"thumbnailUrl\":\"https:\\\/\\\/www.p31noticias.com.br\\\/wp-content\\\/uploads\\\/2021\\\/12\\\/9VPdGJJz_400x400.jpg\",\"articleSection\":[\"Pol\u00edtica\"],\"inLanguage\":\"pt-BR\",\"potentialAction\":[{\"@type\":\"CommentAction\",\"name\":\"Comment\",\"target\":[\"https:\\\/\\\/www.p31noticias.com.br\\\/?p=24905#respond\"]}],\"copyrightYear\":\"2021\",\"copyrightHolder\":{\"@id\":\"https:\\\/\\\/www.p31noticias.com.br\\\/#organization\"}},{\"@type\":\"WebPage\",\"@id\":\"https:\\\/\\\/www.p31noticias.com.br\\\/?p=24905\",\"url\":\"https:\\\/\\\/www.p31noticias.com.br\\\/?p=24905\",\"name\":\"Campanha de Bolsonaro busca instituto de pesquisas pr\u00f3prio. - P31\",\"isPartOf\":{\"@id\":\"https:\\\/\\\/www.p31noticias.com.br\\\/#website\"},\"primaryImageOfPage\":{\"@id\":\"https:\\\/\\\/www.p31noticias.com.br\\\/?p=24905#primaryimage\"},\"image\":{\"@id\":\"https:\\\/\\\/www.p31noticias.com.br\\\/?p=24905#primaryimage\"},\"thumbnailUrl\":\"https:\\\/\\\/www.p31noticias.com.br\\\/wp-content\\\/uploads\\\/2021\\\/12\\\/9VPdGJJz_400x400.jpg\",\"datePublished\":\"2021-12-17T15:52:27+00:00\",\"dateModified\":\"2022-02-17T18:17:35+00:00\",\"author\":{\"@id\":\"https:\\\/\\\/www.p31noticias.com.br\\\/#\\\/schema\\\/person\\\/95f2ece30e3b4132065b915150cd0f94\"},\"breadcrumb\":{\"@id\":\"https:\\\/\\\/www.p31noticias.com.br\\\/?p=24905#breadcrumb\"},\"inLanguage\":\"pt-BR\",\"potentialAction\":[{\"@type\":\"ReadAction\",\"target\":[\"https:\\\/\\\/www.p31noticias.com.br\\\/?p=24905\"]}]},{\"@type\":\"ImageObject\",\"inLanguage\":\"pt-BR\",\"@id\":\"https:\\\/\\\/www.p31noticias.com.br\\\/?p=24905#primaryimage\",\"url\":\"https:\\\/\\\/www.p31noticias.com.br\\\/wp-content\\\/uploads\\\/2021\\\/12\\\/9VPdGJJz_400x400.jpg\",\"contentUrl\":\"https:\\\/\\\/www.p31noticias.com.br\\\/wp-content\\\/uploads\\\/2021\\\/12\\\/9VPdGJJz_400x400.jpg\",\"width\":399,\"height\":399},{\"@type\":\"BreadcrumbList\",\"@id\":\"https:\\\/\\\/www.p31noticias.com.br\\\/?p=24905#breadcrumb\",\"itemListElement\":[{\"@type\":\"ListItem\",\"position\":1,\"name\":\"In\u00edcio\",\"item\":\"https:\\\/\\\/www.p31noticias.com.br\\\/\"},{\"@type\":\"ListItem\",\"position\":2,\"name\":\"Campanha de Bolsonaro busca instituto de pesquisas pr\u00f3prio.\"}]},{\"@type\":\"WebSite\",\"@id\":\"https:\\\/\\\/www.p31noticias.com.br\\\/#website\",\"url\":\"https:\\\/\\\/www.p31noticias.com.br\\\/\",\"name\":\"P31\",\"description\":\"NOT\u00cdCIAS\",\"potentialAction\":[{\"@type\":\"SearchAction\",\"target\":{\"@type\":\"EntryPoint\",\"urlTemplate\":\"https:\\\/\\\/www.p31noticias.com.br\\\/?s={search_term_string}\"},\"query-input\":{\"@type\":\"PropertyValueSpecification\",\"valueRequired\":true,\"valueName\":\"search_term_string\"}}],\"inLanguage\":\"pt-BR\"},{\"@type\":\"Person\",\"@id\":\"https:\\\/\\\/www.p31noticias.com.br\\\/#\\\/schema\\\/person\\\/95f2ece30e3b4132065b915150cd0f94\",\"name\":\"Gon\u00e7alves Junior\",\"image\":{\"@type\":\"ImageObject\",\"inLanguage\":\"pt-BR\",\"@id\":\"https:\\\/\\\/secure.gravatar.com\\\/avatar\\\/6711f350116a89762687a48d66f723c799e5438a5b7578508d4294cd7a5d0800?s=96&d=mm&r=g\",\"url\":\"https:\\\/\\\/secure.gravatar.com\\\/avatar\\\/6711f350116a89762687a48d66f723c799e5438a5b7578508d4294cd7a5d0800?s=96&d=mm&r=g\",\"contentUrl\":\"https:\\\/\\\/secure.gravatar.com\\\/avatar\\\/6711f350116a89762687a48d66f723c799e5438a5b7578508d4294cd7a5d0800?s=96&d=mm&r=g\",\"caption\":\"Gon\u00e7alves Junior\"},\"url\":\"https:\\\/\\\/www.p31noticias.com.br\\\/?author=2\"}]}<\/script>\n<!-- \/ Yoast SEO Premium plugin. -->","yoast_head_json":{"title":"Campanha de Bolsonaro busca instituto de pesquisas pr\u00f3prio. - P31","robots":{"index":"index","follow":"follow","max-snippet":"max-snippet:-1","max-image-preview":"max-image-preview:large","max-video-preview":"max-video-preview:-1"},"canonical":"https:\/\/www.p31noticias.com.br\/?p=24905","og_locale":"pt_BR","og_type":"article","og_title":"Campanha de Bolsonaro busca instituto de pesquisas pr\u00f3prio.","og_description":"\u00daltimos levantamentos divulgados colocam o presidente em desvantagem ante o ex-presidente Luiz In\u00e1cio Lula da Silva (PT). Diante da sequ\u00eancia de pesquisas eleitorais que colocam\u00a0Jair Bolsonaro (PL)\u00a0em posi\u00e7\u00e3o muito distante do ex-presidente\u00a0Luiz In\u00e1cio Lula da Silva (PT), aliados do presidente defenderam com ele a contrata\u00e7\u00e3o de um instituto pr\u00f3prio para as sondagens. O tema j\u00e1 [&hellip;]","og_url":"https:\/\/www.p31noticias.com.br\/?p=24905","og_site_name":"P31","article_published_time":"2021-12-17T15:52:27+00:00","article_modified_time":"2022-02-17T18:17:35+00:00","og_image":[{"width":399,"height":399,"url":"https:\/\/www.p31noticias.com.br\/wp-content\/uploads\/2021\/12\/9VPdGJJz_400x400.jpg","type":"image\/jpeg"}],"author":"Gon\u00e7alves Junior","twitter_card":"summary_large_image","twitter_misc":{"Escrito por":"Gon\u00e7alves Junior","Est. tempo de leitura":"1 minuto"},"schema":{"@context":"https:\/\/schema.org","@graph":[{"@type":"Article","@id":"https:\/\/www.p31noticias.com.br\/?p=24905#article","isPartOf":{"@id":"https:\/\/www.p31noticias.com.br\/?p=24905"},"author":{"name":"Gon\u00e7alves Junior","@id":"https:\/\/www.p31noticias.com.br\/#\/schema\/person\/95f2ece30e3b4132065b915150cd0f94"},"headline":"Campanha de Bolsonaro busca instituto de pesquisas pr\u00f3prio.","datePublished":"2021-12-17T15:52:27+00:00","dateModified":"2022-02-17T18:17:35+00:00","mainEntityOfPage":{"@id":"https:\/\/www.p31noticias.com.br\/?p=24905"},"wordCount":261,"commentCount":0,"image":{"@id":"https:\/\/www.p31noticias.com.br\/?p=24905#primaryimage"},"thumbnailUrl":"https:\/\/www.p31noticias.com.br\/wp-content\/uploads\/2021\/12\/9VPdGJJz_400x400.jpg","articleSection":["Pol\u00edtica"],"inLanguage":"pt-BR","potentialAction":[{"@type":"CommentAction","name":"Comment","target":["https:\/\/www.p31noticias.com.br\/?p=24905#respond"]}],"copyrightYear":"2021","copyrightHolder":{"@id":"https:\/\/www.p31noticias.com.br\/#organization"}},{"@type":"WebPage","@id":"https:\/\/www.p31noticias.com.br\/?p=24905","url":"https:\/\/www.p31noticias.com.br\/?p=24905","name":"Campanha de Bolsonaro busca instituto de pesquisas pr\u00f3prio. - P31","isPartOf":{"@id":"https:\/\/www.p31noticias.com.br\/#website"},"primaryImageOfPage":{"@id":"https:\/\/www.p31noticias.com.br\/?p=24905#primaryimage"},"image":{"@id":"https:\/\/www.p31noticias.com.br\/?p=24905#primaryimage"},"thumbnailUrl":"https:\/\/www.p31noticias.com.br\/wp-content\/uploads\/2021\/12\/9VPdGJJz_400x400.jpg","datePublished":"2021-12-17T15:52:27+00:00","dateModified":"2022-02-17T18:17:35+00:00","author":{"@id":"https:\/\/www.p31noticias.com.br\/#\/schema\/person\/95f2ece30e3b4132065b915150cd0f94"},"breadcrumb":{"@id":"https:\/\/www.p31noticias.com.br\/?p=24905#breadcrumb"},"inLanguage":"pt-BR","potentialAction":[{"@type":"ReadAction","target":["https:\/\/www.p31noticias.com.br\/?p=24905"]}]},{"@type":"ImageObject","inLanguage":"pt-BR","@id":"https:\/\/www.p31noticias.com.br\/?p=24905#primaryimage","url":"https:\/\/www.p31noticias.com.br\/wp-content\/uploads\/2021\/12\/9VPdGJJz_400x400.jpg","contentUrl":"https:\/\/www.p31noticias.com.br\/wp-content\/uploads\/2021\/12\/9VPdGJJz_400x400.jpg","width":399,"height":399},{"@type":"BreadcrumbList","@id":"https:\/\/www.p31noticias.com.br\/?p=24905#breadcrumb","itemListElement":[{"@type":"ListItem","position":1,"name":"In\u00edcio","item":"https:\/\/www.p31noticias.com.br\/"},{"@type":"ListItem","position":2,"name":"Campanha de Bolsonaro busca instituto de pesquisas pr\u00f3prio."}]},{"@type":"WebSite","@id":"https:\/\/www.p31noticias.com.br\/#website","url":"https:\/\/www.p31noticias.com.br\/","name":"P31","description":"NOT\u00cdCIAS","potentialAction":[{"@type":"SearchAction","target":{"@type":"EntryPoint","urlTemplate":"https:\/\/www.p31noticias.com.br\/?s={search_term_string}"},"query-input":{"@type":"PropertyValueSpecification","valueRequired":true,"valueName":"search_term_string"}}],"inLanguage":"pt-BR"},{"@type":"Person","@id":"https:\/\/www.p31noticias.com.br\/#\/schema\/person\/95f2ece30e3b4132065b915150cd0f94","name":"Gon\u00e7alves Junior","image":{"@type":"ImageObject","inLanguage":"pt-BR","@id":"https:\/\/secure.gravatar.com\/avatar\/6711f350116a89762687a48d66f723c799e5438a5b7578508d4294cd7a5d0800?s=96&d=mm&r=g","url":"https:\/\/secure.gravatar.com\/avatar\/6711f350116a89762687a48d66f723c799e5438a5b7578508d4294cd7a5d0800?s=96&d=mm&r=g","contentUrl":"https:\/\/secure.gravatar.com\/avatar\/6711f350116a89762687a48d66f723c799e5438a5b7578508d4294cd7a5d0800?s=96&d=mm&r=g","caption":"Gon\u00e7alves Junior"},"url":"https:\/\/www.p31noticias.com.br\/?author=2"}]}},"amp_enabled":true,"_links":{"self":[{"href":"https:\/\/www.p31noticias.com.br\/index.php?rest_route=\/wp\/v2\/posts\/24905","targetHints":{"allow":["GET"]}}],"collection":[{"href":"https:\/\/www.p31noticias.com.br\/index.php?rest_route=\/wp\/v2\/posts"}],"about":[{"href":"https:\/\/www.p31noticias.com.br\/index.php?rest_route=\/wp\/v2\/types\/post"}],"author":[{"embeddable":true,"href":"https:\/\/www.p31noticias.com.br\/index.php?rest_route=\/wp\/v2\/users\/2"}],"replies":[{"embeddable":true,"href":"https:\/\/www.p31noticias.com.br\/index.php?rest_route=%2Fwp%2Fv2%2Fcomments&post=24905"}],"version-history":[{"count":1,"href":"https:\/\/www.p31noticias.com.br\/index.php?rest_route=\/wp\/v2\/posts\/24905\/revisions"}],"predecessor-version":[{"id":24907,"href":"https:\/\/www.p31noticias.com.br\/index.php?rest_route=\/wp\/v2\/posts\/24905\/revisions\/24907"}],"wp:featuredmedia":[{"embeddable":true,"href":"https:\/\/www.p31noticias.com.br\/index.php?rest_route=\/wp\/v2\/media\/24906"}],"wp:attachment":[{"href":"https:\/\/www.p31noticias.com.br\/index.php?rest_route=%2Fwp%2Fv2%2Fmedia&parent=24905"}],"wp:term":[{"taxonomy":"category","embeddable":true,"href":"https:\/\/www.p31noticias.com.br\/index.php?rest_route=%2Fwp%2Fv2%2Fcategories&post=24905"},{"taxonomy":"post_tag","embeddable":true,"href":"https:\/\/www.p31noticias.com.br\/index.php?rest_route=%2Fwp%2Fv2%2Ftags&post=24905"}],"curies":[{"name":"wp","href":"https:\/\/api.w.org\/{rel}","templated":true}]}}