{"id":24902,"date":"2021-12-17T12:43:02","date_gmt":"2021-12-17T15:43:02","guid":{"rendered":"https:\/\/p31noticias.com.br\/?p=24902"},"modified":"2022-02-17T15:17:35","modified_gmt":"2022-02-17T18:17:35","slug":"processos-de-veiculos-no-detran-so-ate-o-dia-23-de-dezembro","status":"publish","type":"post","link":"https:\/\/www.p31noticias.com.br\/?p=24902","title":{"rendered":"Processos de ve\u00edculos no Detran s\u00f3 at\u00e9 o dia 23 de dezembro."},"content":{"rendered":"<p style=\"text-align: justify;\"><em><strong>Medida se d\u00e1 para que todas as a\u00e7\u00f5es recebidas sejam finalizadas antes da virada do ano.<\/strong><\/em><\/p>\n<p style=\"text-align: justify;\">O Departamento de Tr\u00e2nsito do Distrito Federal (Detran-DF) vai receber processos de ve\u00edculos, que se originam de procedimentos que envolvem a realiza\u00e7\u00e3o de vistoria veicular ou que terminem na emiss\u00e3o de um novo n\u00famero de Certificado de Registro Veicular Eletr\u00f4nico (CRV-e), somente at\u00e9 a quinta-feira (23), das 7h \u00e0s 17h, nas unidades relacionadas a seguir:<\/p>\n<p style=\"text-align: justify;\">a) Ger\u00eancia Regional de Tr\u00e2nsito de Bras\u00edlia (Getran I), localizada no Parque Ferrovi\u00e1rio de Bras\u00edlia, Shopping Popular;<br \/>\nb) Ger\u00eancia Regional de Tr\u00e2nsito de Taguatinga (Getran II), localizada no Setor de Ind\u00fastrias Gr\u00e1ficas de Taguatinga AE 02 \u2013 Taguatinga Norte;<br \/>\nc) Ger\u00eancia Regional de Tr\u00e2nsito de Parano\u00e1 (Getran IV), localizada na Quadra 04 Conjunto B Lotes 03\/04<br \/>\nd) Ger\u00eancia Regional de Tr\u00e2nsito de Gama (Getran V), localizada na Avenida Contorno Lote 03, Setor Norte;<br \/>\ne) Ger\u00eancia Regional de Tr\u00e2nsito de Sobradinho (Getran VI), localizada na Quadra 14 AE 29\/30;<br \/>\nf) N\u00facleo Regional de Tr\u00e2nsito de Planaltina (Nutran II), localizado na Avenida Independ\u00eancia Quadra 121 Loja 08;<br \/>\ng) N\u00facleo Regional de Tr\u00e2nsito de Brazl\u00e2ndia (Nutran III), localizado na \u00c1rea Especial 01 Sul Lotes 02\/05;<br \/>\nh) N\u00facleo Regional de Tr\u00e2nsito do Recanto das Emas (Nutran IV), localizado na Avenida Recanto Quadra 106 Lote 15.<\/p>\n<p style=\"text-align: justify;\">A medida \u00e9 necess\u00e1ria para que o esfor\u00e7o nos guich\u00eas de atendimento ou na Diretoria de Tecnologia de Informa\u00e7\u00e3o e Comunica\u00e7\u00e3o (Dirtec) seja concentrado na conclus\u00e3o dos processos ainda dentro do exerc\u00edcio de 2021, de forma que os processos recebidos sejam finalizados antes da virada do ano.<\/p>\n<p style=\"text-align: justify;\">O propriet\u00e1rio do ve\u00edculo deve ficar atento aos documentos pedidos, pois a papelada incompleta ou a exist\u00eancia de d\u00e9bitos, pend\u00eancias financeiras, bloqueios e restri\u00e7\u00f5es judiciais ou administrativas impossibilitam a conclus\u00e3o do servi\u00e7o.<\/p>\n<p style=\"text-align: justify;\">Vale destacar que, neste per\u00edodo de fim de ano, h\u00e1 consider\u00e1vel aumento da demanda de servi\u00e7os de ve\u00edculos, em torno de 40%, principalmente para casos de transfer\u00eancia de propriedade e mudan\u00e7a de registro do ve\u00edculo de Unidade da Federa\u00e7\u00e3o, servi\u00e7os para os quais \u00e9 exigido o pagamento antecipado dos d\u00e9bitos do exerc\u00edcio vigente, por for\u00e7a do artigo 16, inciso V, do Decreto n\u00ba 34.024\/2012.<\/p>\n<p style=\"text-align: justify;\"><em>* Com informa\u00e7\u00f5es do Detran-DF<\/em><\/p>\n","protected":false},"excerpt":{"rendered":"<p>Medida se d\u00e1 para que todas as a\u00e7\u00f5es recebidas sejam finalizadas antes da virada do ano. O Departamento de Tr\u00e2nsito do Distrito Federal (Detran-DF) vai receber processos de ve\u00edculos, que se originam de procedimentos que envolvem a realiza\u00e7\u00e3o de vistoria veicular ou que terminem na emiss\u00e3o de um novo n\u00famero de Certificado de Registro Veicular [&hellip;]<\/p>\n","protected":false},"author":2,"featured_media":24903,"comment_status":"open","ping_status":"open","sticky":false,"template":"","format":"standard","meta":{"footnotes":""},"categories":[1],"tags":[],"class_list":{"0":"post-24902","1":"post","2":"type-post","3":"status-publish","4":"format-standard","5":"has-post-thumbnail","7":"category-outros"},"yoast_head":"<!-- This site is optimized with the Yoast SEO Premium plugin v24.5 (Yoast SEO v27.5) - https:\/\/yoast.com\/product\/yoast-seo-premium-wordpress\/ -->\n<title>Processos de ve\u00edculos no Detran s\u00f3 at\u00e9 o dia 23 de dezembro. - P31<\/title>\n<meta name=\"robots\" content=\"index, follow, max-snippet:-1, max-image-preview:large, max-video-preview:-1\" \/>\n<link rel=\"canonical\" href=\"https:\/\/www.p31noticias.com.br\/?p=24902\" \/>\n<meta property=\"og:locale\" content=\"pt_BR\" \/>\n<meta property=\"og:type\" content=\"article\" \/>\n<meta property=\"og:title\" content=\"Processos de ve\u00edculos no Detran s\u00f3 at\u00e9 o dia 23 de dezembro.\" \/>\n<meta property=\"og:description\" content=\"Medida se d\u00e1 para que todas as a\u00e7\u00f5es recebidas sejam finalizadas antes da virada do ano. O Departamento de Tr\u00e2nsito do Distrito Federal (Detran-DF) vai receber processos de ve\u00edculos, que se originam de procedimentos que envolvem a realiza\u00e7\u00e3o de vistoria veicular ou que terminem na emiss\u00e3o de um novo n\u00famero de Certificado de Registro Veicular [&hellip;]\" \/>\n<meta property=\"og:url\" content=\"https:\/\/www.p31noticias.com.br\/?p=24902\" \/>\n<meta property=\"og:site_name\" content=\"P31\" \/>\n<meta property=\"article:published_time\" content=\"2021-12-17T15:43:02+00:00\" \/>\n<meta property=\"article:modified_time\" content=\"2022-02-17T18:17:35+00:00\" \/>\n<meta property=\"og:image\" content=\"https:\/\/www.p31noticias.com.br\/wp-content\/uploads\/2021\/12\/download-1.png\" \/>\n\t<meta property=\"og:image:width\" content=\"368\" \/>\n\t<meta property=\"og:image:height\" content=\"137\" \/>\n\t<meta property=\"og:image:type\" content=\"image\/png\" \/>\n<meta name=\"author\" content=\"Gon\u00e7alves Junior\" \/>\n<meta name=\"twitter:card\" content=\"summary_large_image\" \/>\n<meta name=\"twitter:label1\" content=\"Escrito por\" \/>\n\t<meta name=\"twitter:data1\" content=\"Gon\u00e7alves Junior\" \/>\n\t<meta name=\"twitter:label2\" content=\"Est. tempo de leitura\" \/>\n\t<meta name=\"twitter:data2\" content=\"2 minutos\" \/>\n<script type=\"application\/ld+json\" class=\"yoast-schema-graph\">{\"@context\":\"https:\\\/\\\/schema.org\",\"@graph\":[{\"@type\":\"Article\",\"@id\":\"https:\\\/\\\/www.p31noticias.com.br\\\/?p=24902#article\",\"isPartOf\":{\"@id\":\"https:\\\/\\\/www.p31noticias.com.br\\\/?p=24902\"},\"author\":{\"name\":\"Gon\u00e7alves Junior\",\"@id\":\"https:\\\/\\\/www.p31noticias.com.br\\\/#\\\/schema\\\/person\\\/95f2ece30e3b4132065b915150cd0f94\"},\"headline\":\"Processos de ve\u00edculos no Detran s\u00f3 at\u00e9 o dia 23 de dezembro.\",\"datePublished\":\"2021-12-17T15:43:02+00:00\",\"dateModified\":\"2022-02-17T18:17:35+00:00\",\"mainEntityOfPage\":{\"@id\":\"https:\\\/\\\/www.p31noticias.com.br\\\/?p=24902\"},\"wordCount\":409,\"commentCount\":0,\"image\":{\"@id\":\"https:\\\/\\\/www.p31noticias.com.br\\\/?p=24902#primaryimage\"},\"thumbnailUrl\":\"https:\\\/\\\/www.p31noticias.com.br\\\/wp-content\\\/uploads\\\/2021\\\/12\\\/download-1.png\",\"articleSection\":[\"Outros\"],\"inLanguage\":\"pt-BR\",\"potentialAction\":[{\"@type\":\"CommentAction\",\"name\":\"Comment\",\"target\":[\"https:\\\/\\\/www.p31noticias.com.br\\\/?p=24902#respond\"]}],\"copyrightYear\":\"2021\",\"copyrightHolder\":{\"@id\":\"https:\\\/\\\/www.p31noticias.com.br\\\/#organization\"}},{\"@type\":\"WebPage\",\"@id\":\"https:\\\/\\\/www.p31noticias.com.br\\\/?p=24902\",\"url\":\"https:\\\/\\\/www.p31noticias.com.br\\\/?p=24902\",\"name\":\"Processos de ve\u00edculos no Detran s\u00f3 at\u00e9 o dia 23 de dezembro. - P31\",\"isPartOf\":{\"@id\":\"https:\\\/\\\/www.p31noticias.com.br\\\/#website\"},\"primaryImageOfPage\":{\"@id\":\"https:\\\/\\\/www.p31noticias.com.br\\\/?p=24902#primaryimage\"},\"image\":{\"@id\":\"https:\\\/\\\/www.p31noticias.com.br\\\/?p=24902#primaryimage\"},\"thumbnailUrl\":\"https:\\\/\\\/www.p31noticias.com.br\\\/wp-content\\\/uploads\\\/2021\\\/12\\\/download-1.png\",\"datePublished\":\"2021-12-17T15:43:02+00:00\",\"dateModified\":\"2022-02-17T18:17:35+00:00\",\"author\":{\"@id\":\"https:\\\/\\\/www.p31noticias.com.br\\\/#\\\/schema\\\/person\\\/95f2ece30e3b4132065b915150cd0f94\"},\"breadcrumb\":{\"@id\":\"https:\\\/\\\/www.p31noticias.com.br\\\/?p=24902#breadcrumb\"},\"inLanguage\":\"pt-BR\",\"potentialAction\":[{\"@type\":\"ReadAction\",\"target\":[\"https:\\\/\\\/www.p31noticias.com.br\\\/?p=24902\"]}]},{\"@type\":\"ImageObject\",\"inLanguage\":\"pt-BR\",\"@id\":\"https:\\\/\\\/www.p31noticias.com.br\\\/?p=24902#primaryimage\",\"url\":\"https:\\\/\\\/www.p31noticias.com.br\\\/wp-content\\\/uploads\\\/2021\\\/12\\\/download-1.png\",\"contentUrl\":\"https:\\\/\\\/www.p31noticias.com.br\\\/wp-content\\\/uploads\\\/2021\\\/12\\\/download-1.png\",\"width\":368,\"height\":137},{\"@type\":\"BreadcrumbList\",\"@id\":\"https:\\\/\\\/www.p31noticias.com.br\\\/?p=24902#breadcrumb\",\"itemListElement\":[{\"@type\":\"ListItem\",\"position\":1,\"name\":\"In\u00edcio\",\"item\":\"https:\\\/\\\/www.p31noticias.com.br\\\/\"},{\"@type\":\"ListItem\",\"position\":2,\"name\":\"Processos de ve\u00edculos no Detran s\u00f3 at\u00e9 o dia 23 de dezembro.\"}]},{\"@type\":\"WebSite\",\"@id\":\"https:\\\/\\\/www.p31noticias.com.br\\\/#website\",\"url\":\"https:\\\/\\\/www.p31noticias.com.br\\\/\",\"name\":\"P31\",\"description\":\"NOT\u00cdCIAS\",\"potentialAction\":[{\"@type\":\"SearchAction\",\"target\":{\"@type\":\"EntryPoint\",\"urlTemplate\":\"https:\\\/\\\/www.p31noticias.com.br\\\/?s={search_term_string}\"},\"query-input\":{\"@type\":\"PropertyValueSpecification\",\"valueRequired\":true,\"valueName\":\"search_term_string\"}}],\"inLanguage\":\"pt-BR\"},{\"@type\":\"Person\",\"@id\":\"https:\\\/\\\/www.p31noticias.com.br\\\/#\\\/schema\\\/person\\\/95f2ece30e3b4132065b915150cd0f94\",\"name\":\"Gon\u00e7alves Junior\",\"image\":{\"@type\":\"ImageObject\",\"inLanguage\":\"pt-BR\",\"@id\":\"https:\\\/\\\/secure.gravatar.com\\\/avatar\\\/6711f350116a89762687a48d66f723c799e5438a5b7578508d4294cd7a5d0800?s=96&d=mm&r=g\",\"url\":\"https:\\\/\\\/secure.gravatar.com\\\/avatar\\\/6711f350116a89762687a48d66f723c799e5438a5b7578508d4294cd7a5d0800?s=96&d=mm&r=g\",\"contentUrl\":\"https:\\\/\\\/secure.gravatar.com\\\/avatar\\\/6711f350116a89762687a48d66f723c799e5438a5b7578508d4294cd7a5d0800?s=96&d=mm&r=g\",\"caption\":\"Gon\u00e7alves Junior\"},\"url\":\"https:\\\/\\\/www.p31noticias.com.br\\\/?author=2\"}]}<\/script>\n<!-- \/ Yoast SEO Premium plugin. -->","yoast_head_json":{"title":"Processos de ve\u00edculos no Detran s\u00f3 at\u00e9 o dia 23 de dezembro. - P31","robots":{"index":"index","follow":"follow","max-snippet":"max-snippet:-1","max-image-preview":"max-image-preview:large","max-video-preview":"max-video-preview:-1"},"canonical":"https:\/\/www.p31noticias.com.br\/?p=24902","og_locale":"pt_BR","og_type":"article","og_title":"Processos de ve\u00edculos no Detran s\u00f3 at\u00e9 o dia 23 de dezembro.","og_description":"Medida se d\u00e1 para que todas as a\u00e7\u00f5es recebidas sejam finalizadas antes da virada do ano. O Departamento de Tr\u00e2nsito do Distrito Federal (Detran-DF) vai receber processos de ve\u00edculos, que se originam de procedimentos que envolvem a realiza\u00e7\u00e3o de vistoria veicular ou que terminem na emiss\u00e3o de um novo n\u00famero de Certificado de Registro Veicular [&hellip;]","og_url":"https:\/\/www.p31noticias.com.br\/?p=24902","og_site_name":"P31","article_published_time":"2021-12-17T15:43:02+00:00","article_modified_time":"2022-02-17T18:17:35+00:00","og_image":[{"width":368,"height":137,"url":"https:\/\/www.p31noticias.com.br\/wp-content\/uploads\/2021\/12\/download-1.png","type":"image\/png"}],"author":"Gon\u00e7alves Junior","twitter_card":"summary_large_image","twitter_misc":{"Escrito por":"Gon\u00e7alves Junior","Est. tempo de leitura":"2 minutos"},"schema":{"@context":"https:\/\/schema.org","@graph":[{"@type":"Article","@id":"https:\/\/www.p31noticias.com.br\/?p=24902#article","isPartOf":{"@id":"https:\/\/www.p31noticias.com.br\/?p=24902"},"author":{"name":"Gon\u00e7alves Junior","@id":"https:\/\/www.p31noticias.com.br\/#\/schema\/person\/95f2ece30e3b4132065b915150cd0f94"},"headline":"Processos de ve\u00edculos no Detran s\u00f3 at\u00e9 o dia 23 de dezembro.","datePublished":"2021-12-17T15:43:02+00:00","dateModified":"2022-02-17T18:17:35+00:00","mainEntityOfPage":{"@id":"https:\/\/www.p31noticias.com.br\/?p=24902"},"wordCount":409,"commentCount":0,"image":{"@id":"https:\/\/www.p31noticias.com.br\/?p=24902#primaryimage"},"thumbnailUrl":"https:\/\/www.p31noticias.com.br\/wp-content\/uploads\/2021\/12\/download-1.png","articleSection":["Outros"],"inLanguage":"pt-BR","potentialAction":[{"@type":"CommentAction","name":"Comment","target":["https:\/\/www.p31noticias.com.br\/?p=24902#respond"]}],"copyrightYear":"2021","copyrightHolder":{"@id":"https:\/\/www.p31noticias.com.br\/#organization"}},{"@type":"WebPage","@id":"https:\/\/www.p31noticias.com.br\/?p=24902","url":"https:\/\/www.p31noticias.com.br\/?p=24902","name":"Processos de ve\u00edculos no Detran s\u00f3 at\u00e9 o dia 23 de dezembro. - P31","isPartOf":{"@id":"https:\/\/www.p31noticias.com.br\/#website"},"primaryImageOfPage":{"@id":"https:\/\/www.p31noticias.com.br\/?p=24902#primaryimage"},"image":{"@id":"https:\/\/www.p31noticias.com.br\/?p=24902#primaryimage"},"thumbnailUrl":"https:\/\/www.p31noticias.com.br\/wp-content\/uploads\/2021\/12\/download-1.png","datePublished":"2021-12-17T15:43:02+00:00","dateModified":"2022-02-17T18:17:35+00:00","author":{"@id":"https:\/\/www.p31noticias.com.br\/#\/schema\/person\/95f2ece30e3b4132065b915150cd0f94"},"breadcrumb":{"@id":"https:\/\/www.p31noticias.com.br\/?p=24902#breadcrumb"},"inLanguage":"pt-BR","potentialAction":[{"@type":"ReadAction","target":["https:\/\/www.p31noticias.com.br\/?p=24902"]}]},{"@type":"ImageObject","inLanguage":"pt-BR","@id":"https:\/\/www.p31noticias.com.br\/?p=24902#primaryimage","url":"https:\/\/www.p31noticias.com.br\/wp-content\/uploads\/2021\/12\/download-1.png","contentUrl":"https:\/\/www.p31noticias.com.br\/wp-content\/uploads\/2021\/12\/download-1.png","width":368,"height":137},{"@type":"BreadcrumbList","@id":"https:\/\/www.p31noticias.com.br\/?p=24902#breadcrumb","itemListElement":[{"@type":"ListItem","position":1,"name":"In\u00edcio","item":"https:\/\/www.p31noticias.com.br\/"},{"@type":"ListItem","position":2,"name":"Processos de ve\u00edculos no Detran s\u00f3 at\u00e9 o dia 23 de dezembro."}]},{"@type":"WebSite","@id":"https:\/\/www.p31noticias.com.br\/#website","url":"https:\/\/www.p31noticias.com.br\/","name":"P31","description":"NOT\u00cdCIAS","potentialAction":[{"@type":"SearchAction","target":{"@type":"EntryPoint","urlTemplate":"https:\/\/www.p31noticias.com.br\/?s={search_term_string}"},"query-input":{"@type":"PropertyValueSpecification","valueRequired":true,"valueName":"search_term_string"}}],"inLanguage":"pt-BR"},{"@type":"Person","@id":"https:\/\/www.p31noticias.com.br\/#\/schema\/person\/95f2ece30e3b4132065b915150cd0f94","name":"Gon\u00e7alves Junior","image":{"@type":"ImageObject","inLanguage":"pt-BR","@id":"https:\/\/secure.gravatar.com\/avatar\/6711f350116a89762687a48d66f723c799e5438a5b7578508d4294cd7a5d0800?s=96&d=mm&r=g","url":"https:\/\/secure.gravatar.com\/avatar\/6711f350116a89762687a48d66f723c799e5438a5b7578508d4294cd7a5d0800?s=96&d=mm&r=g","contentUrl":"https:\/\/secure.gravatar.com\/avatar\/6711f350116a89762687a48d66f723c799e5438a5b7578508d4294cd7a5d0800?s=96&d=mm&r=g","caption":"Gon\u00e7alves Junior"},"url":"https:\/\/www.p31noticias.com.br\/?author=2"}]}},"amp_enabled":true,"_links":{"self":[{"href":"https:\/\/www.p31noticias.com.br\/index.php?rest_route=\/wp\/v2\/posts\/24902","targetHints":{"allow":["GET"]}}],"collection":[{"href":"https:\/\/www.p31noticias.com.br\/index.php?rest_route=\/wp\/v2\/posts"}],"about":[{"href":"https:\/\/www.p31noticias.com.br\/index.php?rest_route=\/wp\/v2\/types\/post"}],"author":[{"embeddable":true,"href":"https:\/\/www.p31noticias.com.br\/index.php?rest_route=\/wp\/v2\/users\/2"}],"replies":[{"embeddable":true,"href":"https:\/\/www.p31noticias.com.br\/index.php?rest_route=%2Fwp%2Fv2%2Fcomments&post=24902"}],"version-history":[{"count":1,"href":"https:\/\/www.p31noticias.com.br\/index.php?rest_route=\/wp\/v2\/posts\/24902\/revisions"}],"predecessor-version":[{"id":24904,"href":"https:\/\/www.p31noticias.com.br\/index.php?rest_route=\/wp\/v2\/posts\/24902\/revisions\/24904"}],"wp:featuredmedia":[{"embeddable":true,"href":"https:\/\/www.p31noticias.com.br\/index.php?rest_route=\/wp\/v2\/media\/24903"}],"wp:attachment":[{"href":"https:\/\/www.p31noticias.com.br\/index.php?rest_route=%2Fwp%2Fv2%2Fmedia&parent=24902"}],"wp:term":[{"taxonomy":"category","embeddable":true,"href":"https:\/\/www.p31noticias.com.br\/index.php?rest_route=%2Fwp%2Fv2%2Fcategories&post=24902"},{"taxonomy":"post_tag","embeddable":true,"href":"https:\/\/www.p31noticias.com.br\/index.php?rest_route=%2Fwp%2Fv2%2Ftags&post=24902"}],"curies":[{"name":"wp","href":"https:\/\/api.w.org\/{rel}","templated":true}]}}