{"id":24881,"date":"2021-11-30T19:37:33","date_gmt":"2021-11-30T22:37:33","guid":{"rendered":"https:\/\/p31noticias.com.br\/?p=24881"},"modified":"2022-02-17T15:17:35","modified_gmt":"2022-02-17T18:17:35","slug":"presidente-bolsonaro-assina-filiacao-ao-pl","status":"publish","type":"post","link":"https:\/\/www.p31noticias.com.br\/?p=24881","title":{"rendered":"Presidente Bolsonaro assina filia\u00e7\u00e3o ao PL."},"content":{"rendered":"<h3 class=\"col-10 offset-1 animated fadeInDown dealy-900 display-8 display-md-8 alt-font font-italic my-1 text-center\" style=\"text-align: justify;\"><em><strong>O ato de assinatura da ficha de filia\u00e7\u00e3o ocorreu na manh\u00e3 do dia 30 de novembro.<\/strong><\/em><\/h3>\n<p style=\"text-align: justify;\">O presidente Jair Bolsonaro se filiou no dia 30 de novembro ao Partido Liberal (PL). O ato de assinatura da ficha de filia\u00e7\u00e3o foi realizado\u00a0 durante uma cerim\u00f4nia promovida pela legenda.<img decoding=\"async\" src=\"https:\/\/agenciabrasil.ebc.com.br\/ebc.png?id=1429721&amp;o=node\" \/><img decoding=\"async\" src=\"https:\/\/agenciabrasil.ebc.com.br\/ebc.gif?id=1429721&amp;o=node\" \/><\/p>\n<p style=\"text-align: justify;\">Eleito em 2018 pelo PSL, Bolsonaro deixou o partido em novembro de 2019 e n\u00e3o estava filiado a nenhum partido. A condi\u00e7\u00e3o \u00e9 necess\u00e1ria para a disputa das elei\u00e7\u00f5es gerais de 2022. At\u00e9 o momento, a eventual candidatura do presidente \u00e0 reelei\u00e7\u00e3o n\u00e3o foi oficializada.<\/p>\n<p style=\"text-align: justify;\">Durante o evento, Bolsonaro destacou que a cerim\u00f4nia foi uma simples filia\u00e7\u00e3o ao partido e que n\u00e3o estava \u201clan\u00e7ando ningu\u00e9m a cargo nenhum\u201d.<\/p>\n<p style=\"text-align: justify;\">&#8220;Estou me sentindo aqui em casa, dentro do Congresso Nacional, aquele plen\u00e1rio da C\u00e2mara dos Deputados, tendo em vista a quantidade enorme de parlamentares aqui presentes. Voc\u00eas me trazem lembran\u00e7as agrad\u00e1veis, lembran\u00e7as de luta, de embate, mas, acima de tudo, momentos em que n\u00f3s, juntos, fizemos pelo nosso pa\u00eds. Eu vim do meio de voc\u00eas. Fiquei 28 anos dentro da C\u00e2mara dos Deputados\u201d, disse.<\/p>\n<p style=\"text-align: justify;\">Pelas redes sociais, o ministro do Desenvolvimento Regional, Rog\u00e9rio Marinho, confirmou que tamb\u00e9m se filiou ao partido e que ser\u00e1 pr\u00e9-candidato ao Senado pelo Rio Grande do Norte.<\/p>\n<p>Agencia Brasil.<\/p>\n","protected":false},"excerpt":{"rendered":"<p>O ato de assinatura da ficha de filia\u00e7\u00e3o ocorreu na manh\u00e3 do dia 30 de novembro. O presidente Jair Bolsonaro se filiou no dia 30 de novembro ao Partido Liberal (PL). O ato de assinatura da ficha de filia\u00e7\u00e3o foi realizado\u00a0 durante uma cerim\u00f4nia promovida pela legenda. Eleito em 2018 pelo PSL, Bolsonaro deixou o [&hellip;]<\/p>\n","protected":false},"author":2,"featured_media":24883,"comment_status":"open","ping_status":"open","sticky":false,"template":"","format":"standard","meta":{"footnotes":""},"categories":[57],"tags":[],"class_list":{"0":"post-24881","1":"post","2":"type-post","3":"status-publish","4":"format-standard","5":"has-post-thumbnail","7":"category-politica"},"yoast_head":"<!-- This site is optimized with the Yoast SEO Premium plugin v24.5 (Yoast SEO v27.5) - https:\/\/yoast.com\/product\/yoast-seo-premium-wordpress\/ -->\n<title>Presidente Bolsonaro assina filia\u00e7\u00e3o ao PL. - P31<\/title>\n<meta name=\"robots\" content=\"index, follow, max-snippet:-1, max-image-preview:large, max-video-preview:-1\" \/>\n<link rel=\"canonical\" href=\"https:\/\/www.p31noticias.com.br\/?p=24881\" \/>\n<meta property=\"og:locale\" content=\"pt_BR\" \/>\n<meta property=\"og:type\" content=\"article\" \/>\n<meta property=\"og:title\" content=\"Presidente Bolsonaro assina filia\u00e7\u00e3o ao PL.\" \/>\n<meta property=\"og:description\" content=\"O ato de assinatura da ficha de filia\u00e7\u00e3o ocorreu na manh\u00e3 do dia 30 de novembro. O presidente Jair Bolsonaro se filiou no dia 30 de novembro ao Partido Liberal (PL). O ato de assinatura da ficha de filia\u00e7\u00e3o foi realizado\u00a0 durante uma cerim\u00f4nia promovida pela legenda. Eleito em 2018 pelo PSL, Bolsonaro deixou o [&hellip;]\" \/>\n<meta property=\"og:url\" content=\"https:\/\/www.p31noticias.com.br\/?p=24881\" \/>\n<meta property=\"og:site_name\" content=\"P31\" \/>\n<meta property=\"article:published_time\" content=\"2021-11-30T22:37:33+00:00\" \/>\n<meta property=\"article:modified_time\" content=\"2022-02-17T18:17:35+00:00\" \/>\n<meta property=\"og:image\" content=\"https:\/\/www.p31noticias.com.br\/wp-content\/uploads\/2021\/11\/novo-marco-de-garantias_mcamgo_abr_251120211818-8.jpg\" \/>\n\t<meta property=\"og:image:width\" content=\"1170\" \/>\n\t<meta property=\"og:image:height\" content=\"700\" \/>\n\t<meta property=\"og:image:type\" content=\"image\/jpeg\" \/>\n<meta name=\"author\" content=\"Gon\u00e7alves Junior\" \/>\n<meta name=\"twitter:card\" content=\"summary_large_image\" \/>\n<meta name=\"twitter:label1\" content=\"Escrito por\" \/>\n\t<meta name=\"twitter:data1\" content=\"Gon\u00e7alves Junior\" \/>\n\t<meta name=\"twitter:label2\" content=\"Est. tempo de leitura\" \/>\n\t<meta name=\"twitter:data2\" content=\"1 minuto\" \/>\n<script type=\"application\/ld+json\" class=\"yoast-schema-graph\">{\"@context\":\"https:\\\/\\\/schema.org\",\"@graph\":[{\"@type\":\"Article\",\"@id\":\"https:\\\/\\\/www.p31noticias.com.br\\\/?p=24881#article\",\"isPartOf\":{\"@id\":\"https:\\\/\\\/www.p31noticias.com.br\\\/?p=24881\"},\"author\":{\"name\":\"Gon\u00e7alves Junior\",\"@id\":\"https:\\\/\\\/www.p31noticias.com.br\\\/#\\\/schema\\\/person\\\/95f2ece30e3b4132065b915150cd0f94\"},\"headline\":\"Presidente Bolsonaro assina filia\u00e7\u00e3o ao PL.\",\"datePublished\":\"2021-11-30T22:37:33+00:00\",\"dateModified\":\"2022-02-17T18:17:35+00:00\",\"mainEntityOfPage\":{\"@id\":\"https:\\\/\\\/www.p31noticias.com.br\\\/?p=24881\"},\"wordCount\":235,\"commentCount\":0,\"image\":{\"@id\":\"https:\\\/\\\/www.p31noticias.com.br\\\/?p=24881#primaryimage\"},\"thumbnailUrl\":\"https:\\\/\\\/www.p31noticias.com.br\\\/wp-content\\\/uploads\\\/2021\\\/11\\\/novo-marco-de-garantias_mcamgo_abr_251120211818-8.jpg\",\"articleSection\":[\"Pol\u00edtica\"],\"inLanguage\":\"pt-BR\",\"potentialAction\":[{\"@type\":\"CommentAction\",\"name\":\"Comment\",\"target\":[\"https:\\\/\\\/www.p31noticias.com.br\\\/?p=24881#respond\"]}],\"copyrightYear\":\"2021\",\"copyrightHolder\":{\"@id\":\"https:\\\/\\\/www.p31noticias.com.br\\\/#organization\"}},{\"@type\":\"WebPage\",\"@id\":\"https:\\\/\\\/www.p31noticias.com.br\\\/?p=24881\",\"url\":\"https:\\\/\\\/www.p31noticias.com.br\\\/?p=24881\",\"name\":\"Presidente Bolsonaro assina filia\u00e7\u00e3o ao PL. - P31\",\"isPartOf\":{\"@id\":\"https:\\\/\\\/www.p31noticias.com.br\\\/#website\"},\"primaryImageOfPage\":{\"@id\":\"https:\\\/\\\/www.p31noticias.com.br\\\/?p=24881#primaryimage\"},\"image\":{\"@id\":\"https:\\\/\\\/www.p31noticias.com.br\\\/?p=24881#primaryimage\"},\"thumbnailUrl\":\"https:\\\/\\\/www.p31noticias.com.br\\\/wp-content\\\/uploads\\\/2021\\\/11\\\/novo-marco-de-garantias_mcamgo_abr_251120211818-8.jpg\",\"datePublished\":\"2021-11-30T22:37:33+00:00\",\"dateModified\":\"2022-02-17T18:17:35+00:00\",\"author\":{\"@id\":\"https:\\\/\\\/www.p31noticias.com.br\\\/#\\\/schema\\\/person\\\/95f2ece30e3b4132065b915150cd0f94\"},\"breadcrumb\":{\"@id\":\"https:\\\/\\\/www.p31noticias.com.br\\\/?p=24881#breadcrumb\"},\"inLanguage\":\"pt-BR\",\"potentialAction\":[{\"@type\":\"ReadAction\",\"target\":[\"https:\\\/\\\/www.p31noticias.com.br\\\/?p=24881\"]}]},{\"@type\":\"ImageObject\",\"inLanguage\":\"pt-BR\",\"@id\":\"https:\\\/\\\/www.p31noticias.com.br\\\/?p=24881#primaryimage\",\"url\":\"https:\\\/\\\/www.p31noticias.com.br\\\/wp-content\\\/uploads\\\/2021\\\/11\\\/novo-marco-de-garantias_mcamgo_abr_251120211818-8.jpg\",\"contentUrl\":\"https:\\\/\\\/www.p31noticias.com.br\\\/wp-content\\\/uploads\\\/2021\\\/11\\\/novo-marco-de-garantias_mcamgo_abr_251120211818-8.jpg\",\"width\":1170,\"height\":700,\"caption\":\"O governo federal lan\u00e7a o Novo Marco de Garantias em cerim\u00f4nia no Pal\u00e1cio do Planalto com a presen\u00e7a do presidente Jair Bolsonaro.\"},{\"@type\":\"BreadcrumbList\",\"@id\":\"https:\\\/\\\/www.p31noticias.com.br\\\/?p=24881#breadcrumb\",\"itemListElement\":[{\"@type\":\"ListItem\",\"position\":1,\"name\":\"In\u00edcio\",\"item\":\"https:\\\/\\\/www.p31noticias.com.br\\\/\"},{\"@type\":\"ListItem\",\"position\":2,\"name\":\"Presidente Bolsonaro assina filia\u00e7\u00e3o ao PL.\"}]},{\"@type\":\"WebSite\",\"@id\":\"https:\\\/\\\/www.p31noticias.com.br\\\/#website\",\"url\":\"https:\\\/\\\/www.p31noticias.com.br\\\/\",\"name\":\"P31\",\"description\":\"NOT\u00cdCIAS\",\"potentialAction\":[{\"@type\":\"SearchAction\",\"target\":{\"@type\":\"EntryPoint\",\"urlTemplate\":\"https:\\\/\\\/www.p31noticias.com.br\\\/?s={search_term_string}\"},\"query-input\":{\"@type\":\"PropertyValueSpecification\",\"valueRequired\":true,\"valueName\":\"search_term_string\"}}],\"inLanguage\":\"pt-BR\"},{\"@type\":\"Person\",\"@id\":\"https:\\\/\\\/www.p31noticias.com.br\\\/#\\\/schema\\\/person\\\/95f2ece30e3b4132065b915150cd0f94\",\"name\":\"Gon\u00e7alves Junior\",\"image\":{\"@type\":\"ImageObject\",\"inLanguage\":\"pt-BR\",\"@id\":\"https:\\\/\\\/secure.gravatar.com\\\/avatar\\\/6711f350116a89762687a48d66f723c799e5438a5b7578508d4294cd7a5d0800?s=96&d=mm&r=g\",\"url\":\"https:\\\/\\\/secure.gravatar.com\\\/avatar\\\/6711f350116a89762687a48d66f723c799e5438a5b7578508d4294cd7a5d0800?s=96&d=mm&r=g\",\"contentUrl\":\"https:\\\/\\\/secure.gravatar.com\\\/avatar\\\/6711f350116a89762687a48d66f723c799e5438a5b7578508d4294cd7a5d0800?s=96&d=mm&r=g\",\"caption\":\"Gon\u00e7alves Junior\"},\"url\":\"https:\\\/\\\/www.p31noticias.com.br\\\/?author=2\"}]}<\/script>\n<!-- \/ Yoast SEO Premium plugin. -->","yoast_head_json":{"title":"Presidente Bolsonaro assina filia\u00e7\u00e3o ao PL. - P31","robots":{"index":"index","follow":"follow","max-snippet":"max-snippet:-1","max-image-preview":"max-image-preview:large","max-video-preview":"max-video-preview:-1"},"canonical":"https:\/\/www.p31noticias.com.br\/?p=24881","og_locale":"pt_BR","og_type":"article","og_title":"Presidente Bolsonaro assina filia\u00e7\u00e3o ao PL.","og_description":"O ato de assinatura da ficha de filia\u00e7\u00e3o ocorreu na manh\u00e3 do dia 30 de novembro. O presidente Jair Bolsonaro se filiou no dia 30 de novembro ao Partido Liberal (PL). O ato de assinatura da ficha de filia\u00e7\u00e3o foi realizado\u00a0 durante uma cerim\u00f4nia promovida pela legenda. Eleito em 2018 pelo PSL, Bolsonaro deixou o [&hellip;]","og_url":"https:\/\/www.p31noticias.com.br\/?p=24881","og_site_name":"P31","article_published_time":"2021-11-30T22:37:33+00:00","article_modified_time":"2022-02-17T18:17:35+00:00","og_image":[{"width":1170,"height":700,"url":"https:\/\/www.p31noticias.com.br\/wp-content\/uploads\/2021\/11\/novo-marco-de-garantias_mcamgo_abr_251120211818-8.jpg","type":"image\/jpeg"}],"author":"Gon\u00e7alves Junior","twitter_card":"summary_large_image","twitter_misc":{"Escrito por":"Gon\u00e7alves Junior","Est. tempo de leitura":"1 minuto"},"schema":{"@context":"https:\/\/schema.org","@graph":[{"@type":"Article","@id":"https:\/\/www.p31noticias.com.br\/?p=24881#article","isPartOf":{"@id":"https:\/\/www.p31noticias.com.br\/?p=24881"},"author":{"name":"Gon\u00e7alves Junior","@id":"https:\/\/www.p31noticias.com.br\/#\/schema\/person\/95f2ece30e3b4132065b915150cd0f94"},"headline":"Presidente Bolsonaro assina filia\u00e7\u00e3o ao PL.","datePublished":"2021-11-30T22:37:33+00:00","dateModified":"2022-02-17T18:17:35+00:00","mainEntityOfPage":{"@id":"https:\/\/www.p31noticias.com.br\/?p=24881"},"wordCount":235,"commentCount":0,"image":{"@id":"https:\/\/www.p31noticias.com.br\/?p=24881#primaryimage"},"thumbnailUrl":"https:\/\/www.p31noticias.com.br\/wp-content\/uploads\/2021\/11\/novo-marco-de-garantias_mcamgo_abr_251120211818-8.jpg","articleSection":["Pol\u00edtica"],"inLanguage":"pt-BR","potentialAction":[{"@type":"CommentAction","name":"Comment","target":["https:\/\/www.p31noticias.com.br\/?p=24881#respond"]}],"copyrightYear":"2021","copyrightHolder":{"@id":"https:\/\/www.p31noticias.com.br\/#organization"}},{"@type":"WebPage","@id":"https:\/\/www.p31noticias.com.br\/?p=24881","url":"https:\/\/www.p31noticias.com.br\/?p=24881","name":"Presidente Bolsonaro assina filia\u00e7\u00e3o ao PL. - P31","isPartOf":{"@id":"https:\/\/www.p31noticias.com.br\/#website"},"primaryImageOfPage":{"@id":"https:\/\/www.p31noticias.com.br\/?p=24881#primaryimage"},"image":{"@id":"https:\/\/www.p31noticias.com.br\/?p=24881#primaryimage"},"thumbnailUrl":"https:\/\/www.p31noticias.com.br\/wp-content\/uploads\/2021\/11\/novo-marco-de-garantias_mcamgo_abr_251120211818-8.jpg","datePublished":"2021-11-30T22:37:33+00:00","dateModified":"2022-02-17T18:17:35+00:00","author":{"@id":"https:\/\/www.p31noticias.com.br\/#\/schema\/person\/95f2ece30e3b4132065b915150cd0f94"},"breadcrumb":{"@id":"https:\/\/www.p31noticias.com.br\/?p=24881#breadcrumb"},"inLanguage":"pt-BR","potentialAction":[{"@type":"ReadAction","target":["https:\/\/www.p31noticias.com.br\/?p=24881"]}]},{"@type":"ImageObject","inLanguage":"pt-BR","@id":"https:\/\/www.p31noticias.com.br\/?p=24881#primaryimage","url":"https:\/\/www.p31noticias.com.br\/wp-content\/uploads\/2021\/11\/novo-marco-de-garantias_mcamgo_abr_251120211818-8.jpg","contentUrl":"https:\/\/www.p31noticias.com.br\/wp-content\/uploads\/2021\/11\/novo-marco-de-garantias_mcamgo_abr_251120211818-8.jpg","width":1170,"height":700,"caption":"O governo federal lan\u00e7a o Novo Marco de Garantias em cerim\u00f4nia no Pal\u00e1cio do Planalto com a presen\u00e7a do presidente Jair Bolsonaro."},{"@type":"BreadcrumbList","@id":"https:\/\/www.p31noticias.com.br\/?p=24881#breadcrumb","itemListElement":[{"@type":"ListItem","position":1,"name":"In\u00edcio","item":"https:\/\/www.p31noticias.com.br\/"},{"@type":"ListItem","position":2,"name":"Presidente Bolsonaro assina filia\u00e7\u00e3o ao PL."}]},{"@type":"WebSite","@id":"https:\/\/www.p31noticias.com.br\/#website","url":"https:\/\/www.p31noticias.com.br\/","name":"P31","description":"NOT\u00cdCIAS","potentialAction":[{"@type":"SearchAction","target":{"@type":"EntryPoint","urlTemplate":"https:\/\/www.p31noticias.com.br\/?s={search_term_string}"},"query-input":{"@type":"PropertyValueSpecification","valueRequired":true,"valueName":"search_term_string"}}],"inLanguage":"pt-BR"},{"@type":"Person","@id":"https:\/\/www.p31noticias.com.br\/#\/schema\/person\/95f2ece30e3b4132065b915150cd0f94","name":"Gon\u00e7alves Junior","image":{"@type":"ImageObject","inLanguage":"pt-BR","@id":"https:\/\/secure.gravatar.com\/avatar\/6711f350116a89762687a48d66f723c799e5438a5b7578508d4294cd7a5d0800?s=96&d=mm&r=g","url":"https:\/\/secure.gravatar.com\/avatar\/6711f350116a89762687a48d66f723c799e5438a5b7578508d4294cd7a5d0800?s=96&d=mm&r=g","contentUrl":"https:\/\/secure.gravatar.com\/avatar\/6711f350116a89762687a48d66f723c799e5438a5b7578508d4294cd7a5d0800?s=96&d=mm&r=g","caption":"Gon\u00e7alves Junior"},"url":"https:\/\/www.p31noticias.com.br\/?author=2"}]}},"amp_enabled":true,"_links":{"self":[{"href":"https:\/\/www.p31noticias.com.br\/index.php?rest_route=\/wp\/v2\/posts\/24881","targetHints":{"allow":["GET"]}}],"collection":[{"href":"https:\/\/www.p31noticias.com.br\/index.php?rest_route=\/wp\/v2\/posts"}],"about":[{"href":"https:\/\/www.p31noticias.com.br\/index.php?rest_route=\/wp\/v2\/types\/post"}],"author":[{"embeddable":true,"href":"https:\/\/www.p31noticias.com.br\/index.php?rest_route=\/wp\/v2\/users\/2"}],"replies":[{"embeddable":true,"href":"https:\/\/www.p31noticias.com.br\/index.php?rest_route=%2Fwp%2Fv2%2Fcomments&post=24881"}],"version-history":[{"count":1,"href":"https:\/\/www.p31noticias.com.br\/index.php?rest_route=\/wp\/v2\/posts\/24881\/revisions"}],"predecessor-version":[{"id":24882,"href":"https:\/\/www.p31noticias.com.br\/index.php?rest_route=\/wp\/v2\/posts\/24881\/revisions\/24882"}],"wp:featuredmedia":[{"embeddable":true,"href":"https:\/\/www.p31noticias.com.br\/index.php?rest_route=\/wp\/v2\/media\/24883"}],"wp:attachment":[{"href":"https:\/\/www.p31noticias.com.br\/index.php?rest_route=%2Fwp%2Fv2%2Fmedia&parent=24881"}],"wp:term":[{"taxonomy":"category","embeddable":true,"href":"https:\/\/www.p31noticias.com.br\/index.php?rest_route=%2Fwp%2Fv2%2Fcategories&post=24881"},{"taxonomy":"post_tag","embeddable":true,"href":"https:\/\/www.p31noticias.com.br\/index.php?rest_route=%2Fwp%2Fv2%2Ftags&post=24881"}],"curies":[{"name":"wp","href":"https:\/\/api.w.org\/{rel}","templated":true}]}}