{"id":24878,"date":"2021-11-30T19:33:15","date_gmt":"2021-11-30T22:33:15","guid":{"rendered":"https:\/\/p31noticias.com.br\/?p=24878"},"modified":"2022-02-17T15:17:35","modified_gmt":"2022-02-17T18:17:35","slug":"ccj-do-senado-aprova-pec-dos-precatorios","status":"publish","type":"post","link":"https:\/\/www.p31noticias.com.br\/?p=24878","title":{"rendered":"CCJ do Senado aprova PEC dos Precat\u00f3rios."},"content":{"rendered":"<h3 class=\"col-10 offset-1 animated fadeInDown dealy-900 display-8 display-md-8 alt-font font-italic my-1 text-center\" style=\"text-align: justify;\"><em><strong>A mat\u00e9ria agora ser\u00e1 apreciada pelo plen\u00e1rio da Casa.<\/strong><\/em><\/h3>\n<p style=\"text-align: justify;\">O substitutivo \u00e0 Proposta de Emenda \u00e0 Constitui\u00e7\u00e3o (PEC) 23\/2021, conhecida como PEC dos Precat\u00f3rios, do senador Fernando Bezerra (MDB-PE), foi aprovado esta tarde na Comiss\u00e3o de Constitui\u00e7\u00e3o e Justi\u00e7a (CCJ) do Senado por 16 votos a 10. A mat\u00e9ria agora ser\u00e1 apreciada pelo plen\u00e1rio da Casa.<img decoding=\"async\" src=\"https:\/\/agenciabrasil.ebc.com.br\/ebc.png?id=1429747&amp;o=node\" \/><img decoding=\"async\" src=\"https:\/\/agenciabrasil.ebc.com.br\/ebc.gif?id=1429747&amp;o=node\" \/><\/p>\n<p style=\"text-align: justify;\">Durante a reuni\u00e3o, o senador Fernando Bezerra, que \u00e9 o l\u00edder do governo no Senado, acatou emendas propostas pelos senadores, alterando trechos mais pol\u00eamicos do texto. Por acordo de lideran\u00e7as, por\u00e9m, ficou acertado que a discuss\u00e3o em rela\u00e7\u00e3o ao texto final prosseguir\u00e1 at\u00e9 a aprecia\u00e7\u00e3o dos senadores no plen\u00e1rio.<\/p>\n<p style=\"text-align: justify;\">\u201cN\u00f3s estamos permanentemente abertos ao di\u00e1logo, ao entendimento, at\u00e9 o momento da vota\u00e7\u00e3o no plen\u00e1rio, porque o objetivo \u00e9 construir essa maioria mais ampla\u201d, disse Bezerra logo no in\u00edcio da reuni\u00e3o.<\/p>\n<p style=\"text-align: justify;\">A PEC, que j\u00e1 passou pela C\u00e2mara dos Deputados, libera espa\u00e7o fiscal em 2022 para o pagamento do programa social Aux\u00edlio Brasil, por meio do parcelamento do pagamento de precat\u00f3rios e da altera\u00e7\u00e3o do m\u00e9todo de c\u00e1lculo do teto de gastos previsto na Emenda Constitucional 95.<\/p>\n<p style=\"text-align: justify;\">Precat\u00f3rios s\u00e3o d\u00edvidas da Uni\u00e3o, dos estados, munic\u00edpios e do Distrito Federal, determinadas por senten\u00e7a judicial definitiva. Podem ser relacionados a impostos, quest\u00f5es salariais ou qualquer outra causa.<\/p>\n<p style=\"text-align: justify;\"><em>*Com informa\u00e7\u00f5es da Ag\u00eancia Senado<\/em><\/p>\n","protected":false},"excerpt":{"rendered":"<p>A mat\u00e9ria agora ser\u00e1 apreciada pelo plen\u00e1rio da Casa. O substitutivo \u00e0 Proposta de Emenda \u00e0 Constitui\u00e7\u00e3o (PEC) 23\/2021, conhecida como PEC dos Precat\u00f3rios, do senador Fernando Bezerra (MDB-PE), foi aprovado esta tarde na Comiss\u00e3o de Constitui\u00e7\u00e3o e Justi\u00e7a (CCJ) do Senado por 16 votos a 10. A mat\u00e9ria agora ser\u00e1 apreciada pelo plen\u00e1rio da [&hellip;]<\/p>\n","protected":false},"author":2,"featured_media":24879,"comment_status":"open","ping_status":"open","sticky":false,"template":"","format":"standard","meta":{"footnotes":""},"categories":[68],"tags":[],"class_list":{"0":"post-24878","1":"post","2":"type-post","3":"status-publish","4":"format-standard","5":"has-post-thumbnail","7":"category-brasil"},"yoast_head":"<!-- This site is optimized with the Yoast SEO Premium plugin v24.5 (Yoast SEO v27.5) - https:\/\/yoast.com\/product\/yoast-seo-premium-wordpress\/ -->\n<title>CCJ do Senado aprova PEC dos Precat\u00f3rios. - P31<\/title>\n<meta name=\"robots\" content=\"index, follow, max-snippet:-1, max-image-preview:large, max-video-preview:-1\" \/>\n<link rel=\"canonical\" href=\"https:\/\/www.p31noticias.com.br\/?p=24878\" \/>\n<meta property=\"og:locale\" content=\"pt_BR\" \/>\n<meta property=\"og:type\" content=\"article\" \/>\n<meta property=\"og:title\" content=\"CCJ do Senado aprova PEC dos Precat\u00f3rios.\" \/>\n<meta property=\"og:description\" content=\"A mat\u00e9ria agora ser\u00e1 apreciada pelo plen\u00e1rio da Casa. O substitutivo \u00e0 Proposta de Emenda \u00e0 Constitui\u00e7\u00e3o (PEC) 23\/2021, conhecida como PEC dos Precat\u00f3rios, do senador Fernando Bezerra (MDB-PE), foi aprovado esta tarde na Comiss\u00e3o de Constitui\u00e7\u00e3o e Justi\u00e7a (CCJ) do Senado por 16 votos a 10. A mat\u00e9ria agora ser\u00e1 apreciada pelo plen\u00e1rio da [&hellip;]\" \/>\n<meta property=\"og:url\" content=\"https:\/\/www.p31noticias.com.br\/?p=24878\" \/>\n<meta property=\"og:site_name\" content=\"P31\" \/>\n<meta property=\"article:published_time\" content=\"2021-11-30T22:33:15+00:00\" \/>\n<meta property=\"article:modified_time\" content=\"2022-02-17T18:17:35+00:00\" \/>\n<meta property=\"og:image\" content=\"https:\/\/www.p31noticias.com.br\/wp-content\/uploads\/2021\/11\/pzzb1447.jpg\" \/>\n\t<meta property=\"og:image:width\" content=\"1170\" \/>\n\t<meta property=\"og:image:height\" content=\"700\" \/>\n\t<meta property=\"og:image:type\" content=\"image\/jpeg\" \/>\n<meta name=\"author\" content=\"Gon\u00e7alves Junior\" \/>\n<meta name=\"twitter:card\" content=\"summary_large_image\" \/>\n<meta name=\"twitter:label1\" content=\"Escrito por\" \/>\n\t<meta name=\"twitter:data1\" content=\"Gon\u00e7alves Junior\" \/>\n\t<meta name=\"twitter:label2\" content=\"Est. tempo de leitura\" \/>\n\t<meta name=\"twitter:data2\" content=\"1 minuto\" \/>\n<script type=\"application\/ld+json\" class=\"yoast-schema-graph\">{\"@context\":\"https:\\\/\\\/schema.org\",\"@graph\":[{\"@type\":\"Article\",\"@id\":\"https:\\\/\\\/www.p31noticias.com.br\\\/?p=24878#article\",\"isPartOf\":{\"@id\":\"https:\\\/\\\/www.p31noticias.com.br\\\/?p=24878\"},\"author\":{\"name\":\"Gon\u00e7alves Junior\",\"@id\":\"https:\\\/\\\/www.p31noticias.com.br\\\/#\\\/schema\\\/person\\\/95f2ece30e3b4132065b915150cd0f94\"},\"headline\":\"CCJ do Senado aprova PEC dos Precat\u00f3rios.\",\"datePublished\":\"2021-11-30T22:33:15+00:00\",\"dateModified\":\"2022-02-17T18:17:35+00:00\",\"mainEntityOfPage\":{\"@id\":\"https:\\\/\\\/www.p31noticias.com.br\\\/?p=24878\"},\"wordCount\":254,\"commentCount\":0,\"image\":{\"@id\":\"https:\\\/\\\/www.p31noticias.com.br\\\/?p=24878#primaryimage\"},\"thumbnailUrl\":\"https:\\\/\\\/www.p31noticias.com.br\\\/wp-content\\\/uploads\\\/2021\\\/11\\\/pzzb1447.jpg\",\"articleSection\":[\"Brasil\"],\"inLanguage\":\"pt-BR\",\"potentialAction\":[{\"@type\":\"CommentAction\",\"name\":\"Comment\",\"target\":[\"https:\\\/\\\/www.p31noticias.com.br\\\/?p=24878#respond\"]}],\"copyrightYear\":\"2021\",\"copyrightHolder\":{\"@id\":\"https:\\\/\\\/www.p31noticias.com.br\\\/#organization\"}},{\"@type\":\"WebPage\",\"@id\":\"https:\\\/\\\/www.p31noticias.com.br\\\/?p=24878\",\"url\":\"https:\\\/\\\/www.p31noticias.com.br\\\/?p=24878\",\"name\":\"CCJ do Senado aprova PEC dos Precat\u00f3rios. - P31\",\"isPartOf\":{\"@id\":\"https:\\\/\\\/www.p31noticias.com.br\\\/#website\"},\"primaryImageOfPage\":{\"@id\":\"https:\\\/\\\/www.p31noticias.com.br\\\/?p=24878#primaryimage\"},\"image\":{\"@id\":\"https:\\\/\\\/www.p31noticias.com.br\\\/?p=24878#primaryimage\"},\"thumbnailUrl\":\"https:\\\/\\\/www.p31noticias.com.br\\\/wp-content\\\/uploads\\\/2021\\\/11\\\/pzzb1447.jpg\",\"datePublished\":\"2021-11-30T22:33:15+00:00\",\"dateModified\":\"2022-02-17T18:17:35+00:00\",\"author\":{\"@id\":\"https:\\\/\\\/www.p31noticias.com.br\\\/#\\\/schema\\\/person\\\/95f2ece30e3b4132065b915150cd0f94\"},\"breadcrumb\":{\"@id\":\"https:\\\/\\\/www.p31noticias.com.br\\\/?p=24878#breadcrumb\"},\"inLanguage\":\"pt-BR\",\"potentialAction\":[{\"@type\":\"ReadAction\",\"target\":[\"https:\\\/\\\/www.p31noticias.com.br\\\/?p=24878\"]}]},{\"@type\":\"ImageObject\",\"inLanguage\":\"pt-BR\",\"@id\":\"https:\\\/\\\/www.p31noticias.com.br\\\/?p=24878#primaryimage\",\"url\":\"https:\\\/\\\/www.p31noticias.com.br\\\/wp-content\\\/uploads\\\/2021\\\/11\\\/pzzb1447.jpg\",\"contentUrl\":\"https:\\\/\\\/www.p31noticias.com.br\\\/wp-content\\\/uploads\\\/2021\\\/11\\\/pzzb1447.jpg\",\"width\":1170,\"height\":700,\"caption\":\"O l\u00edder do governo no Senado, Fernando Bezerra, durante sess\u00e3o que aprovou MP que autoriza a participa\u00e7\u00e3o de at\u00e9 100% de capital estrangeiro em companhias a\u00e9reas brasileiras.\"},{\"@type\":\"BreadcrumbList\",\"@id\":\"https:\\\/\\\/www.p31noticias.com.br\\\/?p=24878#breadcrumb\",\"itemListElement\":[{\"@type\":\"ListItem\",\"position\":1,\"name\":\"In\u00edcio\",\"item\":\"https:\\\/\\\/www.p31noticias.com.br\\\/\"},{\"@type\":\"ListItem\",\"position\":2,\"name\":\"CCJ do Senado aprova PEC dos Precat\u00f3rios.\"}]},{\"@type\":\"WebSite\",\"@id\":\"https:\\\/\\\/www.p31noticias.com.br\\\/#website\",\"url\":\"https:\\\/\\\/www.p31noticias.com.br\\\/\",\"name\":\"P31\",\"description\":\"NOT\u00cdCIAS\",\"potentialAction\":[{\"@type\":\"SearchAction\",\"target\":{\"@type\":\"EntryPoint\",\"urlTemplate\":\"https:\\\/\\\/www.p31noticias.com.br\\\/?s={search_term_string}\"},\"query-input\":{\"@type\":\"PropertyValueSpecification\",\"valueRequired\":true,\"valueName\":\"search_term_string\"}}],\"inLanguage\":\"pt-BR\"},{\"@type\":\"Person\",\"@id\":\"https:\\\/\\\/www.p31noticias.com.br\\\/#\\\/schema\\\/person\\\/95f2ece30e3b4132065b915150cd0f94\",\"name\":\"Gon\u00e7alves Junior\",\"image\":{\"@type\":\"ImageObject\",\"inLanguage\":\"pt-BR\",\"@id\":\"https:\\\/\\\/secure.gravatar.com\\\/avatar\\\/6711f350116a89762687a48d66f723c799e5438a5b7578508d4294cd7a5d0800?s=96&d=mm&r=g\",\"url\":\"https:\\\/\\\/secure.gravatar.com\\\/avatar\\\/6711f350116a89762687a48d66f723c799e5438a5b7578508d4294cd7a5d0800?s=96&d=mm&r=g\",\"contentUrl\":\"https:\\\/\\\/secure.gravatar.com\\\/avatar\\\/6711f350116a89762687a48d66f723c799e5438a5b7578508d4294cd7a5d0800?s=96&d=mm&r=g\",\"caption\":\"Gon\u00e7alves Junior\"},\"url\":\"https:\\\/\\\/www.p31noticias.com.br\\\/?author=2\"}]}<\/script>\n<!-- \/ Yoast SEO Premium plugin. -->","yoast_head_json":{"title":"CCJ do Senado aprova PEC dos Precat\u00f3rios. - P31","robots":{"index":"index","follow":"follow","max-snippet":"max-snippet:-1","max-image-preview":"max-image-preview:large","max-video-preview":"max-video-preview:-1"},"canonical":"https:\/\/www.p31noticias.com.br\/?p=24878","og_locale":"pt_BR","og_type":"article","og_title":"CCJ do Senado aprova PEC dos Precat\u00f3rios.","og_description":"A mat\u00e9ria agora ser\u00e1 apreciada pelo plen\u00e1rio da Casa. O substitutivo \u00e0 Proposta de Emenda \u00e0 Constitui\u00e7\u00e3o (PEC) 23\/2021, conhecida como PEC dos Precat\u00f3rios, do senador Fernando Bezerra (MDB-PE), foi aprovado esta tarde na Comiss\u00e3o de Constitui\u00e7\u00e3o e Justi\u00e7a (CCJ) do Senado por 16 votos a 10. A mat\u00e9ria agora ser\u00e1 apreciada pelo plen\u00e1rio da [&hellip;]","og_url":"https:\/\/www.p31noticias.com.br\/?p=24878","og_site_name":"P31","article_published_time":"2021-11-30T22:33:15+00:00","article_modified_time":"2022-02-17T18:17:35+00:00","og_image":[{"width":1170,"height":700,"url":"https:\/\/www.p31noticias.com.br\/wp-content\/uploads\/2021\/11\/pzzb1447.jpg","type":"image\/jpeg"}],"author":"Gon\u00e7alves Junior","twitter_card":"summary_large_image","twitter_misc":{"Escrito por":"Gon\u00e7alves Junior","Est. tempo de leitura":"1 minuto"},"schema":{"@context":"https:\/\/schema.org","@graph":[{"@type":"Article","@id":"https:\/\/www.p31noticias.com.br\/?p=24878#article","isPartOf":{"@id":"https:\/\/www.p31noticias.com.br\/?p=24878"},"author":{"name":"Gon\u00e7alves Junior","@id":"https:\/\/www.p31noticias.com.br\/#\/schema\/person\/95f2ece30e3b4132065b915150cd0f94"},"headline":"CCJ do Senado aprova PEC dos Precat\u00f3rios.","datePublished":"2021-11-30T22:33:15+00:00","dateModified":"2022-02-17T18:17:35+00:00","mainEntityOfPage":{"@id":"https:\/\/www.p31noticias.com.br\/?p=24878"},"wordCount":254,"commentCount":0,"image":{"@id":"https:\/\/www.p31noticias.com.br\/?p=24878#primaryimage"},"thumbnailUrl":"https:\/\/www.p31noticias.com.br\/wp-content\/uploads\/2021\/11\/pzzb1447.jpg","articleSection":["Brasil"],"inLanguage":"pt-BR","potentialAction":[{"@type":"CommentAction","name":"Comment","target":["https:\/\/www.p31noticias.com.br\/?p=24878#respond"]}],"copyrightYear":"2021","copyrightHolder":{"@id":"https:\/\/www.p31noticias.com.br\/#organization"}},{"@type":"WebPage","@id":"https:\/\/www.p31noticias.com.br\/?p=24878","url":"https:\/\/www.p31noticias.com.br\/?p=24878","name":"CCJ do Senado aprova PEC dos Precat\u00f3rios. - P31","isPartOf":{"@id":"https:\/\/www.p31noticias.com.br\/#website"},"primaryImageOfPage":{"@id":"https:\/\/www.p31noticias.com.br\/?p=24878#primaryimage"},"image":{"@id":"https:\/\/www.p31noticias.com.br\/?p=24878#primaryimage"},"thumbnailUrl":"https:\/\/www.p31noticias.com.br\/wp-content\/uploads\/2021\/11\/pzzb1447.jpg","datePublished":"2021-11-30T22:33:15+00:00","dateModified":"2022-02-17T18:17:35+00:00","author":{"@id":"https:\/\/www.p31noticias.com.br\/#\/schema\/person\/95f2ece30e3b4132065b915150cd0f94"},"breadcrumb":{"@id":"https:\/\/www.p31noticias.com.br\/?p=24878#breadcrumb"},"inLanguage":"pt-BR","potentialAction":[{"@type":"ReadAction","target":["https:\/\/www.p31noticias.com.br\/?p=24878"]}]},{"@type":"ImageObject","inLanguage":"pt-BR","@id":"https:\/\/www.p31noticias.com.br\/?p=24878#primaryimage","url":"https:\/\/www.p31noticias.com.br\/wp-content\/uploads\/2021\/11\/pzzb1447.jpg","contentUrl":"https:\/\/www.p31noticias.com.br\/wp-content\/uploads\/2021\/11\/pzzb1447.jpg","width":1170,"height":700,"caption":"O l\u00edder do governo no Senado, Fernando Bezerra, durante sess\u00e3o que aprovou MP que autoriza a participa\u00e7\u00e3o de at\u00e9 100% de capital estrangeiro em companhias a\u00e9reas brasileiras."},{"@type":"BreadcrumbList","@id":"https:\/\/www.p31noticias.com.br\/?p=24878#breadcrumb","itemListElement":[{"@type":"ListItem","position":1,"name":"In\u00edcio","item":"https:\/\/www.p31noticias.com.br\/"},{"@type":"ListItem","position":2,"name":"CCJ do Senado aprova PEC dos Precat\u00f3rios."}]},{"@type":"WebSite","@id":"https:\/\/www.p31noticias.com.br\/#website","url":"https:\/\/www.p31noticias.com.br\/","name":"P31","description":"NOT\u00cdCIAS","potentialAction":[{"@type":"SearchAction","target":{"@type":"EntryPoint","urlTemplate":"https:\/\/www.p31noticias.com.br\/?s={search_term_string}"},"query-input":{"@type":"PropertyValueSpecification","valueRequired":true,"valueName":"search_term_string"}}],"inLanguage":"pt-BR"},{"@type":"Person","@id":"https:\/\/www.p31noticias.com.br\/#\/schema\/person\/95f2ece30e3b4132065b915150cd0f94","name":"Gon\u00e7alves Junior","image":{"@type":"ImageObject","inLanguage":"pt-BR","@id":"https:\/\/secure.gravatar.com\/avatar\/6711f350116a89762687a48d66f723c799e5438a5b7578508d4294cd7a5d0800?s=96&d=mm&r=g","url":"https:\/\/secure.gravatar.com\/avatar\/6711f350116a89762687a48d66f723c799e5438a5b7578508d4294cd7a5d0800?s=96&d=mm&r=g","contentUrl":"https:\/\/secure.gravatar.com\/avatar\/6711f350116a89762687a48d66f723c799e5438a5b7578508d4294cd7a5d0800?s=96&d=mm&r=g","caption":"Gon\u00e7alves Junior"},"url":"https:\/\/www.p31noticias.com.br\/?author=2"}]}},"amp_enabled":true,"_links":{"self":[{"href":"https:\/\/www.p31noticias.com.br\/index.php?rest_route=\/wp\/v2\/posts\/24878","targetHints":{"allow":["GET"]}}],"collection":[{"href":"https:\/\/www.p31noticias.com.br\/index.php?rest_route=\/wp\/v2\/posts"}],"about":[{"href":"https:\/\/www.p31noticias.com.br\/index.php?rest_route=\/wp\/v2\/types\/post"}],"author":[{"embeddable":true,"href":"https:\/\/www.p31noticias.com.br\/index.php?rest_route=\/wp\/v2\/users\/2"}],"replies":[{"embeddable":true,"href":"https:\/\/www.p31noticias.com.br\/index.php?rest_route=%2Fwp%2Fv2%2Fcomments&post=24878"}],"version-history":[{"count":1,"href":"https:\/\/www.p31noticias.com.br\/index.php?rest_route=\/wp\/v2\/posts\/24878\/revisions"}],"predecessor-version":[{"id":24880,"href":"https:\/\/www.p31noticias.com.br\/index.php?rest_route=\/wp\/v2\/posts\/24878\/revisions\/24880"}],"wp:featuredmedia":[{"embeddable":true,"href":"https:\/\/www.p31noticias.com.br\/index.php?rest_route=\/wp\/v2\/media\/24879"}],"wp:attachment":[{"href":"https:\/\/www.p31noticias.com.br\/index.php?rest_route=%2Fwp%2Fv2%2Fmedia&parent=24878"}],"wp:term":[{"taxonomy":"category","embeddable":true,"href":"https:\/\/www.p31noticias.com.br\/index.php?rest_route=%2Fwp%2Fv2%2Fcategories&post=24878"},{"taxonomy":"post_tag","embeddable":true,"href":"https:\/\/www.p31noticias.com.br\/index.php?rest_route=%2Fwp%2Fv2%2Ftags&post=24878"}],"curies":[{"name":"wp","href":"https:\/\/api.w.org\/{rel}","templated":true}]}}