{"id":24872,"date":"2021-11-28T22:43:31","date_gmt":"2021-11-29T01:43:31","guid":{"rendered":"https:\/\/p31noticias.com.br\/?p=24872"},"modified":"2022-02-17T15:17:35","modified_gmt":"2022-02-17T18:17:35","slug":"presidente-diploma-cadetes-e-fala-sobre-governo-aqui-e-mais-dificil","status":"publish","type":"post","link":"https:\/\/www.p31noticias.com.br\/?p=24872","title":{"rendered":"Presidente diploma cadetes e fala sobre governo: \u201cAqui \u00e9 mais dif\u00edcil\u201d."},"content":{"rendered":"<h3 class=\"col-10 offset-1 animated fadeInDown dealy-900 display-8 display-md-8 alt-font font-italic my-1 text-center\"><em><strong>Turma de cadetes das Agulhas Negras teve 23 formandas.<\/strong><\/em><\/h3>\n<div class=\"post-item-wrap\">\n<p style=\"text-align: justify;\">O presidente Jair Bolsonaro presidiu neste s\u00e1bado (27) a cerim\u00f4nia de formatura de 391 novos aspirantes a oficial do Ex\u00e9rcito na Academia Militar das Agulhas Negras (Aman), em Resende sul do Rio de Janeiro. Bolsonaro fez um discurso de improviso \u00e0 tropa e evitou falar de pol\u00edtica. <img decoding=\"async\" src=\"https:\/\/agenciabrasil.ebc.com.br\/ebc.png?id=1429274&amp;o=node\" \/><img decoding=\"async\" src=\"https:\/\/agenciabrasil.ebc.com.br\/ebc.gif?id=1429274&amp;o=node\" \/><\/p>\n<p style=\"text-align: justify;\">Durante a fala, o presidente relembrou os quatro anos necess\u00e1rios para a conclus\u00e3o do curso e comparou a jornada \u00e0 da presid\u00eancia. \u201cEu at\u00e9 hoje guardo os ensinamentos que aqui aprendi. Nos momentos dif\u00edceis a frente da Presid\u00eancia da Rep\u00fablica\u00a0 eu vejo o que passei por aqui e me conformo dizendo: aqui foi mais dif\u00edcil.\u201d<\/p>\n<p style=\"text-align: justify;\">Bolsonaro tamb\u00e9m exaltou as 23 mulheres que integram a turma e que se formam \u201cmostrando para todos n\u00f3s que quem tem garra, determina\u00e7\u00e3o, for\u00e7a de vontade, coragem e f\u00e9 consegue\u00a0atingir os seus objetivos. Parab\u00e9ns a voc\u00eas todas.\u201d<\/p>\n<p style=\"text-align: justify;\">O presidente atribuiu ao Ex\u00e9rcito Brasileiro suas conquistas pessoais. \u201cEsta forma\u00e7\u00e3o marca a vida de todos n\u00f3s. Essa forma\u00e7\u00e3o nos far\u00e1 vencer obst\u00e1culos. Lembrem-se de uma coisa: o que for poss\u00edvel n\u00f3s faremos, o que n\u00e3o for, entregaremos nas m\u00e3os de Deus; Ele no dia a dia nos d\u00e1 exemplos de supera\u00e7\u00e3o\u201d, afirmou.<\/p>\n<p style=\"text-align: justify;\">Jair Bolsonaro tamb\u00e9m afirmou que \u00e9 papel dos formandos defender a democracia brasileira e a liberdade, al\u00e9m de frisar a necessidade de respeito pela Constitui\u00e7\u00e3o. \u201cN\u00f3s atingiremos o nosso objetivo, que \u00e9 o bem estar de toda a nossa popula\u00e7\u00e3o.\u201d<\/p>\n<p style=\"text-align: justify;\">Al\u00e9m da defesa de valores, Bolsonaro tamb\u00e9m discursou sobre a amizade e o companheirismo entre integrantes das For\u00e7as Armadas. \u201cSem gratid\u00e3o n\u00e3o chegaremos a lugar algum. Quem esquece o seu passado est\u00e1 condenado a n\u00e3o ter futuro\u201d, frisou.<\/p>\n<p style=\"text-align: justify;\">Duque de Caxias, patrono do Ex\u00e9rcito Brasileiro, tamb\u00e9m foi exaltado durante a fala. \u201dUm homem exemplo para todos n\u00f3s. E digo a voc\u00eas: quem far\u00e1 o futuro da nossa p\u00e1tria n\u00e3o ser\u00e1 um homem ou uma mulher. Seremos todos n\u00f3s, 210 milh\u00f5es de habitantes.\u201d<\/p>\n<h2 style=\"text-align: justify;\">Dura\u00e7\u00e3o<\/h2>\n<p style=\"text-align: justify;\">Sob sol forte, a cerim\u00f4nia de formatura dos 391 novos aspirantes a oficial do Ex\u00e9rcito durou aproximadamente 1h30. No moimento dos aspirantes receberem a espada de Duque de Caxias, Bolsonaro desceu do palanque das autoridades e foi cumprimentar e tirar fotos com familiares de formandos. Ele ficou cerca de 20 minutos no p\u00e1tio.<\/p>\n<p style=\"text-align: justify;\">Na cerim\u00f4nia tamb\u00e9m estavam presentes, o vice-presidente Hamilton Mour\u00e3o, o ministro da Defesa, Walter Braga Netto e os comandantes das tr\u00eas For\u00e7as, al\u00e9m de outros generais.<\/p>\n<\/div>\n<p class=\"alt-font font-italic my-2 small text-info\" style=\"text-align: justify;\">Edi\u00e7\u00e3o: Pedro Ivo de Oliveira<\/p>\n","protected":false},"excerpt":{"rendered":"<p>Turma de cadetes das Agulhas Negras teve 23 formandas. O presidente Jair Bolsonaro presidiu neste s\u00e1bado (27) a cerim\u00f4nia de formatura de 391 novos aspirantes a oficial do Ex\u00e9rcito na Academia Militar das Agulhas Negras (Aman), em Resende sul do Rio de Janeiro. Bolsonaro fez um discurso de improviso \u00e0 tropa e evitou falar de [&hellip;]<\/p>\n","protected":false},"author":2,"featured_media":24873,"comment_status":"open","ping_status":"open","sticky":false,"template":"","format":"standard","meta":{"footnotes":""},"categories":[57],"tags":[],"class_list":{"0":"post-24872","1":"post","2":"type-post","3":"status-publish","4":"format-standard","5":"has-post-thumbnail","7":"category-politica"},"yoast_head":"<!-- This site is optimized with the Yoast SEO Premium plugin v24.5 (Yoast SEO v27.5) - https:\/\/yoast.com\/product\/yoast-seo-premium-wordpress\/ -->\n<title>Presidente diploma cadetes e fala sobre governo: \u201cAqui \u00e9 mais dif\u00edcil\u201d. - P31<\/title>\n<meta name=\"robots\" content=\"index, follow, max-snippet:-1, max-image-preview:large, max-video-preview:-1\" \/>\n<link rel=\"canonical\" href=\"https:\/\/www.p31noticias.com.br\/?p=24872\" \/>\n<meta property=\"og:locale\" content=\"pt_BR\" \/>\n<meta property=\"og:type\" content=\"article\" \/>\n<meta property=\"og:title\" content=\"Presidente diploma cadetes e fala sobre governo: \u201cAqui \u00e9 mais dif\u00edcil\u201d.\" \/>\n<meta property=\"og:description\" content=\"Turma de cadetes das Agulhas Negras teve 23 formandas. O presidente Jair Bolsonaro presidiu neste s\u00e1bado (27) a cerim\u00f4nia de formatura de 391 novos aspirantes a oficial do Ex\u00e9rcito na Academia Militar das Agulhas Negras (Aman), em Resende sul do Rio de Janeiro. Bolsonaro fez um discurso de improviso \u00e0 tropa e evitou falar de [&hellip;]\" \/>\n<meta property=\"og:url\" content=\"https:\/\/www.p31noticias.com.br\/?p=24872\" \/>\n<meta property=\"og:site_name\" content=\"P31\" \/>\n<meta property=\"article:published_time\" content=\"2021-11-29T01:43:31+00:00\" \/>\n<meta property=\"article:modified_time\" content=\"2022-02-17T18:17:35+00:00\" \/>\n<meta property=\"og:image\" content=\"https:\/\/www.p31noticias.com.br\/wp-content\/uploads\/2021\/11\/51708822736_52924be9c9_o.jpg\" \/>\n\t<meta property=\"og:image:width\" content=\"1170\" \/>\n\t<meta property=\"og:image:height\" content=\"700\" \/>\n\t<meta property=\"og:image:type\" content=\"image\/jpeg\" \/>\n<meta name=\"author\" content=\"Gon\u00e7alves Junior\" \/>\n<meta name=\"twitter:card\" content=\"summary_large_image\" \/>\n<meta name=\"twitter:label1\" content=\"Escrito por\" \/>\n\t<meta name=\"twitter:data1\" content=\"Gon\u00e7alves Junior\" \/>\n\t<meta name=\"twitter:label2\" content=\"Est. tempo de leitura\" \/>\n\t<meta name=\"twitter:data2\" content=\"2 minutos\" \/>\n<script type=\"application\/ld+json\" class=\"yoast-schema-graph\">{\"@context\":\"https:\\\/\\\/schema.org\",\"@graph\":[{\"@type\":\"Article\",\"@id\":\"https:\\\/\\\/www.p31noticias.com.br\\\/?p=24872#article\",\"isPartOf\":{\"@id\":\"https:\\\/\\\/www.p31noticias.com.br\\\/?p=24872\"},\"author\":{\"name\":\"Gon\u00e7alves Junior\",\"@id\":\"https:\\\/\\\/www.p31noticias.com.br\\\/#\\\/schema\\\/person\\\/95f2ece30e3b4132065b915150cd0f94\"},\"headline\":\"Presidente diploma cadetes e fala sobre governo: \u201cAqui \u00e9 mais dif\u00edcil\u201d.\",\"datePublished\":\"2021-11-29T01:43:31+00:00\",\"dateModified\":\"2022-02-17T18:17:35+00:00\",\"mainEntityOfPage\":{\"@id\":\"https:\\\/\\\/www.p31noticias.com.br\\\/?p=24872\"},\"wordCount\":466,\"commentCount\":0,\"image\":{\"@id\":\"https:\\\/\\\/www.p31noticias.com.br\\\/?p=24872#primaryimage\"},\"thumbnailUrl\":\"https:\\\/\\\/www.p31noticias.com.br\\\/wp-content\\\/uploads\\\/2021\\\/11\\\/51708822736_52924be9c9_o.jpg\",\"articleSection\":[\"Pol\u00edtica\"],\"inLanguage\":\"pt-BR\",\"potentialAction\":[{\"@type\":\"CommentAction\",\"name\":\"Comment\",\"target\":[\"https:\\\/\\\/www.p31noticias.com.br\\\/?p=24872#respond\"]}],\"copyrightYear\":\"2021\",\"copyrightHolder\":{\"@id\":\"https:\\\/\\\/www.p31noticias.com.br\\\/#organization\"}},{\"@type\":\"WebPage\",\"@id\":\"https:\\\/\\\/www.p31noticias.com.br\\\/?p=24872\",\"url\":\"https:\\\/\\\/www.p31noticias.com.br\\\/?p=24872\",\"name\":\"Presidente diploma cadetes e fala sobre governo: \u201cAqui \u00e9 mais dif\u00edcil\u201d. - P31\",\"isPartOf\":{\"@id\":\"https:\\\/\\\/www.p31noticias.com.br\\\/#website\"},\"primaryImageOfPage\":{\"@id\":\"https:\\\/\\\/www.p31noticias.com.br\\\/?p=24872#primaryimage\"},\"image\":{\"@id\":\"https:\\\/\\\/www.p31noticias.com.br\\\/?p=24872#primaryimage\"},\"thumbnailUrl\":\"https:\\\/\\\/www.p31noticias.com.br\\\/wp-content\\\/uploads\\\/2021\\\/11\\\/51708822736_52924be9c9_o.jpg\",\"datePublished\":\"2021-11-29T01:43:31+00:00\",\"dateModified\":\"2022-02-17T18:17:35+00:00\",\"author\":{\"@id\":\"https:\\\/\\\/www.p31noticias.com.br\\\/#\\\/schema\\\/person\\\/95f2ece30e3b4132065b915150cd0f94\"},\"breadcrumb\":{\"@id\":\"https:\\\/\\\/www.p31noticias.com.br\\\/?p=24872#breadcrumb\"},\"inLanguage\":\"pt-BR\",\"potentialAction\":[{\"@type\":\"ReadAction\",\"target\":[\"https:\\\/\\\/www.p31noticias.com.br\\\/?p=24872\"]}]},{\"@type\":\"ImageObject\",\"inLanguage\":\"pt-BR\",\"@id\":\"https:\\\/\\\/www.p31noticias.com.br\\\/?p=24872#primaryimage\",\"url\":\"https:\\\/\\\/www.p31noticias.com.br\\\/wp-content\\\/uploads\\\/2021\\\/11\\\/51708822736_52924be9c9_o.jpg\",\"contentUrl\":\"https:\\\/\\\/www.p31noticias.com.br\\\/wp-content\\\/uploads\\\/2021\\\/11\\\/51708822736_52924be9c9_o.jpg\",\"width\":1170,\"height\":700,\"caption\":\"(Resende - RJ, 27\\\/11\\\/2021) Cerim\u00f4nia de entrega de Espada e Declara\u00e7\u00e3o de Aspirantes da Turma Dona Rosa da Fonseca. Foto: Clauber Cleber Caetano\\\/PR\"},{\"@type\":\"BreadcrumbList\",\"@id\":\"https:\\\/\\\/www.p31noticias.com.br\\\/?p=24872#breadcrumb\",\"itemListElement\":[{\"@type\":\"ListItem\",\"position\":1,\"name\":\"In\u00edcio\",\"item\":\"https:\\\/\\\/www.p31noticias.com.br\\\/\"},{\"@type\":\"ListItem\",\"position\":2,\"name\":\"Presidente diploma cadetes e fala sobre governo: \u201cAqui \u00e9 mais dif\u00edcil\u201d.\"}]},{\"@type\":\"WebSite\",\"@id\":\"https:\\\/\\\/www.p31noticias.com.br\\\/#website\",\"url\":\"https:\\\/\\\/www.p31noticias.com.br\\\/\",\"name\":\"P31\",\"description\":\"NOT\u00cdCIAS\",\"potentialAction\":[{\"@type\":\"SearchAction\",\"target\":{\"@type\":\"EntryPoint\",\"urlTemplate\":\"https:\\\/\\\/www.p31noticias.com.br\\\/?s={search_term_string}\"},\"query-input\":{\"@type\":\"PropertyValueSpecification\",\"valueRequired\":true,\"valueName\":\"search_term_string\"}}],\"inLanguage\":\"pt-BR\"},{\"@type\":\"Person\",\"@id\":\"https:\\\/\\\/www.p31noticias.com.br\\\/#\\\/schema\\\/person\\\/95f2ece30e3b4132065b915150cd0f94\",\"name\":\"Gon\u00e7alves Junior\",\"image\":{\"@type\":\"ImageObject\",\"inLanguage\":\"pt-BR\",\"@id\":\"https:\\\/\\\/secure.gravatar.com\\\/avatar\\\/6711f350116a89762687a48d66f723c799e5438a5b7578508d4294cd7a5d0800?s=96&d=mm&r=g\",\"url\":\"https:\\\/\\\/secure.gravatar.com\\\/avatar\\\/6711f350116a89762687a48d66f723c799e5438a5b7578508d4294cd7a5d0800?s=96&d=mm&r=g\",\"contentUrl\":\"https:\\\/\\\/secure.gravatar.com\\\/avatar\\\/6711f350116a89762687a48d66f723c799e5438a5b7578508d4294cd7a5d0800?s=96&d=mm&r=g\",\"caption\":\"Gon\u00e7alves Junior\"},\"url\":\"https:\\\/\\\/www.p31noticias.com.br\\\/?author=2\"}]}<\/script>\n<!-- \/ Yoast SEO Premium plugin. -->","yoast_head_json":{"title":"Presidente diploma cadetes e fala sobre governo: \u201cAqui \u00e9 mais dif\u00edcil\u201d. - P31","robots":{"index":"index","follow":"follow","max-snippet":"max-snippet:-1","max-image-preview":"max-image-preview:large","max-video-preview":"max-video-preview:-1"},"canonical":"https:\/\/www.p31noticias.com.br\/?p=24872","og_locale":"pt_BR","og_type":"article","og_title":"Presidente diploma cadetes e fala sobre governo: \u201cAqui \u00e9 mais dif\u00edcil\u201d.","og_description":"Turma de cadetes das Agulhas Negras teve 23 formandas. O presidente Jair Bolsonaro presidiu neste s\u00e1bado (27) a cerim\u00f4nia de formatura de 391 novos aspirantes a oficial do Ex\u00e9rcito na Academia Militar das Agulhas Negras (Aman), em Resende sul do Rio de Janeiro. Bolsonaro fez um discurso de improviso \u00e0 tropa e evitou falar de [&hellip;]","og_url":"https:\/\/www.p31noticias.com.br\/?p=24872","og_site_name":"P31","article_published_time":"2021-11-29T01:43:31+00:00","article_modified_time":"2022-02-17T18:17:35+00:00","og_image":[{"width":1170,"height":700,"url":"https:\/\/www.p31noticias.com.br\/wp-content\/uploads\/2021\/11\/51708822736_52924be9c9_o.jpg","type":"image\/jpeg"}],"author":"Gon\u00e7alves Junior","twitter_card":"summary_large_image","twitter_misc":{"Escrito por":"Gon\u00e7alves Junior","Est. tempo de leitura":"2 minutos"},"schema":{"@context":"https:\/\/schema.org","@graph":[{"@type":"Article","@id":"https:\/\/www.p31noticias.com.br\/?p=24872#article","isPartOf":{"@id":"https:\/\/www.p31noticias.com.br\/?p=24872"},"author":{"name":"Gon\u00e7alves Junior","@id":"https:\/\/www.p31noticias.com.br\/#\/schema\/person\/95f2ece30e3b4132065b915150cd0f94"},"headline":"Presidente diploma cadetes e fala sobre governo: \u201cAqui \u00e9 mais dif\u00edcil\u201d.","datePublished":"2021-11-29T01:43:31+00:00","dateModified":"2022-02-17T18:17:35+00:00","mainEntityOfPage":{"@id":"https:\/\/www.p31noticias.com.br\/?p=24872"},"wordCount":466,"commentCount":0,"image":{"@id":"https:\/\/www.p31noticias.com.br\/?p=24872#primaryimage"},"thumbnailUrl":"https:\/\/www.p31noticias.com.br\/wp-content\/uploads\/2021\/11\/51708822736_52924be9c9_o.jpg","articleSection":["Pol\u00edtica"],"inLanguage":"pt-BR","potentialAction":[{"@type":"CommentAction","name":"Comment","target":["https:\/\/www.p31noticias.com.br\/?p=24872#respond"]}],"copyrightYear":"2021","copyrightHolder":{"@id":"https:\/\/www.p31noticias.com.br\/#organization"}},{"@type":"WebPage","@id":"https:\/\/www.p31noticias.com.br\/?p=24872","url":"https:\/\/www.p31noticias.com.br\/?p=24872","name":"Presidente diploma cadetes e fala sobre governo: \u201cAqui \u00e9 mais dif\u00edcil\u201d. - P31","isPartOf":{"@id":"https:\/\/www.p31noticias.com.br\/#website"},"primaryImageOfPage":{"@id":"https:\/\/www.p31noticias.com.br\/?p=24872#primaryimage"},"image":{"@id":"https:\/\/www.p31noticias.com.br\/?p=24872#primaryimage"},"thumbnailUrl":"https:\/\/www.p31noticias.com.br\/wp-content\/uploads\/2021\/11\/51708822736_52924be9c9_o.jpg","datePublished":"2021-11-29T01:43:31+00:00","dateModified":"2022-02-17T18:17:35+00:00","author":{"@id":"https:\/\/www.p31noticias.com.br\/#\/schema\/person\/95f2ece30e3b4132065b915150cd0f94"},"breadcrumb":{"@id":"https:\/\/www.p31noticias.com.br\/?p=24872#breadcrumb"},"inLanguage":"pt-BR","potentialAction":[{"@type":"ReadAction","target":["https:\/\/www.p31noticias.com.br\/?p=24872"]}]},{"@type":"ImageObject","inLanguage":"pt-BR","@id":"https:\/\/www.p31noticias.com.br\/?p=24872#primaryimage","url":"https:\/\/www.p31noticias.com.br\/wp-content\/uploads\/2021\/11\/51708822736_52924be9c9_o.jpg","contentUrl":"https:\/\/www.p31noticias.com.br\/wp-content\/uploads\/2021\/11\/51708822736_52924be9c9_o.jpg","width":1170,"height":700,"caption":"(Resende - RJ, 27\/11\/2021) Cerim\u00f4nia de entrega de Espada e Declara\u00e7\u00e3o de Aspirantes da Turma Dona Rosa da Fonseca. Foto: Clauber Cleber Caetano\/PR"},{"@type":"BreadcrumbList","@id":"https:\/\/www.p31noticias.com.br\/?p=24872#breadcrumb","itemListElement":[{"@type":"ListItem","position":1,"name":"In\u00edcio","item":"https:\/\/www.p31noticias.com.br\/"},{"@type":"ListItem","position":2,"name":"Presidente diploma cadetes e fala sobre governo: \u201cAqui \u00e9 mais dif\u00edcil\u201d."}]},{"@type":"WebSite","@id":"https:\/\/www.p31noticias.com.br\/#website","url":"https:\/\/www.p31noticias.com.br\/","name":"P31","description":"NOT\u00cdCIAS","potentialAction":[{"@type":"SearchAction","target":{"@type":"EntryPoint","urlTemplate":"https:\/\/www.p31noticias.com.br\/?s={search_term_string}"},"query-input":{"@type":"PropertyValueSpecification","valueRequired":true,"valueName":"search_term_string"}}],"inLanguage":"pt-BR"},{"@type":"Person","@id":"https:\/\/www.p31noticias.com.br\/#\/schema\/person\/95f2ece30e3b4132065b915150cd0f94","name":"Gon\u00e7alves Junior","image":{"@type":"ImageObject","inLanguage":"pt-BR","@id":"https:\/\/secure.gravatar.com\/avatar\/6711f350116a89762687a48d66f723c799e5438a5b7578508d4294cd7a5d0800?s=96&d=mm&r=g","url":"https:\/\/secure.gravatar.com\/avatar\/6711f350116a89762687a48d66f723c799e5438a5b7578508d4294cd7a5d0800?s=96&d=mm&r=g","contentUrl":"https:\/\/secure.gravatar.com\/avatar\/6711f350116a89762687a48d66f723c799e5438a5b7578508d4294cd7a5d0800?s=96&d=mm&r=g","caption":"Gon\u00e7alves Junior"},"url":"https:\/\/www.p31noticias.com.br\/?author=2"}]}},"amp_enabled":true,"_links":{"self":[{"href":"https:\/\/www.p31noticias.com.br\/index.php?rest_route=\/wp\/v2\/posts\/24872","targetHints":{"allow":["GET"]}}],"collection":[{"href":"https:\/\/www.p31noticias.com.br\/index.php?rest_route=\/wp\/v2\/posts"}],"about":[{"href":"https:\/\/www.p31noticias.com.br\/index.php?rest_route=\/wp\/v2\/types\/post"}],"author":[{"embeddable":true,"href":"https:\/\/www.p31noticias.com.br\/index.php?rest_route=\/wp\/v2\/users\/2"}],"replies":[{"embeddable":true,"href":"https:\/\/www.p31noticias.com.br\/index.php?rest_route=%2Fwp%2Fv2%2Fcomments&post=24872"}],"version-history":[{"count":1,"href":"https:\/\/www.p31noticias.com.br\/index.php?rest_route=\/wp\/v2\/posts\/24872\/revisions"}],"predecessor-version":[{"id":24874,"href":"https:\/\/www.p31noticias.com.br\/index.php?rest_route=\/wp\/v2\/posts\/24872\/revisions\/24874"}],"wp:featuredmedia":[{"embeddable":true,"href":"https:\/\/www.p31noticias.com.br\/index.php?rest_route=\/wp\/v2\/media\/24873"}],"wp:attachment":[{"href":"https:\/\/www.p31noticias.com.br\/index.php?rest_route=%2Fwp%2Fv2%2Fmedia&parent=24872"}],"wp:term":[{"taxonomy":"category","embeddable":true,"href":"https:\/\/www.p31noticias.com.br\/index.php?rest_route=%2Fwp%2Fv2%2Fcategories&post=24872"},{"taxonomy":"post_tag","embeddable":true,"href":"https:\/\/www.p31noticias.com.br\/index.php?rest_route=%2Fwp%2Fv2%2Ftags&post=24872"}],"curies":[{"name":"wp","href":"https:\/\/api.w.org\/{rel}","templated":true}]}}