{"id":24869,"date":"2021-11-28T22:36:34","date_gmt":"2021-11-29T01:36:34","guid":{"rendered":"https:\/\/p31noticias.com.br\/?p=24869"},"modified":"2022-02-17T15:17:36","modified_gmt":"2022-02-17T18:17:36","slug":"pandemia-cuidados-devem-ser-mantidos-com-variante-omicron","status":"publish","type":"post","link":"https:\/\/www.p31noticias.com.br\/?p=24869","title":{"rendered":"Pandemia: cuidados devem ser mantidos com variante \u00d4micron."},"content":{"rendered":"<h3 class=\"col-10 offset-1 animated fadeInDown dealy-900 display-8 display-md-8 alt-font font-italic my-1 text-center\"><em><strong>Reuni\u00e3o no Minist\u00e9rio da Sa\u00fade discutiu a nova variante do coronav\u00edrus.<\/strong><\/em><\/h3>\n<p style=\"text-align: justify;\">O ministro da Sa\u00fade, Marcelo Queiroga, reafirmou neste domingo(28) que a principal arma contra a covid-19 \u00e9 a vacina\u00e7\u00e3o. Mais cedo, o ministro realizou uma transmiss\u00e3o ao vivo nas redes sociais durante reuni\u00e3o de trabalho sobre a variante \u00d4micron do novo coronav\u00edrus.<img decoding=\"async\" src=\"https:\/\/agenciabrasil.ebc.com.br\/ebc.png?id=1429432&amp;o=node\" \/><img decoding=\"async\" src=\"https:\/\/agenciabrasil.ebc.com.br\/ebc.gif?id=1429432&amp;o=node\" \/><\/p>\n<p style=\"text-align: justify;\">Segundo Queiroga, o cen\u00e1rio epidemiol\u00f3gico no Brasil \u00e9 de maior tranquilidade em fun\u00e7\u00e3o da campanha de vacina\u00e7\u00e3o. At\u00e9 o momento, foram distribu\u00eddas aos estados 372 milh\u00f5es de doses, sendo que 308 milh\u00f5es j\u00e1 foram aplicadas na popula\u00e7\u00e3o.<\/p>\n<p style=\"text-align: justify;\">\u201cGostaria de tranquilizar todos os brasileiros, porque os cuidados com essa variante s\u00e3o os mesmos cuidados com as outras variantes. A principal arma que n\u00f3s temos para enfrentar essas situa\u00e7\u00f5es \u00e9 a nossa campanha de imuniza\u00e7\u00e3o\u201d, afirmou.<\/p>\n<p style=\"text-align: justify;\">De acordo com o secret\u00e1rio de Vigil\u00e2ncia em Sa\u00fade, Arnaldo Medeiros, as medidas de prote\u00e7\u00e3o contra a covid-19 devem ser mantidas. \u201c\u00c9 extremamente importante que mantenhamos foco na campanha de vacina\u00e7\u00e3o e que mantenhamos as medidas chamadas n\u00e3o farmacol\u00f3gicas [uso de m\u00e1scaras], evitarmos aglomera\u00e7\u00f5es p\u00fablicas, higieniza\u00e7\u00e3o das m\u00e3os, \u00e1lcool em gel e etiqueta respirat\u00f3ria\u201d, disse.<\/p>\n<p style=\"text-align: justify;\">Na semana passada, o surgimento de uma variante do novo coronav\u00edrus foi confirmado em regi\u00f5es da \u00c1frica. Batizada de \u00d4micron &#8211; letra grega correspondente \u00e0 letra \u201co\u201d do alfabeto -, a cepa B.1.1.529 foi identificada em Botsuana, pa\u00eds vizinho \u00e0 \u00c1frica do Sul, em meados de novembro.<\/p>\n<p style=\"text-align: justify;\">Segundo a Organiza\u00e7\u00e3o Mundial da Sa\u00fade (OMS), a variante pode se tornar respons\u00e1vel pela maior parte de novos registros de infec\u00e7\u00e3o pelo novo coronav\u00edrus em prov\u00edncias sul-africanas.<\/p>\n<p style=\"text-align: justify;\">No Brasil, ainda n\u00e3o foi registrado nenhum caso da \u00d4micron. Por medida de precau\u00e7\u00e3o, a partir de amanh\u00e3 (29), o governo federal decidiu restringir e entrada de passageiros oriundos da \u00c1frica do Sul, Botsuana, Lesoto, Nam\u00edbia, Zimb\u00e1bue, Eswatini (ex-Suazil\u00e2ndia), Angola, Malawi, Mo\u00e7ambique e Z\u00e2mbia.<\/p>\n<p>Agencia Brasil.<\/p>\n","protected":false},"excerpt":{"rendered":"<p>Reuni\u00e3o no Minist\u00e9rio da Sa\u00fade discutiu a nova variante do coronav\u00edrus. O ministro da Sa\u00fade, Marcelo Queiroga, reafirmou neste domingo(28) que a principal arma contra a covid-19 \u00e9 a vacina\u00e7\u00e3o. Mais cedo, o ministro realizou uma transmiss\u00e3o ao vivo nas redes sociais durante reuni\u00e3o de trabalho sobre a variante \u00d4micron do novo coronav\u00edrus. Segundo Queiroga, [&hellip;]<\/p>\n","protected":false},"author":2,"featured_media":24870,"comment_status":"open","ping_status":"open","sticky":false,"template":"","format":"standard","meta":{"footnotes":""},"categories":[68],"tags":[],"class_list":{"0":"post-24869","1":"post","2":"type-post","3":"status-publish","4":"format-standard","5":"has-post-thumbnail","7":"category-brasil"},"yoast_head":"<!-- This site is optimized with the Yoast SEO Premium plugin v24.5 (Yoast SEO v27.5) - https:\/\/yoast.com\/product\/yoast-seo-premium-wordpress\/ -->\n<title>Pandemia: cuidados devem ser mantidos com variante \u00d4micron. - P31<\/title>\n<meta name=\"robots\" content=\"index, follow, max-snippet:-1, max-image-preview:large, max-video-preview:-1\" \/>\n<link rel=\"canonical\" href=\"https:\/\/www.p31noticias.com.br\/?p=24869\" \/>\n<meta property=\"og:locale\" content=\"pt_BR\" \/>\n<meta property=\"og:type\" content=\"article\" \/>\n<meta property=\"og:title\" content=\"Pandemia: cuidados devem ser mantidos com variante \u00d4micron.\" \/>\n<meta property=\"og:description\" content=\"Reuni\u00e3o no Minist\u00e9rio da Sa\u00fade discutiu a nova variante do coronav\u00edrus. O ministro da Sa\u00fade, Marcelo Queiroga, reafirmou neste domingo(28) que a principal arma contra a covid-19 \u00e9 a vacina\u00e7\u00e3o. Mais cedo, o ministro realizou uma transmiss\u00e3o ao vivo nas redes sociais durante reuni\u00e3o de trabalho sobre a variante \u00d4micron do novo coronav\u00edrus. Segundo Queiroga, [&hellip;]\" \/>\n<meta property=\"og:url\" content=\"https:\/\/www.p31noticias.com.br\/?p=24869\" \/>\n<meta property=\"og:site_name\" content=\"P31\" \/>\n<meta property=\"article:published_time\" content=\"2021-11-29T01:36:34+00:00\" \/>\n<meta property=\"article:modified_time\" content=\"2022-02-17T18:17:36+00:00\" \/>\n<meta property=\"og:image\" content=\"https:\/\/www.p31noticias.com.br\/wp-content\/uploads\/2021\/11\/mega-vacinacao_mcamgo_abr_161120211818-8.jpg\" \/>\n\t<meta property=\"og:image:width\" content=\"1170\" \/>\n\t<meta property=\"og:image:height\" content=\"700\" \/>\n\t<meta property=\"og:image:type\" content=\"image\/jpeg\" \/>\n<meta name=\"author\" content=\"Gon\u00e7alves Junior\" \/>\n<meta name=\"twitter:card\" content=\"summary_large_image\" \/>\n<meta name=\"twitter:label1\" content=\"Escrito por\" \/>\n\t<meta name=\"twitter:data1\" content=\"Gon\u00e7alves Junior\" \/>\n\t<meta name=\"twitter:label2\" content=\"Est. tempo de leitura\" \/>\n\t<meta name=\"twitter:data2\" content=\"2 minutos\" \/>\n<script type=\"application\/ld+json\" class=\"yoast-schema-graph\">{\"@context\":\"https:\\\/\\\/schema.org\",\"@graph\":[{\"@type\":\"Article\",\"@id\":\"https:\\\/\\\/www.p31noticias.com.br\\\/?p=24869#article\",\"isPartOf\":{\"@id\":\"https:\\\/\\\/www.p31noticias.com.br\\\/?p=24869\"},\"author\":{\"name\":\"Gon\u00e7alves Junior\",\"@id\":\"https:\\\/\\\/www.p31noticias.com.br\\\/#\\\/schema\\\/person\\\/95f2ece30e3b4132065b915150cd0f94\"},\"headline\":\"Pandemia: cuidados devem ser mantidos com variante \u00d4micron.\",\"datePublished\":\"2021-11-29T01:36:34+00:00\",\"dateModified\":\"2022-02-17T18:17:36+00:00\",\"mainEntityOfPage\":{\"@id\":\"https:\\\/\\\/www.p31noticias.com.br\\\/?p=24869\"},\"wordCount\":351,\"commentCount\":0,\"image\":{\"@id\":\"https:\\\/\\\/www.p31noticias.com.br\\\/?p=24869#primaryimage\"},\"thumbnailUrl\":\"https:\\\/\\\/www.p31noticias.com.br\\\/wp-content\\\/uploads\\\/2021\\\/11\\\/mega-vacinacao_mcamgo_abr_161120211818-8.jpg\",\"articleSection\":[\"Brasil\"],\"inLanguage\":\"pt-BR\",\"potentialAction\":[{\"@type\":\"CommentAction\",\"name\":\"Comment\",\"target\":[\"https:\\\/\\\/www.p31noticias.com.br\\\/?p=24869#respond\"]}],\"copyrightYear\":\"2021\",\"copyrightHolder\":{\"@id\":\"https:\\\/\\\/www.p31noticias.com.br\\\/#organization\"}},{\"@type\":\"WebPage\",\"@id\":\"https:\\\/\\\/www.p31noticias.com.br\\\/?p=24869\",\"url\":\"https:\\\/\\\/www.p31noticias.com.br\\\/?p=24869\",\"name\":\"Pandemia: cuidados devem ser mantidos com variante \u00d4micron. - P31\",\"isPartOf\":{\"@id\":\"https:\\\/\\\/www.p31noticias.com.br\\\/#website\"},\"primaryImageOfPage\":{\"@id\":\"https:\\\/\\\/www.p31noticias.com.br\\\/?p=24869#primaryimage\"},\"image\":{\"@id\":\"https:\\\/\\\/www.p31noticias.com.br\\\/?p=24869#primaryimage\"},\"thumbnailUrl\":\"https:\\\/\\\/www.p31noticias.com.br\\\/wp-content\\\/uploads\\\/2021\\\/11\\\/mega-vacinacao_mcamgo_abr_161120211818-8.jpg\",\"datePublished\":\"2021-11-29T01:36:34+00:00\",\"dateModified\":\"2022-02-17T18:17:36+00:00\",\"author\":{\"@id\":\"https:\\\/\\\/www.p31noticias.com.br\\\/#\\\/schema\\\/person\\\/95f2ece30e3b4132065b915150cd0f94\"},\"breadcrumb\":{\"@id\":\"https:\\\/\\\/www.p31noticias.com.br\\\/?p=24869#breadcrumb\"},\"inLanguage\":\"pt-BR\",\"potentialAction\":[{\"@type\":\"ReadAction\",\"target\":[\"https:\\\/\\\/www.p31noticias.com.br\\\/?p=24869\"]}]},{\"@type\":\"ImageObject\",\"inLanguage\":\"pt-BR\",\"@id\":\"https:\\\/\\\/www.p31noticias.com.br\\\/?p=24869#primaryimage\",\"url\":\"https:\\\/\\\/www.p31noticias.com.br\\\/wp-content\\\/uploads\\\/2021\\\/11\\\/mega-vacinacao_mcamgo_abr_161120211818-8.jpg\",\"contentUrl\":\"https:\\\/\\\/www.p31noticias.com.br\\\/wp-content\\\/uploads\\\/2021\\\/11\\\/mega-vacinacao_mcamgo_abr_161120211818-8.jpg\",\"width\":1170,\"height\":700,\"caption\":\"O ministro da Sa\u00fade, Marcelo Queiroga, durante o lan\u00e7amento da campanha Mega Vacina\u00e7\u00e3o.\"},{\"@type\":\"BreadcrumbList\",\"@id\":\"https:\\\/\\\/www.p31noticias.com.br\\\/?p=24869#breadcrumb\",\"itemListElement\":[{\"@type\":\"ListItem\",\"position\":1,\"name\":\"In\u00edcio\",\"item\":\"https:\\\/\\\/www.p31noticias.com.br\\\/\"},{\"@type\":\"ListItem\",\"position\":2,\"name\":\"Pandemia: cuidados devem ser mantidos com variante \u00d4micron.\"}]},{\"@type\":\"WebSite\",\"@id\":\"https:\\\/\\\/www.p31noticias.com.br\\\/#website\",\"url\":\"https:\\\/\\\/www.p31noticias.com.br\\\/\",\"name\":\"P31\",\"description\":\"NOT\u00cdCIAS\",\"potentialAction\":[{\"@type\":\"SearchAction\",\"target\":{\"@type\":\"EntryPoint\",\"urlTemplate\":\"https:\\\/\\\/www.p31noticias.com.br\\\/?s={search_term_string}\"},\"query-input\":{\"@type\":\"PropertyValueSpecification\",\"valueRequired\":true,\"valueName\":\"search_term_string\"}}],\"inLanguage\":\"pt-BR\"},{\"@type\":\"Person\",\"@id\":\"https:\\\/\\\/www.p31noticias.com.br\\\/#\\\/schema\\\/person\\\/95f2ece30e3b4132065b915150cd0f94\",\"name\":\"Gon\u00e7alves Junior\",\"image\":{\"@type\":\"ImageObject\",\"inLanguage\":\"pt-BR\",\"@id\":\"https:\\\/\\\/secure.gravatar.com\\\/avatar\\\/6711f350116a89762687a48d66f723c799e5438a5b7578508d4294cd7a5d0800?s=96&d=mm&r=g\",\"url\":\"https:\\\/\\\/secure.gravatar.com\\\/avatar\\\/6711f350116a89762687a48d66f723c799e5438a5b7578508d4294cd7a5d0800?s=96&d=mm&r=g\",\"contentUrl\":\"https:\\\/\\\/secure.gravatar.com\\\/avatar\\\/6711f350116a89762687a48d66f723c799e5438a5b7578508d4294cd7a5d0800?s=96&d=mm&r=g\",\"caption\":\"Gon\u00e7alves Junior\"},\"url\":\"https:\\\/\\\/www.p31noticias.com.br\\\/?author=2\"}]}<\/script>\n<!-- \/ Yoast SEO Premium plugin. -->","yoast_head_json":{"title":"Pandemia: cuidados devem ser mantidos com variante \u00d4micron. - P31","robots":{"index":"index","follow":"follow","max-snippet":"max-snippet:-1","max-image-preview":"max-image-preview:large","max-video-preview":"max-video-preview:-1"},"canonical":"https:\/\/www.p31noticias.com.br\/?p=24869","og_locale":"pt_BR","og_type":"article","og_title":"Pandemia: cuidados devem ser mantidos com variante \u00d4micron.","og_description":"Reuni\u00e3o no Minist\u00e9rio da Sa\u00fade discutiu a nova variante do coronav\u00edrus. O ministro da Sa\u00fade, Marcelo Queiroga, reafirmou neste domingo(28) que a principal arma contra a covid-19 \u00e9 a vacina\u00e7\u00e3o. Mais cedo, o ministro realizou uma transmiss\u00e3o ao vivo nas redes sociais durante reuni\u00e3o de trabalho sobre a variante \u00d4micron do novo coronav\u00edrus. Segundo Queiroga, [&hellip;]","og_url":"https:\/\/www.p31noticias.com.br\/?p=24869","og_site_name":"P31","article_published_time":"2021-11-29T01:36:34+00:00","article_modified_time":"2022-02-17T18:17:36+00:00","og_image":[{"width":1170,"height":700,"url":"https:\/\/www.p31noticias.com.br\/wp-content\/uploads\/2021\/11\/mega-vacinacao_mcamgo_abr_161120211818-8.jpg","type":"image\/jpeg"}],"author":"Gon\u00e7alves Junior","twitter_card":"summary_large_image","twitter_misc":{"Escrito por":"Gon\u00e7alves Junior","Est. tempo de leitura":"2 minutos"},"schema":{"@context":"https:\/\/schema.org","@graph":[{"@type":"Article","@id":"https:\/\/www.p31noticias.com.br\/?p=24869#article","isPartOf":{"@id":"https:\/\/www.p31noticias.com.br\/?p=24869"},"author":{"name":"Gon\u00e7alves Junior","@id":"https:\/\/www.p31noticias.com.br\/#\/schema\/person\/95f2ece30e3b4132065b915150cd0f94"},"headline":"Pandemia: cuidados devem ser mantidos com variante \u00d4micron.","datePublished":"2021-11-29T01:36:34+00:00","dateModified":"2022-02-17T18:17:36+00:00","mainEntityOfPage":{"@id":"https:\/\/www.p31noticias.com.br\/?p=24869"},"wordCount":351,"commentCount":0,"image":{"@id":"https:\/\/www.p31noticias.com.br\/?p=24869#primaryimage"},"thumbnailUrl":"https:\/\/www.p31noticias.com.br\/wp-content\/uploads\/2021\/11\/mega-vacinacao_mcamgo_abr_161120211818-8.jpg","articleSection":["Brasil"],"inLanguage":"pt-BR","potentialAction":[{"@type":"CommentAction","name":"Comment","target":["https:\/\/www.p31noticias.com.br\/?p=24869#respond"]}],"copyrightYear":"2021","copyrightHolder":{"@id":"https:\/\/www.p31noticias.com.br\/#organization"}},{"@type":"WebPage","@id":"https:\/\/www.p31noticias.com.br\/?p=24869","url":"https:\/\/www.p31noticias.com.br\/?p=24869","name":"Pandemia: cuidados devem ser mantidos com variante \u00d4micron. - P31","isPartOf":{"@id":"https:\/\/www.p31noticias.com.br\/#website"},"primaryImageOfPage":{"@id":"https:\/\/www.p31noticias.com.br\/?p=24869#primaryimage"},"image":{"@id":"https:\/\/www.p31noticias.com.br\/?p=24869#primaryimage"},"thumbnailUrl":"https:\/\/www.p31noticias.com.br\/wp-content\/uploads\/2021\/11\/mega-vacinacao_mcamgo_abr_161120211818-8.jpg","datePublished":"2021-11-29T01:36:34+00:00","dateModified":"2022-02-17T18:17:36+00:00","author":{"@id":"https:\/\/www.p31noticias.com.br\/#\/schema\/person\/95f2ece30e3b4132065b915150cd0f94"},"breadcrumb":{"@id":"https:\/\/www.p31noticias.com.br\/?p=24869#breadcrumb"},"inLanguage":"pt-BR","potentialAction":[{"@type":"ReadAction","target":["https:\/\/www.p31noticias.com.br\/?p=24869"]}]},{"@type":"ImageObject","inLanguage":"pt-BR","@id":"https:\/\/www.p31noticias.com.br\/?p=24869#primaryimage","url":"https:\/\/www.p31noticias.com.br\/wp-content\/uploads\/2021\/11\/mega-vacinacao_mcamgo_abr_161120211818-8.jpg","contentUrl":"https:\/\/www.p31noticias.com.br\/wp-content\/uploads\/2021\/11\/mega-vacinacao_mcamgo_abr_161120211818-8.jpg","width":1170,"height":700,"caption":"O ministro da Sa\u00fade, Marcelo Queiroga, durante o lan\u00e7amento da campanha Mega Vacina\u00e7\u00e3o."},{"@type":"BreadcrumbList","@id":"https:\/\/www.p31noticias.com.br\/?p=24869#breadcrumb","itemListElement":[{"@type":"ListItem","position":1,"name":"In\u00edcio","item":"https:\/\/www.p31noticias.com.br\/"},{"@type":"ListItem","position":2,"name":"Pandemia: cuidados devem ser mantidos com variante \u00d4micron."}]},{"@type":"WebSite","@id":"https:\/\/www.p31noticias.com.br\/#website","url":"https:\/\/www.p31noticias.com.br\/","name":"P31","description":"NOT\u00cdCIAS","potentialAction":[{"@type":"SearchAction","target":{"@type":"EntryPoint","urlTemplate":"https:\/\/www.p31noticias.com.br\/?s={search_term_string}"},"query-input":{"@type":"PropertyValueSpecification","valueRequired":true,"valueName":"search_term_string"}}],"inLanguage":"pt-BR"},{"@type":"Person","@id":"https:\/\/www.p31noticias.com.br\/#\/schema\/person\/95f2ece30e3b4132065b915150cd0f94","name":"Gon\u00e7alves Junior","image":{"@type":"ImageObject","inLanguage":"pt-BR","@id":"https:\/\/secure.gravatar.com\/avatar\/6711f350116a89762687a48d66f723c799e5438a5b7578508d4294cd7a5d0800?s=96&d=mm&r=g","url":"https:\/\/secure.gravatar.com\/avatar\/6711f350116a89762687a48d66f723c799e5438a5b7578508d4294cd7a5d0800?s=96&d=mm&r=g","contentUrl":"https:\/\/secure.gravatar.com\/avatar\/6711f350116a89762687a48d66f723c799e5438a5b7578508d4294cd7a5d0800?s=96&d=mm&r=g","caption":"Gon\u00e7alves Junior"},"url":"https:\/\/www.p31noticias.com.br\/?author=2"}]}},"amp_enabled":true,"_links":{"self":[{"href":"https:\/\/www.p31noticias.com.br\/index.php?rest_route=\/wp\/v2\/posts\/24869","targetHints":{"allow":["GET"]}}],"collection":[{"href":"https:\/\/www.p31noticias.com.br\/index.php?rest_route=\/wp\/v2\/posts"}],"about":[{"href":"https:\/\/www.p31noticias.com.br\/index.php?rest_route=\/wp\/v2\/types\/post"}],"author":[{"embeddable":true,"href":"https:\/\/www.p31noticias.com.br\/index.php?rest_route=\/wp\/v2\/users\/2"}],"replies":[{"embeddable":true,"href":"https:\/\/www.p31noticias.com.br\/index.php?rest_route=%2Fwp%2Fv2%2Fcomments&post=24869"}],"version-history":[{"count":1,"href":"https:\/\/www.p31noticias.com.br\/index.php?rest_route=\/wp\/v2\/posts\/24869\/revisions"}],"predecessor-version":[{"id":24871,"href":"https:\/\/www.p31noticias.com.br\/index.php?rest_route=\/wp\/v2\/posts\/24869\/revisions\/24871"}],"wp:featuredmedia":[{"embeddable":true,"href":"https:\/\/www.p31noticias.com.br\/index.php?rest_route=\/wp\/v2\/media\/24870"}],"wp:attachment":[{"href":"https:\/\/www.p31noticias.com.br\/index.php?rest_route=%2Fwp%2Fv2%2Fmedia&parent=24869"}],"wp:term":[{"taxonomy":"category","embeddable":true,"href":"https:\/\/www.p31noticias.com.br\/index.php?rest_route=%2Fwp%2Fv2%2Fcategories&post=24869"},{"taxonomy":"post_tag","embeddable":true,"href":"https:\/\/www.p31noticias.com.br\/index.php?rest_route=%2Fwp%2Fv2%2Ftags&post=24869"}],"curies":[{"name":"wp","href":"https:\/\/api.w.org\/{rel}","templated":true}]}}