{"id":24866,"date":"2021-11-28T22:30:53","date_gmt":"2021-11-29T01:30:53","guid":{"rendered":"https:\/\/p31noticias.com.br\/?p=24866"},"modified":"2022-02-17T15:17:36","modified_gmt":"2022-02-17T18:17:36","slug":"palmeiras-e-tricampeao-da-copa-libertadores-da-america","status":"publish","type":"post","link":"https:\/\/www.p31noticias.com.br\/?p=24866","title":{"rendered":"Palmeiras \u00e9 tricampe\u00e3o da Copa Libertadores da Am\u00e9rica."},"content":{"rendered":"<h3 class=\"col-10 offset-1 animated fadeInDown dealy-900 display-8 display-md-8 alt-font font-italic my-1 text-center\" style=\"text-align: justify;\"><em><strong>Deyverson saiu do banco de reserva e definiu t\u00edtulo na prorroga\u00e7\u00e3o.<\/strong><\/em><\/h3>\n<p style=\"text-align: justify;\">O Palmeiras \u00e9 tricampe\u00e3o da Copa Libertadores da Am\u00e9rica. O Alviverde fez 2 a 1 no Flamengo no est\u00e1dio Centen\u00e1rio, em Montevid\u00e9u, no Uruguai, na tarde deste s\u00e1bado (27). O primeiro gol palmeirense foi marcado pelo meia Raphael Veiga aos quatro minutos da etapa inicial. Ap\u00f3s belo lan\u00e7amento do zagueiro Gustavo G\u00f3mez pela direita para Mayke, o lateral cruzou com perfei\u00e7\u00e3o para tr\u00e1s e o artilheiro chegou sozinho para concluir forte e rasteiro para o fundo das redes. Na sequ\u00eancia do primeiro tempo, o jogo foi de muito equil\u00edbrio e forte marca\u00e7\u00e3o.<img decoding=\"async\" src=\"https:\/\/agenciabrasil.ebc.com.br\/ebc.png?id=1429291&amp;o=node\" \/><img decoding=\"async\" src=\"https:\/\/agenciabrasil.ebc.com.br\/ebc.gif?id=1429291&amp;o=node\" \/><\/p>\n<p style=\"text-align: justify;\">O time do Rio\u00a0de Janeiro\u00a0ficou mais com a bola (66% contra 34%), mas quem mais finalizou no gol foi a equipe paulista (3 a 1).<\/p>\n<div class=\"twitter-tweet twitter-tweet-rendered\" style=\"text-align: justify;\"><\/div>\n<p style=\"text-align: justify;\">Na etapa final, depois do Rubro-Negro j\u00e1\u00a0ter\u00a0feito duas mudan\u00e7as (a sa\u00edda do Filipe Lu\u00eds para a entrada de Ren\u00ea e a troca de Everton Ribeiro por Michael), veio o empate. Aos 26 minutos, Arrascaeta deu um bom passe para Gabriel Barbosa. O atacante invadiu a \u00e1rea nas costas do lateral Mayke e bateu de esquerda. O goleiro Weverton acabou fechando mal o canto direito e n\u00e3o conseguiu evitar que a bola estufasse as redes. Foi assim que acabou o tempo regulamentar.<\/p>\n<p style=\"text-align: justify;\">Depois, na prorroga\u00e7\u00e3o, o t\u00e9cnico portugu\u00eas Abel Ferreira tirou Raphael Veiga e colocou Deyverson. E, logo aos quatro minutos do primeiro tempo, a mudan\u00e7a deu resultado em um vacilo incr\u00edvel da zaga flamenguista. David Luiz tocou para Andreas Pereira, que perdeu a bola para Deyverson. O atacante palmeirense entrou livre na cara do Diego Alves e bateu firme rasteiro. A bola ainda desviou no goleiro, mas foi para o fundo das redes.<\/p>\n<p><img decoding=\"async\" src=\"https:\/\/placar.abril.com.br\/wp-content\/uploads\/2021\/09\/felipemelotaca-1.jpg\" alt=\"Com drama, Palmeiras cura trauma contra o Corinthians e \u00e9 campe\u00e3o | Placar  - O futebol sem barreiras para voc\u00ea\" \/><\/p>\n<p style=\"text-align: justify;\">Agencia Brasil.<\/p>\n","protected":false},"excerpt":{"rendered":"<p>Deyverson saiu do banco de reserva e definiu t\u00edtulo na prorroga\u00e7\u00e3o. O Palmeiras \u00e9 tricampe\u00e3o da Copa Libertadores da Am\u00e9rica. O Alviverde fez 2 a 1 no Flamengo no est\u00e1dio Centen\u00e1rio, em Montevid\u00e9u, no Uruguai, na tarde deste s\u00e1bado (27). O primeiro gol palmeirense foi marcado pelo meia Raphael Veiga aos quatro minutos da etapa [&hellip;]<\/p>\n","protected":false},"author":2,"featured_media":24867,"comment_status":"open","ping_status":"open","sticky":false,"template":"","format":"standard","meta":{"footnotes":""},"categories":[1],"tags":[],"class_list":{"0":"post-24866","1":"post","2":"type-post","3":"status-publish","4":"format-standard","5":"has-post-thumbnail","7":"category-outros"},"yoast_head":"<!-- This site is optimized with the Yoast SEO Premium plugin v24.5 (Yoast SEO v27.5) - https:\/\/yoast.com\/product\/yoast-seo-premium-wordpress\/ -->\n<title>Palmeiras \u00e9 tricampe\u00e3o da Copa Libertadores da Am\u00e9rica. - P31<\/title>\n<meta name=\"robots\" content=\"index, follow, max-snippet:-1, max-image-preview:large, max-video-preview:-1\" \/>\n<link rel=\"canonical\" href=\"https:\/\/www.p31noticias.com.br\/?p=24866\" \/>\n<meta property=\"og:locale\" content=\"pt_BR\" \/>\n<meta property=\"og:type\" content=\"article\" \/>\n<meta property=\"og:title\" content=\"Palmeiras \u00e9 tricampe\u00e3o da Copa Libertadores da Am\u00e9rica.\" \/>\n<meta property=\"og:description\" content=\"Deyverson saiu do banco de reserva e definiu t\u00edtulo na prorroga\u00e7\u00e3o. O Palmeiras \u00e9 tricampe\u00e3o da Copa Libertadores da Am\u00e9rica. O Alviverde fez 2 a 1 no Flamengo no est\u00e1dio Centen\u00e1rio, em Montevid\u00e9u, no Uruguai, na tarde deste s\u00e1bado (27). O primeiro gol palmeirense foi marcado pelo meia Raphael Veiga aos quatro minutos da etapa [&hellip;]\" \/>\n<meta property=\"og:url\" content=\"https:\/\/www.p31noticias.com.br\/?p=24866\" \/>\n<meta property=\"og:site_name\" content=\"P31\" \/>\n<meta property=\"article:published_time\" content=\"2021-11-29T01:30:53+00:00\" \/>\n<meta property=\"article:modified_time\" content=\"2022-02-17T18:17:36+00:00\" \/>\n<meta property=\"og:image\" content=\"https:\/\/www.p31noticias.com.br\/wp-content\/uploads\/2021\/11\/poster-palmeiras-campeao-libertadores-2020-30012021190116453.jpeg\" \/>\n\t<meta property=\"og:image:width\" content=\"771\" \/>\n\t<meta property=\"og:image:height\" content=\"420\" \/>\n\t<meta property=\"og:image:type\" content=\"image\/jpeg\" \/>\n<meta name=\"author\" content=\"Gon\u00e7alves Junior\" \/>\n<meta name=\"twitter:card\" content=\"summary_large_image\" \/>\n<meta name=\"twitter:label1\" content=\"Escrito por\" \/>\n\t<meta name=\"twitter:data1\" content=\"Gon\u00e7alves Junior\" \/>\n\t<meta name=\"twitter:label2\" content=\"Est. tempo de leitura\" \/>\n\t<meta name=\"twitter:data2\" content=\"2 minutos\" \/>\n<script type=\"application\/ld+json\" class=\"yoast-schema-graph\">{\"@context\":\"https:\\\/\\\/schema.org\",\"@graph\":[{\"@type\":\"Article\",\"@id\":\"https:\\\/\\\/www.p31noticias.com.br\\\/?p=24866#article\",\"isPartOf\":{\"@id\":\"https:\\\/\\\/www.p31noticias.com.br\\\/?p=24866\"},\"author\":{\"name\":\"Gon\u00e7alves Junior\",\"@id\":\"https:\\\/\\\/www.p31noticias.com.br\\\/#\\\/schema\\\/person\\\/95f2ece30e3b4132065b915150cd0f94\"},\"headline\":\"Palmeiras \u00e9 tricampe\u00e3o da Copa Libertadores da Am\u00e9rica.\",\"datePublished\":\"2021-11-29T01:30:53+00:00\",\"dateModified\":\"2022-02-17T18:17:36+00:00\",\"mainEntityOfPage\":{\"@id\":\"https:\\\/\\\/www.p31noticias.com.br\\\/?p=24866\"},\"wordCount\":312,\"commentCount\":0,\"image\":{\"@id\":\"https:\\\/\\\/www.p31noticias.com.br\\\/?p=24866#primaryimage\"},\"thumbnailUrl\":\"https:\\\/\\\/www.p31noticias.com.br\\\/wp-content\\\/uploads\\\/2021\\\/11\\\/poster-palmeiras-campeao-libertadores-2020-30012021190116453.jpeg\",\"articleSection\":[\"Outros\"],\"inLanguage\":\"pt-BR\",\"potentialAction\":[{\"@type\":\"CommentAction\",\"name\":\"Comment\",\"target\":[\"https:\\\/\\\/www.p31noticias.com.br\\\/?p=24866#respond\"]}],\"copyrightYear\":\"2021\",\"copyrightHolder\":{\"@id\":\"https:\\\/\\\/www.p31noticias.com.br\\\/#organization\"}},{\"@type\":\"WebPage\",\"@id\":\"https:\\\/\\\/www.p31noticias.com.br\\\/?p=24866\",\"url\":\"https:\\\/\\\/www.p31noticias.com.br\\\/?p=24866\",\"name\":\"Palmeiras \u00e9 tricampe\u00e3o da Copa Libertadores da Am\u00e9rica. - P31\",\"isPartOf\":{\"@id\":\"https:\\\/\\\/www.p31noticias.com.br\\\/#website\"},\"primaryImageOfPage\":{\"@id\":\"https:\\\/\\\/www.p31noticias.com.br\\\/?p=24866#primaryimage\"},\"image\":{\"@id\":\"https:\\\/\\\/www.p31noticias.com.br\\\/?p=24866#primaryimage\"},\"thumbnailUrl\":\"https:\\\/\\\/www.p31noticias.com.br\\\/wp-content\\\/uploads\\\/2021\\\/11\\\/poster-palmeiras-campeao-libertadores-2020-30012021190116453.jpeg\",\"datePublished\":\"2021-11-29T01:30:53+00:00\",\"dateModified\":\"2022-02-17T18:17:36+00:00\",\"author\":{\"@id\":\"https:\\\/\\\/www.p31noticias.com.br\\\/#\\\/schema\\\/person\\\/95f2ece30e3b4132065b915150cd0f94\"},\"breadcrumb\":{\"@id\":\"https:\\\/\\\/www.p31noticias.com.br\\\/?p=24866#breadcrumb\"},\"inLanguage\":\"pt-BR\",\"potentialAction\":[{\"@type\":\"ReadAction\",\"target\":[\"https:\\\/\\\/www.p31noticias.com.br\\\/?p=24866\"]}]},{\"@type\":\"ImageObject\",\"inLanguage\":\"pt-BR\",\"@id\":\"https:\\\/\\\/www.p31noticias.com.br\\\/?p=24866#primaryimage\",\"url\":\"https:\\\/\\\/www.p31noticias.com.br\\\/wp-content\\\/uploads\\\/2021\\\/11\\\/poster-palmeiras-campeao-libertadores-2020-30012021190116453.jpeg\",\"contentUrl\":\"https:\\\/\\\/www.p31noticias.com.br\\\/wp-content\\\/uploads\\\/2021\\\/11\\\/poster-palmeiras-campeao-libertadores-2020-30012021190116453.jpeg\",\"width\":771,\"height\":420},{\"@type\":\"BreadcrumbList\",\"@id\":\"https:\\\/\\\/www.p31noticias.com.br\\\/?p=24866#breadcrumb\",\"itemListElement\":[{\"@type\":\"ListItem\",\"position\":1,\"name\":\"In\u00edcio\",\"item\":\"https:\\\/\\\/www.p31noticias.com.br\\\/\"},{\"@type\":\"ListItem\",\"position\":2,\"name\":\"Palmeiras \u00e9 tricampe\u00e3o da Copa Libertadores da Am\u00e9rica.\"}]},{\"@type\":\"WebSite\",\"@id\":\"https:\\\/\\\/www.p31noticias.com.br\\\/#website\",\"url\":\"https:\\\/\\\/www.p31noticias.com.br\\\/\",\"name\":\"P31\",\"description\":\"NOT\u00cdCIAS\",\"potentialAction\":[{\"@type\":\"SearchAction\",\"target\":{\"@type\":\"EntryPoint\",\"urlTemplate\":\"https:\\\/\\\/www.p31noticias.com.br\\\/?s={search_term_string}\"},\"query-input\":{\"@type\":\"PropertyValueSpecification\",\"valueRequired\":true,\"valueName\":\"search_term_string\"}}],\"inLanguage\":\"pt-BR\"},{\"@type\":\"Person\",\"@id\":\"https:\\\/\\\/www.p31noticias.com.br\\\/#\\\/schema\\\/person\\\/95f2ece30e3b4132065b915150cd0f94\",\"name\":\"Gon\u00e7alves Junior\",\"image\":{\"@type\":\"ImageObject\",\"inLanguage\":\"pt-BR\",\"@id\":\"https:\\\/\\\/secure.gravatar.com\\\/avatar\\\/6711f350116a89762687a48d66f723c799e5438a5b7578508d4294cd7a5d0800?s=96&d=mm&r=g\",\"url\":\"https:\\\/\\\/secure.gravatar.com\\\/avatar\\\/6711f350116a89762687a48d66f723c799e5438a5b7578508d4294cd7a5d0800?s=96&d=mm&r=g\",\"contentUrl\":\"https:\\\/\\\/secure.gravatar.com\\\/avatar\\\/6711f350116a89762687a48d66f723c799e5438a5b7578508d4294cd7a5d0800?s=96&d=mm&r=g\",\"caption\":\"Gon\u00e7alves Junior\"},\"url\":\"https:\\\/\\\/www.p31noticias.com.br\\\/?author=2\"}]}<\/script>\n<!-- \/ Yoast SEO Premium plugin. -->","yoast_head_json":{"title":"Palmeiras \u00e9 tricampe\u00e3o da Copa Libertadores da Am\u00e9rica. - P31","robots":{"index":"index","follow":"follow","max-snippet":"max-snippet:-1","max-image-preview":"max-image-preview:large","max-video-preview":"max-video-preview:-1"},"canonical":"https:\/\/www.p31noticias.com.br\/?p=24866","og_locale":"pt_BR","og_type":"article","og_title":"Palmeiras \u00e9 tricampe\u00e3o da Copa Libertadores da Am\u00e9rica.","og_description":"Deyverson saiu do banco de reserva e definiu t\u00edtulo na prorroga\u00e7\u00e3o. O Palmeiras \u00e9 tricampe\u00e3o da Copa Libertadores da Am\u00e9rica. O Alviverde fez 2 a 1 no Flamengo no est\u00e1dio Centen\u00e1rio, em Montevid\u00e9u, no Uruguai, na tarde deste s\u00e1bado (27). O primeiro gol palmeirense foi marcado pelo meia Raphael Veiga aos quatro minutos da etapa [&hellip;]","og_url":"https:\/\/www.p31noticias.com.br\/?p=24866","og_site_name":"P31","article_published_time":"2021-11-29T01:30:53+00:00","article_modified_time":"2022-02-17T18:17:36+00:00","og_image":[{"width":771,"height":420,"url":"https:\/\/www.p31noticias.com.br\/wp-content\/uploads\/2021\/11\/poster-palmeiras-campeao-libertadores-2020-30012021190116453.jpeg","type":"image\/jpeg"}],"author":"Gon\u00e7alves Junior","twitter_card":"summary_large_image","twitter_misc":{"Escrito por":"Gon\u00e7alves Junior","Est. tempo de leitura":"2 minutos"},"schema":{"@context":"https:\/\/schema.org","@graph":[{"@type":"Article","@id":"https:\/\/www.p31noticias.com.br\/?p=24866#article","isPartOf":{"@id":"https:\/\/www.p31noticias.com.br\/?p=24866"},"author":{"name":"Gon\u00e7alves Junior","@id":"https:\/\/www.p31noticias.com.br\/#\/schema\/person\/95f2ece30e3b4132065b915150cd0f94"},"headline":"Palmeiras \u00e9 tricampe\u00e3o da Copa Libertadores da Am\u00e9rica.","datePublished":"2021-11-29T01:30:53+00:00","dateModified":"2022-02-17T18:17:36+00:00","mainEntityOfPage":{"@id":"https:\/\/www.p31noticias.com.br\/?p=24866"},"wordCount":312,"commentCount":0,"image":{"@id":"https:\/\/www.p31noticias.com.br\/?p=24866#primaryimage"},"thumbnailUrl":"https:\/\/www.p31noticias.com.br\/wp-content\/uploads\/2021\/11\/poster-palmeiras-campeao-libertadores-2020-30012021190116453.jpeg","articleSection":["Outros"],"inLanguage":"pt-BR","potentialAction":[{"@type":"CommentAction","name":"Comment","target":["https:\/\/www.p31noticias.com.br\/?p=24866#respond"]}],"copyrightYear":"2021","copyrightHolder":{"@id":"https:\/\/www.p31noticias.com.br\/#organization"}},{"@type":"WebPage","@id":"https:\/\/www.p31noticias.com.br\/?p=24866","url":"https:\/\/www.p31noticias.com.br\/?p=24866","name":"Palmeiras \u00e9 tricampe\u00e3o da Copa Libertadores da Am\u00e9rica. - P31","isPartOf":{"@id":"https:\/\/www.p31noticias.com.br\/#website"},"primaryImageOfPage":{"@id":"https:\/\/www.p31noticias.com.br\/?p=24866#primaryimage"},"image":{"@id":"https:\/\/www.p31noticias.com.br\/?p=24866#primaryimage"},"thumbnailUrl":"https:\/\/www.p31noticias.com.br\/wp-content\/uploads\/2021\/11\/poster-palmeiras-campeao-libertadores-2020-30012021190116453.jpeg","datePublished":"2021-11-29T01:30:53+00:00","dateModified":"2022-02-17T18:17:36+00:00","author":{"@id":"https:\/\/www.p31noticias.com.br\/#\/schema\/person\/95f2ece30e3b4132065b915150cd0f94"},"breadcrumb":{"@id":"https:\/\/www.p31noticias.com.br\/?p=24866#breadcrumb"},"inLanguage":"pt-BR","potentialAction":[{"@type":"ReadAction","target":["https:\/\/www.p31noticias.com.br\/?p=24866"]}]},{"@type":"ImageObject","inLanguage":"pt-BR","@id":"https:\/\/www.p31noticias.com.br\/?p=24866#primaryimage","url":"https:\/\/www.p31noticias.com.br\/wp-content\/uploads\/2021\/11\/poster-palmeiras-campeao-libertadores-2020-30012021190116453.jpeg","contentUrl":"https:\/\/www.p31noticias.com.br\/wp-content\/uploads\/2021\/11\/poster-palmeiras-campeao-libertadores-2020-30012021190116453.jpeg","width":771,"height":420},{"@type":"BreadcrumbList","@id":"https:\/\/www.p31noticias.com.br\/?p=24866#breadcrumb","itemListElement":[{"@type":"ListItem","position":1,"name":"In\u00edcio","item":"https:\/\/www.p31noticias.com.br\/"},{"@type":"ListItem","position":2,"name":"Palmeiras \u00e9 tricampe\u00e3o da Copa Libertadores da Am\u00e9rica."}]},{"@type":"WebSite","@id":"https:\/\/www.p31noticias.com.br\/#website","url":"https:\/\/www.p31noticias.com.br\/","name":"P31","description":"NOT\u00cdCIAS","potentialAction":[{"@type":"SearchAction","target":{"@type":"EntryPoint","urlTemplate":"https:\/\/www.p31noticias.com.br\/?s={search_term_string}"},"query-input":{"@type":"PropertyValueSpecification","valueRequired":true,"valueName":"search_term_string"}}],"inLanguage":"pt-BR"},{"@type":"Person","@id":"https:\/\/www.p31noticias.com.br\/#\/schema\/person\/95f2ece30e3b4132065b915150cd0f94","name":"Gon\u00e7alves Junior","image":{"@type":"ImageObject","inLanguage":"pt-BR","@id":"https:\/\/secure.gravatar.com\/avatar\/6711f350116a89762687a48d66f723c799e5438a5b7578508d4294cd7a5d0800?s=96&d=mm&r=g","url":"https:\/\/secure.gravatar.com\/avatar\/6711f350116a89762687a48d66f723c799e5438a5b7578508d4294cd7a5d0800?s=96&d=mm&r=g","contentUrl":"https:\/\/secure.gravatar.com\/avatar\/6711f350116a89762687a48d66f723c799e5438a5b7578508d4294cd7a5d0800?s=96&d=mm&r=g","caption":"Gon\u00e7alves Junior"},"url":"https:\/\/www.p31noticias.com.br\/?author=2"}]}},"amp_enabled":true,"_links":{"self":[{"href":"https:\/\/www.p31noticias.com.br\/index.php?rest_route=\/wp\/v2\/posts\/24866","targetHints":{"allow":["GET"]}}],"collection":[{"href":"https:\/\/www.p31noticias.com.br\/index.php?rest_route=\/wp\/v2\/posts"}],"about":[{"href":"https:\/\/www.p31noticias.com.br\/index.php?rest_route=\/wp\/v2\/types\/post"}],"author":[{"embeddable":true,"href":"https:\/\/www.p31noticias.com.br\/index.php?rest_route=\/wp\/v2\/users\/2"}],"replies":[{"embeddable":true,"href":"https:\/\/www.p31noticias.com.br\/index.php?rest_route=%2Fwp%2Fv2%2Fcomments&post=24866"}],"version-history":[{"count":1,"href":"https:\/\/www.p31noticias.com.br\/index.php?rest_route=\/wp\/v2\/posts\/24866\/revisions"}],"predecessor-version":[{"id":24868,"href":"https:\/\/www.p31noticias.com.br\/index.php?rest_route=\/wp\/v2\/posts\/24866\/revisions\/24868"}],"wp:featuredmedia":[{"embeddable":true,"href":"https:\/\/www.p31noticias.com.br\/index.php?rest_route=\/wp\/v2\/media\/24867"}],"wp:attachment":[{"href":"https:\/\/www.p31noticias.com.br\/index.php?rest_route=%2Fwp%2Fv2%2Fmedia&parent=24866"}],"wp:term":[{"taxonomy":"category","embeddable":true,"href":"https:\/\/www.p31noticias.com.br\/index.php?rest_route=%2Fwp%2Fv2%2Fcategories&post=24866"},{"taxonomy":"post_tag","embeddable":true,"href":"https:\/\/www.p31noticias.com.br\/index.php?rest_route=%2Fwp%2Fv2%2Ftags&post=24866"}],"curies":[{"name":"wp","href":"https:\/\/api.w.org\/{rel}","templated":true}]}}