{"id":24863,"date":"2021-11-24T16:05:48","date_gmt":"2021-11-24T19:05:48","guid":{"rendered":"https:\/\/p31noticias.com.br\/?p=24863"},"modified":"2022-02-17T15:17:36","modified_gmt":"2022-02-17T18:17:36","slug":"relator-da-pec-dos-precatorios-apresenta-parecer-a-ccj","status":"publish","type":"post","link":"https:\/\/www.p31noticias.com.br\/?p=24863","title":{"rendered":"Relator da PEC dos Precat\u00f3rios apresenta parecer \u00e0 CCJ."},"content":{"rendered":"<div class=\"row\">\n<h3 class=\"col-10 offset-1 animated fadeInDown dealy-900 display-8 display-md-8 alt-font font-italic my-1 text-center\">Proposta torna o Aux\u00edlio Brasil um beneficio permanente.<\/h3>\n<\/div>\n<p style=\"text-align: justify;\">O relator da Proposta de Emenda \u00e0 Constitui\u00e7\u00e3o (PEC) dos Precat\u00f3rios na Comiss\u00e3o de Constitui\u00e7\u00e3o e Justi\u00e7a (CCJ) do Senado, o l\u00edder do governo na Casa, Fernando Bezerra Coelho (MDB-PE), apresentou nesta quarta-feira (24) seu parecer \u00e0 proposta no colegiado. Com a leitura do relat\u00f3rio feita, o presidente da CCJ, senador Davi Alcolumbre (DEM-AP), concedeu vista coletiva ao texto. Os precat\u00f3rios s\u00e3o d\u00edvidas da Uni\u00e3o reconhecidas pela justi\u00e7a.<img decoding=\"async\" src=\"https:\/\/agenciabrasil.ebc.com.br\/ebc.png?id=1428835&amp;o=node\" \/><img decoding=\"async\" src=\"https:\/\/agenciabrasil.ebc.com.br\/ebc.gif?id=1428835&amp;o=node\" \/><\/p>\n<p style=\"text-align: justify;\">A expectativa do governo \u00e9 que o texto seja debatido e votado na pr\u00f3xima ter\u00e7a-feira (30) ou quarta-feira (1\u00ba). A etapa seguinte \u00e9 a vota\u00e7\u00e3o em dois turnos pelos 81 senadores no plen\u00e1rio da Casa. Se aprovada com altera\u00e7\u00f5es, a PEC precisa voltar \u00e0 an\u00e1lise dos deputados.<\/p>\n<p style=\"text-align: justify;\">Para o senador Omar Aziz (PSD-AM), n\u00e3o h\u00e1 tempo h\u00e1bil para votar a PEC na comiss\u00e3o na pr\u00f3xima ter\u00e7a-feira, como quer o governo. \u201cConcordamos com algumas quest\u00f5es da PEC, mas n\u00e3o concordamos com outras. N\u00e3o adianta querer a\u00e7odar as coisas porque o governo quer. N\u00f3s queremos ajudar quem precisa. Houve tempo suficiente para ajudar essas pessoas. Se chegamos onde chegamos, n\u00e3o \u00e9 responsabilidade do Senado Federal\u201d, afirmou.<\/p>\n<h2 style=\"text-align: justify;\">Altera\u00e7\u00f5es<\/h2>\n<p style=\"text-align: justify;\">Entre as sete principais mudan\u00e7as feitas por Bezerra no texto j\u00e1 aprovado pelos deputados, est\u00e1 a transforma\u00e7\u00e3o do Aux\u00edlio Brasil, que substitui o Bolsa Fam\u00edlia, em programa um permanente, no valor de R$ 400. Pelo relat\u00f3rio de Bezerra, at\u00e9 dezembro do pr\u00f3ximo ano, quando terminaria o prazo do atual Aux\u00edlio Brasil, devem ser estabelecidas as regras b\u00e1sicas para tornar o programa permanente com cerca de 17 milh\u00f5es de beneficiados.<\/p>\n<p style=\"text-align: justify;\">Segundo o Minist\u00e9rio da Economia,\u00a0<a href=\"https:\/\/agenciabrasil.ebc.com.br\/economia\/noticia\/2021-11\/inflacao-eleva-para-r-1061-bi-espaco-fiscal-da-pec-dos-precatorios\">a alta da infla\u00e7\u00e3o no segundo semestre deste ano aumentou em R$ 14,5 bilh\u00f5es os recursos a serem liberados em 2022 pela PEC dos Precat\u00f3rios<\/a>. O espa\u00e7o fiscal criado passou de R$ 91,6 bilh\u00f5es para R$ 106,1 bilh\u00f5es. No entanto, desse total, o governo s\u00f3 ter\u00e1 R$ 1,1 bilh\u00e3o para serem livremente gastos.<\/p>\n<p style=\"text-align: justify;\">O presidente Jair Bolsonaro disse que utilizar\u00e1 o dinheiro n\u00e3o s\u00f3 para viabilizar as parcelas do novo aux\u00edlio para fam\u00edlias em extrema pobreza, mas tamb\u00e9m para\u00a0<a href=\"https:\/\/agenciabrasil.ebc.com.br\/radioagencia-nacional\/economia\/audio\/2021-11\/governo-federal-pode-autorizar-reajuste-para-os-servidores-em-2022\">aumentar o sal\u00e1rio de servidores p\u00fablicos<\/a>\u00a0no ano que vem.<\/p>\n<h2 style=\"text-align: justify;\">Fundef<\/h2>\n<p style=\"text-align: justify;\">Outra mudan\u00e7a no texto prev\u00ea que os valores dos precat\u00f3rios do Fundo de Manuten\u00e7\u00e3o e Desenvolvimento do Ensino Fundamental e de Valoriza\u00e7\u00e3o do Magist\u00e9rio (Fundef) a serem recebidos por estados e munic\u00edpios sejam aplicados \u201cna manuten\u00e7\u00e3o e desenvolvimento do ensino fundamental p\u00fablico e na valoriza\u00e7\u00e3o do seu magist\u00e9rio, conforme destina\u00e7\u00e3o origin\u00e1ria do fundo\u201d. Al\u00e9m disso, prev\u00ea que no m\u00ednimo 60% sejam repassados aos professores, inclusive aposentados e pensionistas.<\/p>\n<p style=\"text-align: justify;\">Tamb\u00e9m pela proposta, o Congresso dever\u00e1 fazer um \u201cexame anal\u00edtico e pericial dos atos, fatos e procedimentos geradores dos precat\u00f3rios e senten\u00e7as judiciais contr\u00e1rias \u00e0 Fazenda P\u00fablica da Uni\u00e3o\u201d. A ideia \u00e9 que os precat\u00f3rios do Fundef sejam pagos, todos os anos, em tr\u00eas parcelas, sendo 40% do valor quitado at\u00e9 30 de abril, 30% at\u00e9 31 de agosto e 30% at\u00e9 31 de dezembro; e \u201ca inclus\u00e3o, no or\u00e7amento das entidades de direito p\u00fablico, de verba necess\u00e1ria ao pagamento de seus d\u00e9bitos, oriundos de senten\u00e7as transitadas em julgado, constantes de precat\u00f3rios judici\u00e1rios apresentados at\u00e9 2 de abril, fazendo-se o pagamento at\u00e9 o final do exerc\u00edcio seguinte, quando ter\u00e3o seus valores atualizados monetariamente\u201d.<\/p>\n<h2 style=\"text-align: justify;\">Espa\u00e7o fiscal<\/h2>\n<p style=\"text-align: justify;\">No texto apresentado hoje, Bezerra tamb\u00e9m vincula o espa\u00e7o fiscal a ser aberto pela PEC em 2022 \u00e0 amplia\u00e7\u00e3o de programas sociais de combate \u00e0 pobreza e \u00e0 extrema pobreza; ao atendimento dos limites individualizados e sublimites que decorram da aplica\u00e7\u00e3o dos recursos; e \u00e0 sa\u00fade, previd\u00eancia e assist\u00eancia social.<\/p>\n<h2 style=\"text-align: justify;\">Travas na PEC<\/h2>\n<p style=\"text-align: justify;\">No Senado, uma parte dos parlamentares defendem a cria\u00e7\u00e3o de travas ao espa\u00e7o fiscal que ser\u00e1 aberto com a prorroga\u00e7\u00e3o dos precat\u00f3rios, limitado ao teto de gastos.<\/p>\n<p style=\"text-align: justify;\">A ideia \u00e9 que o governo destine toda a verba dos precat\u00f3rios para despesas que s\u00e3o atreladas \u00e0 corre\u00e7\u00e3o do sal\u00e1rio m\u00ednimo: abono salarial, seguro-desemprego e a Previd\u00eancia Social. Os senadores tamb\u00e9m querem separar os recursos para gastos com sa\u00fade e educa\u00e7\u00e3o e incluir o programa de desonera\u00e7\u00e3o da folha salarial.<\/p>\n<p>Agencia Brasil.<\/p>\n<p>&nbsp;<\/p>\n","protected":false},"excerpt":{"rendered":"<p>Proposta torna o Aux\u00edlio Brasil um beneficio permanente. O relator da Proposta de Emenda \u00e0 Constitui\u00e7\u00e3o (PEC) dos Precat\u00f3rios na Comiss\u00e3o de Constitui\u00e7\u00e3o e Justi\u00e7a (CCJ) do Senado, o l\u00edder do governo na Casa, Fernando Bezerra Coelho (MDB-PE), apresentou nesta quarta-feira (24) seu parecer \u00e0 proposta no colegiado. Com a leitura do relat\u00f3rio feita, o [&hellip;]<\/p>\n","protected":false},"author":2,"featured_media":24864,"comment_status":"open","ping_status":"open","sticky":false,"template":"","format":"standard","meta":{"footnotes":""},"categories":[1],"tags":[],"class_list":{"0":"post-24863","1":"post","2":"type-post","3":"status-publish","4":"format-standard","5":"has-post-thumbnail","7":"category-outros"},"yoast_head":"<!-- This site is optimized with the Yoast SEO Premium plugin v24.5 (Yoast SEO v27.5) - https:\/\/yoast.com\/product\/yoast-seo-premium-wordpress\/ -->\n<title>Relator da PEC dos Precat\u00f3rios apresenta parecer \u00e0 CCJ. - P31<\/title>\n<meta name=\"robots\" content=\"index, follow, max-snippet:-1, max-image-preview:large, max-video-preview:-1\" \/>\n<link rel=\"canonical\" href=\"https:\/\/www.p31noticias.com.br\/?p=24863\" \/>\n<meta property=\"og:locale\" content=\"pt_BR\" \/>\n<meta property=\"og:type\" content=\"article\" \/>\n<meta property=\"og:title\" content=\"Relator da PEC dos Precat\u00f3rios apresenta parecer \u00e0 CCJ.\" \/>\n<meta property=\"og:description\" content=\"Proposta torna o Aux\u00edlio Brasil um beneficio permanente. O relator da Proposta de Emenda \u00e0 Constitui\u00e7\u00e3o (PEC) dos Precat\u00f3rios na Comiss\u00e3o de Constitui\u00e7\u00e3o e Justi\u00e7a (CCJ) do Senado, o l\u00edder do governo na Casa, Fernando Bezerra Coelho (MDB-PE), apresentou nesta quarta-feira (24) seu parecer \u00e0 proposta no colegiado. Com a leitura do relat\u00f3rio feita, o [&hellip;]\" \/>\n<meta property=\"og:url\" content=\"https:\/\/www.p31noticias.com.br\/?p=24863\" \/>\n<meta property=\"og:site_name\" content=\"P31\" \/>\n<meta property=\"article:published_time\" content=\"2021-11-24T19:05:48+00:00\" \/>\n<meta property=\"article:modified_time\" content=\"2022-02-17T18:17:36+00:00\" \/>\n<meta property=\"og:image\" content=\"https:\/\/www.p31noticias.com.br\/wp-content\/uploads\/2021\/11\/pzzb5503.jpg\" \/>\n\t<meta property=\"og:image:width\" content=\"1170\" \/>\n\t<meta property=\"og:image:height\" content=\"700\" \/>\n\t<meta property=\"og:image:type\" content=\"image\/jpeg\" \/>\n<meta name=\"author\" content=\"Gon\u00e7alves Junior\" \/>\n<meta name=\"twitter:card\" content=\"summary_large_image\" \/>\n<meta name=\"twitter:label1\" content=\"Escrito por\" \/>\n\t<meta name=\"twitter:data1\" content=\"Gon\u00e7alves Junior\" \/>\n\t<meta name=\"twitter:label2\" content=\"Est. tempo de leitura\" \/>\n\t<meta name=\"twitter:data2\" content=\"4 minutos\" \/>\n<script type=\"application\/ld+json\" class=\"yoast-schema-graph\">{\"@context\":\"https:\\\/\\\/schema.org\",\"@graph\":[{\"@type\":\"Article\",\"@id\":\"https:\\\/\\\/www.p31noticias.com.br\\\/?p=24863#article\",\"isPartOf\":{\"@id\":\"https:\\\/\\\/www.p31noticias.com.br\\\/?p=24863\"},\"author\":{\"name\":\"Gon\u00e7alves Junior\",\"@id\":\"https:\\\/\\\/www.p31noticias.com.br\\\/#\\\/schema\\\/person\\\/95f2ece30e3b4132065b915150cd0f94\"},\"headline\":\"Relator da PEC dos Precat\u00f3rios apresenta parecer \u00e0 CCJ.\",\"datePublished\":\"2021-11-24T19:05:48+00:00\",\"dateModified\":\"2022-02-17T18:17:36+00:00\",\"mainEntityOfPage\":{\"@id\":\"https:\\\/\\\/www.p31noticias.com.br\\\/?p=24863\"},\"wordCount\":756,\"commentCount\":0,\"image\":{\"@id\":\"https:\\\/\\\/www.p31noticias.com.br\\\/?p=24863#primaryimage\"},\"thumbnailUrl\":\"https:\\\/\\\/www.p31noticias.com.br\\\/wp-content\\\/uploads\\\/2021\\\/11\\\/pzzb5503.jpg\",\"articleSection\":[\"Outros\"],\"inLanguage\":\"pt-BR\",\"potentialAction\":[{\"@type\":\"CommentAction\",\"name\":\"Comment\",\"target\":[\"https:\\\/\\\/www.p31noticias.com.br\\\/?p=24863#respond\"]}],\"copyrightYear\":\"2021\",\"copyrightHolder\":{\"@id\":\"https:\\\/\\\/www.p31noticias.com.br\\\/#organization\"}},{\"@type\":\"WebPage\",\"@id\":\"https:\\\/\\\/www.p31noticias.com.br\\\/?p=24863\",\"url\":\"https:\\\/\\\/www.p31noticias.com.br\\\/?p=24863\",\"name\":\"Relator da PEC dos Precat\u00f3rios apresenta parecer \u00e0 CCJ. - P31\",\"isPartOf\":{\"@id\":\"https:\\\/\\\/www.p31noticias.com.br\\\/#website\"},\"primaryImageOfPage\":{\"@id\":\"https:\\\/\\\/www.p31noticias.com.br\\\/?p=24863#primaryimage\"},\"image\":{\"@id\":\"https:\\\/\\\/www.p31noticias.com.br\\\/?p=24863#primaryimage\"},\"thumbnailUrl\":\"https:\\\/\\\/www.p31noticias.com.br\\\/wp-content\\\/uploads\\\/2021\\\/11\\\/pzzb5503.jpg\",\"datePublished\":\"2021-11-24T19:05:48+00:00\",\"dateModified\":\"2022-02-17T18:17:36+00:00\",\"author\":{\"@id\":\"https:\\\/\\\/www.p31noticias.com.br\\\/#\\\/schema\\\/person\\\/95f2ece30e3b4132065b915150cd0f94\"},\"breadcrumb\":{\"@id\":\"https:\\\/\\\/www.p31noticias.com.br\\\/?p=24863#breadcrumb\"},\"inLanguage\":\"pt-BR\",\"potentialAction\":[{\"@type\":\"ReadAction\",\"target\":[\"https:\\\/\\\/www.p31noticias.com.br\\\/?p=24863\"]}]},{\"@type\":\"ImageObject\",\"inLanguage\":\"pt-BR\",\"@id\":\"https:\\\/\\\/www.p31noticias.com.br\\\/?p=24863#primaryimage\",\"url\":\"https:\\\/\\\/www.p31noticias.com.br\\\/wp-content\\\/uploads\\\/2021\\\/11\\\/pzzb5503.jpg\",\"contentUrl\":\"https:\\\/\\\/www.p31noticias.com.br\\\/wp-content\\\/uploads\\\/2021\\\/11\\\/pzzb5503.jpg\",\"width\":1170,\"height\":700,\"caption\":\"O l\u00edder do governo, senador Fernando Bezerra Coelho, durante discurso na sess\u00e3o do Congresso Nacional\"},{\"@type\":\"BreadcrumbList\",\"@id\":\"https:\\\/\\\/www.p31noticias.com.br\\\/?p=24863#breadcrumb\",\"itemListElement\":[{\"@type\":\"ListItem\",\"position\":1,\"name\":\"In\u00edcio\",\"item\":\"https:\\\/\\\/www.p31noticias.com.br\\\/\"},{\"@type\":\"ListItem\",\"position\":2,\"name\":\"Relator da PEC dos Precat\u00f3rios apresenta parecer \u00e0 CCJ.\"}]},{\"@type\":\"WebSite\",\"@id\":\"https:\\\/\\\/www.p31noticias.com.br\\\/#website\",\"url\":\"https:\\\/\\\/www.p31noticias.com.br\\\/\",\"name\":\"P31\",\"description\":\"NOT\u00cdCIAS\",\"potentialAction\":[{\"@type\":\"SearchAction\",\"target\":{\"@type\":\"EntryPoint\",\"urlTemplate\":\"https:\\\/\\\/www.p31noticias.com.br\\\/?s={search_term_string}\"},\"query-input\":{\"@type\":\"PropertyValueSpecification\",\"valueRequired\":true,\"valueName\":\"search_term_string\"}}],\"inLanguage\":\"pt-BR\"},{\"@type\":\"Person\",\"@id\":\"https:\\\/\\\/www.p31noticias.com.br\\\/#\\\/schema\\\/person\\\/95f2ece30e3b4132065b915150cd0f94\",\"name\":\"Gon\u00e7alves Junior\",\"image\":{\"@type\":\"ImageObject\",\"inLanguage\":\"pt-BR\",\"@id\":\"https:\\\/\\\/secure.gravatar.com\\\/avatar\\\/6711f350116a89762687a48d66f723c799e5438a5b7578508d4294cd7a5d0800?s=96&d=mm&r=g\",\"url\":\"https:\\\/\\\/secure.gravatar.com\\\/avatar\\\/6711f350116a89762687a48d66f723c799e5438a5b7578508d4294cd7a5d0800?s=96&d=mm&r=g\",\"contentUrl\":\"https:\\\/\\\/secure.gravatar.com\\\/avatar\\\/6711f350116a89762687a48d66f723c799e5438a5b7578508d4294cd7a5d0800?s=96&d=mm&r=g\",\"caption\":\"Gon\u00e7alves Junior\"},\"url\":\"https:\\\/\\\/www.p31noticias.com.br\\\/?author=2\"}]}<\/script>\n<!-- \/ Yoast SEO Premium plugin. -->","yoast_head_json":{"title":"Relator da PEC dos Precat\u00f3rios apresenta parecer \u00e0 CCJ. - P31","robots":{"index":"index","follow":"follow","max-snippet":"max-snippet:-1","max-image-preview":"max-image-preview:large","max-video-preview":"max-video-preview:-1"},"canonical":"https:\/\/www.p31noticias.com.br\/?p=24863","og_locale":"pt_BR","og_type":"article","og_title":"Relator da PEC dos Precat\u00f3rios apresenta parecer \u00e0 CCJ.","og_description":"Proposta torna o Aux\u00edlio Brasil um beneficio permanente. O relator da Proposta de Emenda \u00e0 Constitui\u00e7\u00e3o (PEC) dos Precat\u00f3rios na Comiss\u00e3o de Constitui\u00e7\u00e3o e Justi\u00e7a (CCJ) do Senado, o l\u00edder do governo na Casa, Fernando Bezerra Coelho (MDB-PE), apresentou nesta quarta-feira (24) seu parecer \u00e0 proposta no colegiado. Com a leitura do relat\u00f3rio feita, o [&hellip;]","og_url":"https:\/\/www.p31noticias.com.br\/?p=24863","og_site_name":"P31","article_published_time":"2021-11-24T19:05:48+00:00","article_modified_time":"2022-02-17T18:17:36+00:00","og_image":[{"width":1170,"height":700,"url":"https:\/\/www.p31noticias.com.br\/wp-content\/uploads\/2021\/11\/pzzb5503.jpg","type":"image\/jpeg"}],"author":"Gon\u00e7alves Junior","twitter_card":"summary_large_image","twitter_misc":{"Escrito por":"Gon\u00e7alves Junior","Est. tempo de leitura":"4 minutos"},"schema":{"@context":"https:\/\/schema.org","@graph":[{"@type":"Article","@id":"https:\/\/www.p31noticias.com.br\/?p=24863#article","isPartOf":{"@id":"https:\/\/www.p31noticias.com.br\/?p=24863"},"author":{"name":"Gon\u00e7alves Junior","@id":"https:\/\/www.p31noticias.com.br\/#\/schema\/person\/95f2ece30e3b4132065b915150cd0f94"},"headline":"Relator da PEC dos Precat\u00f3rios apresenta parecer \u00e0 CCJ.","datePublished":"2021-11-24T19:05:48+00:00","dateModified":"2022-02-17T18:17:36+00:00","mainEntityOfPage":{"@id":"https:\/\/www.p31noticias.com.br\/?p=24863"},"wordCount":756,"commentCount":0,"image":{"@id":"https:\/\/www.p31noticias.com.br\/?p=24863#primaryimage"},"thumbnailUrl":"https:\/\/www.p31noticias.com.br\/wp-content\/uploads\/2021\/11\/pzzb5503.jpg","articleSection":["Outros"],"inLanguage":"pt-BR","potentialAction":[{"@type":"CommentAction","name":"Comment","target":["https:\/\/www.p31noticias.com.br\/?p=24863#respond"]}],"copyrightYear":"2021","copyrightHolder":{"@id":"https:\/\/www.p31noticias.com.br\/#organization"}},{"@type":"WebPage","@id":"https:\/\/www.p31noticias.com.br\/?p=24863","url":"https:\/\/www.p31noticias.com.br\/?p=24863","name":"Relator da PEC dos Precat\u00f3rios apresenta parecer \u00e0 CCJ. - P31","isPartOf":{"@id":"https:\/\/www.p31noticias.com.br\/#website"},"primaryImageOfPage":{"@id":"https:\/\/www.p31noticias.com.br\/?p=24863#primaryimage"},"image":{"@id":"https:\/\/www.p31noticias.com.br\/?p=24863#primaryimage"},"thumbnailUrl":"https:\/\/www.p31noticias.com.br\/wp-content\/uploads\/2021\/11\/pzzb5503.jpg","datePublished":"2021-11-24T19:05:48+00:00","dateModified":"2022-02-17T18:17:36+00:00","author":{"@id":"https:\/\/www.p31noticias.com.br\/#\/schema\/person\/95f2ece30e3b4132065b915150cd0f94"},"breadcrumb":{"@id":"https:\/\/www.p31noticias.com.br\/?p=24863#breadcrumb"},"inLanguage":"pt-BR","potentialAction":[{"@type":"ReadAction","target":["https:\/\/www.p31noticias.com.br\/?p=24863"]}]},{"@type":"ImageObject","inLanguage":"pt-BR","@id":"https:\/\/www.p31noticias.com.br\/?p=24863#primaryimage","url":"https:\/\/www.p31noticias.com.br\/wp-content\/uploads\/2021\/11\/pzzb5503.jpg","contentUrl":"https:\/\/www.p31noticias.com.br\/wp-content\/uploads\/2021\/11\/pzzb5503.jpg","width":1170,"height":700,"caption":"O l\u00edder do governo, senador Fernando Bezerra Coelho, durante discurso na sess\u00e3o do Congresso Nacional"},{"@type":"BreadcrumbList","@id":"https:\/\/www.p31noticias.com.br\/?p=24863#breadcrumb","itemListElement":[{"@type":"ListItem","position":1,"name":"In\u00edcio","item":"https:\/\/www.p31noticias.com.br\/"},{"@type":"ListItem","position":2,"name":"Relator da PEC dos Precat\u00f3rios apresenta parecer \u00e0 CCJ."}]},{"@type":"WebSite","@id":"https:\/\/www.p31noticias.com.br\/#website","url":"https:\/\/www.p31noticias.com.br\/","name":"P31","description":"NOT\u00cdCIAS","potentialAction":[{"@type":"SearchAction","target":{"@type":"EntryPoint","urlTemplate":"https:\/\/www.p31noticias.com.br\/?s={search_term_string}"},"query-input":{"@type":"PropertyValueSpecification","valueRequired":true,"valueName":"search_term_string"}}],"inLanguage":"pt-BR"},{"@type":"Person","@id":"https:\/\/www.p31noticias.com.br\/#\/schema\/person\/95f2ece30e3b4132065b915150cd0f94","name":"Gon\u00e7alves Junior","image":{"@type":"ImageObject","inLanguage":"pt-BR","@id":"https:\/\/secure.gravatar.com\/avatar\/6711f350116a89762687a48d66f723c799e5438a5b7578508d4294cd7a5d0800?s=96&d=mm&r=g","url":"https:\/\/secure.gravatar.com\/avatar\/6711f350116a89762687a48d66f723c799e5438a5b7578508d4294cd7a5d0800?s=96&d=mm&r=g","contentUrl":"https:\/\/secure.gravatar.com\/avatar\/6711f350116a89762687a48d66f723c799e5438a5b7578508d4294cd7a5d0800?s=96&d=mm&r=g","caption":"Gon\u00e7alves Junior"},"url":"https:\/\/www.p31noticias.com.br\/?author=2"}]}},"amp_enabled":true,"_links":{"self":[{"href":"https:\/\/www.p31noticias.com.br\/index.php?rest_route=\/wp\/v2\/posts\/24863","targetHints":{"allow":["GET"]}}],"collection":[{"href":"https:\/\/www.p31noticias.com.br\/index.php?rest_route=\/wp\/v2\/posts"}],"about":[{"href":"https:\/\/www.p31noticias.com.br\/index.php?rest_route=\/wp\/v2\/types\/post"}],"author":[{"embeddable":true,"href":"https:\/\/www.p31noticias.com.br\/index.php?rest_route=\/wp\/v2\/users\/2"}],"replies":[{"embeddable":true,"href":"https:\/\/www.p31noticias.com.br\/index.php?rest_route=%2Fwp%2Fv2%2Fcomments&post=24863"}],"version-history":[{"count":1,"href":"https:\/\/www.p31noticias.com.br\/index.php?rest_route=\/wp\/v2\/posts\/24863\/revisions"}],"predecessor-version":[{"id":24865,"href":"https:\/\/www.p31noticias.com.br\/index.php?rest_route=\/wp\/v2\/posts\/24863\/revisions\/24865"}],"wp:featuredmedia":[{"embeddable":true,"href":"https:\/\/www.p31noticias.com.br\/index.php?rest_route=\/wp\/v2\/media\/24864"}],"wp:attachment":[{"href":"https:\/\/www.p31noticias.com.br\/index.php?rest_route=%2Fwp%2Fv2%2Fmedia&parent=24863"}],"wp:term":[{"taxonomy":"category","embeddable":true,"href":"https:\/\/www.p31noticias.com.br\/index.php?rest_route=%2Fwp%2Fv2%2Fcategories&post=24863"},{"taxonomy":"post_tag","embeddable":true,"href":"https:\/\/www.p31noticias.com.br\/index.php?rest_route=%2Fwp%2Fv2%2Ftags&post=24863"}],"curies":[{"name":"wp","href":"https:\/\/api.w.org\/{rel}","templated":true}]}}